{"id":80780,"date":"2008-05-23T00:00:00","date_gmt":"2008-05-22T22:00:00","guid":{"rendered":"http:\/\/b.bati-journal.com\/29-30-septembre-2008-journees-nationales-de-la-lumiere-a-toulouse\/80780"},"modified":"2008-05-23T00:00:00","modified_gmt":"2008-05-22T22:00:00","slug":"29-30-septembre-2008-journees-nationales-de-la-lumiere-a-toulouse","status":"publish","type":"post","link":"https:\/\/batijournal.com\/index.php\/29-30-septembre-2008-journees-nationales-de-la-lumiere-a-toulouse\/80780\/","title":{"rendered":"29-30 septembre 2008 : Journ\u00e9es nationales de la lumi\u00e8re \u00e0 Toulouse"},"content":{"rendered":"<p>C&rsquo;\u0092est \u00e0 Toulouse, ville de culture et d\u0092&rsquo;art mais aussi des nouvelles technologies, que l\u0092&rsquo;AFE a choisi d\u0092&rsquo;organiser ses Journ\u00e9es nationales de la lumi\u00e8re 2008, sur le th\u00e8me du d\u00e9veloppement durable. Au si\u00e8cle de l\u0092&rsquo;\u00e9lectronique, troisi\u00e8me r\u00e9volution de l\u0092&rsquo;\u00e9clairage apr\u00e8s celles des lampes \u00e0 incandescence et des lampes \u00e0 d\u00e9charge, une quarantaine d\u0092&rsquo;experts, de sp\u00e9cialistes, de concepteurs et de gestionnaires viendra pr\u00e9senter les meilleures technologies, au service des bonnes pratiques de la lumi\u00e8re, en respectant les exigences environnementales, et dans des conditions \u00e9conomiques, s\u00e9curitaires et ergonomiques optimales. Le premier temps fort de ces Journ\u00e9es sera consacr\u00e9 \u00e0 la ville. Dans un deuxi\u00e8me temps, le sujet portera sur les cl\u00e9s de la performance globale de l\u0092&rsquo;\u00e9clairage dans les b\u00e2timents.<\/p>\n","protected":false},"excerpt":{"rendered":"<p>C&rsquo;\u0092est \u00e0 Toulouse, ville de culture et d\u0092&rsquo;art mais aussi des nouvelles technologies, que l\u0092&rsquo;AFE a choisi d\u0092&rsquo;organiser ses Journ\u00e9es nationales de la lumi\u00e8re 2008, sur le th\u00e8me du d\u00e9veloppement durable. Au si\u00e8cle de l\u0092&rsquo;\u00e9lectronique, troisi\u00e8me r\u00e9volution de l\u0092&rsquo;\u00e9clairage apr\u00e8s celles des lampes \u00e0 incandescence et des lampes \u00e0 d\u00e9charge, une quarantaine d\u0092&rsquo;experts, de sp\u00e9cialistes, [&hellip;]<\/p>\n","protected":false},"author":1,"featured_media":0,"comment_status":"open","ping_status":"closed","sticky":false,"template":"","format":"standard","meta":{"_et_pb_use_builder":"","_et_pb_old_content":"","_et_gb_content_width":"","footnotes":""},"categories":[9192],"tags":[9346],"class_list":["post-80780","post","type-post","status-publish","format-standard","hentry","category-evenements","tag-toulouse"],"yoast_head":"<!-- This site is optimized with the Yoast SEO plugin v27.4 - https:\/\/yoast.com\/product\/yoast-seo-wordpress\/ -->\n<title>29-30 septembre 2008 : Journ\u00e9es nationales de la lumi\u00e8re \u00e0 Toulouse<\/title>\n<meta name=\"robots\" content=\"index, follow, max-snippet:-1, max-image-preview:large, max-video-preview:-1\" \/>\n<link rel=\"canonical\" href=\"https:\/\/batijournal.com\/index.php\/29-30-septembre-2008-journees-nationales-de-la-lumiere-a-toulouse\/80780\/\" \/>\n<meta property=\"og:locale\" content=\"fr_FR\" \/>\n<meta property=\"og:type\" content=\"article\" \/>\n<meta property=\"og:title\" content=\"29-30 septembre 2008 : Journ\u00e9es nationales de la lumi\u00e8re \u00e0 Toulouse\" \/>\n<meta property=\"og:description\" content=\"C&rsquo;\u0092est \u00e0 Toulouse, ville de culture et d\u0092&rsquo;art mais aussi des nouvelles technologies, que l\u0092&rsquo;AFE a choisi d\u0092&rsquo;organiser ses Journ\u00e9es nationales de la lumi\u00e8re 2008, sur le th\u00e8me du d\u00e9veloppement durable. Au si\u00e8cle de l\u0092&rsquo;\u00e9lectronique, troisi\u00e8me r\u00e9volution de l\u0092&rsquo;\u00e9clairage apr\u00e8s celles des lampes \u00e0 incandescence et des lampes \u00e0 d\u00e9charge, une quarantaine d\u0092&rsquo;experts, de sp\u00e9cialistes, [&hellip;]\" \/>\n<meta property=\"og:url\" content=\"https:\/\/batijournal.com\/index.php\/29-30-septembre-2008-journees-nationales-de-la-lumiere-a-toulouse\/80780\/\" \/>\n<meta property=\"og:site_name\" content=\"Batijournal\" \/>\n<meta property=\"article:published_time\" content=\"2008-05-22T22:00:00+00:00\" \/>\n<meta name=\"author\" content=\"Bati-journal\" \/>\n<meta name=\"twitter:card\" content=\"summary_large_image\" \/>\n<meta name=\"twitter:creator\" content=\"@bati_journal\" \/>\n<meta name=\"twitter:site\" content=\"@bati_journal\" \/>\n<meta name=\"twitter:label1\" content=\"\u00c9crit par\" \/>\n\t<meta name=\"twitter:data1\" content=\"Bati-journal\" \/>\n\t<meta name=\"twitter:label2\" content=\"Dur\u00e9e de lecture estim\u00e9e\" \/>\n\t<meta name=\"twitter:data2\" content=\"1 minute\" \/>\n<script type=\"application\/ld+json\" class=\"yoast-schema-graph\">{\"@context\":\"https:\\\/\\\/schema.org\",\"@graph\":[{\"@type\":\"Article\",\"@id\":\"https:\\\/\\\/batijournal.com\\\/index.php\\\/29-30-septembre-2008-journees-nationales-de-la-lumiere-a-toulouse\\\/80780\\\/#article\",\"isPartOf\":{\"@id\":\"https:\\\/\\\/batijournal.com\\\/index.php\\\/29-30-septembre-2008-journees-nationales-de-la-lumiere-a-toulouse\\\/80780\\\/\"},\"author\":{\"name\":\"Bati-journal\",\"@id\":\"https:\\\/\\\/batijournal.com\\\/#\\\/schema\\\/person\\\/6a657e8967569e1b299972574848aa76\"},\"headline\":\"29-30 septembre 2008 : Journ\u00e9es nationales de la lumi\u00e8re \u00e0 Toulouse\",\"datePublished\":\"2008-05-22T22:00:00+00:00\",\"mainEntityOfPage\":{\"@id\":\"https:\\\/\\\/batijournal.com\\\/index.php\\\/29-30-septembre-2008-journees-nationales-de-la-lumiere-a-toulouse\\\/80780\\\/\"},\"wordCount\":148,\"commentCount\":0,\"keywords\":[\"toulouse\"],\"articleSection\":[\"\u00c9v\u00e9nements\"],\"inLanguage\":\"fr-FR\",\"potentialAction\":[{\"@type\":\"CommentAction\",\"name\":\"Comment\",\"target\":[\"https:\\\/\\\/batijournal.com\\\/index.php\\\/29-30-septembre-2008-journees-nationales-de-la-lumiere-a-toulouse\\\/80780\\\/#respond\"]}]},{\"@type\":\"WebPage\",\"@id\":\"https:\\\/\\\/batijournal.com\\\/index.php\\\/29-30-septembre-2008-journees-nationales-de-la-lumiere-a-toulouse\\\/80780\\\/\",\"url\":\"https:\\\/\\\/batijournal.com\\\/index.php\\\/29-30-septembre-2008-journees-nationales-de-la-lumiere-a-toulouse\\\/80780\\\/\",\"name\":\"29-30 septembre 2008 : Journ\u00e9es nationales de la lumi\u00e8re \u00e0 Toulouse\",\"isPartOf\":{\"@id\":\"https:\\\/\\\/batijournal.com\\\/#website\"},\"datePublished\":\"2008-05-22T22:00:00+00:00\",\"author\":{\"@id\":\"https:\\\/\\\/batijournal.com\\\/#\\\/schema\\\/person\\\/6a657e8967569e1b299972574848aa76\"},\"breadcrumb\":{\"@id\":\"https:\\\/\\\/batijournal.com\\\/index.php\\\/29-30-septembre-2008-journees-nationales-de-la-lumiere-a-toulouse\\\/80780\\\/#breadcrumb\"},\"inLanguage\":\"fr-FR\",\"potentialAction\":[{\"@type\":\"ReadAction\",\"target\":[\"https:\\\/\\\/batijournal.com\\\/index.php\\\/29-30-septembre-2008-journees-nationales-de-la-lumiere-a-toulouse\\\/80780\\\/\"]}]},{\"@type\":\"BreadcrumbList\",\"@id\":\"https:\\\/\\\/batijournal.com\\\/index.php\\\/29-30-septembre-2008-journees-nationales-de-la-lumiere-a-toulouse\\\/80780\\\/#breadcrumb\",\"itemListElement\":[{\"@type\":\"ListItem\",\"position\":1,\"name\":\"Accueil\",\"item\":\"https:\\\/\\\/batijournal.com\\\/\"},{\"@type\":\"ListItem\",\"position\":2,\"name\":\"\u00c9v\u00e9nements\",\"item\":\"https:\\\/\\\/batijournal.com\\\/index.php\\\/category\\\/evenements\\\/\"},{\"@type\":\"ListItem\",\"position\":3,\"name\":\"29-30 septembre 2008 : Journ\u00e9es nationales de la lumi\u00e8re \u00e0 Toulouse\"}]},{\"@type\":\"WebSite\",\"@id\":\"https:\\\/\\\/batijournal.com\\\/#website\",\"url\":\"https:\\\/\\\/batijournal.com\\\/\",\"name\":\"Batijournal\",\"description\":\"L&#039;actualit\u00e9 du b\u00e2timent\",\"potentialAction\":[{\"@type\":\"SearchAction\",\"target\":{\"@type\":\"EntryPoint\",\"urlTemplate\":\"https:\\\/\\\/batijournal.com\\\/?s={search_term_string}\"},\"query-input\":{\"@type\":\"PropertyValueSpecification\",\"valueRequired\":true,\"valueName\":\"search_term_string\"}}],\"inLanguage\":\"fr-FR\"},{\"@type\":\"Person\",\"@id\":\"https:\\\/\\\/batijournal.com\\\/#\\\/schema\\\/person\\\/6a657e8967569e1b299972574848aa76\",\"name\":\"Bati-journal\",\"image\":{\"@type\":\"ImageObject\",\"inLanguage\":\"fr-FR\",\"@id\":\"https:\\\/\\\/secure.gravatar.com\\\/avatar\\\/a64364ea26392f9b4dd47e017ddaec74ff03aefc073b49e492e847201258f777?s=96&d=mm&r=g\",\"url\":\"https:\\\/\\\/secure.gravatar.com\\\/avatar\\\/a64364ea26392f9b4dd47e017ddaec74ff03aefc073b49e492e847201258f777?s=96&d=mm&r=g\",\"contentUrl\":\"https:\\\/\\\/secure.gravatar.com\\\/avatar\\\/a64364ea26392f9b4dd47e017ddaec74ff03aefc073b49e492e847201258f777?s=96&d=mm&r=g\",\"caption\":\"Bati-journal\"},\"url\":\"https:\\\/\\\/batijournal.com\\\/index.php\\\/author\\\/elodie\\\/\"}]}<\/script>\n<!-- \/ Yoast SEO plugin. -->","yoast_head_json":{"title":"29-30 septembre 2008 : Journ\u00e9es nationales de la lumi\u00e8re \u00e0 Toulouse","robots":{"index":"index","follow":"follow","max-snippet":"max-snippet:-1","max-image-preview":"max-image-preview:large","max-video-preview":"max-video-preview:-1"},"canonical":"https:\/\/batijournal.com\/index.php\/29-30-septembre-2008-journees-nationales-de-la-lumiere-a-toulouse\/80780\/","og_locale":"fr_FR","og_type":"article","og_title":"29-30 septembre 2008 : Journ\u00e9es nationales de la lumi\u00e8re \u00e0 Toulouse","og_description":"C&rsquo;\u0092est \u00e0 Toulouse, ville de culture et d\u0092&rsquo;art mais aussi des nouvelles technologies, que l\u0092&rsquo;AFE a choisi d\u0092&rsquo;organiser ses Journ\u00e9es nationales de la lumi\u00e8re 2008, sur le th\u00e8me du d\u00e9veloppement durable. Au si\u00e8cle de l\u0092&rsquo;\u00e9lectronique, troisi\u00e8me r\u00e9volution de l\u0092&rsquo;\u00e9clairage apr\u00e8s celles des lampes \u00e0 incandescence et des lampes \u00e0 d\u00e9charge, une quarantaine d\u0092&rsquo;experts, de sp\u00e9cialistes, [&hellip;]","og_url":"https:\/\/batijournal.com\/index.php\/29-30-septembre-2008-journees-nationales-de-la-lumiere-a-toulouse\/80780\/","og_site_name":"Batijournal","article_published_time":"2008-05-22T22:00:00+00:00","author":"Bati-journal","twitter_card":"summary_large_image","twitter_creator":"@bati_journal","twitter_site":"@bati_journal","twitter_misc":{"\u00c9crit par":"Bati-journal","Dur\u00e9e de lecture estim\u00e9e":"1 minute"},"schema":{"@context":"https:\/\/schema.org","@graph":[{"@type":"Article","@id":"https:\/\/batijournal.com\/index.php\/29-30-septembre-2008-journees-nationales-de-la-lumiere-a-toulouse\/80780\/#article","isPartOf":{"@id":"https:\/\/batijournal.com\/index.php\/29-30-septembre-2008-journees-nationales-de-la-lumiere-a-toulouse\/80780\/"},"author":{"name":"Bati-journal","@id":"https:\/\/batijournal.com\/#\/schema\/person\/6a657e8967569e1b299972574848aa76"},"headline":"29-30 septembre 2008 : Journ\u00e9es nationales de la lumi\u00e8re \u00e0 Toulouse","datePublished":"2008-05-22T22:00:00+00:00","mainEntityOfPage":{"@id":"https:\/\/batijournal.com\/index.php\/29-30-septembre-2008-journees-nationales-de-la-lumiere-a-toulouse\/80780\/"},"wordCount":148,"commentCount":0,"keywords":["toulouse"],"articleSection":["\u00c9v\u00e9nements"],"inLanguage":"fr-FR","potentialAction":[{"@type":"CommentAction","name":"Comment","target":["https:\/\/batijournal.com\/index.php\/29-30-septembre-2008-journees-nationales-de-la-lumiere-a-toulouse\/80780\/#respond"]}]},{"@type":"WebPage","@id":"https:\/\/batijournal.com\/index.php\/29-30-septembre-2008-journees-nationales-de-la-lumiere-a-toulouse\/80780\/","url":"https:\/\/batijournal.com\/index.php\/29-30-septembre-2008-journees-nationales-de-la-lumiere-a-toulouse\/80780\/","name":"29-30 septembre 2008 : Journ\u00e9es nationales de la lumi\u00e8re \u00e0 Toulouse","isPartOf":{"@id":"https:\/\/batijournal.com\/#website"},"datePublished":"2008-05-22T22:00:00+00:00","author":{"@id":"https:\/\/batijournal.com\/#\/schema\/person\/6a657e8967569e1b299972574848aa76"},"breadcrumb":{"@id":"https:\/\/batijournal.com\/index.php\/29-30-septembre-2008-journees-nationales-de-la-lumiere-a-toulouse\/80780\/#breadcrumb"},"inLanguage":"fr-FR","potentialAction":[{"@type":"ReadAction","target":["https:\/\/batijournal.com\/index.php\/29-30-septembre-2008-journees-nationales-de-la-lumiere-a-toulouse\/80780\/"]}]},{"@type":"BreadcrumbList","@id":"https:\/\/batijournal.com\/index.php\/29-30-septembre-2008-journees-nationales-de-la-lumiere-a-toulouse\/80780\/#breadcrumb","itemListElement":[{"@type":"ListItem","position":1,"name":"Accueil","item":"https:\/\/batijournal.com\/"},{"@type":"ListItem","position":2,"name":"\u00c9v\u00e9nements","item":"https:\/\/batijournal.com\/index.php\/category\/evenements\/"},{"@type":"ListItem","position":3,"name":"29-30 septembre 2008 : Journ\u00e9es nationales de la lumi\u00e8re \u00e0 Toulouse"}]},{"@type":"WebSite","@id":"https:\/\/batijournal.com\/#website","url":"https:\/\/batijournal.com\/","name":"Batijournal","description":"L&#039;actualit\u00e9 du b\u00e2timent","potentialAction":[{"@type":"SearchAction","target":{"@type":"EntryPoint","urlTemplate":"https:\/\/batijournal.com\/?s={search_term_string}"},"query-input":{"@type":"PropertyValueSpecification","valueRequired":true,"valueName":"search_term_string"}}],"inLanguage":"fr-FR"},{"@type":"Person","@id":"https:\/\/batijournal.com\/#\/schema\/person\/6a657e8967569e1b299972574848aa76","name":"Bati-journal","image":{"@type":"ImageObject","inLanguage":"fr-FR","@id":"https:\/\/secure.gravatar.com\/avatar\/a64364ea26392f9b4dd47e017ddaec74ff03aefc073b49e492e847201258f777?s=96&d=mm&r=g","url":"https:\/\/secure.gravatar.com\/avatar\/a64364ea26392f9b4dd47e017ddaec74ff03aefc073b49e492e847201258f777?s=96&d=mm&r=g","contentUrl":"https:\/\/secure.gravatar.com\/avatar\/a64364ea26392f9b4dd47e017ddaec74ff03aefc073b49e492e847201258f777?s=96&d=mm&r=g","caption":"Bati-journal"},"url":"https:\/\/batijournal.com\/index.php\/author\/elodie\/"}]}},"_links":{"self":[{"href":"https:\/\/batijournal.com\/index.php\/wp-json\/wp\/v2\/posts\/80780","targetHints":{"allow":["GET"]}}],"collection":[{"href":"https:\/\/batijournal.com\/index.php\/wp-json\/wp\/v2\/posts"}],"about":[{"href":"https:\/\/batijournal.com\/index.php\/wp-json\/wp\/v2\/types\/post"}],"author":[{"embeddable":true,"href":"https:\/\/batijournal.com\/index.php\/wp-json\/wp\/v2\/users\/1"}],"replies":[{"embeddable":true,"href":"https:\/\/batijournal.com\/index.php\/wp-json\/wp\/v2\/comments?post=80780"}],"version-history":[{"count":0,"href":"https:\/\/batijournal.com\/index.php\/wp-json\/wp\/v2\/posts\/80780\/revisions"}],"wp:attachment":[{"href":"https:\/\/batijournal.com\/index.php\/wp-json\/wp\/v2\/media?parent=80780"}],"wp:term":[{"taxonomy":"category","embeddable":true,"href":"https:\/\/batijournal.com\/index.php\/wp-json\/wp\/v2\/categories?post=80780"},{"taxonomy":"post_tag","embeddable":true,"href":"https:\/\/batijournal.com\/index.php\/wp-json\/wp\/v2\/tags?post=80780"}],"curies":[{"name":"wp","href":"https:\/\/api.w.org\/{rel}","templated":true}]}}