{"id":80828,"date":"2007-12-17T00:00:00","date_gmt":"2007-12-16T23:00:00","guid":{"rendered":"http:\/\/b.bati-journal.com\/une-facade-rythmee-de-vegetaux\/80828"},"modified":"2019-07-15T11:30:11","modified_gmt":"2019-07-15T09:30:11","slug":"une-facade-rythmee-de-vegetaux","status":"publish","type":"post","link":"https:\/\/batijournal.com\/index.php\/une-facade-rythmee-de-vegetaux\/80828\/","title":{"rendered":"Une fa\u00e7ade rythm\u00e9e de v\u00e9g\u00e9taux"},"content":{"rendered":"<p><span class=\"lettrine\">C<\/span>&lsquo;est sur une parcelle triangulaire de 3 000 m2 que prend place le nouveau b\u00e2timent de la clinique du Parc, boulevard Stalingrad dans le 6e arrondissement de Lyon. Cet ouvrage de 17 000 m2, dessin\u00e9 par le cabinet d&rsquo;architectes lyonnais Xanadu, associ\u00e9 au bureau d&rsquo;\u00e9tudes Bl\u00e9zat pour la partie technique, propose une nouvelle conception de l&rsquo;univers m\u00e9dical. Le front b\u00e2ti de ce b\u00e2timent donnant sur le boulevard urbain se constitue de deux volumes pos\u00e9s sur un socle commun au parement de b\u00e9ton noir cannel\u00e9, et s\u00e9par\u00e9s franchement par une c\u00e9sure constitu\u00e9e d&rsquo;un jardin et de deux passerelles de liaison en verre. La premi\u00e8re serre, situ\u00e9e en rez-de-chauss\u00e9e et mezzanine, est d\u00e9di\u00e9e aux visiteurs et malades entrants. Elle r\u00e9unit l&rsquo;accueil, le service des entr\u00e9es, la kin\u00e9sith\u00e9rapie, la radiologie, l&rsquo;administration et sa salle de r\u00e9union. Aux \u00e9tages sup\u00e9rieurs, la seconde serre, plus intimiste, est destin\u00e9e aux malades r\u00e9sidents. Elle tient le r\u00f4le d&rsquo;\u00e9cran aux bruits ext\u00e9rieurs du boulevard et du TGV. Outre l&rsquo;effet acoustique, elle a aussi pour qualit\u00e9 d&rsquo;offrir aux chambres un environnement prot\u00e9g\u00e9. Pour renforcer cette qui\u00e9tude, la fa\u00e7ade du b\u00e2timent c\u00f4t\u00e9 serre est doubl\u00e9e par des panneaux de bois perfor\u00e9s absorbants. Gr\u00e2ce au r\u00f4le filtrant des brise-soleil, la temp\u00e9rature des serres peut \u00eatre rafra\u00eechie et r\u00e9gul\u00e9e.<\/p>\n","protected":false},"excerpt":{"rendered":"<p>C&lsquo;est sur une parcelle triangulaire de 3 000 m2 que prend place le nouveau b\u00e2timent de la clinique du Parc, boulevard Stalingrad dans le 6e arrondissement de Lyon. Cet ouvrage de 17 000 m2, dessin\u00e9 par le cabinet d&rsquo;architectes lyonnais Xanadu, associ\u00e9 au bureau d&rsquo;\u00e9tudes Bl\u00e9zat pour la partie technique, propose une nouvelle conception de [&hellip;]<\/p>\n","protected":false},"author":1,"featured_media":80829,"comment_status":"open","ping_status":"closed","sticky":false,"template":"","format":"standard","meta":{"_et_pb_use_builder":"","_et_pb_old_content":"","_et_gb_content_width":"","footnotes":""},"categories":[6340],"tags":[6765],"class_list":["post-80828","post","type-post","status-publish","format-standard","has-post-thumbnail","hentry","category-architecture-conception","tag-facade-vegetale"],"yoast_head":"<!-- This site is optimized with the Yoast SEO plugin v27.4 - https:\/\/yoast.com\/product\/yoast-seo-wordpress\/ -->\n<title>Une fa\u00e7ade rythm\u00e9e de v\u00e9g\u00e9taux<\/title>\n<meta name=\"robots\" content=\"index, follow, max-snippet:-1, max-image-preview:large, max-video-preview:-1\" \/>\n<link rel=\"canonical\" href=\"https:\/\/batijournal.com\/index.php\/une-facade-rythmee-de-vegetaux\/80828\/\" \/>\n<meta property=\"og:locale\" content=\"fr_FR\" \/>\n<meta property=\"og:type\" content=\"article\" \/>\n<meta property=\"og:title\" content=\"Une fa\u00e7ade rythm\u00e9e de v\u00e9g\u00e9taux\" \/>\n<meta property=\"og:description\" content=\"C&lsquo;est sur une parcelle triangulaire de 3 000 m2 que prend place le nouveau b\u00e2timent de la clinique du Parc, boulevard Stalingrad dans le 6e arrondissement de Lyon. Cet ouvrage de 17 000 m2, dessin\u00e9 par le cabinet d&rsquo;architectes lyonnais Xanadu, associ\u00e9 au bureau d&rsquo;\u00e9tudes Bl\u00e9zat pour la partie technique, propose une nouvelle conception de [&hellip;]\" \/>\n<meta property=\"og:url\" content=\"https:\/\/batijournal.com\/index.php\/une-facade-rythmee-de-vegetaux\/80828\/\" \/>\n<meta property=\"og:site_name\" content=\"Batijournal\" \/>\n<meta property=\"article:published_time\" content=\"2007-12-16T23:00:00+00:00\" \/>\n<meta property=\"article:modified_time\" content=\"2019-07-15T09:30:11+00:00\" \/>\n<meta property=\"og:image\" content=\"https:\/\/batijournal.com\/wp-content\/uploads\/2015\/03\/002151.jpg\" \/>\n\t<meta property=\"og:image:width\" content=\"600\" \/>\n\t<meta property=\"og:image:height\" content=\"537\" \/>\n\t<meta property=\"og:image:type\" content=\"image\/jpeg\" \/>\n<meta name=\"author\" content=\"Bati-journal\" \/>\n<meta name=\"twitter:card\" content=\"summary_large_image\" \/>\n<meta name=\"twitter:creator\" content=\"@bati_journal\" \/>\n<meta name=\"twitter:site\" content=\"@bati_journal\" \/>\n<meta name=\"twitter:label1\" content=\"\u00c9crit par\" \/>\n\t<meta name=\"twitter:data1\" content=\"Bati-journal\" \/>\n\t<meta name=\"twitter:label2\" content=\"Dur\u00e9e de lecture estim\u00e9e\" \/>\n\t<meta name=\"twitter:data2\" content=\"1 minute\" \/>\n<script type=\"application\/ld+json\" class=\"yoast-schema-graph\">{\"@context\":\"https:\\\/\\\/schema.org\",\"@graph\":[{\"@type\":\"Article\",\"@id\":\"https:\\\/\\\/batijournal.com\\\/index.php\\\/une-facade-rythmee-de-vegetaux\\\/80828\\\/#article\",\"isPartOf\":{\"@id\":\"https:\\\/\\\/batijournal.com\\\/index.php\\\/une-facade-rythmee-de-vegetaux\\\/80828\\\/\"},\"author\":{\"name\":\"Bati-journal\",\"@id\":\"https:\\\/\\\/batijournal.com\\\/#\\\/schema\\\/person\\\/6a657e8967569e1b299972574848aa76\"},\"headline\":\"Une fa\u00e7ade rythm\u00e9e de v\u00e9g\u00e9taux\",\"datePublished\":\"2007-12-16T23:00:00+00:00\",\"dateModified\":\"2019-07-15T09:30:11+00:00\",\"mainEntityOfPage\":{\"@id\":\"https:\\\/\\\/batijournal.com\\\/index.php\\\/une-facade-rythmee-de-vegetaux\\\/80828\\\/\"},\"wordCount\":261,\"commentCount\":0,\"image\":{\"@id\":\"https:\\\/\\\/batijournal.com\\\/index.php\\\/une-facade-rythmee-de-vegetaux\\\/80828\\\/#primaryimage\"},\"thumbnailUrl\":\"https:\\\/\\\/batijournal.com\\\/wp-content\\\/uploads\\\/2015\\\/03\\\/002151.jpg\",\"keywords\":[\"facade vegetale\"],\"articleSection\":[\"Architecture &amp; Conception\"],\"inLanguage\":\"fr-FR\",\"potentialAction\":[{\"@type\":\"CommentAction\",\"name\":\"Comment\",\"target\":[\"https:\\\/\\\/batijournal.com\\\/index.php\\\/une-facade-rythmee-de-vegetaux\\\/80828\\\/#respond\"]}]},{\"@type\":\"WebPage\",\"@id\":\"https:\\\/\\\/batijournal.com\\\/index.php\\\/une-facade-rythmee-de-vegetaux\\\/80828\\\/\",\"url\":\"https:\\\/\\\/batijournal.com\\\/index.php\\\/une-facade-rythmee-de-vegetaux\\\/80828\\\/\",\"name\":\"Une fa\u00e7ade rythm\u00e9e de v\u00e9g\u00e9taux\",\"isPartOf\":{\"@id\":\"https:\\\/\\\/batijournal.com\\\/#website\"},\"primaryImageOfPage\":{\"@id\":\"https:\\\/\\\/batijournal.com\\\/index.php\\\/une-facade-rythmee-de-vegetaux\\\/80828\\\/#primaryimage\"},\"image\":{\"@id\":\"https:\\\/\\\/batijournal.com\\\/index.php\\\/une-facade-rythmee-de-vegetaux\\\/80828\\\/#primaryimage\"},\"thumbnailUrl\":\"https:\\\/\\\/batijournal.com\\\/wp-content\\\/uploads\\\/2015\\\/03\\\/002151.jpg\",\"datePublished\":\"2007-12-16T23:00:00+00:00\",\"dateModified\":\"2019-07-15T09:30:11+00:00\",\"author\":{\"@id\":\"https:\\\/\\\/batijournal.com\\\/#\\\/schema\\\/person\\\/6a657e8967569e1b299972574848aa76\"},\"breadcrumb\":{\"@id\":\"https:\\\/\\\/batijournal.com\\\/index.php\\\/une-facade-rythmee-de-vegetaux\\\/80828\\\/#breadcrumb\"},\"inLanguage\":\"fr-FR\",\"potentialAction\":[{\"@type\":\"ReadAction\",\"target\":[\"https:\\\/\\\/batijournal.com\\\/index.php\\\/une-facade-rythmee-de-vegetaux\\\/80828\\\/\"]}]},{\"@type\":\"ImageObject\",\"inLanguage\":\"fr-FR\",\"@id\":\"https:\\\/\\\/batijournal.com\\\/index.php\\\/une-facade-rythmee-de-vegetaux\\\/80828\\\/#primaryimage\",\"url\":\"https:\\\/\\\/batijournal.com\\\/wp-content\\\/uploads\\\/2015\\\/03\\\/002151.jpg\",\"contentUrl\":\"https:\\\/\\\/batijournal.com\\\/wp-content\\\/uploads\\\/2015\\\/03\\\/002151.jpg\",\"width\":600,\"height\":537},{\"@type\":\"BreadcrumbList\",\"@id\":\"https:\\\/\\\/batijournal.com\\\/index.php\\\/une-facade-rythmee-de-vegetaux\\\/80828\\\/#breadcrumb\",\"itemListElement\":[{\"@type\":\"ListItem\",\"position\":1,\"name\":\"Accueil\",\"item\":\"https:\\\/\\\/batijournal.com\\\/\"},{\"@type\":\"ListItem\",\"position\":2,\"name\":\"Actualit\u00e9s\",\"item\":\"https:\\\/\\\/batijournal.com\\\/index.php\\\/category\\\/actualites\\\/\"},{\"@type\":\"ListItem\",\"position\":3,\"name\":\"Architecture &amp; Conception\",\"item\":\"https:\\\/\\\/batijournal.com\\\/index.php\\\/category\\\/actualites\\\/architecture-conception\\\/\"},{\"@type\":\"ListItem\",\"position\":4,\"name\":\"Une fa\u00e7ade rythm\u00e9e de v\u00e9g\u00e9taux\"}]},{\"@type\":\"WebSite\",\"@id\":\"https:\\\/\\\/batijournal.com\\\/#website\",\"url\":\"https:\\\/\\\/batijournal.com\\\/\",\"name\":\"Batijournal\",\"description\":\"L&#039;actualit\u00e9 du b\u00e2timent\",\"potentialAction\":[{\"@type\":\"SearchAction\",\"target\":{\"@type\":\"EntryPoint\",\"urlTemplate\":\"https:\\\/\\\/batijournal.com\\\/?s={search_term_string}\"},\"query-input\":{\"@type\":\"PropertyValueSpecification\",\"valueRequired\":true,\"valueName\":\"search_term_string\"}}],\"inLanguage\":\"fr-FR\"},{\"@type\":\"Person\",\"@id\":\"https:\\\/\\\/batijournal.com\\\/#\\\/schema\\\/person\\\/6a657e8967569e1b299972574848aa76\",\"name\":\"Bati-journal\",\"image\":{\"@type\":\"ImageObject\",\"inLanguage\":\"fr-FR\",\"@id\":\"https:\\\/\\\/secure.gravatar.com\\\/avatar\\\/a64364ea26392f9b4dd47e017ddaec74ff03aefc073b49e492e847201258f777?s=96&d=mm&r=g\",\"url\":\"https:\\\/\\\/secure.gravatar.com\\\/avatar\\\/a64364ea26392f9b4dd47e017ddaec74ff03aefc073b49e492e847201258f777?s=96&d=mm&r=g\",\"contentUrl\":\"https:\\\/\\\/secure.gravatar.com\\\/avatar\\\/a64364ea26392f9b4dd47e017ddaec74ff03aefc073b49e492e847201258f777?s=96&d=mm&r=g\",\"caption\":\"Bati-journal\"},\"url\":\"https:\\\/\\\/batijournal.com\\\/index.php\\\/author\\\/elodie\\\/\"}]}<\/script>\n<!-- \/ Yoast SEO plugin. -->","yoast_head_json":{"title":"Une fa\u00e7ade rythm\u00e9e de v\u00e9g\u00e9taux","robots":{"index":"index","follow":"follow","max-snippet":"max-snippet:-1","max-image-preview":"max-image-preview:large","max-video-preview":"max-video-preview:-1"},"canonical":"https:\/\/batijournal.com\/index.php\/une-facade-rythmee-de-vegetaux\/80828\/","og_locale":"fr_FR","og_type":"article","og_title":"Une fa\u00e7ade rythm\u00e9e de v\u00e9g\u00e9taux","og_description":"C&lsquo;est sur une parcelle triangulaire de 3 000 m2 que prend place le nouveau b\u00e2timent de la clinique du Parc, boulevard Stalingrad dans le 6e arrondissement de Lyon. Cet ouvrage de 17 000 m2, dessin\u00e9 par le cabinet d&rsquo;architectes lyonnais Xanadu, associ\u00e9 au bureau d&rsquo;\u00e9tudes Bl\u00e9zat pour la partie technique, propose une nouvelle conception de [&hellip;]","og_url":"https:\/\/batijournal.com\/index.php\/une-facade-rythmee-de-vegetaux\/80828\/","og_site_name":"Batijournal","article_published_time":"2007-12-16T23:00:00+00:00","article_modified_time":"2019-07-15T09:30:11+00:00","og_image":[{"width":600,"height":537,"url":"https:\/\/batijournal.com\/wp-content\/uploads\/2015\/03\/002151.jpg","type":"image\/jpeg"}],"author":"Bati-journal","twitter_card":"summary_large_image","twitter_creator":"@bati_journal","twitter_site":"@bati_journal","twitter_misc":{"\u00c9crit par":"Bati-journal","Dur\u00e9e de lecture estim\u00e9e":"1 minute"},"schema":{"@context":"https:\/\/schema.org","@graph":[{"@type":"Article","@id":"https:\/\/batijournal.com\/index.php\/une-facade-rythmee-de-vegetaux\/80828\/#article","isPartOf":{"@id":"https:\/\/batijournal.com\/index.php\/une-facade-rythmee-de-vegetaux\/80828\/"},"author":{"name":"Bati-journal","@id":"https:\/\/batijournal.com\/#\/schema\/person\/6a657e8967569e1b299972574848aa76"},"headline":"Une fa\u00e7ade rythm\u00e9e de v\u00e9g\u00e9taux","datePublished":"2007-12-16T23:00:00+00:00","dateModified":"2019-07-15T09:30:11+00:00","mainEntityOfPage":{"@id":"https:\/\/batijournal.com\/index.php\/une-facade-rythmee-de-vegetaux\/80828\/"},"wordCount":261,"commentCount":0,"image":{"@id":"https:\/\/batijournal.com\/index.php\/une-facade-rythmee-de-vegetaux\/80828\/#primaryimage"},"thumbnailUrl":"https:\/\/batijournal.com\/wp-content\/uploads\/2015\/03\/002151.jpg","keywords":["facade vegetale"],"articleSection":["Architecture &amp; Conception"],"inLanguage":"fr-FR","potentialAction":[{"@type":"CommentAction","name":"Comment","target":["https:\/\/batijournal.com\/index.php\/une-facade-rythmee-de-vegetaux\/80828\/#respond"]}]},{"@type":"WebPage","@id":"https:\/\/batijournal.com\/index.php\/une-facade-rythmee-de-vegetaux\/80828\/","url":"https:\/\/batijournal.com\/index.php\/une-facade-rythmee-de-vegetaux\/80828\/","name":"Une fa\u00e7ade rythm\u00e9e de v\u00e9g\u00e9taux","isPartOf":{"@id":"https:\/\/batijournal.com\/#website"},"primaryImageOfPage":{"@id":"https:\/\/batijournal.com\/index.php\/une-facade-rythmee-de-vegetaux\/80828\/#primaryimage"},"image":{"@id":"https:\/\/batijournal.com\/index.php\/une-facade-rythmee-de-vegetaux\/80828\/#primaryimage"},"thumbnailUrl":"https:\/\/batijournal.com\/wp-content\/uploads\/2015\/03\/002151.jpg","datePublished":"2007-12-16T23:00:00+00:00","dateModified":"2019-07-15T09:30:11+00:00","author":{"@id":"https:\/\/batijournal.com\/#\/schema\/person\/6a657e8967569e1b299972574848aa76"},"breadcrumb":{"@id":"https:\/\/batijournal.com\/index.php\/une-facade-rythmee-de-vegetaux\/80828\/#breadcrumb"},"inLanguage":"fr-FR","potentialAction":[{"@type":"ReadAction","target":["https:\/\/batijournal.com\/index.php\/une-facade-rythmee-de-vegetaux\/80828\/"]}]},{"@type":"ImageObject","inLanguage":"fr-FR","@id":"https:\/\/batijournal.com\/index.php\/une-facade-rythmee-de-vegetaux\/80828\/#primaryimage","url":"https:\/\/batijournal.com\/wp-content\/uploads\/2015\/03\/002151.jpg","contentUrl":"https:\/\/batijournal.com\/wp-content\/uploads\/2015\/03\/002151.jpg","width":600,"height":537},{"@type":"BreadcrumbList","@id":"https:\/\/batijournal.com\/index.php\/une-facade-rythmee-de-vegetaux\/80828\/#breadcrumb","itemListElement":[{"@type":"ListItem","position":1,"name":"Accueil","item":"https:\/\/batijournal.com\/"},{"@type":"ListItem","position":2,"name":"Actualit\u00e9s","item":"https:\/\/batijournal.com\/index.php\/category\/actualites\/"},{"@type":"ListItem","position":3,"name":"Architecture &amp; Conception","item":"https:\/\/batijournal.com\/index.php\/category\/actualites\/architecture-conception\/"},{"@type":"ListItem","position":4,"name":"Une fa\u00e7ade rythm\u00e9e de v\u00e9g\u00e9taux"}]},{"@type":"WebSite","@id":"https:\/\/batijournal.com\/#website","url":"https:\/\/batijournal.com\/","name":"Batijournal","description":"L&#039;actualit\u00e9 du b\u00e2timent","potentialAction":[{"@type":"SearchAction","target":{"@type":"EntryPoint","urlTemplate":"https:\/\/batijournal.com\/?s={search_term_string}"},"query-input":{"@type":"PropertyValueSpecification","valueRequired":true,"valueName":"search_term_string"}}],"inLanguage":"fr-FR"},{"@type":"Person","@id":"https:\/\/batijournal.com\/#\/schema\/person\/6a657e8967569e1b299972574848aa76","name":"Bati-journal","image":{"@type":"ImageObject","inLanguage":"fr-FR","@id":"https:\/\/secure.gravatar.com\/avatar\/a64364ea26392f9b4dd47e017ddaec74ff03aefc073b49e492e847201258f777?s=96&d=mm&r=g","url":"https:\/\/secure.gravatar.com\/avatar\/a64364ea26392f9b4dd47e017ddaec74ff03aefc073b49e492e847201258f777?s=96&d=mm&r=g","contentUrl":"https:\/\/secure.gravatar.com\/avatar\/a64364ea26392f9b4dd47e017ddaec74ff03aefc073b49e492e847201258f777?s=96&d=mm&r=g","caption":"Bati-journal"},"url":"https:\/\/batijournal.com\/index.php\/author\/elodie\/"}]}},"_links":{"self":[{"href":"https:\/\/batijournal.com\/index.php\/wp-json\/wp\/v2\/posts\/80828","targetHints":{"allow":["GET"]}}],"collection":[{"href":"https:\/\/batijournal.com\/index.php\/wp-json\/wp\/v2\/posts"}],"about":[{"href":"https:\/\/batijournal.com\/index.php\/wp-json\/wp\/v2\/types\/post"}],"author":[{"embeddable":true,"href":"https:\/\/batijournal.com\/index.php\/wp-json\/wp\/v2\/users\/1"}],"replies":[{"embeddable":true,"href":"https:\/\/batijournal.com\/index.php\/wp-json\/wp\/v2\/comments?post=80828"}],"version-history":[{"count":0,"href":"https:\/\/batijournal.com\/index.php\/wp-json\/wp\/v2\/posts\/80828\/revisions"}],"wp:featuredmedia":[{"embeddable":true,"href":"https:\/\/batijournal.com\/index.php\/wp-json\/wp\/v2\/media\/80829"}],"wp:attachment":[{"href":"https:\/\/batijournal.com\/index.php\/wp-json\/wp\/v2\/media?parent=80828"}],"wp:term":[{"taxonomy":"category","embeddable":true,"href":"https:\/\/batijournal.com\/index.php\/wp-json\/wp\/v2\/categories?post=80828"},{"taxonomy":"post_tag","embeddable":true,"href":"https:\/\/batijournal.com\/index.php\/wp-json\/wp\/v2\/tags?post=80828"}],"curies":[{"name":"wp","href":"https:\/\/api.w.org\/{rel}","templated":true}]}}