{"id":80869,"date":"2008-09-16T00:00:00","date_gmt":"2008-09-15T22:00:00","guid":{"rendered":"http:\/\/b.bati-journal.com\/ouverture-d%c2%92une-nouvelle-agence-hunnebeck-a-nantes\/80869"},"modified":"2019-07-15T11:30:07","modified_gmt":"2019-07-15T09:30:07","slug":"ouverture-d%c2%92une-nouvelle-agence-hunnebeck-a-nantes","status":"publish","type":"post","link":"https:\/\/batijournal.com\/index.php\/ouverture-d%c2%92une-nouvelle-agence-hunnebeck-a-nantes\/80869\/","title":{"rendered":"Ouverture d&rsquo;\u0092une nouvelle agence H\u00fcnnebeck \u00e0 Nantes"},"content":{"rendered":"<p>Afin de garantir une proximit\u00e9 encore plus grande avec les clients et de d\u00e9velopper sa comp\u00e9tence de service, le sp\u00e9cialiste du b\u00e2timent H\u00fcnnebeck France vient d&rsquo;\u0092ouvrir une nouvelle agence dans l&rsquo;\u0092ouest du pays. Le nouveau site de Nantes est responsable de la vente et de la mise en location de syst\u00e8mes de coffrage, d&rsquo;\u0092\u00e9taiement et d&rsquo;\u0092\u00e9chafaudage dans les r\u00e9gions de l\u0092&rsquo;ouest, avec la Bretagne, la Normandie, les Pays de la Loire et l\u0092&rsquo;Aquitaine. H\u00fcnnebeck y est d\u00e9sormais repr\u00e9sent\u00e9 avec ses propres locaux commerciaux ainsi qu\u0092&rsquo;un entrep\u00f4t de mat\u00e9riel de 3000 m2. H\u00fcnnebeck encadre les gros chantiers et met \u00e9galement \u00e0 disposition des \u00e9quipes d&rsquo;\u0092experts b\u00e9n\u00e9ficiant de longues ann\u00e9es d\u0092&rsquo;exp\u00e9rience. Gr\u00e2ce \u00e0 la nouvelle agence, l\u0092&rsquo;entreprise est en mesure d\u0092&rsquo;op\u00e9rer avec encore davantage de proximit\u00e9 de la client\u00e8le. Jusqu&rsquo;\u0092\u00e0 pr\u00e9sent, H\u00fcnnebeck encadrait les projets en France principalement \u00e0 partir de Mitry-Mory, pr\u00e8s de Paris. Gr\u00e2ce \u00e0 la succursale nantaise, les trajets de transport et d\u00e9lais de livraison dans la r\u00e9gion seront r\u00e9duits. De plus, les clients profiteront d\u0092&rsquo;un service de proximit\u00e9 am\u00e9lior\u00e9 sur les chantiers.<\/p>\n","protected":false},"excerpt":{"rendered":"<p>Afin de garantir une proximit\u00e9 encore plus grande avec les clients et de d\u00e9velopper sa comp\u00e9tence de service, le sp\u00e9cialiste du b\u00e2timent H\u00fcnnebeck France vient d&rsquo;\u0092ouvrir une nouvelle agence dans l&rsquo;\u0092ouest du pays. Le nouveau site de Nantes est responsable de la vente et de la mise en location de syst\u00e8mes de coffrage, d&rsquo;\u0092\u00e9taiement et [&hellip;]<\/p>\n","protected":false},"author":1,"featured_media":0,"comment_status":"open","ping_status":"closed","sticky":false,"template":"","format":"standard","meta":{"_et_pb_use_builder":"","_et_pb_old_content":"","_et_gb_content_width":"","footnotes":""},"categories":[6340],"tags":[478],"class_list":["post-80869","post","type-post","status-publish","format-standard","hentry","category-architecture-conception","tag-nantes"],"yoast_head":"<!-- This site is optimized with the Yoast SEO plugin v27.4 - https:\/\/yoast.com\/product\/yoast-seo-wordpress\/ -->\n<title>Ouverture d&#039;\u0092une nouvelle agence H\u00fcnnebeck \u00e0 Nantes<\/title>\n<meta name=\"robots\" content=\"index, follow, max-snippet:-1, max-image-preview:large, max-video-preview:-1\" \/>\n<link rel=\"canonical\" href=\"https:\/\/batijournal.com\/index.php\/ouverture-d\u0092une-nouvelle-agence-hunnebeck-a-nantes\/80869\/\" \/>\n<meta property=\"og:locale\" content=\"fr_FR\" \/>\n<meta property=\"og:type\" content=\"article\" \/>\n<meta property=\"og:title\" content=\"Ouverture d&#039;\u0092une nouvelle agence H\u00fcnnebeck \u00e0 Nantes\" \/>\n<meta property=\"og:description\" content=\"Afin de garantir une proximit\u00e9 encore plus grande avec les clients et de d\u00e9velopper sa comp\u00e9tence de service, le sp\u00e9cialiste du b\u00e2timent H\u00fcnnebeck France vient d&rsquo;\u0092ouvrir une nouvelle agence dans l&rsquo;\u0092ouest du pays. Le nouveau site de Nantes est responsable de la vente et de la mise en location de syst\u00e8mes de coffrage, d&rsquo;\u0092\u00e9taiement et [&hellip;]\" \/>\n<meta property=\"og:url\" content=\"https:\/\/batijournal.com\/index.php\/ouverture-d\u0092une-nouvelle-agence-hunnebeck-a-nantes\/80869\/\" \/>\n<meta property=\"og:site_name\" content=\"Batijournal\" \/>\n<meta property=\"article:published_time\" content=\"2008-09-15T22:00:00+00:00\" \/>\n<meta property=\"article:modified_time\" content=\"2019-07-15T09:30:07+00:00\" \/>\n<meta name=\"author\" content=\"Bati-journal\" \/>\n<meta name=\"twitter:card\" content=\"summary_large_image\" \/>\n<meta name=\"twitter:creator\" content=\"@bati_journal\" \/>\n<meta name=\"twitter:site\" content=\"@bati_journal\" \/>\n<meta name=\"twitter:label1\" content=\"\u00c9crit par\" \/>\n\t<meta name=\"twitter:data1\" content=\"Bati-journal\" \/>\n\t<meta name=\"twitter:label2\" content=\"Dur\u00e9e de lecture estim\u00e9e\" \/>\n\t<meta name=\"twitter:data2\" content=\"1 minute\" \/>\n<script type=\"application\/ld+json\" class=\"yoast-schema-graph\">{\"@context\":\"https:\\\/\\\/schema.org\",\"@graph\":[{\"@type\":\"Article\",\"@id\":\"https:\\\/\\\/batijournal.com\\\/index.php\\\/ouverture-d%c2%92une-nouvelle-agence-hunnebeck-a-nantes\\\/80869\\\/#article\",\"isPartOf\":{\"@id\":\"https:\\\/\\\/batijournal.com\\\/index.php\\\/ouverture-d%c2%92une-nouvelle-agence-hunnebeck-a-nantes\\\/80869\\\/\"},\"author\":{\"name\":\"Bati-journal\",\"@id\":\"https:\\\/\\\/batijournal.com\\\/#\\\/schema\\\/person\\\/6a657e8967569e1b299972574848aa76\"},\"headline\":\"Ouverture d&rsquo;\u0092une nouvelle agence H\u00fcnnebeck \u00e0 Nantes\",\"datePublished\":\"2008-09-15T22:00:00+00:00\",\"dateModified\":\"2019-07-15T09:30:07+00:00\",\"mainEntityOfPage\":{\"@id\":\"https:\\\/\\\/batijournal.com\\\/index.php\\\/ouverture-d%c2%92une-nouvelle-agence-hunnebeck-a-nantes\\\/80869\\\/\"},\"wordCount\":217,\"commentCount\":0,\"keywords\":[\"Nantes\"],\"articleSection\":[\"Architecture &amp; Conception\"],\"inLanguage\":\"fr-FR\",\"potentialAction\":[{\"@type\":\"CommentAction\",\"name\":\"Comment\",\"target\":[\"https:\\\/\\\/batijournal.com\\\/index.php\\\/ouverture-d%c2%92une-nouvelle-agence-hunnebeck-a-nantes\\\/80869\\\/#respond\"]}]},{\"@type\":\"WebPage\",\"@id\":\"https:\\\/\\\/batijournal.com\\\/index.php\\\/ouverture-d%c2%92une-nouvelle-agence-hunnebeck-a-nantes\\\/80869\\\/\",\"url\":\"https:\\\/\\\/batijournal.com\\\/index.php\\\/ouverture-d%c2%92une-nouvelle-agence-hunnebeck-a-nantes\\\/80869\\\/\",\"name\":\"Ouverture d'\u0092une nouvelle agence H\u00fcnnebeck \u00e0 Nantes\",\"isPartOf\":{\"@id\":\"https:\\\/\\\/batijournal.com\\\/#website\"},\"datePublished\":\"2008-09-15T22:00:00+00:00\",\"dateModified\":\"2019-07-15T09:30:07+00:00\",\"author\":{\"@id\":\"https:\\\/\\\/batijournal.com\\\/#\\\/schema\\\/person\\\/6a657e8967569e1b299972574848aa76\"},\"breadcrumb\":{\"@id\":\"https:\\\/\\\/batijournal.com\\\/index.php\\\/ouverture-d%c2%92une-nouvelle-agence-hunnebeck-a-nantes\\\/80869\\\/#breadcrumb\"},\"inLanguage\":\"fr-FR\",\"potentialAction\":[{\"@type\":\"ReadAction\",\"target\":[\"https:\\\/\\\/batijournal.com\\\/index.php\\\/ouverture-d%c2%92une-nouvelle-agence-hunnebeck-a-nantes\\\/80869\\\/\"]}]},{\"@type\":\"BreadcrumbList\",\"@id\":\"https:\\\/\\\/batijournal.com\\\/index.php\\\/ouverture-d%c2%92une-nouvelle-agence-hunnebeck-a-nantes\\\/80869\\\/#breadcrumb\",\"itemListElement\":[{\"@type\":\"ListItem\",\"position\":1,\"name\":\"Accueil\",\"item\":\"https:\\\/\\\/batijournal.com\\\/\"},{\"@type\":\"ListItem\",\"position\":2,\"name\":\"Actualit\u00e9s\",\"item\":\"https:\\\/\\\/batijournal.com\\\/index.php\\\/category\\\/actualites\\\/\"},{\"@type\":\"ListItem\",\"position\":3,\"name\":\"Architecture &amp; Conception\",\"item\":\"https:\\\/\\\/batijournal.com\\\/index.php\\\/category\\\/actualites\\\/architecture-conception\\\/\"},{\"@type\":\"ListItem\",\"position\":4,\"name\":\"Ouverture d&rsquo;\u0092une nouvelle agence H\u00fcnnebeck \u00e0 Nantes\"}]},{\"@type\":\"WebSite\",\"@id\":\"https:\\\/\\\/batijournal.com\\\/#website\",\"url\":\"https:\\\/\\\/batijournal.com\\\/\",\"name\":\"Batijournal\",\"description\":\"L&#039;actualit\u00e9 du b\u00e2timent\",\"potentialAction\":[{\"@type\":\"SearchAction\",\"target\":{\"@type\":\"EntryPoint\",\"urlTemplate\":\"https:\\\/\\\/batijournal.com\\\/?s={search_term_string}\"},\"query-input\":{\"@type\":\"PropertyValueSpecification\",\"valueRequired\":true,\"valueName\":\"search_term_string\"}}],\"inLanguage\":\"fr-FR\"},{\"@type\":\"Person\",\"@id\":\"https:\\\/\\\/batijournal.com\\\/#\\\/schema\\\/person\\\/6a657e8967569e1b299972574848aa76\",\"name\":\"Bati-journal\",\"image\":{\"@type\":\"ImageObject\",\"inLanguage\":\"fr-FR\",\"@id\":\"https:\\\/\\\/secure.gravatar.com\\\/avatar\\\/a64364ea26392f9b4dd47e017ddaec74ff03aefc073b49e492e847201258f777?s=96&d=mm&r=g\",\"url\":\"https:\\\/\\\/secure.gravatar.com\\\/avatar\\\/a64364ea26392f9b4dd47e017ddaec74ff03aefc073b49e492e847201258f777?s=96&d=mm&r=g\",\"contentUrl\":\"https:\\\/\\\/secure.gravatar.com\\\/avatar\\\/a64364ea26392f9b4dd47e017ddaec74ff03aefc073b49e492e847201258f777?s=96&d=mm&r=g\",\"caption\":\"Bati-journal\"},\"url\":\"https:\\\/\\\/batijournal.com\\\/index.php\\\/author\\\/elodie\\\/\"}]}<\/script>\n<!-- \/ Yoast SEO plugin. -->","yoast_head_json":{"title":"Ouverture d'\u0092une nouvelle agence H\u00fcnnebeck \u00e0 Nantes","robots":{"index":"index","follow":"follow","max-snippet":"max-snippet:-1","max-image-preview":"max-image-preview:large","max-video-preview":"max-video-preview:-1"},"canonical":"https:\/\/batijournal.com\/index.php\/ouverture-d\u0092une-nouvelle-agence-hunnebeck-a-nantes\/80869\/","og_locale":"fr_FR","og_type":"article","og_title":"Ouverture d'\u0092une nouvelle agence H\u00fcnnebeck \u00e0 Nantes","og_description":"Afin de garantir une proximit\u00e9 encore plus grande avec les clients et de d\u00e9velopper sa comp\u00e9tence de service, le sp\u00e9cialiste du b\u00e2timent H\u00fcnnebeck France vient d&rsquo;\u0092ouvrir une nouvelle agence dans l&rsquo;\u0092ouest du pays. Le nouveau site de Nantes est responsable de la vente et de la mise en location de syst\u00e8mes de coffrage, d&rsquo;\u0092\u00e9taiement et [&hellip;]","og_url":"https:\/\/batijournal.com\/index.php\/ouverture-d\u0092une-nouvelle-agence-hunnebeck-a-nantes\/80869\/","og_site_name":"Batijournal","article_published_time":"2008-09-15T22:00:00+00:00","article_modified_time":"2019-07-15T09:30:07+00:00","author":"Bati-journal","twitter_card":"summary_large_image","twitter_creator":"@bati_journal","twitter_site":"@bati_journal","twitter_misc":{"\u00c9crit par":"Bati-journal","Dur\u00e9e de lecture estim\u00e9e":"1 minute"},"schema":{"@context":"https:\/\/schema.org","@graph":[{"@type":"Article","@id":"https:\/\/batijournal.com\/index.php\/ouverture-d%c2%92une-nouvelle-agence-hunnebeck-a-nantes\/80869\/#article","isPartOf":{"@id":"https:\/\/batijournal.com\/index.php\/ouverture-d%c2%92une-nouvelle-agence-hunnebeck-a-nantes\/80869\/"},"author":{"name":"Bati-journal","@id":"https:\/\/batijournal.com\/#\/schema\/person\/6a657e8967569e1b299972574848aa76"},"headline":"Ouverture d&rsquo;\u0092une nouvelle agence H\u00fcnnebeck \u00e0 Nantes","datePublished":"2008-09-15T22:00:00+00:00","dateModified":"2019-07-15T09:30:07+00:00","mainEntityOfPage":{"@id":"https:\/\/batijournal.com\/index.php\/ouverture-d%c2%92une-nouvelle-agence-hunnebeck-a-nantes\/80869\/"},"wordCount":217,"commentCount":0,"keywords":["Nantes"],"articleSection":["Architecture &amp; Conception"],"inLanguage":"fr-FR","potentialAction":[{"@type":"CommentAction","name":"Comment","target":["https:\/\/batijournal.com\/index.php\/ouverture-d%c2%92une-nouvelle-agence-hunnebeck-a-nantes\/80869\/#respond"]}]},{"@type":"WebPage","@id":"https:\/\/batijournal.com\/index.php\/ouverture-d%c2%92une-nouvelle-agence-hunnebeck-a-nantes\/80869\/","url":"https:\/\/batijournal.com\/index.php\/ouverture-d%c2%92une-nouvelle-agence-hunnebeck-a-nantes\/80869\/","name":"Ouverture d'\u0092une nouvelle agence H\u00fcnnebeck \u00e0 Nantes","isPartOf":{"@id":"https:\/\/batijournal.com\/#website"},"datePublished":"2008-09-15T22:00:00+00:00","dateModified":"2019-07-15T09:30:07+00:00","author":{"@id":"https:\/\/batijournal.com\/#\/schema\/person\/6a657e8967569e1b299972574848aa76"},"breadcrumb":{"@id":"https:\/\/batijournal.com\/index.php\/ouverture-d%c2%92une-nouvelle-agence-hunnebeck-a-nantes\/80869\/#breadcrumb"},"inLanguage":"fr-FR","potentialAction":[{"@type":"ReadAction","target":["https:\/\/batijournal.com\/index.php\/ouverture-d%c2%92une-nouvelle-agence-hunnebeck-a-nantes\/80869\/"]}]},{"@type":"BreadcrumbList","@id":"https:\/\/batijournal.com\/index.php\/ouverture-d%c2%92une-nouvelle-agence-hunnebeck-a-nantes\/80869\/#breadcrumb","itemListElement":[{"@type":"ListItem","position":1,"name":"Accueil","item":"https:\/\/batijournal.com\/"},{"@type":"ListItem","position":2,"name":"Actualit\u00e9s","item":"https:\/\/batijournal.com\/index.php\/category\/actualites\/"},{"@type":"ListItem","position":3,"name":"Architecture &amp; Conception","item":"https:\/\/batijournal.com\/index.php\/category\/actualites\/architecture-conception\/"},{"@type":"ListItem","position":4,"name":"Ouverture d&rsquo;\u0092une nouvelle agence H\u00fcnnebeck \u00e0 Nantes"}]},{"@type":"WebSite","@id":"https:\/\/batijournal.com\/#website","url":"https:\/\/batijournal.com\/","name":"Batijournal","description":"L&#039;actualit\u00e9 du b\u00e2timent","potentialAction":[{"@type":"SearchAction","target":{"@type":"EntryPoint","urlTemplate":"https:\/\/batijournal.com\/?s={search_term_string}"},"query-input":{"@type":"PropertyValueSpecification","valueRequired":true,"valueName":"search_term_string"}}],"inLanguage":"fr-FR"},{"@type":"Person","@id":"https:\/\/batijournal.com\/#\/schema\/person\/6a657e8967569e1b299972574848aa76","name":"Bati-journal","image":{"@type":"ImageObject","inLanguage":"fr-FR","@id":"https:\/\/secure.gravatar.com\/avatar\/a64364ea26392f9b4dd47e017ddaec74ff03aefc073b49e492e847201258f777?s=96&d=mm&r=g","url":"https:\/\/secure.gravatar.com\/avatar\/a64364ea26392f9b4dd47e017ddaec74ff03aefc073b49e492e847201258f777?s=96&d=mm&r=g","contentUrl":"https:\/\/secure.gravatar.com\/avatar\/a64364ea26392f9b4dd47e017ddaec74ff03aefc073b49e492e847201258f777?s=96&d=mm&r=g","caption":"Bati-journal"},"url":"https:\/\/batijournal.com\/index.php\/author\/elodie\/"}]}},"_links":{"self":[{"href":"https:\/\/batijournal.com\/index.php\/wp-json\/wp\/v2\/posts\/80869","targetHints":{"allow":["GET"]}}],"collection":[{"href":"https:\/\/batijournal.com\/index.php\/wp-json\/wp\/v2\/posts"}],"about":[{"href":"https:\/\/batijournal.com\/index.php\/wp-json\/wp\/v2\/types\/post"}],"author":[{"embeddable":true,"href":"https:\/\/batijournal.com\/index.php\/wp-json\/wp\/v2\/users\/1"}],"replies":[{"embeddable":true,"href":"https:\/\/batijournal.com\/index.php\/wp-json\/wp\/v2\/comments?post=80869"}],"version-history":[{"count":0,"href":"https:\/\/batijournal.com\/index.php\/wp-json\/wp\/v2\/posts\/80869\/revisions"}],"wp:attachment":[{"href":"https:\/\/batijournal.com\/index.php\/wp-json\/wp\/v2\/media?parent=80869"}],"wp:term":[{"taxonomy":"category","embeddable":true,"href":"https:\/\/batijournal.com\/index.php\/wp-json\/wp\/v2\/categories?post=80869"},{"taxonomy":"post_tag","embeddable":true,"href":"https:\/\/batijournal.com\/index.php\/wp-json\/wp\/v2\/tags?post=80869"}],"curies":[{"name":"wp","href":"https:\/\/api.w.org\/{rel}","templated":true}]}}