{"id":80873,"date":"2008-10-06T00:00:00","date_gmt":"2008-10-05T22:00:00","guid":{"rendered":"http:\/\/b.bati-journal.com\/la-nouvelle-ecole-de-beuzeville-fait-sa-rentree\/80873"},"modified":"2019-07-15T11:30:06","modified_gmt":"2019-07-15T09:30:06","slug":"la-nouvelle-ecole-de-beuzeville-fait-sa-rentree","status":"publish","type":"post","link":"https:\/\/batijournal.com\/index.php\/la-nouvelle-ecole-de-beuzeville-fait-sa-rentree\/80873\/","title":{"rendered":"La nouvelle \u00e9cole de Beuzeville fait sa rentr\u00e9e"},"content":{"rendered":"<p>Huit classes d&rsquo;\u00e9l\u00e8ves viennent de d\u00e9couvrir leur toute nouvelle \u00e9cole maternelle situ\u00e9e dans la commune de Beuzeville dans l&rsquo;Eure. Cette \u00e9cole de plain-pied, imagin\u00e9e par l&rsquo;agence d&rsquo;architecture havraise Atelier Bettinger &amp; Desplanques, est un b\u00e2timent alliant \u00e9conomie d&rsquo;\u00e9nergie, int\u00e9gration au paysage et pr\u00e9servation des ressources naturelles. Compos\u00e9e de trois unit\u00e9s distinctes (petite, moyenne et grande section), la construction a \u00e9t\u00e9 con\u00e7ue en ossature bois avec remplissage de laine de roche et une fa\u00e7ade en panneaux Natura d&rsquo;Eternit. Esth\u00e9tiquement, la teinte gris anthracite choisie pour la fa\u00e7ade rappelle l&rsquo;esth\u00e9tique des ardoises en bardage sur les b\u00e2timents r\u00e9gionaux. Les fa\u00e7ades g\u00e9n\u00e9reusement vitr\u00e9es sont orient\u00e9es au sud pour b\u00e9n\u00e9ficier au maximum des apports solaires naturels. Les baies sont \u00e9quip\u00e9es de vitrage isolant faiblement \u00e9missif et de stores motoris\u00e9s ext\u00e9rieurs bicolores faisant office de pare-soleil. L&rsquo;\u00e9clairage des classes, g\u00e9r\u00e9 par sondes photo\u00e9lectriques, varie en fonction de l&rsquo;apport de lumi\u00e8re naturelle. Le confort thermique int\u00e9rieur est assur\u00e9 par un syst\u00e8me de chauffage basse temp\u00e9rature par le sol.<\/p>\n","protected":false},"excerpt":{"rendered":"<p>Huit classes d&rsquo;\u00e9l\u00e8ves viennent de d\u00e9couvrir leur toute nouvelle \u00e9cole maternelle situ\u00e9e dans la commune de Beuzeville dans l&rsquo;Eure. Cette \u00e9cole de plain-pied, imagin\u00e9e par l&rsquo;agence d&rsquo;architecture havraise Atelier Bettinger &amp; Desplanques, est un b\u00e2timent alliant \u00e9conomie d&rsquo;\u00e9nergie, int\u00e9gration au paysage et pr\u00e9servation des ressources naturelles. Compos\u00e9e de trois unit\u00e9s distinctes (petite, moyenne et grande [&hellip;]<\/p>\n","protected":false},"author":1,"featured_media":80874,"comment_status":"open","ping_status":"closed","sticky":false,"template":"","format":"standard","meta":{"_et_pb_use_builder":"","_et_pb_old_content":"","_et_gb_content_width":"","footnotes":""},"categories":[6340],"tags":[2880],"class_list":["post-80873","post","type-post","status-publish","format-standard","has-post-thumbnail","hentry","category-architecture-conception","tag-ecole"],"yoast_head":"<!-- This site is optimized with the Yoast SEO plugin v27.4 - https:\/\/yoast.com\/product\/yoast-seo-wordpress\/ -->\n<title>La nouvelle \u00e9cole de Beuzeville fait sa rentr\u00e9e<\/title>\n<meta name=\"robots\" content=\"index, follow, max-snippet:-1, max-image-preview:large, max-video-preview:-1\" \/>\n<link rel=\"canonical\" href=\"https:\/\/batijournal.com\/index.php\/la-nouvelle-ecole-de-beuzeville-fait-sa-rentree\/80873\/\" \/>\n<meta property=\"og:locale\" content=\"fr_FR\" \/>\n<meta property=\"og:type\" content=\"article\" \/>\n<meta property=\"og:title\" content=\"La nouvelle \u00e9cole de Beuzeville fait sa rentr\u00e9e\" \/>\n<meta property=\"og:description\" content=\"Huit classes d&rsquo;\u00e9l\u00e8ves viennent de d\u00e9couvrir leur toute nouvelle \u00e9cole maternelle situ\u00e9e dans la commune de Beuzeville dans l&rsquo;Eure. Cette \u00e9cole de plain-pied, imagin\u00e9e par l&rsquo;agence d&rsquo;architecture havraise Atelier Bettinger &amp; Desplanques, est un b\u00e2timent alliant \u00e9conomie d&rsquo;\u00e9nergie, int\u00e9gration au paysage et pr\u00e9servation des ressources naturelles. Compos\u00e9e de trois unit\u00e9s distinctes (petite, moyenne et grande [&hellip;]\" \/>\n<meta property=\"og:url\" content=\"https:\/\/batijournal.com\/index.php\/la-nouvelle-ecole-de-beuzeville-fait-sa-rentree\/80873\/\" \/>\n<meta property=\"og:site_name\" content=\"Batijournal\" \/>\n<meta property=\"article:published_time\" content=\"2008-10-05T22:00:00+00:00\" \/>\n<meta property=\"article:modified_time\" content=\"2019-07-15T09:30:06+00:00\" \/>\n<meta property=\"og:image\" content=\"https:\/\/batijournal.com\/wp-content\/uploads\/2015\/03\/00855780.jpg\" \/>\n\t<meta property=\"og:image:width\" content=\"600\" \/>\n\t<meta property=\"og:image:height\" content=\"450\" \/>\n\t<meta property=\"og:image:type\" content=\"image\/jpeg\" \/>\n<meta name=\"author\" content=\"Bati-journal\" \/>\n<meta name=\"twitter:card\" content=\"summary_large_image\" \/>\n<meta name=\"twitter:creator\" content=\"@bati_journal\" \/>\n<meta name=\"twitter:site\" content=\"@bati_journal\" \/>\n<meta name=\"twitter:label1\" content=\"\u00c9crit par\" \/>\n\t<meta name=\"twitter:data1\" content=\"Bati-journal\" \/>\n\t<meta name=\"twitter:label2\" content=\"Dur\u00e9e de lecture estim\u00e9e\" \/>\n\t<meta name=\"twitter:data2\" content=\"1 minute\" \/>\n<script type=\"application\/ld+json\" class=\"yoast-schema-graph\">{\"@context\":\"https:\\\/\\\/schema.org\",\"@graph\":[{\"@type\":\"Article\",\"@id\":\"https:\\\/\\\/batijournal.com\\\/index.php\\\/la-nouvelle-ecole-de-beuzeville-fait-sa-rentree\\\/80873\\\/#article\",\"isPartOf\":{\"@id\":\"https:\\\/\\\/batijournal.com\\\/index.php\\\/la-nouvelle-ecole-de-beuzeville-fait-sa-rentree\\\/80873\\\/\"},\"author\":{\"name\":\"Bati-journal\",\"@id\":\"https:\\\/\\\/batijournal.com\\\/#\\\/schema\\\/person\\\/6a657e8967569e1b299972574848aa76\"},\"headline\":\"La nouvelle \u00e9cole de Beuzeville fait sa rentr\u00e9e\",\"datePublished\":\"2008-10-05T22:00:00+00:00\",\"dateModified\":\"2019-07-15T09:30:06+00:00\",\"mainEntityOfPage\":{\"@id\":\"https:\\\/\\\/batijournal.com\\\/index.php\\\/la-nouvelle-ecole-de-beuzeville-fait-sa-rentree\\\/80873\\\/\"},\"wordCount\":212,\"commentCount\":0,\"image\":{\"@id\":\"https:\\\/\\\/batijournal.com\\\/index.php\\\/la-nouvelle-ecole-de-beuzeville-fait-sa-rentree\\\/80873\\\/#primaryimage\"},\"thumbnailUrl\":\"https:\\\/\\\/batijournal.com\\\/wp-content\\\/uploads\\\/2015\\\/03\\\/00855780.jpg\",\"keywords\":[\"\u00e9cole\"],\"articleSection\":[\"Architecture &amp; Conception\"],\"inLanguage\":\"fr-FR\",\"potentialAction\":[{\"@type\":\"CommentAction\",\"name\":\"Comment\",\"target\":[\"https:\\\/\\\/batijournal.com\\\/index.php\\\/la-nouvelle-ecole-de-beuzeville-fait-sa-rentree\\\/80873\\\/#respond\"]}]},{\"@type\":\"WebPage\",\"@id\":\"https:\\\/\\\/batijournal.com\\\/index.php\\\/la-nouvelle-ecole-de-beuzeville-fait-sa-rentree\\\/80873\\\/\",\"url\":\"https:\\\/\\\/batijournal.com\\\/index.php\\\/la-nouvelle-ecole-de-beuzeville-fait-sa-rentree\\\/80873\\\/\",\"name\":\"La nouvelle \u00e9cole de Beuzeville fait sa rentr\u00e9e\",\"isPartOf\":{\"@id\":\"https:\\\/\\\/batijournal.com\\\/#website\"},\"primaryImageOfPage\":{\"@id\":\"https:\\\/\\\/batijournal.com\\\/index.php\\\/la-nouvelle-ecole-de-beuzeville-fait-sa-rentree\\\/80873\\\/#primaryimage\"},\"image\":{\"@id\":\"https:\\\/\\\/batijournal.com\\\/index.php\\\/la-nouvelle-ecole-de-beuzeville-fait-sa-rentree\\\/80873\\\/#primaryimage\"},\"thumbnailUrl\":\"https:\\\/\\\/batijournal.com\\\/wp-content\\\/uploads\\\/2015\\\/03\\\/00855780.jpg\",\"datePublished\":\"2008-10-05T22:00:00+00:00\",\"dateModified\":\"2019-07-15T09:30:06+00:00\",\"author\":{\"@id\":\"https:\\\/\\\/batijournal.com\\\/#\\\/schema\\\/person\\\/6a657e8967569e1b299972574848aa76\"},\"breadcrumb\":{\"@id\":\"https:\\\/\\\/batijournal.com\\\/index.php\\\/la-nouvelle-ecole-de-beuzeville-fait-sa-rentree\\\/80873\\\/#breadcrumb\"},\"inLanguage\":\"fr-FR\",\"potentialAction\":[{\"@type\":\"ReadAction\",\"target\":[\"https:\\\/\\\/batijournal.com\\\/index.php\\\/la-nouvelle-ecole-de-beuzeville-fait-sa-rentree\\\/80873\\\/\"]}]},{\"@type\":\"ImageObject\",\"inLanguage\":\"fr-FR\",\"@id\":\"https:\\\/\\\/batijournal.com\\\/index.php\\\/la-nouvelle-ecole-de-beuzeville-fait-sa-rentree\\\/80873\\\/#primaryimage\",\"url\":\"https:\\\/\\\/batijournal.com\\\/wp-content\\\/uploads\\\/2015\\\/03\\\/00855780.jpg\",\"contentUrl\":\"https:\\\/\\\/batijournal.com\\\/wp-content\\\/uploads\\\/2015\\\/03\\\/00855780.jpg\",\"width\":600,\"height\":450},{\"@type\":\"BreadcrumbList\",\"@id\":\"https:\\\/\\\/batijournal.com\\\/index.php\\\/la-nouvelle-ecole-de-beuzeville-fait-sa-rentree\\\/80873\\\/#breadcrumb\",\"itemListElement\":[{\"@type\":\"ListItem\",\"position\":1,\"name\":\"Accueil\",\"item\":\"https:\\\/\\\/batijournal.com\\\/\"},{\"@type\":\"ListItem\",\"position\":2,\"name\":\"Actualit\u00e9s\",\"item\":\"https:\\\/\\\/batijournal.com\\\/index.php\\\/category\\\/actualites\\\/\"},{\"@type\":\"ListItem\",\"position\":3,\"name\":\"Architecture &amp; Conception\",\"item\":\"https:\\\/\\\/batijournal.com\\\/index.php\\\/category\\\/actualites\\\/architecture-conception\\\/\"},{\"@type\":\"ListItem\",\"position\":4,\"name\":\"La nouvelle \u00e9cole de Beuzeville fait sa rentr\u00e9e\"}]},{\"@type\":\"WebSite\",\"@id\":\"https:\\\/\\\/batijournal.com\\\/#website\",\"url\":\"https:\\\/\\\/batijournal.com\\\/\",\"name\":\"Batijournal\",\"description\":\"L&#039;actualit\u00e9 du b\u00e2timent\",\"potentialAction\":[{\"@type\":\"SearchAction\",\"target\":{\"@type\":\"EntryPoint\",\"urlTemplate\":\"https:\\\/\\\/batijournal.com\\\/?s={search_term_string}\"},\"query-input\":{\"@type\":\"PropertyValueSpecification\",\"valueRequired\":true,\"valueName\":\"search_term_string\"}}],\"inLanguage\":\"fr-FR\"},{\"@type\":\"Person\",\"@id\":\"https:\\\/\\\/batijournal.com\\\/#\\\/schema\\\/person\\\/6a657e8967569e1b299972574848aa76\",\"name\":\"Bati-journal\",\"image\":{\"@type\":\"ImageObject\",\"inLanguage\":\"fr-FR\",\"@id\":\"https:\\\/\\\/secure.gravatar.com\\\/avatar\\\/a64364ea26392f9b4dd47e017ddaec74ff03aefc073b49e492e847201258f777?s=96&d=mm&r=g\",\"url\":\"https:\\\/\\\/secure.gravatar.com\\\/avatar\\\/a64364ea26392f9b4dd47e017ddaec74ff03aefc073b49e492e847201258f777?s=96&d=mm&r=g\",\"contentUrl\":\"https:\\\/\\\/secure.gravatar.com\\\/avatar\\\/a64364ea26392f9b4dd47e017ddaec74ff03aefc073b49e492e847201258f777?s=96&d=mm&r=g\",\"caption\":\"Bati-journal\"},\"url\":\"https:\\\/\\\/batijournal.com\\\/index.php\\\/author\\\/elodie\\\/\"}]}<\/script>\n<!-- \/ Yoast SEO plugin. -->","yoast_head_json":{"title":"La nouvelle \u00e9cole de Beuzeville fait sa rentr\u00e9e","robots":{"index":"index","follow":"follow","max-snippet":"max-snippet:-1","max-image-preview":"max-image-preview:large","max-video-preview":"max-video-preview:-1"},"canonical":"https:\/\/batijournal.com\/index.php\/la-nouvelle-ecole-de-beuzeville-fait-sa-rentree\/80873\/","og_locale":"fr_FR","og_type":"article","og_title":"La nouvelle \u00e9cole de Beuzeville fait sa rentr\u00e9e","og_description":"Huit classes d&rsquo;\u00e9l\u00e8ves viennent de d\u00e9couvrir leur toute nouvelle \u00e9cole maternelle situ\u00e9e dans la commune de Beuzeville dans l&rsquo;Eure. Cette \u00e9cole de plain-pied, imagin\u00e9e par l&rsquo;agence d&rsquo;architecture havraise Atelier Bettinger &amp; Desplanques, est un b\u00e2timent alliant \u00e9conomie d&rsquo;\u00e9nergie, int\u00e9gration au paysage et pr\u00e9servation des ressources naturelles. Compos\u00e9e de trois unit\u00e9s distinctes (petite, moyenne et grande [&hellip;]","og_url":"https:\/\/batijournal.com\/index.php\/la-nouvelle-ecole-de-beuzeville-fait-sa-rentree\/80873\/","og_site_name":"Batijournal","article_published_time":"2008-10-05T22:00:00+00:00","article_modified_time":"2019-07-15T09:30:06+00:00","og_image":[{"width":600,"height":450,"url":"https:\/\/batijournal.com\/wp-content\/uploads\/2015\/03\/00855780.jpg","type":"image\/jpeg"}],"author":"Bati-journal","twitter_card":"summary_large_image","twitter_creator":"@bati_journal","twitter_site":"@bati_journal","twitter_misc":{"\u00c9crit par":"Bati-journal","Dur\u00e9e de lecture estim\u00e9e":"1 minute"},"schema":{"@context":"https:\/\/schema.org","@graph":[{"@type":"Article","@id":"https:\/\/batijournal.com\/index.php\/la-nouvelle-ecole-de-beuzeville-fait-sa-rentree\/80873\/#article","isPartOf":{"@id":"https:\/\/batijournal.com\/index.php\/la-nouvelle-ecole-de-beuzeville-fait-sa-rentree\/80873\/"},"author":{"name":"Bati-journal","@id":"https:\/\/batijournal.com\/#\/schema\/person\/6a657e8967569e1b299972574848aa76"},"headline":"La nouvelle \u00e9cole de Beuzeville fait sa rentr\u00e9e","datePublished":"2008-10-05T22:00:00+00:00","dateModified":"2019-07-15T09:30:06+00:00","mainEntityOfPage":{"@id":"https:\/\/batijournal.com\/index.php\/la-nouvelle-ecole-de-beuzeville-fait-sa-rentree\/80873\/"},"wordCount":212,"commentCount":0,"image":{"@id":"https:\/\/batijournal.com\/index.php\/la-nouvelle-ecole-de-beuzeville-fait-sa-rentree\/80873\/#primaryimage"},"thumbnailUrl":"https:\/\/batijournal.com\/wp-content\/uploads\/2015\/03\/00855780.jpg","keywords":["\u00e9cole"],"articleSection":["Architecture &amp; Conception"],"inLanguage":"fr-FR","potentialAction":[{"@type":"CommentAction","name":"Comment","target":["https:\/\/batijournal.com\/index.php\/la-nouvelle-ecole-de-beuzeville-fait-sa-rentree\/80873\/#respond"]}]},{"@type":"WebPage","@id":"https:\/\/batijournal.com\/index.php\/la-nouvelle-ecole-de-beuzeville-fait-sa-rentree\/80873\/","url":"https:\/\/batijournal.com\/index.php\/la-nouvelle-ecole-de-beuzeville-fait-sa-rentree\/80873\/","name":"La nouvelle \u00e9cole de Beuzeville fait sa rentr\u00e9e","isPartOf":{"@id":"https:\/\/batijournal.com\/#website"},"primaryImageOfPage":{"@id":"https:\/\/batijournal.com\/index.php\/la-nouvelle-ecole-de-beuzeville-fait-sa-rentree\/80873\/#primaryimage"},"image":{"@id":"https:\/\/batijournal.com\/index.php\/la-nouvelle-ecole-de-beuzeville-fait-sa-rentree\/80873\/#primaryimage"},"thumbnailUrl":"https:\/\/batijournal.com\/wp-content\/uploads\/2015\/03\/00855780.jpg","datePublished":"2008-10-05T22:00:00+00:00","dateModified":"2019-07-15T09:30:06+00:00","author":{"@id":"https:\/\/batijournal.com\/#\/schema\/person\/6a657e8967569e1b299972574848aa76"},"breadcrumb":{"@id":"https:\/\/batijournal.com\/index.php\/la-nouvelle-ecole-de-beuzeville-fait-sa-rentree\/80873\/#breadcrumb"},"inLanguage":"fr-FR","potentialAction":[{"@type":"ReadAction","target":["https:\/\/batijournal.com\/index.php\/la-nouvelle-ecole-de-beuzeville-fait-sa-rentree\/80873\/"]}]},{"@type":"ImageObject","inLanguage":"fr-FR","@id":"https:\/\/batijournal.com\/index.php\/la-nouvelle-ecole-de-beuzeville-fait-sa-rentree\/80873\/#primaryimage","url":"https:\/\/batijournal.com\/wp-content\/uploads\/2015\/03\/00855780.jpg","contentUrl":"https:\/\/batijournal.com\/wp-content\/uploads\/2015\/03\/00855780.jpg","width":600,"height":450},{"@type":"BreadcrumbList","@id":"https:\/\/batijournal.com\/index.php\/la-nouvelle-ecole-de-beuzeville-fait-sa-rentree\/80873\/#breadcrumb","itemListElement":[{"@type":"ListItem","position":1,"name":"Accueil","item":"https:\/\/batijournal.com\/"},{"@type":"ListItem","position":2,"name":"Actualit\u00e9s","item":"https:\/\/batijournal.com\/index.php\/category\/actualites\/"},{"@type":"ListItem","position":3,"name":"Architecture &amp; Conception","item":"https:\/\/batijournal.com\/index.php\/category\/actualites\/architecture-conception\/"},{"@type":"ListItem","position":4,"name":"La nouvelle \u00e9cole de Beuzeville fait sa rentr\u00e9e"}]},{"@type":"WebSite","@id":"https:\/\/batijournal.com\/#website","url":"https:\/\/batijournal.com\/","name":"Batijournal","description":"L&#039;actualit\u00e9 du b\u00e2timent","potentialAction":[{"@type":"SearchAction","target":{"@type":"EntryPoint","urlTemplate":"https:\/\/batijournal.com\/?s={search_term_string}"},"query-input":{"@type":"PropertyValueSpecification","valueRequired":true,"valueName":"search_term_string"}}],"inLanguage":"fr-FR"},{"@type":"Person","@id":"https:\/\/batijournal.com\/#\/schema\/person\/6a657e8967569e1b299972574848aa76","name":"Bati-journal","image":{"@type":"ImageObject","inLanguage":"fr-FR","@id":"https:\/\/secure.gravatar.com\/avatar\/a64364ea26392f9b4dd47e017ddaec74ff03aefc073b49e492e847201258f777?s=96&d=mm&r=g","url":"https:\/\/secure.gravatar.com\/avatar\/a64364ea26392f9b4dd47e017ddaec74ff03aefc073b49e492e847201258f777?s=96&d=mm&r=g","contentUrl":"https:\/\/secure.gravatar.com\/avatar\/a64364ea26392f9b4dd47e017ddaec74ff03aefc073b49e492e847201258f777?s=96&d=mm&r=g","caption":"Bati-journal"},"url":"https:\/\/batijournal.com\/index.php\/author\/elodie\/"}]}},"_links":{"self":[{"href":"https:\/\/batijournal.com\/index.php\/wp-json\/wp\/v2\/posts\/80873","targetHints":{"allow":["GET"]}}],"collection":[{"href":"https:\/\/batijournal.com\/index.php\/wp-json\/wp\/v2\/posts"}],"about":[{"href":"https:\/\/batijournal.com\/index.php\/wp-json\/wp\/v2\/types\/post"}],"author":[{"embeddable":true,"href":"https:\/\/batijournal.com\/index.php\/wp-json\/wp\/v2\/users\/1"}],"replies":[{"embeddable":true,"href":"https:\/\/batijournal.com\/index.php\/wp-json\/wp\/v2\/comments?post=80873"}],"version-history":[{"count":0,"href":"https:\/\/batijournal.com\/index.php\/wp-json\/wp\/v2\/posts\/80873\/revisions"}],"wp:featuredmedia":[{"embeddable":true,"href":"https:\/\/batijournal.com\/index.php\/wp-json\/wp\/v2\/media\/80874"}],"wp:attachment":[{"href":"https:\/\/batijournal.com\/index.php\/wp-json\/wp\/v2\/media?parent=80873"}],"wp:term":[{"taxonomy":"category","embeddable":true,"href":"https:\/\/batijournal.com\/index.php\/wp-json\/wp\/v2\/categories?post=80873"},{"taxonomy":"post_tag","embeddable":true,"href":"https:\/\/batijournal.com\/index.php\/wp-json\/wp\/v2\/tags?post=80873"}],"curies":[{"name":"wp","href":"https:\/\/api.w.org\/{rel}","templated":true}]}}