{"id":80879,"date":"2008-10-17T00:00:00","date_gmt":"2008-10-16T22:00:00","guid":{"rendered":"http:\/\/b.bati-journal.com\/renouveau-en-matiere-de-logement-social-a-paris\/80879"},"modified":"2019-07-15T11:30:06","modified_gmt":"2019-07-15T09:30:06","slug":"renouveau-en-matiere-de-logement-social-a-paris","status":"publish","type":"post","link":"https:\/\/batijournal.com\/index.php\/renouveau-en-matiere-de-logement-social-a-paris\/80879\/","title":{"rendered":"Renouveau en mati\u00e8re de logement social \u00e0 Paris"},"content":{"rendered":"<p>99 logements sociaux, 12 ateliers d\u2019artistes, 4 commerces et un restaurant constituent le programme Planchat-Vignoles inaugur\u00e9 le 6 octobre dernier par le maire de Paris, Bertrand Delano\u00eb. R\u00e9alis\u00e9 par l\u2019architecte Edouard Fran\u00e7ois, ce projet labellis\u00e9 \u00ab\u00a0Habitat et Environnement RT 2000 -15%\u00a0\u00bb marque un virage dans la commande architecturale de la Ville et de Paris Habitat, ainsi qu&rsquo;en mati\u00e8re d\u2019architecture des logements sociaux. Il r\u00e9pond \u00e0 des objectifs de mixit\u00e9 sociale, et de renouvellement urbain n\u00e9cessaire \u00e0 ce secteur du 20e arrondissement. L\u2019ensemble des espaces verts sera entretenu de fa\u00e7on \u00ab bio \u00bb sans produits chimiques. Les eaux de pluie seront r\u00e9cup\u00e9r\u00e9es. L\u2019utilisation du bois, notamment en fa\u00e7ade de l\u2019immeuble central, constitue un pi\u00e8ge \u00e0 CO2. Le co\u00fbt global de l\u2019op\u00e9ration est de 10,718 millions d\u2019euros.<\/p>\n","protected":false},"excerpt":{"rendered":"<p>99 logements sociaux, 12 ateliers d\u2019artistes, 4 commerces et un restaurant constituent le programme Planchat-Vignoles inaugur\u00e9 le 6 octobre dernier par le maire de Paris, Bertrand Delano\u00eb. R\u00e9alis\u00e9 par l\u2019architecte Edouard Fran\u00e7ois, ce projet labellis\u00e9 \u00ab\u00a0Habitat et Environnement RT 2000 -15%\u00a0\u00bb marque un virage dans la commande architecturale de la Ville et de Paris Habitat, [&hellip;]<\/p>\n","protected":false},"author":1,"featured_media":80880,"comment_status":"open","ping_status":"closed","sticky":false,"template":"","format":"standard","meta":{"_et_pb_use_builder":"","_et_pb_old_content":"","_et_gb_content_width":"","footnotes":""},"categories":[6340],"tags":[1601,1625],"class_list":["post-80879","post","type-post","status-publish","format-standard","has-post-thumbnail","hentry","category-architecture-conception","tag-logement-social","tag-paris"],"yoast_head":"<!-- This site is optimized with the Yoast SEO plugin v27.4 - https:\/\/yoast.com\/product\/yoast-seo-wordpress\/ -->\n<title>Renouveau en mati\u00e8re de logement social \u00e0 Paris<\/title>\n<meta name=\"robots\" content=\"index, follow, max-snippet:-1, max-image-preview:large, max-video-preview:-1\" \/>\n<link rel=\"canonical\" href=\"https:\/\/batijournal.com\/index.php\/renouveau-en-matiere-de-logement-social-a-paris\/80879\/\" \/>\n<meta property=\"og:locale\" content=\"fr_FR\" \/>\n<meta property=\"og:type\" content=\"article\" \/>\n<meta property=\"og:title\" content=\"Renouveau en mati\u00e8re de logement social \u00e0 Paris\" \/>\n<meta property=\"og:description\" content=\"99 logements sociaux, 12 ateliers d\u2019artistes, 4 commerces et un restaurant constituent le programme Planchat-Vignoles inaugur\u00e9 le 6 octobre dernier par le maire de Paris, Bertrand Delano\u00eb. R\u00e9alis\u00e9 par l\u2019architecte Edouard Fran\u00e7ois, ce projet labellis\u00e9 \u00ab\u00a0Habitat et Environnement RT 2000 -15%\u00a0\u00bb marque un virage dans la commande architecturale de la Ville et de Paris Habitat, [&hellip;]\" \/>\n<meta property=\"og:url\" content=\"https:\/\/batijournal.com\/index.php\/renouveau-en-matiere-de-logement-social-a-paris\/80879\/\" \/>\n<meta property=\"og:site_name\" content=\"Batijournal\" \/>\n<meta property=\"article:published_time\" content=\"2008-10-16T22:00:00+00:00\" \/>\n<meta property=\"article:modified_time\" content=\"2019-07-15T09:30:06+00:00\" \/>\n<meta property=\"og:image\" content=\"https:\/\/batijournal.com\/wp-content\/uploads\/2015\/03\/01017962.jpg\" \/>\n\t<meta property=\"og:image:width\" content=\"600\" \/>\n\t<meta property=\"og:image:height\" content=\"400\" \/>\n\t<meta property=\"og:image:type\" content=\"image\/jpeg\" \/>\n<meta name=\"author\" content=\"Bati-journal\" \/>\n<meta name=\"twitter:card\" content=\"summary_large_image\" \/>\n<meta name=\"twitter:creator\" content=\"@bati_journal\" \/>\n<meta name=\"twitter:site\" content=\"@bati_journal\" \/>\n<meta name=\"twitter:label1\" content=\"\u00c9crit par\" \/>\n\t<meta name=\"twitter:data1\" content=\"Bati-journal\" \/>\n\t<meta name=\"twitter:label2\" content=\"Dur\u00e9e de lecture estim\u00e9e\" \/>\n\t<meta name=\"twitter:data2\" content=\"1 minute\" \/>\n<script type=\"application\/ld+json\" class=\"yoast-schema-graph\">{\"@context\":\"https:\\\/\\\/schema.org\",\"@graph\":[{\"@type\":\"Article\",\"@id\":\"https:\\\/\\\/batijournal.com\\\/index.php\\\/renouveau-en-matiere-de-logement-social-a-paris\\\/80879\\\/#article\",\"isPartOf\":{\"@id\":\"https:\\\/\\\/batijournal.com\\\/index.php\\\/renouveau-en-matiere-de-logement-social-a-paris\\\/80879\\\/\"},\"author\":{\"name\":\"Bati-journal\",\"@id\":\"https:\\\/\\\/batijournal.com\\\/#\\\/schema\\\/person\\\/6a657e8967569e1b299972574848aa76\"},\"headline\":\"Renouveau en mati\u00e8re de logement social \u00e0 Paris\",\"datePublished\":\"2008-10-16T22:00:00+00:00\",\"dateModified\":\"2019-07-15T09:30:06+00:00\",\"mainEntityOfPage\":{\"@id\":\"https:\\\/\\\/batijournal.com\\\/index.php\\\/renouveau-en-matiere-de-logement-social-a-paris\\\/80879\\\/\"},\"wordCount\":144,\"commentCount\":0,\"image\":{\"@id\":\"https:\\\/\\\/batijournal.com\\\/index.php\\\/renouveau-en-matiere-de-logement-social-a-paris\\\/80879\\\/#primaryimage\"},\"thumbnailUrl\":\"https:\\\/\\\/batijournal.com\\\/wp-content\\\/uploads\\\/2015\\\/03\\\/01017962.jpg\",\"keywords\":[\"logement social\",\"paris\"],\"articleSection\":[\"Architecture &amp; Conception\"],\"inLanguage\":\"fr-FR\",\"potentialAction\":[{\"@type\":\"CommentAction\",\"name\":\"Comment\",\"target\":[\"https:\\\/\\\/batijournal.com\\\/index.php\\\/renouveau-en-matiere-de-logement-social-a-paris\\\/80879\\\/#respond\"]}]},{\"@type\":\"WebPage\",\"@id\":\"https:\\\/\\\/batijournal.com\\\/index.php\\\/renouveau-en-matiere-de-logement-social-a-paris\\\/80879\\\/\",\"url\":\"https:\\\/\\\/batijournal.com\\\/index.php\\\/renouveau-en-matiere-de-logement-social-a-paris\\\/80879\\\/\",\"name\":\"Renouveau en mati\u00e8re de logement social \u00e0 Paris\",\"isPartOf\":{\"@id\":\"https:\\\/\\\/batijournal.com\\\/#website\"},\"primaryImageOfPage\":{\"@id\":\"https:\\\/\\\/batijournal.com\\\/index.php\\\/renouveau-en-matiere-de-logement-social-a-paris\\\/80879\\\/#primaryimage\"},\"image\":{\"@id\":\"https:\\\/\\\/batijournal.com\\\/index.php\\\/renouveau-en-matiere-de-logement-social-a-paris\\\/80879\\\/#primaryimage\"},\"thumbnailUrl\":\"https:\\\/\\\/batijournal.com\\\/wp-content\\\/uploads\\\/2015\\\/03\\\/01017962.jpg\",\"datePublished\":\"2008-10-16T22:00:00+00:00\",\"dateModified\":\"2019-07-15T09:30:06+00:00\",\"author\":{\"@id\":\"https:\\\/\\\/batijournal.com\\\/#\\\/schema\\\/person\\\/6a657e8967569e1b299972574848aa76\"},\"breadcrumb\":{\"@id\":\"https:\\\/\\\/batijournal.com\\\/index.php\\\/renouveau-en-matiere-de-logement-social-a-paris\\\/80879\\\/#breadcrumb\"},\"inLanguage\":\"fr-FR\",\"potentialAction\":[{\"@type\":\"ReadAction\",\"target\":[\"https:\\\/\\\/batijournal.com\\\/index.php\\\/renouveau-en-matiere-de-logement-social-a-paris\\\/80879\\\/\"]}]},{\"@type\":\"ImageObject\",\"inLanguage\":\"fr-FR\",\"@id\":\"https:\\\/\\\/batijournal.com\\\/index.php\\\/renouveau-en-matiere-de-logement-social-a-paris\\\/80879\\\/#primaryimage\",\"url\":\"https:\\\/\\\/batijournal.com\\\/wp-content\\\/uploads\\\/2015\\\/03\\\/01017962.jpg\",\"contentUrl\":\"https:\\\/\\\/batijournal.com\\\/wp-content\\\/uploads\\\/2015\\\/03\\\/01017962.jpg\",\"width\":600,\"height\":400},{\"@type\":\"BreadcrumbList\",\"@id\":\"https:\\\/\\\/batijournal.com\\\/index.php\\\/renouveau-en-matiere-de-logement-social-a-paris\\\/80879\\\/#breadcrumb\",\"itemListElement\":[{\"@type\":\"ListItem\",\"position\":1,\"name\":\"Accueil\",\"item\":\"https:\\\/\\\/batijournal.com\\\/\"},{\"@type\":\"ListItem\",\"position\":2,\"name\":\"Actualit\u00e9s\",\"item\":\"https:\\\/\\\/batijournal.com\\\/index.php\\\/category\\\/actualites\\\/\"},{\"@type\":\"ListItem\",\"position\":3,\"name\":\"Architecture &amp; Conception\",\"item\":\"https:\\\/\\\/batijournal.com\\\/index.php\\\/category\\\/actualites\\\/architecture-conception\\\/\"},{\"@type\":\"ListItem\",\"position\":4,\"name\":\"Renouveau en mati\u00e8re de logement social \u00e0 Paris\"}]},{\"@type\":\"WebSite\",\"@id\":\"https:\\\/\\\/batijournal.com\\\/#website\",\"url\":\"https:\\\/\\\/batijournal.com\\\/\",\"name\":\"Batijournal\",\"description\":\"L&#039;actualit\u00e9 du b\u00e2timent\",\"potentialAction\":[{\"@type\":\"SearchAction\",\"target\":{\"@type\":\"EntryPoint\",\"urlTemplate\":\"https:\\\/\\\/batijournal.com\\\/?s={search_term_string}\"},\"query-input\":{\"@type\":\"PropertyValueSpecification\",\"valueRequired\":true,\"valueName\":\"search_term_string\"}}],\"inLanguage\":\"fr-FR\"},{\"@type\":\"Person\",\"@id\":\"https:\\\/\\\/batijournal.com\\\/#\\\/schema\\\/person\\\/6a657e8967569e1b299972574848aa76\",\"name\":\"Bati-journal\",\"image\":{\"@type\":\"ImageObject\",\"inLanguage\":\"fr-FR\",\"@id\":\"https:\\\/\\\/secure.gravatar.com\\\/avatar\\\/a64364ea26392f9b4dd47e017ddaec74ff03aefc073b49e492e847201258f777?s=96&d=mm&r=g\",\"url\":\"https:\\\/\\\/secure.gravatar.com\\\/avatar\\\/a64364ea26392f9b4dd47e017ddaec74ff03aefc073b49e492e847201258f777?s=96&d=mm&r=g\",\"contentUrl\":\"https:\\\/\\\/secure.gravatar.com\\\/avatar\\\/a64364ea26392f9b4dd47e017ddaec74ff03aefc073b49e492e847201258f777?s=96&d=mm&r=g\",\"caption\":\"Bati-journal\"},\"url\":\"https:\\\/\\\/batijournal.com\\\/index.php\\\/author\\\/elodie\\\/\"}]}<\/script>\n<!-- \/ Yoast SEO plugin. -->","yoast_head_json":{"title":"Renouveau en mati\u00e8re de logement social \u00e0 Paris","robots":{"index":"index","follow":"follow","max-snippet":"max-snippet:-1","max-image-preview":"max-image-preview:large","max-video-preview":"max-video-preview:-1"},"canonical":"https:\/\/batijournal.com\/index.php\/renouveau-en-matiere-de-logement-social-a-paris\/80879\/","og_locale":"fr_FR","og_type":"article","og_title":"Renouveau en mati\u00e8re de logement social \u00e0 Paris","og_description":"99 logements sociaux, 12 ateliers d\u2019artistes, 4 commerces et un restaurant constituent le programme Planchat-Vignoles inaugur\u00e9 le 6 octobre dernier par le maire de Paris, Bertrand Delano\u00eb. R\u00e9alis\u00e9 par l\u2019architecte Edouard Fran\u00e7ois, ce projet labellis\u00e9 \u00ab\u00a0Habitat et Environnement RT 2000 -15%\u00a0\u00bb marque un virage dans la commande architecturale de la Ville et de Paris Habitat, [&hellip;]","og_url":"https:\/\/batijournal.com\/index.php\/renouveau-en-matiere-de-logement-social-a-paris\/80879\/","og_site_name":"Batijournal","article_published_time":"2008-10-16T22:00:00+00:00","article_modified_time":"2019-07-15T09:30:06+00:00","og_image":[{"width":600,"height":400,"url":"https:\/\/batijournal.com\/wp-content\/uploads\/2015\/03\/01017962.jpg","type":"image\/jpeg"}],"author":"Bati-journal","twitter_card":"summary_large_image","twitter_creator":"@bati_journal","twitter_site":"@bati_journal","twitter_misc":{"\u00c9crit par":"Bati-journal","Dur\u00e9e de lecture estim\u00e9e":"1 minute"},"schema":{"@context":"https:\/\/schema.org","@graph":[{"@type":"Article","@id":"https:\/\/batijournal.com\/index.php\/renouveau-en-matiere-de-logement-social-a-paris\/80879\/#article","isPartOf":{"@id":"https:\/\/batijournal.com\/index.php\/renouveau-en-matiere-de-logement-social-a-paris\/80879\/"},"author":{"name":"Bati-journal","@id":"https:\/\/batijournal.com\/#\/schema\/person\/6a657e8967569e1b299972574848aa76"},"headline":"Renouveau en mati\u00e8re de logement social \u00e0 Paris","datePublished":"2008-10-16T22:00:00+00:00","dateModified":"2019-07-15T09:30:06+00:00","mainEntityOfPage":{"@id":"https:\/\/batijournal.com\/index.php\/renouveau-en-matiere-de-logement-social-a-paris\/80879\/"},"wordCount":144,"commentCount":0,"image":{"@id":"https:\/\/batijournal.com\/index.php\/renouveau-en-matiere-de-logement-social-a-paris\/80879\/#primaryimage"},"thumbnailUrl":"https:\/\/batijournal.com\/wp-content\/uploads\/2015\/03\/01017962.jpg","keywords":["logement social","paris"],"articleSection":["Architecture &amp; Conception"],"inLanguage":"fr-FR","potentialAction":[{"@type":"CommentAction","name":"Comment","target":["https:\/\/batijournal.com\/index.php\/renouveau-en-matiere-de-logement-social-a-paris\/80879\/#respond"]}]},{"@type":"WebPage","@id":"https:\/\/batijournal.com\/index.php\/renouveau-en-matiere-de-logement-social-a-paris\/80879\/","url":"https:\/\/batijournal.com\/index.php\/renouveau-en-matiere-de-logement-social-a-paris\/80879\/","name":"Renouveau en mati\u00e8re de logement social \u00e0 Paris","isPartOf":{"@id":"https:\/\/batijournal.com\/#website"},"primaryImageOfPage":{"@id":"https:\/\/batijournal.com\/index.php\/renouveau-en-matiere-de-logement-social-a-paris\/80879\/#primaryimage"},"image":{"@id":"https:\/\/batijournal.com\/index.php\/renouveau-en-matiere-de-logement-social-a-paris\/80879\/#primaryimage"},"thumbnailUrl":"https:\/\/batijournal.com\/wp-content\/uploads\/2015\/03\/01017962.jpg","datePublished":"2008-10-16T22:00:00+00:00","dateModified":"2019-07-15T09:30:06+00:00","author":{"@id":"https:\/\/batijournal.com\/#\/schema\/person\/6a657e8967569e1b299972574848aa76"},"breadcrumb":{"@id":"https:\/\/batijournal.com\/index.php\/renouveau-en-matiere-de-logement-social-a-paris\/80879\/#breadcrumb"},"inLanguage":"fr-FR","potentialAction":[{"@type":"ReadAction","target":["https:\/\/batijournal.com\/index.php\/renouveau-en-matiere-de-logement-social-a-paris\/80879\/"]}]},{"@type":"ImageObject","inLanguage":"fr-FR","@id":"https:\/\/batijournal.com\/index.php\/renouveau-en-matiere-de-logement-social-a-paris\/80879\/#primaryimage","url":"https:\/\/batijournal.com\/wp-content\/uploads\/2015\/03\/01017962.jpg","contentUrl":"https:\/\/batijournal.com\/wp-content\/uploads\/2015\/03\/01017962.jpg","width":600,"height":400},{"@type":"BreadcrumbList","@id":"https:\/\/batijournal.com\/index.php\/renouveau-en-matiere-de-logement-social-a-paris\/80879\/#breadcrumb","itemListElement":[{"@type":"ListItem","position":1,"name":"Accueil","item":"https:\/\/batijournal.com\/"},{"@type":"ListItem","position":2,"name":"Actualit\u00e9s","item":"https:\/\/batijournal.com\/index.php\/category\/actualites\/"},{"@type":"ListItem","position":3,"name":"Architecture &amp; Conception","item":"https:\/\/batijournal.com\/index.php\/category\/actualites\/architecture-conception\/"},{"@type":"ListItem","position":4,"name":"Renouveau en mati\u00e8re de logement social \u00e0 Paris"}]},{"@type":"WebSite","@id":"https:\/\/batijournal.com\/#website","url":"https:\/\/batijournal.com\/","name":"Batijournal","description":"L&#039;actualit\u00e9 du b\u00e2timent","potentialAction":[{"@type":"SearchAction","target":{"@type":"EntryPoint","urlTemplate":"https:\/\/batijournal.com\/?s={search_term_string}"},"query-input":{"@type":"PropertyValueSpecification","valueRequired":true,"valueName":"search_term_string"}}],"inLanguage":"fr-FR"},{"@type":"Person","@id":"https:\/\/batijournal.com\/#\/schema\/person\/6a657e8967569e1b299972574848aa76","name":"Bati-journal","image":{"@type":"ImageObject","inLanguage":"fr-FR","@id":"https:\/\/secure.gravatar.com\/avatar\/a64364ea26392f9b4dd47e017ddaec74ff03aefc073b49e492e847201258f777?s=96&d=mm&r=g","url":"https:\/\/secure.gravatar.com\/avatar\/a64364ea26392f9b4dd47e017ddaec74ff03aefc073b49e492e847201258f777?s=96&d=mm&r=g","contentUrl":"https:\/\/secure.gravatar.com\/avatar\/a64364ea26392f9b4dd47e017ddaec74ff03aefc073b49e492e847201258f777?s=96&d=mm&r=g","caption":"Bati-journal"},"url":"https:\/\/batijournal.com\/index.php\/author\/elodie\/"}]}},"_links":{"self":[{"href":"https:\/\/batijournal.com\/index.php\/wp-json\/wp\/v2\/posts\/80879","targetHints":{"allow":["GET"]}}],"collection":[{"href":"https:\/\/batijournal.com\/index.php\/wp-json\/wp\/v2\/posts"}],"about":[{"href":"https:\/\/batijournal.com\/index.php\/wp-json\/wp\/v2\/types\/post"}],"author":[{"embeddable":true,"href":"https:\/\/batijournal.com\/index.php\/wp-json\/wp\/v2\/users\/1"}],"replies":[{"embeddable":true,"href":"https:\/\/batijournal.com\/index.php\/wp-json\/wp\/v2\/comments?post=80879"}],"version-history":[{"count":0,"href":"https:\/\/batijournal.com\/index.php\/wp-json\/wp\/v2\/posts\/80879\/revisions"}],"wp:featuredmedia":[{"embeddable":true,"href":"https:\/\/batijournal.com\/index.php\/wp-json\/wp\/v2\/media\/80880"}],"wp:attachment":[{"href":"https:\/\/batijournal.com\/index.php\/wp-json\/wp\/v2\/media?parent=80879"}],"wp:term":[{"taxonomy":"category","embeddable":true,"href":"https:\/\/batijournal.com\/index.php\/wp-json\/wp\/v2\/categories?post=80879"},{"taxonomy":"post_tag","embeddable":true,"href":"https:\/\/batijournal.com\/index.php\/wp-json\/wp\/v2\/tags?post=80879"}],"curies":[{"name":"wp","href":"https:\/\/api.w.org\/{rel}","templated":true}]}}