{"id":80887,"date":"2008-11-18T00:00:00","date_gmt":"2008-11-17T23:00:00","guid":{"rendered":"http:\/\/b.bati-journal.com\/souscription-pour-la-restauration-de-lhorloge-de-la-cathedrale-de-chartres\/80887"},"modified":"2019-07-15T11:30:05","modified_gmt":"2019-07-15T09:30:05","slug":"souscription-pour-la-restauration-de-lhorloge-de-la-cathedrale-de-chartres","status":"publish","type":"post","link":"https:\/\/batijournal.com\/index.php\/souscription-pour-la-restauration-de-lhorloge-de-la-cathedrale-de-chartres\/80887\/","title":{"rendered":"Souscription pour la restauration de l&rsquo;horloge de la cath\u00e9drale de Chartres"},"content":{"rendered":"<p>Le Conservatoire europ\u00e9en des cloches et horloges d&rsquo;\u00e9difices (CECH), conjointement avec le chanoine Dominique Aubert, recteur de la cath\u00e9drale de Chartres, organise le 22 novembre 2008 le lancement de la souscription pour la restauration de l&rsquo;horloge astrolabique de la cath\u00e9drale. Dans la nef principale, un film sur les cloches de la tour Nord sera pr\u00e9sent\u00e9. Cette horloge, situ\u00e9e sur la cl\u00f4ture du choeur, est d\u00e9j\u00e0 mentionn\u00e9e sur des documents datant de 1407. Lors de la R\u00e9volution, son m\u00e9canisme a \u00e9t\u00e9 utilis\u00e9 pour forger des piques, mais son cadran et ses rouages sont rest\u00e9s en place. Seuls deux exemplaires de ce type existent dans le monde. Le CECH est une association fond\u00e9e en 1997. Elle a pour but de concourir \u00e0 la sauvegarde et \u00e0 la mise en valeur du patrimoine campanaire. La manifestation du 22 novembre est organis\u00e9e en coop\u00e9ration avec la Fondation Maxime Goury-Laffont et la Fondation du Patrimoine.<\/p>\n","protected":false},"excerpt":{"rendered":"<p>Le Conservatoire europ\u00e9en des cloches et horloges d&rsquo;\u00e9difices (CECH), conjointement avec le chanoine Dominique Aubert, recteur de la cath\u00e9drale de Chartres, organise le 22 novembre 2008 le lancement de la souscription pour la restauration de l&rsquo;horloge astrolabique de la cath\u00e9drale. Dans la nef principale, un film sur les cloches de la tour Nord sera pr\u00e9sent\u00e9. [&hellip;]<\/p>\n","protected":false},"author":1,"featured_media":0,"comment_status":"open","ping_status":"closed","sticky":false,"template":"","format":"standard","meta":{"_et_pb_use_builder":"","_et_pb_old_content":"","_et_gb_content_width":"","footnotes":""},"categories":[6340],"tags":[1308],"class_list":["post-80887","post","type-post","status-publish","format-standard","hentry","category-architecture-conception","tag-restauration"],"yoast_head":"<!-- This site is optimized with the Yoast SEO plugin v27.4 - https:\/\/yoast.com\/product\/yoast-seo-wordpress\/ -->\n<title>Souscription pour la restauration de l&#039;horloge de la cath\u00e9drale de Chartres<\/title>\n<meta name=\"robots\" content=\"index, follow, max-snippet:-1, max-image-preview:large, max-video-preview:-1\" \/>\n<link rel=\"canonical\" href=\"https:\/\/batijournal.com\/index.php\/souscription-pour-la-restauration-de-lhorloge-de-la-cathedrale-de-chartres\/80887\/\" \/>\n<meta property=\"og:locale\" content=\"fr_FR\" \/>\n<meta property=\"og:type\" content=\"article\" \/>\n<meta property=\"og:title\" content=\"Souscription pour la restauration de l&#039;horloge de la cath\u00e9drale de Chartres\" \/>\n<meta property=\"og:description\" content=\"Le Conservatoire europ\u00e9en des cloches et horloges d&rsquo;\u00e9difices (CECH), conjointement avec le chanoine Dominique Aubert, recteur de la cath\u00e9drale de Chartres, organise le 22 novembre 2008 le lancement de la souscription pour la restauration de l&rsquo;horloge astrolabique de la cath\u00e9drale. Dans la nef principale, un film sur les cloches de la tour Nord sera pr\u00e9sent\u00e9. [&hellip;]\" \/>\n<meta property=\"og:url\" content=\"https:\/\/batijournal.com\/index.php\/souscription-pour-la-restauration-de-lhorloge-de-la-cathedrale-de-chartres\/80887\/\" \/>\n<meta property=\"og:site_name\" content=\"Batijournal\" \/>\n<meta property=\"article:published_time\" content=\"2008-11-17T23:00:00+00:00\" \/>\n<meta property=\"article:modified_time\" content=\"2019-07-15T09:30:05+00:00\" \/>\n<meta name=\"author\" content=\"Bati-journal\" \/>\n<meta name=\"twitter:card\" content=\"summary_large_image\" \/>\n<meta name=\"twitter:creator\" content=\"@bati_journal\" \/>\n<meta name=\"twitter:site\" content=\"@bati_journal\" \/>\n<meta name=\"twitter:label1\" content=\"\u00c9crit par\" \/>\n\t<meta name=\"twitter:data1\" content=\"Bati-journal\" \/>\n\t<meta name=\"twitter:label2\" content=\"Dur\u00e9e de lecture estim\u00e9e\" \/>\n\t<meta name=\"twitter:data2\" content=\"1 minute\" \/>\n<script type=\"application\/ld+json\" class=\"yoast-schema-graph\">{\"@context\":\"https:\\\/\\\/schema.org\",\"@graph\":[{\"@type\":\"Article\",\"@id\":\"https:\\\/\\\/batijournal.com\\\/index.php\\\/souscription-pour-la-restauration-de-lhorloge-de-la-cathedrale-de-chartres\\\/80887\\\/#article\",\"isPartOf\":{\"@id\":\"https:\\\/\\\/batijournal.com\\\/index.php\\\/souscription-pour-la-restauration-de-lhorloge-de-la-cathedrale-de-chartres\\\/80887\\\/\"},\"author\":{\"name\":\"Bati-journal\",\"@id\":\"https:\\\/\\\/batijournal.com\\\/#\\\/schema\\\/person\\\/6a657e8967569e1b299972574848aa76\"},\"headline\":\"Souscription pour la restauration de l&rsquo;horloge de la cath\u00e9drale de Chartres\",\"datePublished\":\"2008-11-17T23:00:00+00:00\",\"dateModified\":\"2019-07-15T09:30:05+00:00\",\"mainEntityOfPage\":{\"@id\":\"https:\\\/\\\/batijournal.com\\\/index.php\\\/souscription-pour-la-restauration-de-lhorloge-de-la-cathedrale-de-chartres\\\/80887\\\/\"},\"wordCount\":172,\"commentCount\":0,\"keywords\":[\"restauration\"],\"articleSection\":[\"Architecture &amp; Conception\"],\"inLanguage\":\"fr-FR\",\"potentialAction\":[{\"@type\":\"CommentAction\",\"name\":\"Comment\",\"target\":[\"https:\\\/\\\/batijournal.com\\\/index.php\\\/souscription-pour-la-restauration-de-lhorloge-de-la-cathedrale-de-chartres\\\/80887\\\/#respond\"]}]},{\"@type\":\"WebPage\",\"@id\":\"https:\\\/\\\/batijournal.com\\\/index.php\\\/souscription-pour-la-restauration-de-lhorloge-de-la-cathedrale-de-chartres\\\/80887\\\/\",\"url\":\"https:\\\/\\\/batijournal.com\\\/index.php\\\/souscription-pour-la-restauration-de-lhorloge-de-la-cathedrale-de-chartres\\\/80887\\\/\",\"name\":\"Souscription pour la restauration de l'horloge de la cath\u00e9drale de Chartres\",\"isPartOf\":{\"@id\":\"https:\\\/\\\/batijournal.com\\\/#website\"},\"datePublished\":\"2008-11-17T23:00:00+00:00\",\"dateModified\":\"2019-07-15T09:30:05+00:00\",\"author\":{\"@id\":\"https:\\\/\\\/batijournal.com\\\/#\\\/schema\\\/person\\\/6a657e8967569e1b299972574848aa76\"},\"breadcrumb\":{\"@id\":\"https:\\\/\\\/batijournal.com\\\/index.php\\\/souscription-pour-la-restauration-de-lhorloge-de-la-cathedrale-de-chartres\\\/80887\\\/#breadcrumb\"},\"inLanguage\":\"fr-FR\",\"potentialAction\":[{\"@type\":\"ReadAction\",\"target\":[\"https:\\\/\\\/batijournal.com\\\/index.php\\\/souscription-pour-la-restauration-de-lhorloge-de-la-cathedrale-de-chartres\\\/80887\\\/\"]}]},{\"@type\":\"BreadcrumbList\",\"@id\":\"https:\\\/\\\/batijournal.com\\\/index.php\\\/souscription-pour-la-restauration-de-lhorloge-de-la-cathedrale-de-chartres\\\/80887\\\/#breadcrumb\",\"itemListElement\":[{\"@type\":\"ListItem\",\"position\":1,\"name\":\"Accueil\",\"item\":\"https:\\\/\\\/batijournal.com\\\/\"},{\"@type\":\"ListItem\",\"position\":2,\"name\":\"Actualit\u00e9s\",\"item\":\"https:\\\/\\\/batijournal.com\\\/index.php\\\/category\\\/actualites\\\/\"},{\"@type\":\"ListItem\",\"position\":3,\"name\":\"Architecture &amp; Conception\",\"item\":\"https:\\\/\\\/batijournal.com\\\/index.php\\\/category\\\/actualites\\\/architecture-conception\\\/\"},{\"@type\":\"ListItem\",\"position\":4,\"name\":\"Souscription pour la restauration de l&rsquo;horloge de la cath\u00e9drale de Chartres\"}]},{\"@type\":\"WebSite\",\"@id\":\"https:\\\/\\\/batijournal.com\\\/#website\",\"url\":\"https:\\\/\\\/batijournal.com\\\/\",\"name\":\"Batijournal\",\"description\":\"L&#039;actualit\u00e9 du b\u00e2timent\",\"potentialAction\":[{\"@type\":\"SearchAction\",\"target\":{\"@type\":\"EntryPoint\",\"urlTemplate\":\"https:\\\/\\\/batijournal.com\\\/?s={search_term_string}\"},\"query-input\":{\"@type\":\"PropertyValueSpecification\",\"valueRequired\":true,\"valueName\":\"search_term_string\"}}],\"inLanguage\":\"fr-FR\"},{\"@type\":\"Person\",\"@id\":\"https:\\\/\\\/batijournal.com\\\/#\\\/schema\\\/person\\\/6a657e8967569e1b299972574848aa76\",\"name\":\"Bati-journal\",\"image\":{\"@type\":\"ImageObject\",\"inLanguage\":\"fr-FR\",\"@id\":\"https:\\\/\\\/secure.gravatar.com\\\/avatar\\\/a64364ea26392f9b4dd47e017ddaec74ff03aefc073b49e492e847201258f777?s=96&d=mm&r=g\",\"url\":\"https:\\\/\\\/secure.gravatar.com\\\/avatar\\\/a64364ea26392f9b4dd47e017ddaec74ff03aefc073b49e492e847201258f777?s=96&d=mm&r=g\",\"contentUrl\":\"https:\\\/\\\/secure.gravatar.com\\\/avatar\\\/a64364ea26392f9b4dd47e017ddaec74ff03aefc073b49e492e847201258f777?s=96&d=mm&r=g\",\"caption\":\"Bati-journal\"},\"url\":\"https:\\\/\\\/batijournal.com\\\/index.php\\\/author\\\/elodie\\\/\"}]}<\/script>\n<!-- \/ Yoast SEO plugin. -->","yoast_head_json":{"title":"Souscription pour la restauration de l'horloge de la cath\u00e9drale de Chartres","robots":{"index":"index","follow":"follow","max-snippet":"max-snippet:-1","max-image-preview":"max-image-preview:large","max-video-preview":"max-video-preview:-1"},"canonical":"https:\/\/batijournal.com\/index.php\/souscription-pour-la-restauration-de-lhorloge-de-la-cathedrale-de-chartres\/80887\/","og_locale":"fr_FR","og_type":"article","og_title":"Souscription pour la restauration de l'horloge de la cath\u00e9drale de Chartres","og_description":"Le Conservatoire europ\u00e9en des cloches et horloges d&rsquo;\u00e9difices (CECH), conjointement avec le chanoine Dominique Aubert, recteur de la cath\u00e9drale de Chartres, organise le 22 novembre 2008 le lancement de la souscription pour la restauration de l&rsquo;horloge astrolabique de la cath\u00e9drale. Dans la nef principale, un film sur les cloches de la tour Nord sera pr\u00e9sent\u00e9. [&hellip;]","og_url":"https:\/\/batijournal.com\/index.php\/souscription-pour-la-restauration-de-lhorloge-de-la-cathedrale-de-chartres\/80887\/","og_site_name":"Batijournal","article_published_time":"2008-11-17T23:00:00+00:00","article_modified_time":"2019-07-15T09:30:05+00:00","author":"Bati-journal","twitter_card":"summary_large_image","twitter_creator":"@bati_journal","twitter_site":"@bati_journal","twitter_misc":{"\u00c9crit par":"Bati-journal","Dur\u00e9e de lecture estim\u00e9e":"1 minute"},"schema":{"@context":"https:\/\/schema.org","@graph":[{"@type":"Article","@id":"https:\/\/batijournal.com\/index.php\/souscription-pour-la-restauration-de-lhorloge-de-la-cathedrale-de-chartres\/80887\/#article","isPartOf":{"@id":"https:\/\/batijournal.com\/index.php\/souscription-pour-la-restauration-de-lhorloge-de-la-cathedrale-de-chartres\/80887\/"},"author":{"name":"Bati-journal","@id":"https:\/\/batijournal.com\/#\/schema\/person\/6a657e8967569e1b299972574848aa76"},"headline":"Souscription pour la restauration de l&rsquo;horloge de la cath\u00e9drale de Chartres","datePublished":"2008-11-17T23:00:00+00:00","dateModified":"2019-07-15T09:30:05+00:00","mainEntityOfPage":{"@id":"https:\/\/batijournal.com\/index.php\/souscription-pour-la-restauration-de-lhorloge-de-la-cathedrale-de-chartres\/80887\/"},"wordCount":172,"commentCount":0,"keywords":["restauration"],"articleSection":["Architecture &amp; Conception"],"inLanguage":"fr-FR","potentialAction":[{"@type":"CommentAction","name":"Comment","target":["https:\/\/batijournal.com\/index.php\/souscription-pour-la-restauration-de-lhorloge-de-la-cathedrale-de-chartres\/80887\/#respond"]}]},{"@type":"WebPage","@id":"https:\/\/batijournal.com\/index.php\/souscription-pour-la-restauration-de-lhorloge-de-la-cathedrale-de-chartres\/80887\/","url":"https:\/\/batijournal.com\/index.php\/souscription-pour-la-restauration-de-lhorloge-de-la-cathedrale-de-chartres\/80887\/","name":"Souscription pour la restauration de l'horloge de la cath\u00e9drale de Chartres","isPartOf":{"@id":"https:\/\/batijournal.com\/#website"},"datePublished":"2008-11-17T23:00:00+00:00","dateModified":"2019-07-15T09:30:05+00:00","author":{"@id":"https:\/\/batijournal.com\/#\/schema\/person\/6a657e8967569e1b299972574848aa76"},"breadcrumb":{"@id":"https:\/\/batijournal.com\/index.php\/souscription-pour-la-restauration-de-lhorloge-de-la-cathedrale-de-chartres\/80887\/#breadcrumb"},"inLanguage":"fr-FR","potentialAction":[{"@type":"ReadAction","target":["https:\/\/batijournal.com\/index.php\/souscription-pour-la-restauration-de-lhorloge-de-la-cathedrale-de-chartres\/80887\/"]}]},{"@type":"BreadcrumbList","@id":"https:\/\/batijournal.com\/index.php\/souscription-pour-la-restauration-de-lhorloge-de-la-cathedrale-de-chartres\/80887\/#breadcrumb","itemListElement":[{"@type":"ListItem","position":1,"name":"Accueil","item":"https:\/\/batijournal.com\/"},{"@type":"ListItem","position":2,"name":"Actualit\u00e9s","item":"https:\/\/batijournal.com\/index.php\/category\/actualites\/"},{"@type":"ListItem","position":3,"name":"Architecture &amp; Conception","item":"https:\/\/batijournal.com\/index.php\/category\/actualites\/architecture-conception\/"},{"@type":"ListItem","position":4,"name":"Souscription pour la restauration de l&rsquo;horloge de la cath\u00e9drale de Chartres"}]},{"@type":"WebSite","@id":"https:\/\/batijournal.com\/#website","url":"https:\/\/batijournal.com\/","name":"Batijournal","description":"L&#039;actualit\u00e9 du b\u00e2timent","potentialAction":[{"@type":"SearchAction","target":{"@type":"EntryPoint","urlTemplate":"https:\/\/batijournal.com\/?s={search_term_string}"},"query-input":{"@type":"PropertyValueSpecification","valueRequired":true,"valueName":"search_term_string"}}],"inLanguage":"fr-FR"},{"@type":"Person","@id":"https:\/\/batijournal.com\/#\/schema\/person\/6a657e8967569e1b299972574848aa76","name":"Bati-journal","image":{"@type":"ImageObject","inLanguage":"fr-FR","@id":"https:\/\/secure.gravatar.com\/avatar\/a64364ea26392f9b4dd47e017ddaec74ff03aefc073b49e492e847201258f777?s=96&d=mm&r=g","url":"https:\/\/secure.gravatar.com\/avatar\/a64364ea26392f9b4dd47e017ddaec74ff03aefc073b49e492e847201258f777?s=96&d=mm&r=g","contentUrl":"https:\/\/secure.gravatar.com\/avatar\/a64364ea26392f9b4dd47e017ddaec74ff03aefc073b49e492e847201258f777?s=96&d=mm&r=g","caption":"Bati-journal"},"url":"https:\/\/batijournal.com\/index.php\/author\/elodie\/"}]}},"_links":{"self":[{"href":"https:\/\/batijournal.com\/index.php\/wp-json\/wp\/v2\/posts\/80887","targetHints":{"allow":["GET"]}}],"collection":[{"href":"https:\/\/batijournal.com\/index.php\/wp-json\/wp\/v2\/posts"}],"about":[{"href":"https:\/\/batijournal.com\/index.php\/wp-json\/wp\/v2\/types\/post"}],"author":[{"embeddable":true,"href":"https:\/\/batijournal.com\/index.php\/wp-json\/wp\/v2\/users\/1"}],"replies":[{"embeddable":true,"href":"https:\/\/batijournal.com\/index.php\/wp-json\/wp\/v2\/comments?post=80887"}],"version-history":[{"count":0,"href":"https:\/\/batijournal.com\/index.php\/wp-json\/wp\/v2\/posts\/80887\/revisions"}],"wp:attachment":[{"href":"https:\/\/batijournal.com\/index.php\/wp-json\/wp\/v2\/media?parent=80887"}],"wp:term":[{"taxonomy":"category","embeddable":true,"href":"https:\/\/batijournal.com\/index.php\/wp-json\/wp\/v2\/categories?post=80887"},{"taxonomy":"post_tag","embeddable":true,"href":"https:\/\/batijournal.com\/index.php\/wp-json\/wp\/v2\/tags?post=80887"}],"curies":[{"name":"wp","href":"https:\/\/api.w.org\/{rel}","templated":true}]}}