{"id":80897,"date":"2009-01-07T00:00:00","date_gmt":"2009-01-06T23:00:00","guid":{"rendered":"http:\/\/b.bati-journal.com\/christoph-ganz-est-nomme-directeur-general-de-sika-france-s-a\/80897"},"modified":"2019-07-15T11:30:04","modified_gmt":"2019-07-15T09:30:04","slug":"christoph-ganz-est-nomme-directeur-general-de-sika-france-s-a","status":"publish","type":"post","link":"https:\/\/batijournal.com\/index.php\/christoph-ganz-est-nomme-directeur-general-de-sika-france-s-a\/80897\/","title":{"rendered":"Christoph Ganz est nomm\u00e9 Directeur G\u00e9n\u00e9ral de Sika France S.A"},"content":{"rendered":"<p>Christoph Ganz (39 ans) succ\u00e8de depuis le 1er janvier \u00e0 Hubert Perrin de Brichambaut comme Directeur G\u00e9n\u00e9ral de Sika France S.A. Dipl\u00f4m\u00e9 d&rsquo;un MBA de l&rsquo;Universit\u00e9 de Saint Gallen (Suisse), Christoph Ganz a rejoint le Groupe Sika en 1996 o\u00f9 il a effectu\u00e9 toute sa carri\u00e8re en occupant successivement les fonctions de Chef de projet Distribution, Responsable du march\u00e9 Distribution en 1999, puis, depuis 2003, de Directeur de la Business Unit Distribution. Il dirigera \u00e9galement les activit\u00e9s Sika en Alg\u00e9rie, au Maroc et en Tunisie, ainsi qu\u0092\u00e0 l\u0092&rsquo;Ile Maurice. Il reste membre du Comit\u00e9 Ex\u00e9cutif du Groupe et conserve \u00e9galement la responsabilit\u00e9 de la Distribution au niveau mondial.<\/p>\n","protected":false},"excerpt":{"rendered":"<p>Christoph Ganz (39 ans) succ\u00e8de depuis le 1er janvier \u00e0 Hubert Perrin de Brichambaut comme Directeur G\u00e9n\u00e9ral de Sika France S.A. Dipl\u00f4m\u00e9 d&rsquo;un MBA de l&rsquo;Universit\u00e9 de Saint Gallen (Suisse), Christoph Ganz a rejoint le Groupe Sika en 1996 o\u00f9 il a effectu\u00e9 toute sa carri\u00e8re en occupant successivement les fonctions de Chef de projet [&hellip;]<\/p>\n","protected":false},"author":1,"featured_media":80898,"comment_status":"open","ping_status":"closed","sticky":false,"template":"","format":"standard","meta":{"_et_pb_use_builder":"","_et_pb_old_content":"","_et_gb_content_width":"","footnotes":""},"categories":[6340],"tags":[],"class_list":["post-80897","post","type-post","status-publish","format-standard","has-post-thumbnail","hentry","category-architecture-conception"],"yoast_head":"<!-- This site is optimized with the Yoast SEO plugin v27.4 - https:\/\/yoast.com\/product\/yoast-seo-wordpress\/ -->\n<title>Christoph Ganz est nomm\u00e9 Directeur G\u00e9n\u00e9ral de Sika France S.A<\/title>\n<meta name=\"robots\" content=\"index, follow, max-snippet:-1, max-image-preview:large, max-video-preview:-1\" \/>\n<link rel=\"canonical\" href=\"https:\/\/batijournal.com\/index.php\/christoph-ganz-est-nomme-directeur-general-de-sika-france-s-a\/80897\/\" \/>\n<meta property=\"og:locale\" content=\"fr_FR\" \/>\n<meta property=\"og:type\" content=\"article\" \/>\n<meta property=\"og:title\" content=\"Christoph Ganz est nomm\u00e9 Directeur G\u00e9n\u00e9ral de Sika France S.A\" \/>\n<meta property=\"og:description\" content=\"Christoph Ganz (39 ans) succ\u00e8de depuis le 1er janvier \u00e0 Hubert Perrin de Brichambaut comme Directeur G\u00e9n\u00e9ral de Sika France S.A. Dipl\u00f4m\u00e9 d&rsquo;un MBA de l&rsquo;Universit\u00e9 de Saint Gallen (Suisse), Christoph Ganz a rejoint le Groupe Sika en 1996 o\u00f9 il a effectu\u00e9 toute sa carri\u00e8re en occupant successivement les fonctions de Chef de projet [&hellip;]\" \/>\n<meta property=\"og:url\" content=\"https:\/\/batijournal.com\/index.php\/christoph-ganz-est-nomme-directeur-general-de-sika-france-s-a\/80897\/\" \/>\n<meta property=\"og:site_name\" content=\"Batijournal\" \/>\n<meta property=\"article:published_time\" content=\"2009-01-06T23:00:00+00:00\" \/>\n<meta property=\"article:modified_time\" content=\"2019-07-15T09:30:04+00:00\" \/>\n<meta property=\"og:image\" content=\"https:\/\/batijournal.com\/wp-content\/uploads\/2015\/03\/02267406.jpg\" \/>\n\t<meta property=\"og:image:width\" content=\"466\" \/>\n\t<meta property=\"og:image:height\" content=\"599\" \/>\n\t<meta property=\"og:image:type\" content=\"image\/jpeg\" \/>\n<meta name=\"author\" content=\"Bati-journal\" \/>\n<meta name=\"twitter:card\" content=\"summary_large_image\" \/>\n<meta name=\"twitter:creator\" content=\"@bati_journal\" \/>\n<meta name=\"twitter:site\" content=\"@bati_journal\" \/>\n<meta name=\"twitter:label1\" content=\"\u00c9crit par\" \/>\n\t<meta name=\"twitter:data1\" content=\"Bati-journal\" \/>\n\t<meta name=\"twitter:label2\" content=\"Dur\u00e9e de lecture estim\u00e9e\" \/>\n\t<meta name=\"twitter:data2\" content=\"1 minute\" \/>\n<script type=\"application\/ld+json\" class=\"yoast-schema-graph\">{\"@context\":\"https:\\\/\\\/schema.org\",\"@graph\":[{\"@type\":\"Article\",\"@id\":\"https:\\\/\\\/batijournal.com\\\/index.php\\\/christoph-ganz-est-nomme-directeur-general-de-sika-france-s-a\\\/80897\\\/#article\",\"isPartOf\":{\"@id\":\"https:\\\/\\\/batijournal.com\\\/index.php\\\/christoph-ganz-est-nomme-directeur-general-de-sika-france-s-a\\\/80897\\\/\"},\"author\":{\"name\":\"Bati-journal\",\"@id\":\"https:\\\/\\\/batijournal.com\\\/#\\\/schema\\\/person\\\/6a657e8967569e1b299972574848aa76\"},\"headline\":\"Christoph Ganz est nomm\u00e9 Directeur G\u00e9n\u00e9ral de Sika France S.A\",\"datePublished\":\"2009-01-06T23:00:00+00:00\",\"dateModified\":\"2019-07-15T09:30:04+00:00\",\"mainEntityOfPage\":{\"@id\":\"https:\\\/\\\/batijournal.com\\\/index.php\\\/christoph-ganz-est-nomme-directeur-general-de-sika-france-s-a\\\/80897\\\/\"},\"wordCount\":128,\"commentCount\":0,\"image\":{\"@id\":\"https:\\\/\\\/batijournal.com\\\/index.php\\\/christoph-ganz-est-nomme-directeur-general-de-sika-france-s-a\\\/80897\\\/#primaryimage\"},\"thumbnailUrl\":\"https:\\\/\\\/batijournal.com\\\/wp-content\\\/uploads\\\/2015\\\/03\\\/02267406.jpg\",\"articleSection\":[\"Architecture &amp; Conception\"],\"inLanguage\":\"fr-FR\",\"potentialAction\":[{\"@type\":\"CommentAction\",\"name\":\"Comment\",\"target\":[\"https:\\\/\\\/batijournal.com\\\/index.php\\\/christoph-ganz-est-nomme-directeur-general-de-sika-france-s-a\\\/80897\\\/#respond\"]}]},{\"@type\":\"WebPage\",\"@id\":\"https:\\\/\\\/batijournal.com\\\/index.php\\\/christoph-ganz-est-nomme-directeur-general-de-sika-france-s-a\\\/80897\\\/\",\"url\":\"https:\\\/\\\/batijournal.com\\\/index.php\\\/christoph-ganz-est-nomme-directeur-general-de-sika-france-s-a\\\/80897\\\/\",\"name\":\"Christoph Ganz est nomm\u00e9 Directeur G\u00e9n\u00e9ral de Sika France S.A\",\"isPartOf\":{\"@id\":\"https:\\\/\\\/batijournal.com\\\/#website\"},\"primaryImageOfPage\":{\"@id\":\"https:\\\/\\\/batijournal.com\\\/index.php\\\/christoph-ganz-est-nomme-directeur-general-de-sika-france-s-a\\\/80897\\\/#primaryimage\"},\"image\":{\"@id\":\"https:\\\/\\\/batijournal.com\\\/index.php\\\/christoph-ganz-est-nomme-directeur-general-de-sika-france-s-a\\\/80897\\\/#primaryimage\"},\"thumbnailUrl\":\"https:\\\/\\\/batijournal.com\\\/wp-content\\\/uploads\\\/2015\\\/03\\\/02267406.jpg\",\"datePublished\":\"2009-01-06T23:00:00+00:00\",\"dateModified\":\"2019-07-15T09:30:04+00:00\",\"author\":{\"@id\":\"https:\\\/\\\/batijournal.com\\\/#\\\/schema\\\/person\\\/6a657e8967569e1b299972574848aa76\"},\"breadcrumb\":{\"@id\":\"https:\\\/\\\/batijournal.com\\\/index.php\\\/christoph-ganz-est-nomme-directeur-general-de-sika-france-s-a\\\/80897\\\/#breadcrumb\"},\"inLanguage\":\"fr-FR\",\"potentialAction\":[{\"@type\":\"ReadAction\",\"target\":[\"https:\\\/\\\/batijournal.com\\\/index.php\\\/christoph-ganz-est-nomme-directeur-general-de-sika-france-s-a\\\/80897\\\/\"]}]},{\"@type\":\"ImageObject\",\"inLanguage\":\"fr-FR\",\"@id\":\"https:\\\/\\\/batijournal.com\\\/index.php\\\/christoph-ganz-est-nomme-directeur-general-de-sika-france-s-a\\\/80897\\\/#primaryimage\",\"url\":\"https:\\\/\\\/batijournal.com\\\/wp-content\\\/uploads\\\/2015\\\/03\\\/02267406.jpg\",\"contentUrl\":\"https:\\\/\\\/batijournal.com\\\/wp-content\\\/uploads\\\/2015\\\/03\\\/02267406.jpg\",\"width\":466,\"height\":599},{\"@type\":\"BreadcrumbList\",\"@id\":\"https:\\\/\\\/batijournal.com\\\/index.php\\\/christoph-ganz-est-nomme-directeur-general-de-sika-france-s-a\\\/80897\\\/#breadcrumb\",\"itemListElement\":[{\"@type\":\"ListItem\",\"position\":1,\"name\":\"Accueil\",\"item\":\"https:\\\/\\\/batijournal.com\\\/\"},{\"@type\":\"ListItem\",\"position\":2,\"name\":\"Actualit\u00e9s\",\"item\":\"https:\\\/\\\/batijournal.com\\\/index.php\\\/category\\\/actualites\\\/\"},{\"@type\":\"ListItem\",\"position\":3,\"name\":\"Architecture &amp; Conception\",\"item\":\"https:\\\/\\\/batijournal.com\\\/index.php\\\/category\\\/actualites\\\/architecture-conception\\\/\"},{\"@type\":\"ListItem\",\"position\":4,\"name\":\"Christoph Ganz est nomm\u00e9 Directeur G\u00e9n\u00e9ral de Sika France S.A\"}]},{\"@type\":\"WebSite\",\"@id\":\"https:\\\/\\\/batijournal.com\\\/#website\",\"url\":\"https:\\\/\\\/batijournal.com\\\/\",\"name\":\"Batijournal\",\"description\":\"L&#039;actualit\u00e9 du b\u00e2timent\",\"potentialAction\":[{\"@type\":\"SearchAction\",\"target\":{\"@type\":\"EntryPoint\",\"urlTemplate\":\"https:\\\/\\\/batijournal.com\\\/?s={search_term_string}\"},\"query-input\":{\"@type\":\"PropertyValueSpecification\",\"valueRequired\":true,\"valueName\":\"search_term_string\"}}],\"inLanguage\":\"fr-FR\"},{\"@type\":\"Person\",\"@id\":\"https:\\\/\\\/batijournal.com\\\/#\\\/schema\\\/person\\\/6a657e8967569e1b299972574848aa76\",\"name\":\"Bati-journal\",\"image\":{\"@type\":\"ImageObject\",\"inLanguage\":\"fr-FR\",\"@id\":\"https:\\\/\\\/secure.gravatar.com\\\/avatar\\\/a64364ea26392f9b4dd47e017ddaec74ff03aefc073b49e492e847201258f777?s=96&d=mm&r=g\",\"url\":\"https:\\\/\\\/secure.gravatar.com\\\/avatar\\\/a64364ea26392f9b4dd47e017ddaec74ff03aefc073b49e492e847201258f777?s=96&d=mm&r=g\",\"contentUrl\":\"https:\\\/\\\/secure.gravatar.com\\\/avatar\\\/a64364ea26392f9b4dd47e017ddaec74ff03aefc073b49e492e847201258f777?s=96&d=mm&r=g\",\"caption\":\"Bati-journal\"},\"url\":\"https:\\\/\\\/batijournal.com\\\/index.php\\\/author\\\/elodie\\\/\"}]}<\/script>\n<!-- \/ Yoast SEO plugin. -->","yoast_head_json":{"title":"Christoph Ganz est nomm\u00e9 Directeur G\u00e9n\u00e9ral de Sika France S.A","robots":{"index":"index","follow":"follow","max-snippet":"max-snippet:-1","max-image-preview":"max-image-preview:large","max-video-preview":"max-video-preview:-1"},"canonical":"https:\/\/batijournal.com\/index.php\/christoph-ganz-est-nomme-directeur-general-de-sika-france-s-a\/80897\/","og_locale":"fr_FR","og_type":"article","og_title":"Christoph Ganz est nomm\u00e9 Directeur G\u00e9n\u00e9ral de Sika France S.A","og_description":"Christoph Ganz (39 ans) succ\u00e8de depuis le 1er janvier \u00e0 Hubert Perrin de Brichambaut comme Directeur G\u00e9n\u00e9ral de Sika France S.A. Dipl\u00f4m\u00e9 d&rsquo;un MBA de l&rsquo;Universit\u00e9 de Saint Gallen (Suisse), Christoph Ganz a rejoint le Groupe Sika en 1996 o\u00f9 il a effectu\u00e9 toute sa carri\u00e8re en occupant successivement les fonctions de Chef de projet [&hellip;]","og_url":"https:\/\/batijournal.com\/index.php\/christoph-ganz-est-nomme-directeur-general-de-sika-france-s-a\/80897\/","og_site_name":"Batijournal","article_published_time":"2009-01-06T23:00:00+00:00","article_modified_time":"2019-07-15T09:30:04+00:00","og_image":[{"width":466,"height":599,"url":"https:\/\/batijournal.com\/wp-content\/uploads\/2015\/03\/02267406.jpg","type":"image\/jpeg"}],"author":"Bati-journal","twitter_card":"summary_large_image","twitter_creator":"@bati_journal","twitter_site":"@bati_journal","twitter_misc":{"\u00c9crit par":"Bati-journal","Dur\u00e9e de lecture estim\u00e9e":"1 minute"},"schema":{"@context":"https:\/\/schema.org","@graph":[{"@type":"Article","@id":"https:\/\/batijournal.com\/index.php\/christoph-ganz-est-nomme-directeur-general-de-sika-france-s-a\/80897\/#article","isPartOf":{"@id":"https:\/\/batijournal.com\/index.php\/christoph-ganz-est-nomme-directeur-general-de-sika-france-s-a\/80897\/"},"author":{"name":"Bati-journal","@id":"https:\/\/batijournal.com\/#\/schema\/person\/6a657e8967569e1b299972574848aa76"},"headline":"Christoph Ganz est nomm\u00e9 Directeur G\u00e9n\u00e9ral de Sika France S.A","datePublished":"2009-01-06T23:00:00+00:00","dateModified":"2019-07-15T09:30:04+00:00","mainEntityOfPage":{"@id":"https:\/\/batijournal.com\/index.php\/christoph-ganz-est-nomme-directeur-general-de-sika-france-s-a\/80897\/"},"wordCount":128,"commentCount":0,"image":{"@id":"https:\/\/batijournal.com\/index.php\/christoph-ganz-est-nomme-directeur-general-de-sika-france-s-a\/80897\/#primaryimage"},"thumbnailUrl":"https:\/\/batijournal.com\/wp-content\/uploads\/2015\/03\/02267406.jpg","articleSection":["Architecture &amp; Conception"],"inLanguage":"fr-FR","potentialAction":[{"@type":"CommentAction","name":"Comment","target":["https:\/\/batijournal.com\/index.php\/christoph-ganz-est-nomme-directeur-general-de-sika-france-s-a\/80897\/#respond"]}]},{"@type":"WebPage","@id":"https:\/\/batijournal.com\/index.php\/christoph-ganz-est-nomme-directeur-general-de-sika-france-s-a\/80897\/","url":"https:\/\/batijournal.com\/index.php\/christoph-ganz-est-nomme-directeur-general-de-sika-france-s-a\/80897\/","name":"Christoph Ganz est nomm\u00e9 Directeur G\u00e9n\u00e9ral de Sika France S.A","isPartOf":{"@id":"https:\/\/batijournal.com\/#website"},"primaryImageOfPage":{"@id":"https:\/\/batijournal.com\/index.php\/christoph-ganz-est-nomme-directeur-general-de-sika-france-s-a\/80897\/#primaryimage"},"image":{"@id":"https:\/\/batijournal.com\/index.php\/christoph-ganz-est-nomme-directeur-general-de-sika-france-s-a\/80897\/#primaryimage"},"thumbnailUrl":"https:\/\/batijournal.com\/wp-content\/uploads\/2015\/03\/02267406.jpg","datePublished":"2009-01-06T23:00:00+00:00","dateModified":"2019-07-15T09:30:04+00:00","author":{"@id":"https:\/\/batijournal.com\/#\/schema\/person\/6a657e8967569e1b299972574848aa76"},"breadcrumb":{"@id":"https:\/\/batijournal.com\/index.php\/christoph-ganz-est-nomme-directeur-general-de-sika-france-s-a\/80897\/#breadcrumb"},"inLanguage":"fr-FR","potentialAction":[{"@type":"ReadAction","target":["https:\/\/batijournal.com\/index.php\/christoph-ganz-est-nomme-directeur-general-de-sika-france-s-a\/80897\/"]}]},{"@type":"ImageObject","inLanguage":"fr-FR","@id":"https:\/\/batijournal.com\/index.php\/christoph-ganz-est-nomme-directeur-general-de-sika-france-s-a\/80897\/#primaryimage","url":"https:\/\/batijournal.com\/wp-content\/uploads\/2015\/03\/02267406.jpg","contentUrl":"https:\/\/batijournal.com\/wp-content\/uploads\/2015\/03\/02267406.jpg","width":466,"height":599},{"@type":"BreadcrumbList","@id":"https:\/\/batijournal.com\/index.php\/christoph-ganz-est-nomme-directeur-general-de-sika-france-s-a\/80897\/#breadcrumb","itemListElement":[{"@type":"ListItem","position":1,"name":"Accueil","item":"https:\/\/batijournal.com\/"},{"@type":"ListItem","position":2,"name":"Actualit\u00e9s","item":"https:\/\/batijournal.com\/index.php\/category\/actualites\/"},{"@type":"ListItem","position":3,"name":"Architecture &amp; Conception","item":"https:\/\/batijournal.com\/index.php\/category\/actualites\/architecture-conception\/"},{"@type":"ListItem","position":4,"name":"Christoph Ganz est nomm\u00e9 Directeur G\u00e9n\u00e9ral de Sika France S.A"}]},{"@type":"WebSite","@id":"https:\/\/batijournal.com\/#website","url":"https:\/\/batijournal.com\/","name":"Batijournal","description":"L&#039;actualit\u00e9 du b\u00e2timent","potentialAction":[{"@type":"SearchAction","target":{"@type":"EntryPoint","urlTemplate":"https:\/\/batijournal.com\/?s={search_term_string}"},"query-input":{"@type":"PropertyValueSpecification","valueRequired":true,"valueName":"search_term_string"}}],"inLanguage":"fr-FR"},{"@type":"Person","@id":"https:\/\/batijournal.com\/#\/schema\/person\/6a657e8967569e1b299972574848aa76","name":"Bati-journal","image":{"@type":"ImageObject","inLanguage":"fr-FR","@id":"https:\/\/secure.gravatar.com\/avatar\/a64364ea26392f9b4dd47e017ddaec74ff03aefc073b49e492e847201258f777?s=96&d=mm&r=g","url":"https:\/\/secure.gravatar.com\/avatar\/a64364ea26392f9b4dd47e017ddaec74ff03aefc073b49e492e847201258f777?s=96&d=mm&r=g","contentUrl":"https:\/\/secure.gravatar.com\/avatar\/a64364ea26392f9b4dd47e017ddaec74ff03aefc073b49e492e847201258f777?s=96&d=mm&r=g","caption":"Bati-journal"},"url":"https:\/\/batijournal.com\/index.php\/author\/elodie\/"}]}},"_links":{"self":[{"href":"https:\/\/batijournal.com\/index.php\/wp-json\/wp\/v2\/posts\/80897","targetHints":{"allow":["GET"]}}],"collection":[{"href":"https:\/\/batijournal.com\/index.php\/wp-json\/wp\/v2\/posts"}],"about":[{"href":"https:\/\/batijournal.com\/index.php\/wp-json\/wp\/v2\/types\/post"}],"author":[{"embeddable":true,"href":"https:\/\/batijournal.com\/index.php\/wp-json\/wp\/v2\/users\/1"}],"replies":[{"embeddable":true,"href":"https:\/\/batijournal.com\/index.php\/wp-json\/wp\/v2\/comments?post=80897"}],"version-history":[{"count":0,"href":"https:\/\/batijournal.com\/index.php\/wp-json\/wp\/v2\/posts\/80897\/revisions"}],"wp:featuredmedia":[{"embeddable":true,"href":"https:\/\/batijournal.com\/index.php\/wp-json\/wp\/v2\/media\/80898"}],"wp:attachment":[{"href":"https:\/\/batijournal.com\/index.php\/wp-json\/wp\/v2\/media?parent=80897"}],"wp:term":[{"taxonomy":"category","embeddable":true,"href":"https:\/\/batijournal.com\/index.php\/wp-json\/wp\/v2\/categories?post=80897"},{"taxonomy":"post_tag","embeddable":true,"href":"https:\/\/batijournal.com\/index.php\/wp-json\/wp\/v2\/tags?post=80897"}],"curies":[{"name":"wp","href":"https:\/\/api.w.org\/{rel}","templated":true}]}}