{"id":80907,"date":"2009-01-22T00:00:00","date_gmt":"2009-01-21T23:00:00","guid":{"rendered":"http:\/\/b.bati-journal.com\/fermeture-dune-mine-et-chomage-partiel-aux-ardoisieres-dangers\/80907"},"modified":"2019-07-15T11:30:03","modified_gmt":"2019-07-15T09:30:03","slug":"fermeture-dune-mine-et-chomage-partiel-aux-ardoisieres-dangers","status":"publish","type":"post","link":"https:\/\/batijournal.com\/index.php\/fermeture-dune-mine-et-chomage-partiel-aux-ardoisieres-dangers\/80907\/","title":{"rendered":"Fermeture d&rsquo;une mine et ch\u00f4mage partiel aux Ardoisi\u00e8res d&rsquo;Angers"},"content":{"rendered":"<p>La direction g\u00e9n\u00e9rale des Ardoisi\u00e8res d&rsquo;Angers a annonc\u00e9 la fermeture de la mine des Fresnais le 27 f\u00e9vrier prochain. La mine des Grands Carreaux assurera \u00e0 elle seule la production, avec une \u00e9quipe renforc\u00e9e. Philippe Dufour, directeur g\u00e9n\u00e9ral, a d\u00e9clar\u00e9 : \u00ab\u00a0Cette d\u00e9cision \u00e9tait in\u00e9luctable compte tenu de la situation \u00e9conomique de la mine des Fresnais, nous l&rsquo;avons prise dans un contexte de crise qui touche les secteurs du b\u00e2timent\u00a0\u00bb. Philippe Dufour a soulign\u00e9 que cette fermeture n&rsquo;entrainerait pas de plan social, mais qu&rsquo;elle conduirait au non-remplacement des d\u00e9parts \u00e0 la retraite d&rsquo;ici \u00e0 2010 et \u00e0 la mise en place de mesures de ch\u00f4mage partiel. En outre, l&rsquo;entreprise va labelliser des ardoises import\u00e9es d&rsquo;Am\u00e9rique du Sud et d&rsquo;Asie.<\/p>\n","protected":false},"excerpt":{"rendered":"<p>La direction g\u00e9n\u00e9rale des Ardoisi\u00e8res d&rsquo;Angers a annonc\u00e9 la fermeture de la mine des Fresnais le 27 f\u00e9vrier prochain. La mine des Grands Carreaux assurera \u00e0 elle seule la production, avec une \u00e9quipe renforc\u00e9e. Philippe Dufour, directeur g\u00e9n\u00e9ral, a d\u00e9clar\u00e9 : \u00ab\u00a0Cette d\u00e9cision \u00e9tait in\u00e9luctable compte tenu de la situation \u00e9conomique de la mine des [&hellip;]<\/p>\n","protected":false},"author":1,"featured_media":0,"comment_status":"open","ping_status":"closed","sticky":false,"template":"","format":"standard","meta":{"_et_pb_use_builder":"","_et_pb_old_content":"","_et_gb_content_width":"","footnotes":""},"categories":[6340],"tags":[],"class_list":["post-80907","post","type-post","status-publish","format-standard","hentry","category-architecture-conception"],"yoast_head":"<!-- This site is optimized with the Yoast SEO plugin v27.4 - https:\/\/yoast.com\/product\/yoast-seo-wordpress\/ -->\n<title>Fermeture d&#039;une mine et ch\u00f4mage partiel aux Ardoisi\u00e8res d&#039;Angers<\/title>\n<meta name=\"robots\" content=\"index, follow, max-snippet:-1, max-image-preview:large, max-video-preview:-1\" \/>\n<link rel=\"canonical\" href=\"https:\/\/batijournal.com\/index.php\/fermeture-dune-mine-et-chomage-partiel-aux-ardoisieres-dangers\/80907\/\" \/>\n<meta property=\"og:locale\" content=\"fr_FR\" \/>\n<meta property=\"og:type\" content=\"article\" \/>\n<meta property=\"og:title\" content=\"Fermeture d&#039;une mine et ch\u00f4mage partiel aux Ardoisi\u00e8res d&#039;Angers\" \/>\n<meta property=\"og:description\" content=\"La direction g\u00e9n\u00e9rale des Ardoisi\u00e8res d&rsquo;Angers a annonc\u00e9 la fermeture de la mine des Fresnais le 27 f\u00e9vrier prochain. La mine des Grands Carreaux assurera \u00e0 elle seule la production, avec une \u00e9quipe renforc\u00e9e. Philippe Dufour, directeur g\u00e9n\u00e9ral, a d\u00e9clar\u00e9 : \u00ab\u00a0Cette d\u00e9cision \u00e9tait in\u00e9luctable compte tenu de la situation \u00e9conomique de la mine des [&hellip;]\" \/>\n<meta property=\"og:url\" content=\"https:\/\/batijournal.com\/index.php\/fermeture-dune-mine-et-chomage-partiel-aux-ardoisieres-dangers\/80907\/\" \/>\n<meta property=\"og:site_name\" content=\"Batijournal\" \/>\n<meta property=\"article:published_time\" content=\"2009-01-21T23:00:00+00:00\" \/>\n<meta property=\"article:modified_time\" content=\"2019-07-15T09:30:03+00:00\" \/>\n<meta name=\"author\" content=\"Bati-journal\" \/>\n<meta name=\"twitter:card\" content=\"summary_large_image\" \/>\n<meta name=\"twitter:creator\" content=\"@bati_journal\" \/>\n<meta name=\"twitter:site\" content=\"@bati_journal\" \/>\n<meta name=\"twitter:label1\" content=\"\u00c9crit par\" \/>\n\t<meta name=\"twitter:data1\" content=\"Bati-journal\" \/>\n\t<meta name=\"twitter:label2\" content=\"Dur\u00e9e de lecture estim\u00e9e\" \/>\n\t<meta name=\"twitter:data2\" content=\"1 minute\" \/>\n<script type=\"application\/ld+json\" class=\"yoast-schema-graph\">{\"@context\":\"https:\\\/\\\/schema.org\",\"@graph\":[{\"@type\":\"Article\",\"@id\":\"https:\\\/\\\/batijournal.com\\\/index.php\\\/fermeture-dune-mine-et-chomage-partiel-aux-ardoisieres-dangers\\\/80907\\\/#article\",\"isPartOf\":{\"@id\":\"https:\\\/\\\/batijournal.com\\\/index.php\\\/fermeture-dune-mine-et-chomage-partiel-aux-ardoisieres-dangers\\\/80907\\\/\"},\"author\":{\"name\":\"Bati-journal\",\"@id\":\"https:\\\/\\\/batijournal.com\\\/#\\\/schema\\\/person\\\/6a657e8967569e1b299972574848aa76\"},\"headline\":\"Fermeture d&rsquo;une mine et ch\u00f4mage partiel aux Ardoisi\u00e8res d&rsquo;Angers\",\"datePublished\":\"2009-01-21T23:00:00+00:00\",\"dateModified\":\"2019-07-15T09:30:03+00:00\",\"mainEntityOfPage\":{\"@id\":\"https:\\\/\\\/batijournal.com\\\/index.php\\\/fermeture-dune-mine-et-chomage-partiel-aux-ardoisieres-dangers\\\/80907\\\/\"},\"wordCount\":148,\"commentCount\":0,\"articleSection\":[\"Architecture &amp; Conception\"],\"inLanguage\":\"fr-FR\",\"potentialAction\":[{\"@type\":\"CommentAction\",\"name\":\"Comment\",\"target\":[\"https:\\\/\\\/batijournal.com\\\/index.php\\\/fermeture-dune-mine-et-chomage-partiel-aux-ardoisieres-dangers\\\/80907\\\/#respond\"]}]},{\"@type\":\"WebPage\",\"@id\":\"https:\\\/\\\/batijournal.com\\\/index.php\\\/fermeture-dune-mine-et-chomage-partiel-aux-ardoisieres-dangers\\\/80907\\\/\",\"url\":\"https:\\\/\\\/batijournal.com\\\/index.php\\\/fermeture-dune-mine-et-chomage-partiel-aux-ardoisieres-dangers\\\/80907\\\/\",\"name\":\"Fermeture d'une mine et ch\u00f4mage partiel aux Ardoisi\u00e8res d'Angers\",\"isPartOf\":{\"@id\":\"https:\\\/\\\/batijournal.com\\\/#website\"},\"datePublished\":\"2009-01-21T23:00:00+00:00\",\"dateModified\":\"2019-07-15T09:30:03+00:00\",\"author\":{\"@id\":\"https:\\\/\\\/batijournal.com\\\/#\\\/schema\\\/person\\\/6a657e8967569e1b299972574848aa76\"},\"breadcrumb\":{\"@id\":\"https:\\\/\\\/batijournal.com\\\/index.php\\\/fermeture-dune-mine-et-chomage-partiel-aux-ardoisieres-dangers\\\/80907\\\/#breadcrumb\"},\"inLanguage\":\"fr-FR\",\"potentialAction\":[{\"@type\":\"ReadAction\",\"target\":[\"https:\\\/\\\/batijournal.com\\\/index.php\\\/fermeture-dune-mine-et-chomage-partiel-aux-ardoisieres-dangers\\\/80907\\\/\"]}]},{\"@type\":\"BreadcrumbList\",\"@id\":\"https:\\\/\\\/batijournal.com\\\/index.php\\\/fermeture-dune-mine-et-chomage-partiel-aux-ardoisieres-dangers\\\/80907\\\/#breadcrumb\",\"itemListElement\":[{\"@type\":\"ListItem\",\"position\":1,\"name\":\"Accueil\",\"item\":\"https:\\\/\\\/batijournal.com\\\/\"},{\"@type\":\"ListItem\",\"position\":2,\"name\":\"Actualit\u00e9s\",\"item\":\"https:\\\/\\\/batijournal.com\\\/index.php\\\/category\\\/actualites\\\/\"},{\"@type\":\"ListItem\",\"position\":3,\"name\":\"Architecture &amp; Conception\",\"item\":\"https:\\\/\\\/batijournal.com\\\/index.php\\\/category\\\/actualites\\\/architecture-conception\\\/\"},{\"@type\":\"ListItem\",\"position\":4,\"name\":\"Fermeture d&rsquo;une mine et ch\u00f4mage partiel aux Ardoisi\u00e8res d&rsquo;Angers\"}]},{\"@type\":\"WebSite\",\"@id\":\"https:\\\/\\\/batijournal.com\\\/#website\",\"url\":\"https:\\\/\\\/batijournal.com\\\/\",\"name\":\"Batijournal\",\"description\":\"L&#039;actualit\u00e9 du b\u00e2timent\",\"potentialAction\":[{\"@type\":\"SearchAction\",\"target\":{\"@type\":\"EntryPoint\",\"urlTemplate\":\"https:\\\/\\\/batijournal.com\\\/?s={search_term_string}\"},\"query-input\":{\"@type\":\"PropertyValueSpecification\",\"valueRequired\":true,\"valueName\":\"search_term_string\"}}],\"inLanguage\":\"fr-FR\"},{\"@type\":\"Person\",\"@id\":\"https:\\\/\\\/batijournal.com\\\/#\\\/schema\\\/person\\\/6a657e8967569e1b299972574848aa76\",\"name\":\"Bati-journal\",\"image\":{\"@type\":\"ImageObject\",\"inLanguage\":\"fr-FR\",\"@id\":\"https:\\\/\\\/secure.gravatar.com\\\/avatar\\\/a64364ea26392f9b4dd47e017ddaec74ff03aefc073b49e492e847201258f777?s=96&d=mm&r=g\",\"url\":\"https:\\\/\\\/secure.gravatar.com\\\/avatar\\\/a64364ea26392f9b4dd47e017ddaec74ff03aefc073b49e492e847201258f777?s=96&d=mm&r=g\",\"contentUrl\":\"https:\\\/\\\/secure.gravatar.com\\\/avatar\\\/a64364ea26392f9b4dd47e017ddaec74ff03aefc073b49e492e847201258f777?s=96&d=mm&r=g\",\"caption\":\"Bati-journal\"},\"url\":\"https:\\\/\\\/batijournal.com\\\/index.php\\\/author\\\/elodie\\\/\"}]}<\/script>\n<!-- \/ Yoast SEO plugin. -->","yoast_head_json":{"title":"Fermeture d'une mine et ch\u00f4mage partiel aux Ardoisi\u00e8res d'Angers","robots":{"index":"index","follow":"follow","max-snippet":"max-snippet:-1","max-image-preview":"max-image-preview:large","max-video-preview":"max-video-preview:-1"},"canonical":"https:\/\/batijournal.com\/index.php\/fermeture-dune-mine-et-chomage-partiel-aux-ardoisieres-dangers\/80907\/","og_locale":"fr_FR","og_type":"article","og_title":"Fermeture d'une mine et ch\u00f4mage partiel aux Ardoisi\u00e8res d'Angers","og_description":"La direction g\u00e9n\u00e9rale des Ardoisi\u00e8res d&rsquo;Angers a annonc\u00e9 la fermeture de la mine des Fresnais le 27 f\u00e9vrier prochain. La mine des Grands Carreaux assurera \u00e0 elle seule la production, avec une \u00e9quipe renforc\u00e9e. Philippe Dufour, directeur g\u00e9n\u00e9ral, a d\u00e9clar\u00e9 : \u00ab\u00a0Cette d\u00e9cision \u00e9tait in\u00e9luctable compte tenu de la situation \u00e9conomique de la mine des [&hellip;]","og_url":"https:\/\/batijournal.com\/index.php\/fermeture-dune-mine-et-chomage-partiel-aux-ardoisieres-dangers\/80907\/","og_site_name":"Batijournal","article_published_time":"2009-01-21T23:00:00+00:00","article_modified_time":"2019-07-15T09:30:03+00:00","author":"Bati-journal","twitter_card":"summary_large_image","twitter_creator":"@bati_journal","twitter_site":"@bati_journal","twitter_misc":{"\u00c9crit par":"Bati-journal","Dur\u00e9e de lecture estim\u00e9e":"1 minute"},"schema":{"@context":"https:\/\/schema.org","@graph":[{"@type":"Article","@id":"https:\/\/batijournal.com\/index.php\/fermeture-dune-mine-et-chomage-partiel-aux-ardoisieres-dangers\/80907\/#article","isPartOf":{"@id":"https:\/\/batijournal.com\/index.php\/fermeture-dune-mine-et-chomage-partiel-aux-ardoisieres-dangers\/80907\/"},"author":{"name":"Bati-journal","@id":"https:\/\/batijournal.com\/#\/schema\/person\/6a657e8967569e1b299972574848aa76"},"headline":"Fermeture d&rsquo;une mine et ch\u00f4mage partiel aux Ardoisi\u00e8res d&rsquo;Angers","datePublished":"2009-01-21T23:00:00+00:00","dateModified":"2019-07-15T09:30:03+00:00","mainEntityOfPage":{"@id":"https:\/\/batijournal.com\/index.php\/fermeture-dune-mine-et-chomage-partiel-aux-ardoisieres-dangers\/80907\/"},"wordCount":148,"commentCount":0,"articleSection":["Architecture &amp; Conception"],"inLanguage":"fr-FR","potentialAction":[{"@type":"CommentAction","name":"Comment","target":["https:\/\/batijournal.com\/index.php\/fermeture-dune-mine-et-chomage-partiel-aux-ardoisieres-dangers\/80907\/#respond"]}]},{"@type":"WebPage","@id":"https:\/\/batijournal.com\/index.php\/fermeture-dune-mine-et-chomage-partiel-aux-ardoisieres-dangers\/80907\/","url":"https:\/\/batijournal.com\/index.php\/fermeture-dune-mine-et-chomage-partiel-aux-ardoisieres-dangers\/80907\/","name":"Fermeture d'une mine et ch\u00f4mage partiel aux Ardoisi\u00e8res d'Angers","isPartOf":{"@id":"https:\/\/batijournal.com\/#website"},"datePublished":"2009-01-21T23:00:00+00:00","dateModified":"2019-07-15T09:30:03+00:00","author":{"@id":"https:\/\/batijournal.com\/#\/schema\/person\/6a657e8967569e1b299972574848aa76"},"breadcrumb":{"@id":"https:\/\/batijournal.com\/index.php\/fermeture-dune-mine-et-chomage-partiel-aux-ardoisieres-dangers\/80907\/#breadcrumb"},"inLanguage":"fr-FR","potentialAction":[{"@type":"ReadAction","target":["https:\/\/batijournal.com\/index.php\/fermeture-dune-mine-et-chomage-partiel-aux-ardoisieres-dangers\/80907\/"]}]},{"@type":"BreadcrumbList","@id":"https:\/\/batijournal.com\/index.php\/fermeture-dune-mine-et-chomage-partiel-aux-ardoisieres-dangers\/80907\/#breadcrumb","itemListElement":[{"@type":"ListItem","position":1,"name":"Accueil","item":"https:\/\/batijournal.com\/"},{"@type":"ListItem","position":2,"name":"Actualit\u00e9s","item":"https:\/\/batijournal.com\/index.php\/category\/actualites\/"},{"@type":"ListItem","position":3,"name":"Architecture &amp; Conception","item":"https:\/\/batijournal.com\/index.php\/category\/actualites\/architecture-conception\/"},{"@type":"ListItem","position":4,"name":"Fermeture d&rsquo;une mine et ch\u00f4mage partiel aux Ardoisi\u00e8res d&rsquo;Angers"}]},{"@type":"WebSite","@id":"https:\/\/batijournal.com\/#website","url":"https:\/\/batijournal.com\/","name":"Batijournal","description":"L&#039;actualit\u00e9 du b\u00e2timent","potentialAction":[{"@type":"SearchAction","target":{"@type":"EntryPoint","urlTemplate":"https:\/\/batijournal.com\/?s={search_term_string}"},"query-input":{"@type":"PropertyValueSpecification","valueRequired":true,"valueName":"search_term_string"}}],"inLanguage":"fr-FR"},{"@type":"Person","@id":"https:\/\/batijournal.com\/#\/schema\/person\/6a657e8967569e1b299972574848aa76","name":"Bati-journal","image":{"@type":"ImageObject","inLanguage":"fr-FR","@id":"https:\/\/secure.gravatar.com\/avatar\/a64364ea26392f9b4dd47e017ddaec74ff03aefc073b49e492e847201258f777?s=96&d=mm&r=g","url":"https:\/\/secure.gravatar.com\/avatar\/a64364ea26392f9b4dd47e017ddaec74ff03aefc073b49e492e847201258f777?s=96&d=mm&r=g","contentUrl":"https:\/\/secure.gravatar.com\/avatar\/a64364ea26392f9b4dd47e017ddaec74ff03aefc073b49e492e847201258f777?s=96&d=mm&r=g","caption":"Bati-journal"},"url":"https:\/\/batijournal.com\/index.php\/author\/elodie\/"}]}},"_links":{"self":[{"href":"https:\/\/batijournal.com\/index.php\/wp-json\/wp\/v2\/posts\/80907","targetHints":{"allow":["GET"]}}],"collection":[{"href":"https:\/\/batijournal.com\/index.php\/wp-json\/wp\/v2\/posts"}],"about":[{"href":"https:\/\/batijournal.com\/index.php\/wp-json\/wp\/v2\/types\/post"}],"author":[{"embeddable":true,"href":"https:\/\/batijournal.com\/index.php\/wp-json\/wp\/v2\/users\/1"}],"replies":[{"embeddable":true,"href":"https:\/\/batijournal.com\/index.php\/wp-json\/wp\/v2\/comments?post=80907"}],"version-history":[{"count":0,"href":"https:\/\/batijournal.com\/index.php\/wp-json\/wp\/v2\/posts\/80907\/revisions"}],"wp:attachment":[{"href":"https:\/\/batijournal.com\/index.php\/wp-json\/wp\/v2\/media?parent=80907"}],"wp:term":[{"taxonomy":"category","embeddable":true,"href":"https:\/\/batijournal.com\/index.php\/wp-json\/wp\/v2\/categories?post=80907"},{"taxonomy":"post_tag","embeddable":true,"href":"https:\/\/batijournal.com\/index.php\/wp-json\/wp\/v2\/tags?post=80907"}],"curies":[{"name":"wp","href":"https:\/\/api.w.org\/{rel}","templated":true}]}}