{"id":80956,"date":"2010-02-02T10:06:51","date_gmt":"2010-02-02T09:06:51","guid":{"rendered":"http:\/\/b.bati-journal.com\/pose-de-la-premiere-planche-du-college-de-saint-symphorien\/80956"},"modified":"2019-07-15T11:29:58","modified_gmt":"2019-07-15T09:29:58","slug":"pose-de-la-premiere-planche-du-college-de-saint-symphorien","status":"publish","type":"post","link":"https:\/\/batijournal.com\/index.php\/pose-de-la-premiere-planche-du-college-de-saint-symphorien\/80956\/","title":{"rendered":"Pose de la premi\u00e8re planche du coll\u00e8ge de Saint-Symphorien"},"content":{"rendered":"<p>Philippe Madrelle, pr\u00e9sident du conseil g\u00e9n\u00e9ral de la Gironde, a pos\u00e9 la premi\u00e8re planche pour la reconstruction du coll\u00e8ge Fran\u00e7ois-Mauriac de Saint-Symphorien le jeudi 28 janvier 2010 \u00e0 15 h, en pr\u00e9sence de Fran\u00e7ois Deluga, d\u00e9put\u00e9 de la Gironde, de Philippe Carreyre, conseiller g\u00e9n\u00e9ral du canton de Saint-Symphorien et de Guy Dupiol, maire. Le conseil g\u00e9n\u00e9ral de la Gironde a d\u00e9cid\u00e9 de reconstruire le coll\u00e8ge Fran\u00e7ois-Mauriac de Saint-Symphorien avec une capacit\u00e9 de 500 \u00e9l\u00e8ves. La reconstruction se fait sur du foncier existant, propri\u00e9t\u00e9 du conseil g\u00e9n\u00e9ral, \u00e0 proximit\u00e9 de l&rsquo;actuel coll\u00e8ge. Situ\u00e9 au coeur des Landes girondines, le nouveau coll\u00e8ge, totalement con\u00e7u en bois et notamment en pin des Landes, rappellera l&rsquo;image du massif forestier et des m\u00e9tiers li\u00e9s \u00e0 l&rsquo;exploitation foresti\u00e8re et \u00e0 la sylviculture. Ce projet s&rsquo;inscrivant dans une d\u00e9marche de d\u00e9veloppement durable, il s&rsquo;agira d&rsquo;un b\u00e2timent basse consommation \u00e9quip\u00e9 d&rsquo;un syst\u00e8me de ventilation \u00e0 double flux. Des panneaux solaires permettront de chauffer l&rsquo;eau sanitaire des logements de fonction. Dans ce projet, le bois sera au service d&rsquo;une enveloppe \u00e0 haute performance. Le pin des Landes sera utilis\u00e9 autant que possible et devrait repr\u00e9senter plus de 40 % du bois total mis en oeuvre (soit 384 m3 sur les 947 m3 totaux). Contact : Conseil g\u00e9n\u00e9ral de Gironde<\/p>\n","protected":false},"excerpt":{"rendered":"<p>Philippe Madrelle, pr\u00e9sident du conseil g\u00e9n\u00e9ral de la Gironde, a pos\u00e9 la premi\u00e8re planche pour la reconstruction du coll\u00e8ge Fran\u00e7ois-Mauriac de Saint-Symphorien le jeudi 28 janvier 2010 \u00e0 15 h, en pr\u00e9sence de Fran\u00e7ois Deluga, d\u00e9put\u00e9 de la Gironde, de Philippe Carreyre, conseiller g\u00e9n\u00e9ral du canton de Saint-Symphorien et de Guy Dupiol, maire. Le conseil [&hellip;]<\/p>\n","protected":false},"author":1,"featured_media":80957,"comment_status":"open","ping_status":"closed","sticky":false,"template":"","format":"standard","meta":{"_et_pb_use_builder":"","_et_pb_old_content":"","_et_gb_content_width":"","footnotes":""},"categories":[6340],"tags":[6642,475,2944],"class_list":["post-80956","post","type-post","status-publish","format-standard","has-post-thumbnail","hentry","category-architecture-conception","tag-batiment-basse-consommation","tag-developpement-durable","tag-reconstruction"],"yoast_head":"<!-- This site is optimized with the Yoast SEO plugin v27.4 - https:\/\/yoast.com\/product\/yoast-seo-wordpress\/ -->\n<title>Pose de la premi\u00e8re planche du coll\u00e8ge de Saint-Symphorien<\/title>\n<meta name=\"robots\" content=\"index, follow, max-snippet:-1, max-image-preview:large, max-video-preview:-1\" \/>\n<link rel=\"canonical\" href=\"https:\/\/batijournal.com\/index.php\/pose-de-la-premiere-planche-du-college-de-saint-symphorien\/80956\/\" \/>\n<meta property=\"og:locale\" content=\"fr_FR\" \/>\n<meta property=\"og:type\" content=\"article\" \/>\n<meta property=\"og:title\" content=\"Pose de la premi\u00e8re planche du coll\u00e8ge de Saint-Symphorien\" \/>\n<meta property=\"og:description\" content=\"Philippe Madrelle, pr\u00e9sident du conseil g\u00e9n\u00e9ral de la Gironde, a pos\u00e9 la premi\u00e8re planche pour la reconstruction du coll\u00e8ge Fran\u00e7ois-Mauriac de Saint-Symphorien le jeudi 28 janvier 2010 \u00e0 15 h, en pr\u00e9sence de Fran\u00e7ois Deluga, d\u00e9put\u00e9 de la Gironde, de Philippe Carreyre, conseiller g\u00e9n\u00e9ral du canton de Saint-Symphorien et de Guy Dupiol, maire. Le conseil [&hellip;]\" \/>\n<meta property=\"og:url\" content=\"https:\/\/batijournal.com\/index.php\/pose-de-la-premiere-planche-du-college-de-saint-symphorien\/80956\/\" \/>\n<meta property=\"og:site_name\" content=\"Batijournal\" \/>\n<meta property=\"article:published_time\" content=\"2010-02-02T09:06:51+00:00\" \/>\n<meta property=\"article:modified_time\" content=\"2019-07-15T09:29:58+00:00\" \/>\n<meta property=\"og:image\" content=\"https:\/\/batijournal.com\/wp-content\/uploads\/2015\/03\/09170764.jpg\" \/>\n\t<meta property=\"og:image:width\" content=\"600\" \/>\n\t<meta property=\"og:image:height\" content=\"178\" \/>\n\t<meta property=\"og:image:type\" content=\"image\/jpeg\" \/>\n<meta name=\"author\" content=\"Bati-journal\" \/>\n<meta name=\"twitter:card\" content=\"summary_large_image\" \/>\n<meta name=\"twitter:creator\" content=\"@bati_journal\" \/>\n<meta name=\"twitter:site\" content=\"@bati_journal\" \/>\n<meta name=\"twitter:label1\" content=\"\u00c9crit par\" \/>\n\t<meta name=\"twitter:data1\" content=\"Bati-journal\" \/>\n\t<meta name=\"twitter:label2\" content=\"Dur\u00e9e de lecture estim\u00e9e\" \/>\n\t<meta name=\"twitter:data2\" content=\"1 minute\" \/>\n<script type=\"application\/ld+json\" class=\"yoast-schema-graph\">{\"@context\":\"https:\\\/\\\/schema.org\",\"@graph\":[{\"@type\":\"Article\",\"@id\":\"https:\\\/\\\/batijournal.com\\\/index.php\\\/pose-de-la-premiere-planche-du-college-de-saint-symphorien\\\/80956\\\/#article\",\"isPartOf\":{\"@id\":\"https:\\\/\\\/batijournal.com\\\/index.php\\\/pose-de-la-premiere-planche-du-college-de-saint-symphorien\\\/80956\\\/\"},\"author\":{\"name\":\"Bati-journal\",\"@id\":\"https:\\\/\\\/batijournal.com\\\/#\\\/schema\\\/person\\\/6a657e8967569e1b299972574848aa76\"},\"headline\":\"Pose de la premi\u00e8re planche du coll\u00e8ge de Saint-Symphorien\",\"datePublished\":\"2010-02-02T09:06:51+00:00\",\"dateModified\":\"2019-07-15T09:29:58+00:00\",\"mainEntityOfPage\":{\"@id\":\"https:\\\/\\\/batijournal.com\\\/index.php\\\/pose-de-la-premiere-planche-du-college-de-saint-symphorien\\\/80956\\\/\"},\"wordCount\":248,\"commentCount\":0,\"image\":{\"@id\":\"https:\\\/\\\/batijournal.com\\\/index.php\\\/pose-de-la-premiere-planche-du-college-de-saint-symphorien\\\/80956\\\/#primaryimage\"},\"thumbnailUrl\":\"https:\\\/\\\/batijournal.com\\\/wp-content\\\/uploads\\\/2015\\\/03\\\/09170764.jpg\",\"keywords\":[\"batiment basse consommation\",\"d\u00e9veloppement durable\",\"reconstruction\"],\"articleSection\":[\"Architecture &amp; Conception\"],\"inLanguage\":\"fr-FR\",\"potentialAction\":[{\"@type\":\"CommentAction\",\"name\":\"Comment\",\"target\":[\"https:\\\/\\\/batijournal.com\\\/index.php\\\/pose-de-la-premiere-planche-du-college-de-saint-symphorien\\\/80956\\\/#respond\"]}]},{\"@type\":\"WebPage\",\"@id\":\"https:\\\/\\\/batijournal.com\\\/index.php\\\/pose-de-la-premiere-planche-du-college-de-saint-symphorien\\\/80956\\\/\",\"url\":\"https:\\\/\\\/batijournal.com\\\/index.php\\\/pose-de-la-premiere-planche-du-college-de-saint-symphorien\\\/80956\\\/\",\"name\":\"Pose de la premi\u00e8re planche du coll\u00e8ge de Saint-Symphorien\",\"isPartOf\":{\"@id\":\"https:\\\/\\\/batijournal.com\\\/#website\"},\"primaryImageOfPage\":{\"@id\":\"https:\\\/\\\/batijournal.com\\\/index.php\\\/pose-de-la-premiere-planche-du-college-de-saint-symphorien\\\/80956\\\/#primaryimage\"},\"image\":{\"@id\":\"https:\\\/\\\/batijournal.com\\\/index.php\\\/pose-de-la-premiere-planche-du-college-de-saint-symphorien\\\/80956\\\/#primaryimage\"},\"thumbnailUrl\":\"https:\\\/\\\/batijournal.com\\\/wp-content\\\/uploads\\\/2015\\\/03\\\/09170764.jpg\",\"datePublished\":\"2010-02-02T09:06:51+00:00\",\"dateModified\":\"2019-07-15T09:29:58+00:00\",\"author\":{\"@id\":\"https:\\\/\\\/batijournal.com\\\/#\\\/schema\\\/person\\\/6a657e8967569e1b299972574848aa76\"},\"breadcrumb\":{\"@id\":\"https:\\\/\\\/batijournal.com\\\/index.php\\\/pose-de-la-premiere-planche-du-college-de-saint-symphorien\\\/80956\\\/#breadcrumb\"},\"inLanguage\":\"fr-FR\",\"potentialAction\":[{\"@type\":\"ReadAction\",\"target\":[\"https:\\\/\\\/batijournal.com\\\/index.php\\\/pose-de-la-premiere-planche-du-college-de-saint-symphorien\\\/80956\\\/\"]}]},{\"@type\":\"ImageObject\",\"inLanguage\":\"fr-FR\",\"@id\":\"https:\\\/\\\/batijournal.com\\\/index.php\\\/pose-de-la-premiere-planche-du-college-de-saint-symphorien\\\/80956\\\/#primaryimage\",\"url\":\"https:\\\/\\\/batijournal.com\\\/wp-content\\\/uploads\\\/2015\\\/03\\\/09170764.jpg\",\"contentUrl\":\"https:\\\/\\\/batijournal.com\\\/wp-content\\\/uploads\\\/2015\\\/03\\\/09170764.jpg\",\"width\":600,\"height\":178},{\"@type\":\"BreadcrumbList\",\"@id\":\"https:\\\/\\\/batijournal.com\\\/index.php\\\/pose-de-la-premiere-planche-du-college-de-saint-symphorien\\\/80956\\\/#breadcrumb\",\"itemListElement\":[{\"@type\":\"ListItem\",\"position\":1,\"name\":\"Accueil\",\"item\":\"https:\\\/\\\/batijournal.com\\\/\"},{\"@type\":\"ListItem\",\"position\":2,\"name\":\"Actualit\u00e9s\",\"item\":\"https:\\\/\\\/batijournal.com\\\/index.php\\\/category\\\/actualites\\\/\"},{\"@type\":\"ListItem\",\"position\":3,\"name\":\"Architecture &amp; Conception\",\"item\":\"https:\\\/\\\/batijournal.com\\\/index.php\\\/category\\\/actualites\\\/architecture-conception\\\/\"},{\"@type\":\"ListItem\",\"position\":4,\"name\":\"Pose de la premi\u00e8re planche du coll\u00e8ge de Saint-Symphorien\"}]},{\"@type\":\"WebSite\",\"@id\":\"https:\\\/\\\/batijournal.com\\\/#website\",\"url\":\"https:\\\/\\\/batijournal.com\\\/\",\"name\":\"Batijournal\",\"description\":\"L&#039;actualit\u00e9 du b\u00e2timent\",\"potentialAction\":[{\"@type\":\"SearchAction\",\"target\":{\"@type\":\"EntryPoint\",\"urlTemplate\":\"https:\\\/\\\/batijournal.com\\\/?s={search_term_string}\"},\"query-input\":{\"@type\":\"PropertyValueSpecification\",\"valueRequired\":true,\"valueName\":\"search_term_string\"}}],\"inLanguage\":\"fr-FR\"},{\"@type\":\"Person\",\"@id\":\"https:\\\/\\\/batijournal.com\\\/#\\\/schema\\\/person\\\/6a657e8967569e1b299972574848aa76\",\"name\":\"Bati-journal\",\"image\":{\"@type\":\"ImageObject\",\"inLanguage\":\"fr-FR\",\"@id\":\"https:\\\/\\\/secure.gravatar.com\\\/avatar\\\/a64364ea26392f9b4dd47e017ddaec74ff03aefc073b49e492e847201258f777?s=96&d=mm&r=g\",\"url\":\"https:\\\/\\\/secure.gravatar.com\\\/avatar\\\/a64364ea26392f9b4dd47e017ddaec74ff03aefc073b49e492e847201258f777?s=96&d=mm&r=g\",\"contentUrl\":\"https:\\\/\\\/secure.gravatar.com\\\/avatar\\\/a64364ea26392f9b4dd47e017ddaec74ff03aefc073b49e492e847201258f777?s=96&d=mm&r=g\",\"caption\":\"Bati-journal\"},\"url\":\"https:\\\/\\\/batijournal.com\\\/index.php\\\/author\\\/elodie\\\/\"}]}<\/script>\n<!-- \/ Yoast SEO plugin. -->","yoast_head_json":{"title":"Pose de la premi\u00e8re planche du coll\u00e8ge de Saint-Symphorien","robots":{"index":"index","follow":"follow","max-snippet":"max-snippet:-1","max-image-preview":"max-image-preview:large","max-video-preview":"max-video-preview:-1"},"canonical":"https:\/\/batijournal.com\/index.php\/pose-de-la-premiere-planche-du-college-de-saint-symphorien\/80956\/","og_locale":"fr_FR","og_type":"article","og_title":"Pose de la premi\u00e8re planche du coll\u00e8ge de Saint-Symphorien","og_description":"Philippe Madrelle, pr\u00e9sident du conseil g\u00e9n\u00e9ral de la Gironde, a pos\u00e9 la premi\u00e8re planche pour la reconstruction du coll\u00e8ge Fran\u00e7ois-Mauriac de Saint-Symphorien le jeudi 28 janvier 2010 \u00e0 15 h, en pr\u00e9sence de Fran\u00e7ois Deluga, d\u00e9put\u00e9 de la Gironde, de Philippe Carreyre, conseiller g\u00e9n\u00e9ral du canton de Saint-Symphorien et de Guy Dupiol, maire. Le conseil [&hellip;]","og_url":"https:\/\/batijournal.com\/index.php\/pose-de-la-premiere-planche-du-college-de-saint-symphorien\/80956\/","og_site_name":"Batijournal","article_published_time":"2010-02-02T09:06:51+00:00","article_modified_time":"2019-07-15T09:29:58+00:00","og_image":[{"width":600,"height":178,"url":"https:\/\/batijournal.com\/wp-content\/uploads\/2015\/03\/09170764.jpg","type":"image\/jpeg"}],"author":"Bati-journal","twitter_card":"summary_large_image","twitter_creator":"@bati_journal","twitter_site":"@bati_journal","twitter_misc":{"\u00c9crit par":"Bati-journal","Dur\u00e9e de lecture estim\u00e9e":"1 minute"},"schema":{"@context":"https:\/\/schema.org","@graph":[{"@type":"Article","@id":"https:\/\/batijournal.com\/index.php\/pose-de-la-premiere-planche-du-college-de-saint-symphorien\/80956\/#article","isPartOf":{"@id":"https:\/\/batijournal.com\/index.php\/pose-de-la-premiere-planche-du-college-de-saint-symphorien\/80956\/"},"author":{"name":"Bati-journal","@id":"https:\/\/batijournal.com\/#\/schema\/person\/6a657e8967569e1b299972574848aa76"},"headline":"Pose de la premi\u00e8re planche du coll\u00e8ge de Saint-Symphorien","datePublished":"2010-02-02T09:06:51+00:00","dateModified":"2019-07-15T09:29:58+00:00","mainEntityOfPage":{"@id":"https:\/\/batijournal.com\/index.php\/pose-de-la-premiere-planche-du-college-de-saint-symphorien\/80956\/"},"wordCount":248,"commentCount":0,"image":{"@id":"https:\/\/batijournal.com\/index.php\/pose-de-la-premiere-planche-du-college-de-saint-symphorien\/80956\/#primaryimage"},"thumbnailUrl":"https:\/\/batijournal.com\/wp-content\/uploads\/2015\/03\/09170764.jpg","keywords":["batiment basse consommation","d\u00e9veloppement durable","reconstruction"],"articleSection":["Architecture &amp; Conception"],"inLanguage":"fr-FR","potentialAction":[{"@type":"CommentAction","name":"Comment","target":["https:\/\/batijournal.com\/index.php\/pose-de-la-premiere-planche-du-college-de-saint-symphorien\/80956\/#respond"]}]},{"@type":"WebPage","@id":"https:\/\/batijournal.com\/index.php\/pose-de-la-premiere-planche-du-college-de-saint-symphorien\/80956\/","url":"https:\/\/batijournal.com\/index.php\/pose-de-la-premiere-planche-du-college-de-saint-symphorien\/80956\/","name":"Pose de la premi\u00e8re planche du coll\u00e8ge de Saint-Symphorien","isPartOf":{"@id":"https:\/\/batijournal.com\/#website"},"primaryImageOfPage":{"@id":"https:\/\/batijournal.com\/index.php\/pose-de-la-premiere-planche-du-college-de-saint-symphorien\/80956\/#primaryimage"},"image":{"@id":"https:\/\/batijournal.com\/index.php\/pose-de-la-premiere-planche-du-college-de-saint-symphorien\/80956\/#primaryimage"},"thumbnailUrl":"https:\/\/batijournal.com\/wp-content\/uploads\/2015\/03\/09170764.jpg","datePublished":"2010-02-02T09:06:51+00:00","dateModified":"2019-07-15T09:29:58+00:00","author":{"@id":"https:\/\/batijournal.com\/#\/schema\/person\/6a657e8967569e1b299972574848aa76"},"breadcrumb":{"@id":"https:\/\/batijournal.com\/index.php\/pose-de-la-premiere-planche-du-college-de-saint-symphorien\/80956\/#breadcrumb"},"inLanguage":"fr-FR","potentialAction":[{"@type":"ReadAction","target":["https:\/\/batijournal.com\/index.php\/pose-de-la-premiere-planche-du-college-de-saint-symphorien\/80956\/"]}]},{"@type":"ImageObject","inLanguage":"fr-FR","@id":"https:\/\/batijournal.com\/index.php\/pose-de-la-premiere-planche-du-college-de-saint-symphorien\/80956\/#primaryimage","url":"https:\/\/batijournal.com\/wp-content\/uploads\/2015\/03\/09170764.jpg","contentUrl":"https:\/\/batijournal.com\/wp-content\/uploads\/2015\/03\/09170764.jpg","width":600,"height":178},{"@type":"BreadcrumbList","@id":"https:\/\/batijournal.com\/index.php\/pose-de-la-premiere-planche-du-college-de-saint-symphorien\/80956\/#breadcrumb","itemListElement":[{"@type":"ListItem","position":1,"name":"Accueil","item":"https:\/\/batijournal.com\/"},{"@type":"ListItem","position":2,"name":"Actualit\u00e9s","item":"https:\/\/batijournal.com\/index.php\/category\/actualites\/"},{"@type":"ListItem","position":3,"name":"Architecture &amp; Conception","item":"https:\/\/batijournal.com\/index.php\/category\/actualites\/architecture-conception\/"},{"@type":"ListItem","position":4,"name":"Pose de la premi\u00e8re planche du coll\u00e8ge de Saint-Symphorien"}]},{"@type":"WebSite","@id":"https:\/\/batijournal.com\/#website","url":"https:\/\/batijournal.com\/","name":"Batijournal","description":"L&#039;actualit\u00e9 du b\u00e2timent","potentialAction":[{"@type":"SearchAction","target":{"@type":"EntryPoint","urlTemplate":"https:\/\/batijournal.com\/?s={search_term_string}"},"query-input":{"@type":"PropertyValueSpecification","valueRequired":true,"valueName":"search_term_string"}}],"inLanguage":"fr-FR"},{"@type":"Person","@id":"https:\/\/batijournal.com\/#\/schema\/person\/6a657e8967569e1b299972574848aa76","name":"Bati-journal","image":{"@type":"ImageObject","inLanguage":"fr-FR","@id":"https:\/\/secure.gravatar.com\/avatar\/a64364ea26392f9b4dd47e017ddaec74ff03aefc073b49e492e847201258f777?s=96&d=mm&r=g","url":"https:\/\/secure.gravatar.com\/avatar\/a64364ea26392f9b4dd47e017ddaec74ff03aefc073b49e492e847201258f777?s=96&d=mm&r=g","contentUrl":"https:\/\/secure.gravatar.com\/avatar\/a64364ea26392f9b4dd47e017ddaec74ff03aefc073b49e492e847201258f777?s=96&d=mm&r=g","caption":"Bati-journal"},"url":"https:\/\/batijournal.com\/index.php\/author\/elodie\/"}]}},"_links":{"self":[{"href":"https:\/\/batijournal.com\/index.php\/wp-json\/wp\/v2\/posts\/80956","targetHints":{"allow":["GET"]}}],"collection":[{"href":"https:\/\/batijournal.com\/index.php\/wp-json\/wp\/v2\/posts"}],"about":[{"href":"https:\/\/batijournal.com\/index.php\/wp-json\/wp\/v2\/types\/post"}],"author":[{"embeddable":true,"href":"https:\/\/batijournal.com\/index.php\/wp-json\/wp\/v2\/users\/1"}],"replies":[{"embeddable":true,"href":"https:\/\/batijournal.com\/index.php\/wp-json\/wp\/v2\/comments?post=80956"}],"version-history":[{"count":0,"href":"https:\/\/batijournal.com\/index.php\/wp-json\/wp\/v2\/posts\/80956\/revisions"}],"wp:featuredmedia":[{"embeddable":true,"href":"https:\/\/batijournal.com\/index.php\/wp-json\/wp\/v2\/media\/80957"}],"wp:attachment":[{"href":"https:\/\/batijournal.com\/index.php\/wp-json\/wp\/v2\/media?parent=80956"}],"wp:term":[{"taxonomy":"category","embeddable":true,"href":"https:\/\/batijournal.com\/index.php\/wp-json\/wp\/v2\/categories?post=80956"},{"taxonomy":"post_tag","embeddable":true,"href":"https:\/\/batijournal.com\/index.php\/wp-json\/wp\/v2\/tags?post=80956"}],"curies":[{"name":"wp","href":"https:\/\/api.w.org\/{rel}","templated":true}]}}