{"id":80958,"date":"2010-02-03T00:00:00","date_gmt":"2010-02-02T23:00:00","guid":{"rendered":"http:\/\/b.bati-journal.com\/restaurations-a-notre-dame-et-a-lopera-garnier\/80958"},"modified":"2019-07-15T11:29:57","modified_gmt":"2019-07-15T09:29:57","slug":"restaurations-a-notre-dame-et-a-lopera-garnier","status":"publish","type":"post","link":"https:\/\/batijournal.com\/index.php\/restaurations-a-notre-dame-et-a-lopera-garnier\/80958\/","title":{"rendered":"Restaurations \u00e0 Notre-Dame et \u00e0 l&rsquo;Op\u00e9ra Garnier"},"content":{"rendered":"<p>Patrick Devedjian, ministre charg\u00e9 de la mise en oeuvre du plan de relance et Fr\u00e9d\u00e9ric Mitterrand, se sont rendus sur deux des chantiers embl\u00e9matiques au titre du volet patrimoine culturel du plan de relance que sont la Cath\u00e9drale Notre-Dame de Paris et l&rsquo;\u0092Op\u00e9ra national \u0096 Garnier. Le chantier de Notre-Dame de Paris concerne les cr\u00eates de fa\u00eetage de la cath\u00e9drale qui ont \u00e9t\u00e9 mises en oeuvre lors de la restauration de Viollet-le-Duc. Les derni\u00e8res restaurations datent des ann\u00e9es 70 et 80. L&rsquo;\u0092objectif est aujourd\u0092&rsquo;hui la restauration en conservation de ces cr\u00eates de fa\u00eetage datant du XIX si\u00e8cle. En finan\u00e7ant la totalit\u00e9 de ce chantier avec un apport de 1,67 M\u0080, le plan de relance permet donc d\u0092&rsquo;achever la conservation d&rsquo;\u0092\u00e9l\u00e9ments importants de ce monument. L&rsquo;\u0092Op\u00e9ra national \u0096 Garnier fait aussi l&rsquo;\u0092objet d\u0092&rsquo;une restauration financ\u00e9e en partie par plan de relance. Actuellement, des chutes de pierre r\u00e9currentes en provenance des corniches ont oblig\u00e9 \u00e0 installer des filets pour garantir la s\u00e9curit\u00e9 du public. La dotation de 1,06 M\u0080 de cr\u00e9dits de paiement du plan de relance permet de lancer les deux premi\u00e8res tranches du chantier de restauration de la fa\u00e7ade Ouest et de la rotonde Zambelli, dont le co\u00fbt total repr\u00e9sente 9 M\u0080. Au total le plan de relance Culture en Ile-de-France comprend 30 chantiers, dont 17 \u00e0 Paris repr\u00e9sentant 12,8 M\u0080.<\/p>\n","protected":false},"excerpt":{"rendered":"<p>Patrick Devedjian, ministre charg\u00e9 de la mise en oeuvre du plan de relance et Fr\u00e9d\u00e9ric Mitterrand, se sont rendus sur deux des chantiers embl\u00e9matiques au titre du volet patrimoine culturel du plan de relance que sont la Cath\u00e9drale Notre-Dame de Paris et l&rsquo;\u0092Op\u00e9ra national \u0096 Garnier. Le chantier de Notre-Dame de Paris concerne les cr\u00eates [&hellip;]<\/p>\n","protected":false},"author":1,"featured_media":0,"comment_status":"open","ping_status":"closed","sticky":false,"template":"","format":"standard","meta":{"_et_pb_use_builder":"","_et_pb_old_content":"","_et_gb_content_width":"","footnotes":""},"categories":[6340],"tags":[6842,1308],"class_list":["post-80958","post","type-post","status-publish","format-standard","hentry","category-architecture-conception","tag-notre-dame-de-paris","tag-restauration"],"yoast_head":"<!-- This site is optimized with the Yoast SEO plugin v27.4 - https:\/\/yoast.com\/product\/yoast-seo-wordpress\/ -->\n<title>Restaurations \u00e0 Notre-Dame et \u00e0 l&#039;Op\u00e9ra Garnier<\/title>\n<meta name=\"robots\" content=\"index, follow, max-snippet:-1, max-image-preview:large, max-video-preview:-1\" \/>\n<link rel=\"canonical\" href=\"https:\/\/batijournal.com\/index.php\/restaurations-a-notre-dame-et-a-lopera-garnier\/80958\/\" \/>\n<meta property=\"og:locale\" content=\"fr_FR\" \/>\n<meta property=\"og:type\" content=\"article\" \/>\n<meta property=\"og:title\" content=\"Restaurations \u00e0 Notre-Dame et \u00e0 l&#039;Op\u00e9ra Garnier\" \/>\n<meta property=\"og:description\" content=\"Patrick Devedjian, ministre charg\u00e9 de la mise en oeuvre du plan de relance et Fr\u00e9d\u00e9ric Mitterrand, se sont rendus sur deux des chantiers embl\u00e9matiques au titre du volet patrimoine culturel du plan de relance que sont la Cath\u00e9drale Notre-Dame de Paris et l&rsquo;\u0092Op\u00e9ra national \u0096 Garnier. Le chantier de Notre-Dame de Paris concerne les cr\u00eates [&hellip;]\" \/>\n<meta property=\"og:url\" content=\"https:\/\/batijournal.com\/index.php\/restaurations-a-notre-dame-et-a-lopera-garnier\/80958\/\" \/>\n<meta property=\"og:site_name\" content=\"Batijournal\" \/>\n<meta property=\"article:published_time\" content=\"2010-02-02T23:00:00+00:00\" \/>\n<meta property=\"article:modified_time\" content=\"2019-07-15T09:29:57+00:00\" \/>\n<meta name=\"author\" content=\"Bati-journal\" \/>\n<meta name=\"twitter:card\" content=\"summary_large_image\" \/>\n<meta name=\"twitter:creator\" content=\"@bati_journal\" \/>\n<meta name=\"twitter:site\" content=\"@bati_journal\" \/>\n<meta name=\"twitter:label1\" content=\"\u00c9crit par\" \/>\n\t<meta name=\"twitter:data1\" content=\"Bati-journal\" \/>\n\t<meta name=\"twitter:label2\" content=\"Dur\u00e9e de lecture estim\u00e9e\" \/>\n\t<meta name=\"twitter:data2\" content=\"1 minute\" \/>\n<script type=\"application\/ld+json\" class=\"yoast-schema-graph\">{\"@context\":\"https:\\\/\\\/schema.org\",\"@graph\":[{\"@type\":\"Article\",\"@id\":\"https:\\\/\\\/batijournal.com\\\/index.php\\\/restaurations-a-notre-dame-et-a-lopera-garnier\\\/80958\\\/#article\",\"isPartOf\":{\"@id\":\"https:\\\/\\\/batijournal.com\\\/index.php\\\/restaurations-a-notre-dame-et-a-lopera-garnier\\\/80958\\\/\"},\"author\":{\"name\":\"Bati-journal\",\"@id\":\"https:\\\/\\\/batijournal.com\\\/#\\\/schema\\\/person\\\/6a657e8967569e1b299972574848aa76\"},\"headline\":\"Restaurations \u00e0 Notre-Dame et \u00e0 l&rsquo;Op\u00e9ra Garnier\",\"datePublished\":\"2010-02-02T23:00:00+00:00\",\"dateModified\":\"2019-07-15T09:29:57+00:00\",\"mainEntityOfPage\":{\"@id\":\"https:\\\/\\\/batijournal.com\\\/index.php\\\/restaurations-a-notre-dame-et-a-lopera-garnier\\\/80958\\\/\"},\"wordCount\":249,\"commentCount\":0,\"keywords\":[\"notre dame de paris\",\"restauration\"],\"articleSection\":[\"Architecture &amp; Conception\"],\"inLanguage\":\"fr-FR\",\"potentialAction\":[{\"@type\":\"CommentAction\",\"name\":\"Comment\",\"target\":[\"https:\\\/\\\/batijournal.com\\\/index.php\\\/restaurations-a-notre-dame-et-a-lopera-garnier\\\/80958\\\/#respond\"]}]},{\"@type\":\"WebPage\",\"@id\":\"https:\\\/\\\/batijournal.com\\\/index.php\\\/restaurations-a-notre-dame-et-a-lopera-garnier\\\/80958\\\/\",\"url\":\"https:\\\/\\\/batijournal.com\\\/index.php\\\/restaurations-a-notre-dame-et-a-lopera-garnier\\\/80958\\\/\",\"name\":\"Restaurations \u00e0 Notre-Dame et \u00e0 l'Op\u00e9ra Garnier\",\"isPartOf\":{\"@id\":\"https:\\\/\\\/batijournal.com\\\/#website\"},\"datePublished\":\"2010-02-02T23:00:00+00:00\",\"dateModified\":\"2019-07-15T09:29:57+00:00\",\"author\":{\"@id\":\"https:\\\/\\\/batijournal.com\\\/#\\\/schema\\\/person\\\/6a657e8967569e1b299972574848aa76\"},\"breadcrumb\":{\"@id\":\"https:\\\/\\\/batijournal.com\\\/index.php\\\/restaurations-a-notre-dame-et-a-lopera-garnier\\\/80958\\\/#breadcrumb\"},\"inLanguage\":\"fr-FR\",\"potentialAction\":[{\"@type\":\"ReadAction\",\"target\":[\"https:\\\/\\\/batijournal.com\\\/index.php\\\/restaurations-a-notre-dame-et-a-lopera-garnier\\\/80958\\\/\"]}]},{\"@type\":\"BreadcrumbList\",\"@id\":\"https:\\\/\\\/batijournal.com\\\/index.php\\\/restaurations-a-notre-dame-et-a-lopera-garnier\\\/80958\\\/#breadcrumb\",\"itemListElement\":[{\"@type\":\"ListItem\",\"position\":1,\"name\":\"Accueil\",\"item\":\"https:\\\/\\\/batijournal.com\\\/\"},{\"@type\":\"ListItem\",\"position\":2,\"name\":\"Actualit\u00e9s\",\"item\":\"https:\\\/\\\/batijournal.com\\\/index.php\\\/category\\\/actualites\\\/\"},{\"@type\":\"ListItem\",\"position\":3,\"name\":\"Architecture &amp; Conception\",\"item\":\"https:\\\/\\\/batijournal.com\\\/index.php\\\/category\\\/actualites\\\/architecture-conception\\\/\"},{\"@type\":\"ListItem\",\"position\":4,\"name\":\"Restaurations \u00e0 Notre-Dame et \u00e0 l&rsquo;Op\u00e9ra Garnier\"}]},{\"@type\":\"WebSite\",\"@id\":\"https:\\\/\\\/batijournal.com\\\/#website\",\"url\":\"https:\\\/\\\/batijournal.com\\\/\",\"name\":\"Batijournal\",\"description\":\"L&#039;actualit\u00e9 du b\u00e2timent\",\"potentialAction\":[{\"@type\":\"SearchAction\",\"target\":{\"@type\":\"EntryPoint\",\"urlTemplate\":\"https:\\\/\\\/batijournal.com\\\/?s={search_term_string}\"},\"query-input\":{\"@type\":\"PropertyValueSpecification\",\"valueRequired\":true,\"valueName\":\"search_term_string\"}}],\"inLanguage\":\"fr-FR\"},{\"@type\":\"Person\",\"@id\":\"https:\\\/\\\/batijournal.com\\\/#\\\/schema\\\/person\\\/6a657e8967569e1b299972574848aa76\",\"name\":\"Bati-journal\",\"image\":{\"@type\":\"ImageObject\",\"inLanguage\":\"fr-FR\",\"@id\":\"https:\\\/\\\/secure.gravatar.com\\\/avatar\\\/a64364ea26392f9b4dd47e017ddaec74ff03aefc073b49e492e847201258f777?s=96&d=mm&r=g\",\"url\":\"https:\\\/\\\/secure.gravatar.com\\\/avatar\\\/a64364ea26392f9b4dd47e017ddaec74ff03aefc073b49e492e847201258f777?s=96&d=mm&r=g\",\"contentUrl\":\"https:\\\/\\\/secure.gravatar.com\\\/avatar\\\/a64364ea26392f9b4dd47e017ddaec74ff03aefc073b49e492e847201258f777?s=96&d=mm&r=g\",\"caption\":\"Bati-journal\"},\"url\":\"https:\\\/\\\/batijournal.com\\\/index.php\\\/author\\\/elodie\\\/\"}]}<\/script>\n<!-- \/ Yoast SEO plugin. -->","yoast_head_json":{"title":"Restaurations \u00e0 Notre-Dame et \u00e0 l'Op\u00e9ra Garnier","robots":{"index":"index","follow":"follow","max-snippet":"max-snippet:-1","max-image-preview":"max-image-preview:large","max-video-preview":"max-video-preview:-1"},"canonical":"https:\/\/batijournal.com\/index.php\/restaurations-a-notre-dame-et-a-lopera-garnier\/80958\/","og_locale":"fr_FR","og_type":"article","og_title":"Restaurations \u00e0 Notre-Dame et \u00e0 l'Op\u00e9ra Garnier","og_description":"Patrick Devedjian, ministre charg\u00e9 de la mise en oeuvre du plan de relance et Fr\u00e9d\u00e9ric Mitterrand, se sont rendus sur deux des chantiers embl\u00e9matiques au titre du volet patrimoine culturel du plan de relance que sont la Cath\u00e9drale Notre-Dame de Paris et l&rsquo;\u0092Op\u00e9ra national \u0096 Garnier. Le chantier de Notre-Dame de Paris concerne les cr\u00eates [&hellip;]","og_url":"https:\/\/batijournal.com\/index.php\/restaurations-a-notre-dame-et-a-lopera-garnier\/80958\/","og_site_name":"Batijournal","article_published_time":"2010-02-02T23:00:00+00:00","article_modified_time":"2019-07-15T09:29:57+00:00","author":"Bati-journal","twitter_card":"summary_large_image","twitter_creator":"@bati_journal","twitter_site":"@bati_journal","twitter_misc":{"\u00c9crit par":"Bati-journal","Dur\u00e9e de lecture estim\u00e9e":"1 minute"},"schema":{"@context":"https:\/\/schema.org","@graph":[{"@type":"Article","@id":"https:\/\/batijournal.com\/index.php\/restaurations-a-notre-dame-et-a-lopera-garnier\/80958\/#article","isPartOf":{"@id":"https:\/\/batijournal.com\/index.php\/restaurations-a-notre-dame-et-a-lopera-garnier\/80958\/"},"author":{"name":"Bati-journal","@id":"https:\/\/batijournal.com\/#\/schema\/person\/6a657e8967569e1b299972574848aa76"},"headline":"Restaurations \u00e0 Notre-Dame et \u00e0 l&rsquo;Op\u00e9ra Garnier","datePublished":"2010-02-02T23:00:00+00:00","dateModified":"2019-07-15T09:29:57+00:00","mainEntityOfPage":{"@id":"https:\/\/batijournal.com\/index.php\/restaurations-a-notre-dame-et-a-lopera-garnier\/80958\/"},"wordCount":249,"commentCount":0,"keywords":["notre dame de paris","restauration"],"articleSection":["Architecture &amp; Conception"],"inLanguage":"fr-FR","potentialAction":[{"@type":"CommentAction","name":"Comment","target":["https:\/\/batijournal.com\/index.php\/restaurations-a-notre-dame-et-a-lopera-garnier\/80958\/#respond"]}]},{"@type":"WebPage","@id":"https:\/\/batijournal.com\/index.php\/restaurations-a-notre-dame-et-a-lopera-garnier\/80958\/","url":"https:\/\/batijournal.com\/index.php\/restaurations-a-notre-dame-et-a-lopera-garnier\/80958\/","name":"Restaurations \u00e0 Notre-Dame et \u00e0 l'Op\u00e9ra Garnier","isPartOf":{"@id":"https:\/\/batijournal.com\/#website"},"datePublished":"2010-02-02T23:00:00+00:00","dateModified":"2019-07-15T09:29:57+00:00","author":{"@id":"https:\/\/batijournal.com\/#\/schema\/person\/6a657e8967569e1b299972574848aa76"},"breadcrumb":{"@id":"https:\/\/batijournal.com\/index.php\/restaurations-a-notre-dame-et-a-lopera-garnier\/80958\/#breadcrumb"},"inLanguage":"fr-FR","potentialAction":[{"@type":"ReadAction","target":["https:\/\/batijournal.com\/index.php\/restaurations-a-notre-dame-et-a-lopera-garnier\/80958\/"]}]},{"@type":"BreadcrumbList","@id":"https:\/\/batijournal.com\/index.php\/restaurations-a-notre-dame-et-a-lopera-garnier\/80958\/#breadcrumb","itemListElement":[{"@type":"ListItem","position":1,"name":"Accueil","item":"https:\/\/batijournal.com\/"},{"@type":"ListItem","position":2,"name":"Actualit\u00e9s","item":"https:\/\/batijournal.com\/index.php\/category\/actualites\/"},{"@type":"ListItem","position":3,"name":"Architecture &amp; Conception","item":"https:\/\/batijournal.com\/index.php\/category\/actualites\/architecture-conception\/"},{"@type":"ListItem","position":4,"name":"Restaurations \u00e0 Notre-Dame et \u00e0 l&rsquo;Op\u00e9ra Garnier"}]},{"@type":"WebSite","@id":"https:\/\/batijournal.com\/#website","url":"https:\/\/batijournal.com\/","name":"Batijournal","description":"L&#039;actualit\u00e9 du b\u00e2timent","potentialAction":[{"@type":"SearchAction","target":{"@type":"EntryPoint","urlTemplate":"https:\/\/batijournal.com\/?s={search_term_string}"},"query-input":{"@type":"PropertyValueSpecification","valueRequired":true,"valueName":"search_term_string"}}],"inLanguage":"fr-FR"},{"@type":"Person","@id":"https:\/\/batijournal.com\/#\/schema\/person\/6a657e8967569e1b299972574848aa76","name":"Bati-journal","image":{"@type":"ImageObject","inLanguage":"fr-FR","@id":"https:\/\/secure.gravatar.com\/avatar\/a64364ea26392f9b4dd47e017ddaec74ff03aefc073b49e492e847201258f777?s=96&d=mm&r=g","url":"https:\/\/secure.gravatar.com\/avatar\/a64364ea26392f9b4dd47e017ddaec74ff03aefc073b49e492e847201258f777?s=96&d=mm&r=g","contentUrl":"https:\/\/secure.gravatar.com\/avatar\/a64364ea26392f9b4dd47e017ddaec74ff03aefc073b49e492e847201258f777?s=96&d=mm&r=g","caption":"Bati-journal"},"url":"https:\/\/batijournal.com\/index.php\/author\/elodie\/"}]}},"_links":{"self":[{"href":"https:\/\/batijournal.com\/index.php\/wp-json\/wp\/v2\/posts\/80958","targetHints":{"allow":["GET"]}}],"collection":[{"href":"https:\/\/batijournal.com\/index.php\/wp-json\/wp\/v2\/posts"}],"about":[{"href":"https:\/\/batijournal.com\/index.php\/wp-json\/wp\/v2\/types\/post"}],"author":[{"embeddable":true,"href":"https:\/\/batijournal.com\/index.php\/wp-json\/wp\/v2\/users\/1"}],"replies":[{"embeddable":true,"href":"https:\/\/batijournal.com\/index.php\/wp-json\/wp\/v2\/comments?post=80958"}],"version-history":[{"count":0,"href":"https:\/\/batijournal.com\/index.php\/wp-json\/wp\/v2\/posts\/80958\/revisions"}],"wp:attachment":[{"href":"https:\/\/batijournal.com\/index.php\/wp-json\/wp\/v2\/media?parent=80958"}],"wp:term":[{"taxonomy":"category","embeddable":true,"href":"https:\/\/batijournal.com\/index.php\/wp-json\/wp\/v2\/categories?post=80958"},{"taxonomy":"post_tag","embeddable":true,"href":"https:\/\/batijournal.com\/index.php\/wp-json\/wp\/v2\/tags?post=80958"}],"curies":[{"name":"wp","href":"https:\/\/api.w.org\/{rel}","templated":true}]}}