{"id":80959,"date":"2010-02-03T00:00:00","date_gmt":"2010-02-02T23:00:00","guid":{"rendered":"http:\/\/b.bati-journal.com\/haut-koe%c2%9cnigsbourg-les-travaux-de-restauration-ont-commence\/80959"},"modified":"2019-07-15T11:29:58","modified_gmt":"2019-07-15T09:29:58","slug":"haut-koe%c2%9cnigsbourg-les-travaux-de-restauration-ont-commence","status":"publish","type":"post","link":"https:\/\/batijournal.com\/index.php\/haut-koe%c2%9cnigsbourg-les-travaux-de-restauration-ont-commence\/80959\/","title":{"rendered":"Haut-Koe\u009cnigsbourg : les travaux de restauration ont commenc\u00e9"},"content":{"rendered":"<p>Le ch\u00e2teau du Haut-Koe\u009cnigsbourg est entr\u00e9 le 1er f\u00e9vrier 2010, dans la premi\u00e8re phase du sch\u00e9ma directeur des travaux, d\u00e9fini en 2007 par le Conseil G\u00e9n\u00e9ral du Bas-Rhin et l&rsquo;\u0092architecte en chef des monuments historiques. Il s\u0092&rsquo;agit, aux termes de plusieurs ann\u00e9es de travaux d&rsquo;\u0092envergure, d&rsquo;\u0092am\u00e9liorer l\u0092&rsquo;accueil et la s\u00e9curit\u00e9 des visiteurs, de remettre aux normes les installations techniques du ch\u00e2teau, de lib\u00e9rer de nouveaux espaces pour les publics et le personnel ou encore de valoriser le monument et ses collections. L\u0092&rsquo;ann\u00e9e s\u0092&rsquo;ouvre avec les travaux de la maison alsacienne. Cette premi\u00e8re phase concerne la restauration de la structure, du clos et du couvert de l\u0092&rsquo;\u00e9difice. Situ\u00e9e dans la cour basse, cette partie du monument abrite notamment l\u0092&rsquo;Hostellerie et la librairie du ch\u00e2teau, ainsi qu\u0092&rsquo;une partie des locaux administratifs. L&rsquo;\u0092objet de l\u0092&rsquo;intervention est de retirer du b\u00e2timent les \u00e9l\u00e9ments structurels ajout\u00e9s au cours des 60 derni\u00e8res ann\u00e9es, de fa\u00e7on \u00e0 all\u00e9ger l&rsquo;\u0092ensemble de sa surcharge et permettre, ensuite, sa restauration et sa restitution compl\u00e8tes. Les travaux de structure sont programm\u00e9s sur pr\u00e8s de 2 ans, suivis d&rsquo;une ann\u00e9e d\u0092&rsquo;am\u00e9nagement des volumes restaur\u00e9s. L\u0092&rsquo;op\u00e9ration de mise aux normes des installations techniques est pr\u00e9vue \u00e0 la fin de l\u0092&rsquo;ann\u00e9e 2010. Cette seconde \u00e9tape permettra, en particulier, la mise en conformit\u00e9 des moyens de d\u00e9fense en eau contre l\u0092&rsquo;incendie, l\u0092&rsquo;extension du syst\u00e8me de s\u00e9curit\u00e9 incendie, la mise \u00e0 niveau des installations \u00e9lectriques, techniques et informatiques, ou encore l&rsquo;\u0092am\u00e9lioration des conditions de s\u00fbret\u00e9. Le co\u00fbt des travaux de restauration de la structure de la maison alsacienne s&rsquo;\u0092\u00e9l\u00e8ve \u00e0 2,2 millions d&rsquo;\u0092euros HT, dont 1,08 millions d\u0092&rsquo;euros de participation de l\u0092&rsquo;\u00c9tat dans le cadre du Contrat de Projet \u00c9tat-R\u00e9gion 2007-2013 au titre de la mise en valeur du monument. Le co\u00fbt des travaux de mise aux normes des installations techniques s\u0092\u00e9l\u00e8ve \u00e0 7,7 millions d\u0092&rsquo;euros HT, dont 2,16 millions d\u0092&rsquo;euros de participation de l\u0092&rsquo;\u00c9tat.<\/p>\n","protected":false},"excerpt":{"rendered":"<p>Le ch\u00e2teau du Haut-Koe\u009cnigsbourg est entr\u00e9 le 1er f\u00e9vrier 2010, dans la premi\u00e8re phase du sch\u00e9ma directeur des travaux, d\u00e9fini en 2007 par le Conseil G\u00e9n\u00e9ral du Bas-Rhin et l&rsquo;\u0092architecte en chef des monuments historiques. Il s\u0092&rsquo;agit, aux termes de plusieurs ann\u00e9es de travaux d&rsquo;\u0092envergure, d&rsquo;\u0092am\u00e9liorer l\u0092&rsquo;accueil et la s\u00e9curit\u00e9 des visiteurs, de remettre aux [&hellip;]<\/p>\n","protected":false},"author":1,"featured_media":80960,"comment_status":"open","ping_status":"closed","sticky":false,"template":"","format":"standard","meta":{"_et_pb_use_builder":"","_et_pb_old_content":"","_et_gb_content_width":"","footnotes":""},"categories":[6340],"tags":[6844,1308],"class_list":["post-80959","post","type-post","status-publish","format-standard","has-post-thumbnail","hentry","category-architecture-conception","tag-haut-koenigsbourg","tag-restauration"],"yoast_head":"<!-- This site is optimized with the Yoast SEO plugin v27.4 - https:\/\/yoast.com\/product\/yoast-seo-wordpress\/ -->\n<title>Haut-Koe\u009cnigsbourg : les travaux de restauration ont commenc\u00e9<\/title>\n<meta name=\"robots\" content=\"index, follow, max-snippet:-1, max-image-preview:large, max-video-preview:-1\" \/>\n<link rel=\"canonical\" href=\"https:\/\/batijournal.com\/index.php\/haut-koe\u009cnigsbourg-les-travaux-de-restauration-ont-commence\/80959\/\" \/>\n<meta property=\"og:locale\" content=\"fr_FR\" \/>\n<meta property=\"og:type\" content=\"article\" \/>\n<meta property=\"og:title\" content=\"Haut-Koe\u009cnigsbourg : les travaux de restauration ont commenc\u00e9\" \/>\n<meta property=\"og:description\" content=\"Le ch\u00e2teau du Haut-Koe\u009cnigsbourg est entr\u00e9 le 1er f\u00e9vrier 2010, dans la premi\u00e8re phase du sch\u00e9ma directeur des travaux, d\u00e9fini en 2007 par le Conseil G\u00e9n\u00e9ral du Bas-Rhin et l&rsquo;\u0092architecte en chef des monuments historiques. Il s\u0092&rsquo;agit, aux termes de plusieurs ann\u00e9es de travaux d&rsquo;\u0092envergure, d&rsquo;\u0092am\u00e9liorer l\u0092&rsquo;accueil et la s\u00e9curit\u00e9 des visiteurs, de remettre aux [&hellip;]\" \/>\n<meta property=\"og:url\" content=\"https:\/\/batijournal.com\/index.php\/haut-koe\u009cnigsbourg-les-travaux-de-restauration-ont-commence\/80959\/\" \/>\n<meta property=\"og:site_name\" content=\"Batijournal\" \/>\n<meta property=\"article:published_time\" content=\"2010-02-02T23:00:00+00:00\" \/>\n<meta property=\"article:modified_time\" content=\"2019-07-15T09:29:58+00:00\" \/>\n<meta property=\"og:image\" content=\"https:\/\/batijournal.com\/wp-content\/uploads\/2015\/03\/09170488.jpg\" \/>\n\t<meta property=\"og:image:width\" content=\"398\" \/>\n\t<meta property=\"og:image:height\" content=\"599\" \/>\n\t<meta property=\"og:image:type\" content=\"image\/jpeg\" \/>\n<meta name=\"author\" content=\"Bati-journal\" \/>\n<meta name=\"twitter:card\" content=\"summary_large_image\" \/>\n<meta name=\"twitter:creator\" content=\"@bati_journal\" \/>\n<meta name=\"twitter:site\" content=\"@bati_journal\" \/>\n<meta name=\"twitter:label1\" content=\"\u00c9crit par\" \/>\n\t<meta name=\"twitter:data1\" content=\"Bati-journal\" \/>\n\t<meta name=\"twitter:label2\" content=\"Dur\u00e9e de lecture estim\u00e9e\" \/>\n\t<meta name=\"twitter:data2\" content=\"2 minutes\" \/>\n<script type=\"application\/ld+json\" class=\"yoast-schema-graph\">{\"@context\":\"https:\\\/\\\/schema.org\",\"@graph\":[{\"@type\":\"Article\",\"@id\":\"https:\\\/\\\/batijournal.com\\\/index.php\\\/haut-koe%c2%9cnigsbourg-les-travaux-de-restauration-ont-commence\\\/80959\\\/#article\",\"isPartOf\":{\"@id\":\"https:\\\/\\\/batijournal.com\\\/index.php\\\/haut-koe%c2%9cnigsbourg-les-travaux-de-restauration-ont-commence\\\/80959\\\/\"},\"author\":{\"name\":\"Bati-journal\",\"@id\":\"https:\\\/\\\/batijournal.com\\\/#\\\/schema\\\/person\\\/6a657e8967569e1b299972574848aa76\"},\"headline\":\"Haut-Koe\u009cnigsbourg : les travaux de restauration ont commenc\u00e9\",\"datePublished\":\"2010-02-02T23:00:00+00:00\",\"dateModified\":\"2019-07-15T09:29:58+00:00\",\"mainEntityOfPage\":{\"@id\":\"https:\\\/\\\/batijournal.com\\\/index.php\\\/haut-koe%c2%9cnigsbourg-les-travaux-de-restauration-ont-commence\\\/80959\\\/\"},\"wordCount\":374,\"commentCount\":0,\"image\":{\"@id\":\"https:\\\/\\\/batijournal.com\\\/index.php\\\/haut-koe%c2%9cnigsbourg-les-travaux-de-restauration-ont-commence\\\/80959\\\/#primaryimage\"},\"thumbnailUrl\":\"https:\\\/\\\/batijournal.com\\\/wp-content\\\/uploads\\\/2015\\\/03\\\/09170488.jpg\",\"keywords\":[\"haut koenigsbourg\",\"restauration\"],\"articleSection\":[\"Architecture &amp; Conception\"],\"inLanguage\":\"fr-FR\",\"potentialAction\":[{\"@type\":\"CommentAction\",\"name\":\"Comment\",\"target\":[\"https:\\\/\\\/batijournal.com\\\/index.php\\\/haut-koe%c2%9cnigsbourg-les-travaux-de-restauration-ont-commence\\\/80959\\\/#respond\"]}]},{\"@type\":\"WebPage\",\"@id\":\"https:\\\/\\\/batijournal.com\\\/index.php\\\/haut-koe%c2%9cnigsbourg-les-travaux-de-restauration-ont-commence\\\/80959\\\/\",\"url\":\"https:\\\/\\\/batijournal.com\\\/index.php\\\/haut-koe%c2%9cnigsbourg-les-travaux-de-restauration-ont-commence\\\/80959\\\/\",\"name\":\"Haut-Koe\u009cnigsbourg : les travaux de restauration ont commenc\u00e9\",\"isPartOf\":{\"@id\":\"https:\\\/\\\/batijournal.com\\\/#website\"},\"primaryImageOfPage\":{\"@id\":\"https:\\\/\\\/batijournal.com\\\/index.php\\\/haut-koe%c2%9cnigsbourg-les-travaux-de-restauration-ont-commence\\\/80959\\\/#primaryimage\"},\"image\":{\"@id\":\"https:\\\/\\\/batijournal.com\\\/index.php\\\/haut-koe%c2%9cnigsbourg-les-travaux-de-restauration-ont-commence\\\/80959\\\/#primaryimage\"},\"thumbnailUrl\":\"https:\\\/\\\/batijournal.com\\\/wp-content\\\/uploads\\\/2015\\\/03\\\/09170488.jpg\",\"datePublished\":\"2010-02-02T23:00:00+00:00\",\"dateModified\":\"2019-07-15T09:29:58+00:00\",\"author\":{\"@id\":\"https:\\\/\\\/batijournal.com\\\/#\\\/schema\\\/person\\\/6a657e8967569e1b299972574848aa76\"},\"breadcrumb\":{\"@id\":\"https:\\\/\\\/batijournal.com\\\/index.php\\\/haut-koe%c2%9cnigsbourg-les-travaux-de-restauration-ont-commence\\\/80959\\\/#breadcrumb\"},\"inLanguage\":\"fr-FR\",\"potentialAction\":[{\"@type\":\"ReadAction\",\"target\":[\"https:\\\/\\\/batijournal.com\\\/index.php\\\/haut-koe%c2%9cnigsbourg-les-travaux-de-restauration-ont-commence\\\/80959\\\/\"]}]},{\"@type\":\"ImageObject\",\"inLanguage\":\"fr-FR\",\"@id\":\"https:\\\/\\\/batijournal.com\\\/index.php\\\/haut-koe%c2%9cnigsbourg-les-travaux-de-restauration-ont-commence\\\/80959\\\/#primaryimage\",\"url\":\"https:\\\/\\\/batijournal.com\\\/wp-content\\\/uploads\\\/2015\\\/03\\\/09170488.jpg\",\"contentUrl\":\"https:\\\/\\\/batijournal.com\\\/wp-content\\\/uploads\\\/2015\\\/03\\\/09170488.jpg\",\"width\":398,\"height\":599},{\"@type\":\"BreadcrumbList\",\"@id\":\"https:\\\/\\\/batijournal.com\\\/index.php\\\/haut-koe%c2%9cnigsbourg-les-travaux-de-restauration-ont-commence\\\/80959\\\/#breadcrumb\",\"itemListElement\":[{\"@type\":\"ListItem\",\"position\":1,\"name\":\"Accueil\",\"item\":\"https:\\\/\\\/batijournal.com\\\/\"},{\"@type\":\"ListItem\",\"position\":2,\"name\":\"Actualit\u00e9s\",\"item\":\"https:\\\/\\\/batijournal.com\\\/index.php\\\/category\\\/actualites\\\/\"},{\"@type\":\"ListItem\",\"position\":3,\"name\":\"Architecture &amp; Conception\",\"item\":\"https:\\\/\\\/batijournal.com\\\/index.php\\\/category\\\/actualites\\\/architecture-conception\\\/\"},{\"@type\":\"ListItem\",\"position\":4,\"name\":\"Haut-Koe\u009cnigsbourg : les travaux de restauration ont commenc\u00e9\"}]},{\"@type\":\"WebSite\",\"@id\":\"https:\\\/\\\/batijournal.com\\\/#website\",\"url\":\"https:\\\/\\\/batijournal.com\\\/\",\"name\":\"Batijournal\",\"description\":\"L&#039;actualit\u00e9 du b\u00e2timent\",\"potentialAction\":[{\"@type\":\"SearchAction\",\"target\":{\"@type\":\"EntryPoint\",\"urlTemplate\":\"https:\\\/\\\/batijournal.com\\\/?s={search_term_string}\"},\"query-input\":{\"@type\":\"PropertyValueSpecification\",\"valueRequired\":true,\"valueName\":\"search_term_string\"}}],\"inLanguage\":\"fr-FR\"},{\"@type\":\"Person\",\"@id\":\"https:\\\/\\\/batijournal.com\\\/#\\\/schema\\\/person\\\/6a657e8967569e1b299972574848aa76\",\"name\":\"Bati-journal\",\"image\":{\"@type\":\"ImageObject\",\"inLanguage\":\"fr-FR\",\"@id\":\"https:\\\/\\\/secure.gravatar.com\\\/avatar\\\/a64364ea26392f9b4dd47e017ddaec74ff03aefc073b49e492e847201258f777?s=96&d=mm&r=g\",\"url\":\"https:\\\/\\\/secure.gravatar.com\\\/avatar\\\/a64364ea26392f9b4dd47e017ddaec74ff03aefc073b49e492e847201258f777?s=96&d=mm&r=g\",\"contentUrl\":\"https:\\\/\\\/secure.gravatar.com\\\/avatar\\\/a64364ea26392f9b4dd47e017ddaec74ff03aefc073b49e492e847201258f777?s=96&d=mm&r=g\",\"caption\":\"Bati-journal\"},\"url\":\"https:\\\/\\\/batijournal.com\\\/index.php\\\/author\\\/elodie\\\/\"}]}<\/script>\n<!-- \/ Yoast SEO plugin. -->","yoast_head_json":{"title":"Haut-Koe\u009cnigsbourg : les travaux de restauration ont commenc\u00e9","robots":{"index":"index","follow":"follow","max-snippet":"max-snippet:-1","max-image-preview":"max-image-preview:large","max-video-preview":"max-video-preview:-1"},"canonical":"https:\/\/batijournal.com\/index.php\/haut-koe\u009cnigsbourg-les-travaux-de-restauration-ont-commence\/80959\/","og_locale":"fr_FR","og_type":"article","og_title":"Haut-Koe\u009cnigsbourg : les travaux de restauration ont commenc\u00e9","og_description":"Le ch\u00e2teau du Haut-Koe\u009cnigsbourg est entr\u00e9 le 1er f\u00e9vrier 2010, dans la premi\u00e8re phase du sch\u00e9ma directeur des travaux, d\u00e9fini en 2007 par le Conseil G\u00e9n\u00e9ral du Bas-Rhin et l&rsquo;\u0092architecte en chef des monuments historiques. Il s\u0092&rsquo;agit, aux termes de plusieurs ann\u00e9es de travaux d&rsquo;\u0092envergure, d&rsquo;\u0092am\u00e9liorer l\u0092&rsquo;accueil et la s\u00e9curit\u00e9 des visiteurs, de remettre aux [&hellip;]","og_url":"https:\/\/batijournal.com\/index.php\/haut-koe\u009cnigsbourg-les-travaux-de-restauration-ont-commence\/80959\/","og_site_name":"Batijournal","article_published_time":"2010-02-02T23:00:00+00:00","article_modified_time":"2019-07-15T09:29:58+00:00","og_image":[{"width":398,"height":599,"url":"https:\/\/batijournal.com\/wp-content\/uploads\/2015\/03\/09170488.jpg","type":"image\/jpeg"}],"author":"Bati-journal","twitter_card":"summary_large_image","twitter_creator":"@bati_journal","twitter_site":"@bati_journal","twitter_misc":{"\u00c9crit par":"Bati-journal","Dur\u00e9e de lecture estim\u00e9e":"2 minutes"},"schema":{"@context":"https:\/\/schema.org","@graph":[{"@type":"Article","@id":"https:\/\/batijournal.com\/index.php\/haut-koe%c2%9cnigsbourg-les-travaux-de-restauration-ont-commence\/80959\/#article","isPartOf":{"@id":"https:\/\/batijournal.com\/index.php\/haut-koe%c2%9cnigsbourg-les-travaux-de-restauration-ont-commence\/80959\/"},"author":{"name":"Bati-journal","@id":"https:\/\/batijournal.com\/#\/schema\/person\/6a657e8967569e1b299972574848aa76"},"headline":"Haut-Koe\u009cnigsbourg : les travaux de restauration ont commenc\u00e9","datePublished":"2010-02-02T23:00:00+00:00","dateModified":"2019-07-15T09:29:58+00:00","mainEntityOfPage":{"@id":"https:\/\/batijournal.com\/index.php\/haut-koe%c2%9cnigsbourg-les-travaux-de-restauration-ont-commence\/80959\/"},"wordCount":374,"commentCount":0,"image":{"@id":"https:\/\/batijournal.com\/index.php\/haut-koe%c2%9cnigsbourg-les-travaux-de-restauration-ont-commence\/80959\/#primaryimage"},"thumbnailUrl":"https:\/\/batijournal.com\/wp-content\/uploads\/2015\/03\/09170488.jpg","keywords":["haut koenigsbourg","restauration"],"articleSection":["Architecture &amp; Conception"],"inLanguage":"fr-FR","potentialAction":[{"@type":"CommentAction","name":"Comment","target":["https:\/\/batijournal.com\/index.php\/haut-koe%c2%9cnigsbourg-les-travaux-de-restauration-ont-commence\/80959\/#respond"]}]},{"@type":"WebPage","@id":"https:\/\/batijournal.com\/index.php\/haut-koe%c2%9cnigsbourg-les-travaux-de-restauration-ont-commence\/80959\/","url":"https:\/\/batijournal.com\/index.php\/haut-koe%c2%9cnigsbourg-les-travaux-de-restauration-ont-commence\/80959\/","name":"Haut-Koe\u009cnigsbourg : les travaux de restauration ont commenc\u00e9","isPartOf":{"@id":"https:\/\/batijournal.com\/#website"},"primaryImageOfPage":{"@id":"https:\/\/batijournal.com\/index.php\/haut-koe%c2%9cnigsbourg-les-travaux-de-restauration-ont-commence\/80959\/#primaryimage"},"image":{"@id":"https:\/\/batijournal.com\/index.php\/haut-koe%c2%9cnigsbourg-les-travaux-de-restauration-ont-commence\/80959\/#primaryimage"},"thumbnailUrl":"https:\/\/batijournal.com\/wp-content\/uploads\/2015\/03\/09170488.jpg","datePublished":"2010-02-02T23:00:00+00:00","dateModified":"2019-07-15T09:29:58+00:00","author":{"@id":"https:\/\/batijournal.com\/#\/schema\/person\/6a657e8967569e1b299972574848aa76"},"breadcrumb":{"@id":"https:\/\/batijournal.com\/index.php\/haut-koe%c2%9cnigsbourg-les-travaux-de-restauration-ont-commence\/80959\/#breadcrumb"},"inLanguage":"fr-FR","potentialAction":[{"@type":"ReadAction","target":["https:\/\/batijournal.com\/index.php\/haut-koe%c2%9cnigsbourg-les-travaux-de-restauration-ont-commence\/80959\/"]}]},{"@type":"ImageObject","inLanguage":"fr-FR","@id":"https:\/\/batijournal.com\/index.php\/haut-koe%c2%9cnigsbourg-les-travaux-de-restauration-ont-commence\/80959\/#primaryimage","url":"https:\/\/batijournal.com\/wp-content\/uploads\/2015\/03\/09170488.jpg","contentUrl":"https:\/\/batijournal.com\/wp-content\/uploads\/2015\/03\/09170488.jpg","width":398,"height":599},{"@type":"BreadcrumbList","@id":"https:\/\/batijournal.com\/index.php\/haut-koe%c2%9cnigsbourg-les-travaux-de-restauration-ont-commence\/80959\/#breadcrumb","itemListElement":[{"@type":"ListItem","position":1,"name":"Accueil","item":"https:\/\/batijournal.com\/"},{"@type":"ListItem","position":2,"name":"Actualit\u00e9s","item":"https:\/\/batijournal.com\/index.php\/category\/actualites\/"},{"@type":"ListItem","position":3,"name":"Architecture &amp; Conception","item":"https:\/\/batijournal.com\/index.php\/category\/actualites\/architecture-conception\/"},{"@type":"ListItem","position":4,"name":"Haut-Koe\u009cnigsbourg : les travaux de restauration ont commenc\u00e9"}]},{"@type":"WebSite","@id":"https:\/\/batijournal.com\/#website","url":"https:\/\/batijournal.com\/","name":"Batijournal","description":"L&#039;actualit\u00e9 du b\u00e2timent","potentialAction":[{"@type":"SearchAction","target":{"@type":"EntryPoint","urlTemplate":"https:\/\/batijournal.com\/?s={search_term_string}"},"query-input":{"@type":"PropertyValueSpecification","valueRequired":true,"valueName":"search_term_string"}}],"inLanguage":"fr-FR"},{"@type":"Person","@id":"https:\/\/batijournal.com\/#\/schema\/person\/6a657e8967569e1b299972574848aa76","name":"Bati-journal","image":{"@type":"ImageObject","inLanguage":"fr-FR","@id":"https:\/\/secure.gravatar.com\/avatar\/a64364ea26392f9b4dd47e017ddaec74ff03aefc073b49e492e847201258f777?s=96&d=mm&r=g","url":"https:\/\/secure.gravatar.com\/avatar\/a64364ea26392f9b4dd47e017ddaec74ff03aefc073b49e492e847201258f777?s=96&d=mm&r=g","contentUrl":"https:\/\/secure.gravatar.com\/avatar\/a64364ea26392f9b4dd47e017ddaec74ff03aefc073b49e492e847201258f777?s=96&d=mm&r=g","caption":"Bati-journal"},"url":"https:\/\/batijournal.com\/index.php\/author\/elodie\/"}]}},"_links":{"self":[{"href":"https:\/\/batijournal.com\/index.php\/wp-json\/wp\/v2\/posts\/80959","targetHints":{"allow":["GET"]}}],"collection":[{"href":"https:\/\/batijournal.com\/index.php\/wp-json\/wp\/v2\/posts"}],"about":[{"href":"https:\/\/batijournal.com\/index.php\/wp-json\/wp\/v2\/types\/post"}],"author":[{"embeddable":true,"href":"https:\/\/batijournal.com\/index.php\/wp-json\/wp\/v2\/users\/1"}],"replies":[{"embeddable":true,"href":"https:\/\/batijournal.com\/index.php\/wp-json\/wp\/v2\/comments?post=80959"}],"version-history":[{"count":0,"href":"https:\/\/batijournal.com\/index.php\/wp-json\/wp\/v2\/posts\/80959\/revisions"}],"wp:featuredmedia":[{"embeddable":true,"href":"https:\/\/batijournal.com\/index.php\/wp-json\/wp\/v2\/media\/80960"}],"wp:attachment":[{"href":"https:\/\/batijournal.com\/index.php\/wp-json\/wp\/v2\/media?parent=80959"}],"wp:term":[{"taxonomy":"category","embeddable":true,"href":"https:\/\/batijournal.com\/index.php\/wp-json\/wp\/v2\/categories?post=80959"},{"taxonomy":"post_tag","embeddable":true,"href":"https:\/\/batijournal.com\/index.php\/wp-json\/wp\/v2\/tags?post=80959"}],"curies":[{"name":"wp","href":"https:\/\/api.w.org\/{rel}","templated":true}]}}