{"id":80995,"date":"2010-05-28T00:00:00","date_gmt":"2010-05-27T22:00:00","guid":{"rendered":"http:\/\/b.bati-journal.com\/un-siege-social-militant-pour-lecoconstruction\/80995"},"modified":"2019-07-15T11:29:53","modified_gmt":"2019-07-15T09:29:53","slug":"un-siege-social-militant-pour-lecoconstruction","status":"publish","type":"post","link":"https:\/\/batijournal.com\/index.php\/un-siege-social-militant-pour-lecoconstruction\/80995\/","title":{"rendered":"Un si\u00e8ge social militant pour l&rsquo;\u00e9coconstruction"},"content":{"rendered":"<p>C&rsquo;est Salini Groupe qui assurera la construction du nouveau si\u00e8ge social de la Scamac, sp\u00e9cialiste de la logistique et de l&rsquo;immobilier d&rsquo;entreprise, qui prendra ainsi ses nouveaux quartiers dans le courant du premier semestre 2011 \u00e0 Bussy-Saint-Martin (77), domaine r\u00e9git par l&rsquo;Epamarne (Etablissement public d&rsquo;am\u00e9nagement pour le d\u00e9veloppement \u00e9conomique de Marne-la-Vall\u00e9e). Priorit\u00e9 a \u00e9t\u00e9 donn\u00e9e \u00e0 une conception qui favorise la r\u00e9duction des d\u00e9penses de fonctionnement et milite en faveur d&rsquo;une \u00e9coconstruction. A savoir une int\u00e9gration du b\u00e2timent en bordure du parc de Rentilly qui respecte l&rsquo;environnement local, ou encore un traitement paysager soign\u00e9 prenant en compte le recyclage des eaux pluviales. En fa\u00e7ade, les percements sont abrit\u00e9s par des brise-soleil de terre cuite qui s&rsquo;inscrivent dans le plan des fa\u00e7ades courantes. C\u00f4t\u00e9 performances \u00e9nerg\u00e9tiques, Salini apporte, conform\u00e9ment aux exigences, des solutions d&rsquo;approvisionnement en \u00e9nergie au b\u00e2timent ayant recours notamment aux \u00e9nergies renouvelables comme l&rsquo;installation d&rsquo;une PAC air\/air, d&rsquo;un puits canadien et d&rsquo;un r\u00e9cup\u00e9rateur d&rsquo;eau de pluie en plus d&rsquo;une isolation renforc\u00e9e gr\u00e2ce \u00e0 une v\u00eature en terre cuite qui couvre l&rsquo;isolation thermique par l&rsquo;ext\u00e9rieur.<\/p>\n","protected":false},"excerpt":{"rendered":"<p>C&rsquo;est Salini Groupe qui assurera la construction du nouveau si\u00e8ge social de la Scamac, sp\u00e9cialiste de la logistique et de l&rsquo;immobilier d&rsquo;entreprise, qui prendra ainsi ses nouveaux quartiers dans le courant du premier semestre 2011 \u00e0 Bussy-Saint-Martin (77), domaine r\u00e9git par l&rsquo;Epamarne (Etablissement public d&rsquo;am\u00e9nagement pour le d\u00e9veloppement \u00e9conomique de Marne-la-Vall\u00e9e). Priorit\u00e9 a \u00e9t\u00e9 donn\u00e9e [&hellip;]<\/p>\n","protected":false},"author":1,"featured_media":80996,"comment_status":"open","ping_status":"closed","sticky":false,"template":"","format":"standard","meta":{"_et_pb_use_builder":"","_et_pb_old_content":"","_et_gb_content_width":"","footnotes":""},"categories":[6340],"tags":[6859],"class_list":["post-80995","post","type-post","status-publish","format-standard","has-post-thumbnail","hentry","category-architecture-conception","tag-realisation-durable"],"yoast_head":"<!-- This site is optimized with the Yoast SEO plugin v27.4 - https:\/\/yoast.com\/product\/yoast-seo-wordpress\/ -->\n<title>Un si\u00e8ge social militant pour l&#039;\u00e9coconstruction<\/title>\n<meta name=\"robots\" content=\"index, follow, max-snippet:-1, max-image-preview:large, max-video-preview:-1\" \/>\n<link rel=\"canonical\" href=\"https:\/\/batijournal.com\/index.php\/un-siege-social-militant-pour-lecoconstruction\/80995\/\" \/>\n<meta property=\"og:locale\" content=\"fr_FR\" \/>\n<meta property=\"og:type\" content=\"article\" \/>\n<meta property=\"og:title\" content=\"Un si\u00e8ge social militant pour l&#039;\u00e9coconstruction\" \/>\n<meta property=\"og:description\" content=\"C&rsquo;est Salini Groupe qui assurera la construction du nouveau si\u00e8ge social de la Scamac, sp\u00e9cialiste de la logistique et de l&rsquo;immobilier d&rsquo;entreprise, qui prendra ainsi ses nouveaux quartiers dans le courant du premier semestre 2011 \u00e0 Bussy-Saint-Martin (77), domaine r\u00e9git par l&rsquo;Epamarne (Etablissement public d&rsquo;am\u00e9nagement pour le d\u00e9veloppement \u00e9conomique de Marne-la-Vall\u00e9e). Priorit\u00e9 a \u00e9t\u00e9 donn\u00e9e [&hellip;]\" \/>\n<meta property=\"og:url\" content=\"https:\/\/batijournal.com\/index.php\/un-siege-social-militant-pour-lecoconstruction\/80995\/\" \/>\n<meta property=\"og:site_name\" content=\"Batijournal\" \/>\n<meta property=\"article:published_time\" content=\"2010-05-27T22:00:00+00:00\" \/>\n<meta property=\"article:modified_time\" content=\"2019-07-15T09:29:53+00:00\" \/>\n<meta property=\"og:image\" content=\"https:\/\/batijournal.com\/wp-content\/uploads\/2015\/03\/12916209.jpg\" \/>\n\t<meta property=\"og:image:width\" content=\"599\" \/>\n\t<meta property=\"og:image:height\" content=\"318\" \/>\n\t<meta property=\"og:image:type\" content=\"image\/jpeg\" \/>\n<meta name=\"author\" content=\"Bati-journal\" \/>\n<meta name=\"twitter:card\" content=\"summary_large_image\" \/>\n<meta name=\"twitter:creator\" content=\"@bati_journal\" \/>\n<meta name=\"twitter:site\" content=\"@bati_journal\" \/>\n<meta name=\"twitter:label1\" content=\"\u00c9crit par\" \/>\n\t<meta name=\"twitter:data1\" content=\"Bati-journal\" \/>\n\t<meta name=\"twitter:label2\" content=\"Dur\u00e9e de lecture estim\u00e9e\" \/>\n\t<meta name=\"twitter:data2\" content=\"1 minute\" \/>\n<script type=\"application\/ld+json\" class=\"yoast-schema-graph\">{\"@context\":\"https:\\\/\\\/schema.org\",\"@graph\":[{\"@type\":\"Article\",\"@id\":\"https:\\\/\\\/batijournal.com\\\/index.php\\\/un-siege-social-militant-pour-lecoconstruction\\\/80995\\\/#article\",\"isPartOf\":{\"@id\":\"https:\\\/\\\/batijournal.com\\\/index.php\\\/un-siege-social-militant-pour-lecoconstruction\\\/80995\\\/\"},\"author\":{\"name\":\"Bati-journal\",\"@id\":\"https:\\\/\\\/batijournal.com\\\/#\\\/schema\\\/person\\\/6a657e8967569e1b299972574848aa76\"},\"headline\":\"Un si\u00e8ge social militant pour l&rsquo;\u00e9coconstruction\",\"datePublished\":\"2010-05-27T22:00:00+00:00\",\"dateModified\":\"2019-07-15T09:29:53+00:00\",\"mainEntityOfPage\":{\"@id\":\"https:\\\/\\\/batijournal.com\\\/index.php\\\/un-siege-social-militant-pour-lecoconstruction\\\/80995\\\/\"},\"wordCount\":220,\"commentCount\":0,\"image\":{\"@id\":\"https:\\\/\\\/batijournal.com\\\/index.php\\\/un-siege-social-militant-pour-lecoconstruction\\\/80995\\\/#primaryimage\"},\"thumbnailUrl\":\"https:\\\/\\\/batijournal.com\\\/wp-content\\\/uploads\\\/2015\\\/03\\\/12916209.jpg\",\"keywords\":[\"realisation durable\"],\"articleSection\":[\"Architecture &amp; Conception\"],\"inLanguage\":\"fr-FR\",\"potentialAction\":[{\"@type\":\"CommentAction\",\"name\":\"Comment\",\"target\":[\"https:\\\/\\\/batijournal.com\\\/index.php\\\/un-siege-social-militant-pour-lecoconstruction\\\/80995\\\/#respond\"]}]},{\"@type\":\"WebPage\",\"@id\":\"https:\\\/\\\/batijournal.com\\\/index.php\\\/un-siege-social-militant-pour-lecoconstruction\\\/80995\\\/\",\"url\":\"https:\\\/\\\/batijournal.com\\\/index.php\\\/un-siege-social-militant-pour-lecoconstruction\\\/80995\\\/\",\"name\":\"Un si\u00e8ge social militant pour l'\u00e9coconstruction\",\"isPartOf\":{\"@id\":\"https:\\\/\\\/batijournal.com\\\/#website\"},\"primaryImageOfPage\":{\"@id\":\"https:\\\/\\\/batijournal.com\\\/index.php\\\/un-siege-social-militant-pour-lecoconstruction\\\/80995\\\/#primaryimage\"},\"image\":{\"@id\":\"https:\\\/\\\/batijournal.com\\\/index.php\\\/un-siege-social-militant-pour-lecoconstruction\\\/80995\\\/#primaryimage\"},\"thumbnailUrl\":\"https:\\\/\\\/batijournal.com\\\/wp-content\\\/uploads\\\/2015\\\/03\\\/12916209.jpg\",\"datePublished\":\"2010-05-27T22:00:00+00:00\",\"dateModified\":\"2019-07-15T09:29:53+00:00\",\"author\":{\"@id\":\"https:\\\/\\\/batijournal.com\\\/#\\\/schema\\\/person\\\/6a657e8967569e1b299972574848aa76\"},\"breadcrumb\":{\"@id\":\"https:\\\/\\\/batijournal.com\\\/index.php\\\/un-siege-social-militant-pour-lecoconstruction\\\/80995\\\/#breadcrumb\"},\"inLanguage\":\"fr-FR\",\"potentialAction\":[{\"@type\":\"ReadAction\",\"target\":[\"https:\\\/\\\/batijournal.com\\\/index.php\\\/un-siege-social-militant-pour-lecoconstruction\\\/80995\\\/\"]}]},{\"@type\":\"ImageObject\",\"inLanguage\":\"fr-FR\",\"@id\":\"https:\\\/\\\/batijournal.com\\\/index.php\\\/un-siege-social-militant-pour-lecoconstruction\\\/80995\\\/#primaryimage\",\"url\":\"https:\\\/\\\/batijournal.com\\\/wp-content\\\/uploads\\\/2015\\\/03\\\/12916209.jpg\",\"contentUrl\":\"https:\\\/\\\/batijournal.com\\\/wp-content\\\/uploads\\\/2015\\\/03\\\/12916209.jpg\",\"width\":599,\"height\":318},{\"@type\":\"BreadcrumbList\",\"@id\":\"https:\\\/\\\/batijournal.com\\\/index.php\\\/un-siege-social-militant-pour-lecoconstruction\\\/80995\\\/#breadcrumb\",\"itemListElement\":[{\"@type\":\"ListItem\",\"position\":1,\"name\":\"Accueil\",\"item\":\"https:\\\/\\\/batijournal.com\\\/\"},{\"@type\":\"ListItem\",\"position\":2,\"name\":\"Actualit\u00e9s\",\"item\":\"https:\\\/\\\/batijournal.com\\\/index.php\\\/category\\\/actualites\\\/\"},{\"@type\":\"ListItem\",\"position\":3,\"name\":\"Architecture &amp; Conception\",\"item\":\"https:\\\/\\\/batijournal.com\\\/index.php\\\/category\\\/actualites\\\/architecture-conception\\\/\"},{\"@type\":\"ListItem\",\"position\":4,\"name\":\"Un si\u00e8ge social militant pour l&rsquo;\u00e9coconstruction\"}]},{\"@type\":\"WebSite\",\"@id\":\"https:\\\/\\\/batijournal.com\\\/#website\",\"url\":\"https:\\\/\\\/batijournal.com\\\/\",\"name\":\"Batijournal\",\"description\":\"L&#039;actualit\u00e9 du b\u00e2timent\",\"potentialAction\":[{\"@type\":\"SearchAction\",\"target\":{\"@type\":\"EntryPoint\",\"urlTemplate\":\"https:\\\/\\\/batijournal.com\\\/?s={search_term_string}\"},\"query-input\":{\"@type\":\"PropertyValueSpecification\",\"valueRequired\":true,\"valueName\":\"search_term_string\"}}],\"inLanguage\":\"fr-FR\"},{\"@type\":\"Person\",\"@id\":\"https:\\\/\\\/batijournal.com\\\/#\\\/schema\\\/person\\\/6a657e8967569e1b299972574848aa76\",\"name\":\"Bati-journal\",\"image\":{\"@type\":\"ImageObject\",\"inLanguage\":\"fr-FR\",\"@id\":\"https:\\\/\\\/secure.gravatar.com\\\/avatar\\\/a64364ea26392f9b4dd47e017ddaec74ff03aefc073b49e492e847201258f777?s=96&d=mm&r=g\",\"url\":\"https:\\\/\\\/secure.gravatar.com\\\/avatar\\\/a64364ea26392f9b4dd47e017ddaec74ff03aefc073b49e492e847201258f777?s=96&d=mm&r=g\",\"contentUrl\":\"https:\\\/\\\/secure.gravatar.com\\\/avatar\\\/a64364ea26392f9b4dd47e017ddaec74ff03aefc073b49e492e847201258f777?s=96&d=mm&r=g\",\"caption\":\"Bati-journal\"},\"url\":\"https:\\\/\\\/batijournal.com\\\/index.php\\\/author\\\/elodie\\\/\"}]}<\/script>\n<!-- \/ Yoast SEO plugin. -->","yoast_head_json":{"title":"Un si\u00e8ge social militant pour l'\u00e9coconstruction","robots":{"index":"index","follow":"follow","max-snippet":"max-snippet:-1","max-image-preview":"max-image-preview:large","max-video-preview":"max-video-preview:-1"},"canonical":"https:\/\/batijournal.com\/index.php\/un-siege-social-militant-pour-lecoconstruction\/80995\/","og_locale":"fr_FR","og_type":"article","og_title":"Un si\u00e8ge social militant pour l'\u00e9coconstruction","og_description":"C&rsquo;est Salini Groupe qui assurera la construction du nouveau si\u00e8ge social de la Scamac, sp\u00e9cialiste de la logistique et de l&rsquo;immobilier d&rsquo;entreprise, qui prendra ainsi ses nouveaux quartiers dans le courant du premier semestre 2011 \u00e0 Bussy-Saint-Martin (77), domaine r\u00e9git par l&rsquo;Epamarne (Etablissement public d&rsquo;am\u00e9nagement pour le d\u00e9veloppement \u00e9conomique de Marne-la-Vall\u00e9e). Priorit\u00e9 a \u00e9t\u00e9 donn\u00e9e [&hellip;]","og_url":"https:\/\/batijournal.com\/index.php\/un-siege-social-militant-pour-lecoconstruction\/80995\/","og_site_name":"Batijournal","article_published_time":"2010-05-27T22:00:00+00:00","article_modified_time":"2019-07-15T09:29:53+00:00","og_image":[{"width":599,"height":318,"url":"https:\/\/batijournal.com\/wp-content\/uploads\/2015\/03\/12916209.jpg","type":"image\/jpeg"}],"author":"Bati-journal","twitter_card":"summary_large_image","twitter_creator":"@bati_journal","twitter_site":"@bati_journal","twitter_misc":{"\u00c9crit par":"Bati-journal","Dur\u00e9e de lecture estim\u00e9e":"1 minute"},"schema":{"@context":"https:\/\/schema.org","@graph":[{"@type":"Article","@id":"https:\/\/batijournal.com\/index.php\/un-siege-social-militant-pour-lecoconstruction\/80995\/#article","isPartOf":{"@id":"https:\/\/batijournal.com\/index.php\/un-siege-social-militant-pour-lecoconstruction\/80995\/"},"author":{"name":"Bati-journal","@id":"https:\/\/batijournal.com\/#\/schema\/person\/6a657e8967569e1b299972574848aa76"},"headline":"Un si\u00e8ge social militant pour l&rsquo;\u00e9coconstruction","datePublished":"2010-05-27T22:00:00+00:00","dateModified":"2019-07-15T09:29:53+00:00","mainEntityOfPage":{"@id":"https:\/\/batijournal.com\/index.php\/un-siege-social-militant-pour-lecoconstruction\/80995\/"},"wordCount":220,"commentCount":0,"image":{"@id":"https:\/\/batijournal.com\/index.php\/un-siege-social-militant-pour-lecoconstruction\/80995\/#primaryimage"},"thumbnailUrl":"https:\/\/batijournal.com\/wp-content\/uploads\/2015\/03\/12916209.jpg","keywords":["realisation durable"],"articleSection":["Architecture &amp; Conception"],"inLanguage":"fr-FR","potentialAction":[{"@type":"CommentAction","name":"Comment","target":["https:\/\/batijournal.com\/index.php\/un-siege-social-militant-pour-lecoconstruction\/80995\/#respond"]}]},{"@type":"WebPage","@id":"https:\/\/batijournal.com\/index.php\/un-siege-social-militant-pour-lecoconstruction\/80995\/","url":"https:\/\/batijournal.com\/index.php\/un-siege-social-militant-pour-lecoconstruction\/80995\/","name":"Un si\u00e8ge social militant pour l'\u00e9coconstruction","isPartOf":{"@id":"https:\/\/batijournal.com\/#website"},"primaryImageOfPage":{"@id":"https:\/\/batijournal.com\/index.php\/un-siege-social-militant-pour-lecoconstruction\/80995\/#primaryimage"},"image":{"@id":"https:\/\/batijournal.com\/index.php\/un-siege-social-militant-pour-lecoconstruction\/80995\/#primaryimage"},"thumbnailUrl":"https:\/\/batijournal.com\/wp-content\/uploads\/2015\/03\/12916209.jpg","datePublished":"2010-05-27T22:00:00+00:00","dateModified":"2019-07-15T09:29:53+00:00","author":{"@id":"https:\/\/batijournal.com\/#\/schema\/person\/6a657e8967569e1b299972574848aa76"},"breadcrumb":{"@id":"https:\/\/batijournal.com\/index.php\/un-siege-social-militant-pour-lecoconstruction\/80995\/#breadcrumb"},"inLanguage":"fr-FR","potentialAction":[{"@type":"ReadAction","target":["https:\/\/batijournal.com\/index.php\/un-siege-social-militant-pour-lecoconstruction\/80995\/"]}]},{"@type":"ImageObject","inLanguage":"fr-FR","@id":"https:\/\/batijournal.com\/index.php\/un-siege-social-militant-pour-lecoconstruction\/80995\/#primaryimage","url":"https:\/\/batijournal.com\/wp-content\/uploads\/2015\/03\/12916209.jpg","contentUrl":"https:\/\/batijournal.com\/wp-content\/uploads\/2015\/03\/12916209.jpg","width":599,"height":318},{"@type":"BreadcrumbList","@id":"https:\/\/batijournal.com\/index.php\/un-siege-social-militant-pour-lecoconstruction\/80995\/#breadcrumb","itemListElement":[{"@type":"ListItem","position":1,"name":"Accueil","item":"https:\/\/batijournal.com\/"},{"@type":"ListItem","position":2,"name":"Actualit\u00e9s","item":"https:\/\/batijournal.com\/index.php\/category\/actualites\/"},{"@type":"ListItem","position":3,"name":"Architecture &amp; Conception","item":"https:\/\/batijournal.com\/index.php\/category\/actualites\/architecture-conception\/"},{"@type":"ListItem","position":4,"name":"Un si\u00e8ge social militant pour l&rsquo;\u00e9coconstruction"}]},{"@type":"WebSite","@id":"https:\/\/batijournal.com\/#website","url":"https:\/\/batijournal.com\/","name":"Batijournal","description":"L&#039;actualit\u00e9 du b\u00e2timent","potentialAction":[{"@type":"SearchAction","target":{"@type":"EntryPoint","urlTemplate":"https:\/\/batijournal.com\/?s={search_term_string}"},"query-input":{"@type":"PropertyValueSpecification","valueRequired":true,"valueName":"search_term_string"}}],"inLanguage":"fr-FR"},{"@type":"Person","@id":"https:\/\/batijournal.com\/#\/schema\/person\/6a657e8967569e1b299972574848aa76","name":"Bati-journal","image":{"@type":"ImageObject","inLanguage":"fr-FR","@id":"https:\/\/secure.gravatar.com\/avatar\/a64364ea26392f9b4dd47e017ddaec74ff03aefc073b49e492e847201258f777?s=96&d=mm&r=g","url":"https:\/\/secure.gravatar.com\/avatar\/a64364ea26392f9b4dd47e017ddaec74ff03aefc073b49e492e847201258f777?s=96&d=mm&r=g","contentUrl":"https:\/\/secure.gravatar.com\/avatar\/a64364ea26392f9b4dd47e017ddaec74ff03aefc073b49e492e847201258f777?s=96&d=mm&r=g","caption":"Bati-journal"},"url":"https:\/\/batijournal.com\/index.php\/author\/elodie\/"}]}},"_links":{"self":[{"href":"https:\/\/batijournal.com\/index.php\/wp-json\/wp\/v2\/posts\/80995","targetHints":{"allow":["GET"]}}],"collection":[{"href":"https:\/\/batijournal.com\/index.php\/wp-json\/wp\/v2\/posts"}],"about":[{"href":"https:\/\/batijournal.com\/index.php\/wp-json\/wp\/v2\/types\/post"}],"author":[{"embeddable":true,"href":"https:\/\/batijournal.com\/index.php\/wp-json\/wp\/v2\/users\/1"}],"replies":[{"embeddable":true,"href":"https:\/\/batijournal.com\/index.php\/wp-json\/wp\/v2\/comments?post=80995"}],"version-history":[{"count":0,"href":"https:\/\/batijournal.com\/index.php\/wp-json\/wp\/v2\/posts\/80995\/revisions"}],"wp:featuredmedia":[{"embeddable":true,"href":"https:\/\/batijournal.com\/index.php\/wp-json\/wp\/v2\/media\/80996"}],"wp:attachment":[{"href":"https:\/\/batijournal.com\/index.php\/wp-json\/wp\/v2\/media?parent=80995"}],"wp:term":[{"taxonomy":"category","embeddable":true,"href":"https:\/\/batijournal.com\/index.php\/wp-json\/wp\/v2\/categories?post=80995"},{"taxonomy":"post_tag","embeddable":true,"href":"https:\/\/batijournal.com\/index.php\/wp-json\/wp\/v2\/tags?post=80995"}],"curies":[{"name":"wp","href":"https:\/\/api.w.org\/{rel}","templated":true}]}}