{"id":81008,"date":"2010-06-24T00:00:00","date_gmt":"2010-06-23T22:00:00","guid":{"rendered":"http:\/\/b.bati-journal.com\/quatre-candidats-retenus-par-le-jury-du-projet-citadelle-damiens\/81008"},"modified":"2019-07-15T11:29:51","modified_gmt":"2019-07-15T09:29:51","slug":"quatre-candidats-retenus-par-le-jury-du-projet-citadelle-damiens","status":"publish","type":"post","link":"https:\/\/batijournal.com\/index.php\/quatre-candidats-retenus-par-le-jury-du-projet-citadelle-damiens\/81008\/","title":{"rendered":"Quatre candidats retenus par le jury du projet Citadelle d&rsquo;Amiens"},"content":{"rendered":"<p>Gilles Demailly, pr\u00e9sident d&rsquo;Amiens M\u00e9tropole et pr\u00e9sident du jury du concours Citadelle d&rsquo;Amiens a rendu public le 23 juin les noms des quatre candidats retenus parmi les 72 candidatures adress\u00e9es. Suite \u00e0 ses d\u00e9lib\u00e9rations du 22 juin, le jury a d\u00e9sign\u00e9 les agences de Jean Nouvel &#8211; Mus\u00e9e du Quai Branly, Institut du Monde Arabe &#8211; de Dominique Perrault &#8211; Biblioth\u00e8que Nationale de France &#8211; de Francis Soler &#8211; minist\u00e8re de la Culture &#8211; et de l&rsquo;Italien Renzo Piano &#8211; centre Georges-Pompidou. Ces quatre \u00e9quipes vont travailler dans les prochains mois afin de remettre leurs projets en octobre prochain. Le jury se r\u00e9unira \u00e0 nouveau le 14 d\u00e9cembre pour les examiner.<\/p>\n","protected":false},"excerpt":{"rendered":"<p>Gilles Demailly, pr\u00e9sident d&rsquo;Amiens M\u00e9tropole et pr\u00e9sident du jury du concours Citadelle d&rsquo;Amiens a rendu public le 23 juin les noms des quatre candidats retenus parmi les 72 candidatures adress\u00e9es. Suite \u00e0 ses d\u00e9lib\u00e9rations du 22 juin, le jury a d\u00e9sign\u00e9 les agences de Jean Nouvel &#8211; Mus\u00e9e du Quai Branly, Institut du Monde Arabe [&hellip;]<\/p>\n","protected":false},"author":1,"featured_media":81009,"comment_status":"open","ping_status":"closed","sticky":false,"template":"","format":"standard","meta":{"_et_pb_use_builder":"","_et_pb_old_content":"","_et_gb_content_width":"","footnotes":""},"categories":[6340],"tags":[6861],"class_list":["post-81008","post","type-post","status-publish","format-standard","has-post-thumbnail","hentry","category-architecture-conception","tag-citadelle-damiens"],"yoast_head":"<!-- This site is optimized with the Yoast SEO plugin v27.4 - https:\/\/yoast.com\/product\/yoast-seo-wordpress\/ -->\n<title>Quatre candidats retenus par le jury du projet Citadelle d&#039;Amiens<\/title>\n<meta name=\"robots\" content=\"index, follow, max-snippet:-1, max-image-preview:large, max-video-preview:-1\" \/>\n<link rel=\"canonical\" href=\"https:\/\/batijournal.com\/index.php\/quatre-candidats-retenus-par-le-jury-du-projet-citadelle-damiens\/81008\/\" \/>\n<meta property=\"og:locale\" content=\"fr_FR\" \/>\n<meta property=\"og:type\" content=\"article\" \/>\n<meta property=\"og:title\" content=\"Quatre candidats retenus par le jury du projet Citadelle d&#039;Amiens\" \/>\n<meta property=\"og:description\" content=\"Gilles Demailly, pr\u00e9sident d&rsquo;Amiens M\u00e9tropole et pr\u00e9sident du jury du concours Citadelle d&rsquo;Amiens a rendu public le 23 juin les noms des quatre candidats retenus parmi les 72 candidatures adress\u00e9es. Suite \u00e0 ses d\u00e9lib\u00e9rations du 22 juin, le jury a d\u00e9sign\u00e9 les agences de Jean Nouvel &#8211; Mus\u00e9e du Quai Branly, Institut du Monde Arabe [&hellip;]\" \/>\n<meta property=\"og:url\" content=\"https:\/\/batijournal.com\/index.php\/quatre-candidats-retenus-par-le-jury-du-projet-citadelle-damiens\/81008\/\" \/>\n<meta property=\"og:site_name\" content=\"Batijournal\" \/>\n<meta property=\"article:published_time\" content=\"2010-06-23T22:00:00+00:00\" \/>\n<meta property=\"article:modified_time\" content=\"2019-07-15T09:29:51+00:00\" \/>\n<meta property=\"og:image\" content=\"https:\/\/batijournal.com\/wp-content\/uploads\/2015\/03\/138413832.jpg\" \/>\n\t<meta property=\"og:image:width\" content=\"600\" \/>\n\t<meta property=\"og:image:height\" content=\"600\" \/>\n\t<meta property=\"og:image:type\" content=\"image\/jpeg\" \/>\n<meta name=\"author\" content=\"Bati-journal\" \/>\n<meta name=\"twitter:card\" content=\"summary_large_image\" \/>\n<meta name=\"twitter:creator\" content=\"@bati_journal\" \/>\n<meta name=\"twitter:site\" content=\"@bati_journal\" \/>\n<meta name=\"twitter:label1\" content=\"\u00c9crit par\" \/>\n\t<meta name=\"twitter:data1\" content=\"Bati-journal\" \/>\n\t<meta name=\"twitter:label2\" content=\"Dur\u00e9e de lecture estim\u00e9e\" \/>\n\t<meta name=\"twitter:data2\" content=\"1 minute\" \/>\n<script type=\"application\/ld+json\" class=\"yoast-schema-graph\">{\"@context\":\"https:\\\/\\\/schema.org\",\"@graph\":[{\"@type\":\"Article\",\"@id\":\"https:\\\/\\\/batijournal.com\\\/index.php\\\/quatre-candidats-retenus-par-le-jury-du-projet-citadelle-damiens\\\/81008\\\/#article\",\"isPartOf\":{\"@id\":\"https:\\\/\\\/batijournal.com\\\/index.php\\\/quatre-candidats-retenus-par-le-jury-du-projet-citadelle-damiens\\\/81008\\\/\"},\"author\":{\"name\":\"Bati-journal\",\"@id\":\"https:\\\/\\\/batijournal.com\\\/#\\\/schema\\\/person\\\/6a657e8967569e1b299972574848aa76\"},\"headline\":\"Quatre candidats retenus par le jury du projet Citadelle d&rsquo;Amiens\",\"datePublished\":\"2010-06-23T22:00:00+00:00\",\"dateModified\":\"2019-07-15T09:29:51+00:00\",\"mainEntityOfPage\":{\"@id\":\"https:\\\/\\\/batijournal.com\\\/index.php\\\/quatre-candidats-retenus-par-le-jury-du-projet-citadelle-damiens\\\/81008\\\/\"},\"wordCount\":131,\"commentCount\":0,\"image\":{\"@id\":\"https:\\\/\\\/batijournal.com\\\/index.php\\\/quatre-candidats-retenus-par-le-jury-du-projet-citadelle-damiens\\\/81008\\\/#primaryimage\"},\"thumbnailUrl\":\"https:\\\/\\\/batijournal.com\\\/wp-content\\\/uploads\\\/2015\\\/03\\\/138413832.jpg\",\"keywords\":[\"citadelle damiens\"],\"articleSection\":[\"Architecture &amp; Conception\"],\"inLanguage\":\"fr-FR\",\"potentialAction\":[{\"@type\":\"CommentAction\",\"name\":\"Comment\",\"target\":[\"https:\\\/\\\/batijournal.com\\\/index.php\\\/quatre-candidats-retenus-par-le-jury-du-projet-citadelle-damiens\\\/81008\\\/#respond\"]}]},{\"@type\":\"WebPage\",\"@id\":\"https:\\\/\\\/batijournal.com\\\/index.php\\\/quatre-candidats-retenus-par-le-jury-du-projet-citadelle-damiens\\\/81008\\\/\",\"url\":\"https:\\\/\\\/batijournal.com\\\/index.php\\\/quatre-candidats-retenus-par-le-jury-du-projet-citadelle-damiens\\\/81008\\\/\",\"name\":\"Quatre candidats retenus par le jury du projet Citadelle d'Amiens\",\"isPartOf\":{\"@id\":\"https:\\\/\\\/batijournal.com\\\/#website\"},\"primaryImageOfPage\":{\"@id\":\"https:\\\/\\\/batijournal.com\\\/index.php\\\/quatre-candidats-retenus-par-le-jury-du-projet-citadelle-damiens\\\/81008\\\/#primaryimage\"},\"image\":{\"@id\":\"https:\\\/\\\/batijournal.com\\\/index.php\\\/quatre-candidats-retenus-par-le-jury-du-projet-citadelle-damiens\\\/81008\\\/#primaryimage\"},\"thumbnailUrl\":\"https:\\\/\\\/batijournal.com\\\/wp-content\\\/uploads\\\/2015\\\/03\\\/138413832.jpg\",\"datePublished\":\"2010-06-23T22:00:00+00:00\",\"dateModified\":\"2019-07-15T09:29:51+00:00\",\"author\":{\"@id\":\"https:\\\/\\\/batijournal.com\\\/#\\\/schema\\\/person\\\/6a657e8967569e1b299972574848aa76\"},\"breadcrumb\":{\"@id\":\"https:\\\/\\\/batijournal.com\\\/index.php\\\/quatre-candidats-retenus-par-le-jury-du-projet-citadelle-damiens\\\/81008\\\/#breadcrumb\"},\"inLanguage\":\"fr-FR\",\"potentialAction\":[{\"@type\":\"ReadAction\",\"target\":[\"https:\\\/\\\/batijournal.com\\\/index.php\\\/quatre-candidats-retenus-par-le-jury-du-projet-citadelle-damiens\\\/81008\\\/\"]}]},{\"@type\":\"ImageObject\",\"inLanguage\":\"fr-FR\",\"@id\":\"https:\\\/\\\/batijournal.com\\\/index.php\\\/quatre-candidats-retenus-par-le-jury-du-projet-citadelle-damiens\\\/81008\\\/#primaryimage\",\"url\":\"https:\\\/\\\/batijournal.com\\\/wp-content\\\/uploads\\\/2015\\\/03\\\/138413832.jpg\",\"contentUrl\":\"https:\\\/\\\/batijournal.com\\\/wp-content\\\/uploads\\\/2015\\\/03\\\/138413832.jpg\",\"width\":600,\"height\":600},{\"@type\":\"BreadcrumbList\",\"@id\":\"https:\\\/\\\/batijournal.com\\\/index.php\\\/quatre-candidats-retenus-par-le-jury-du-projet-citadelle-damiens\\\/81008\\\/#breadcrumb\",\"itemListElement\":[{\"@type\":\"ListItem\",\"position\":1,\"name\":\"Accueil\",\"item\":\"https:\\\/\\\/batijournal.com\\\/\"},{\"@type\":\"ListItem\",\"position\":2,\"name\":\"Actualit\u00e9s\",\"item\":\"https:\\\/\\\/batijournal.com\\\/index.php\\\/category\\\/actualites\\\/\"},{\"@type\":\"ListItem\",\"position\":3,\"name\":\"Architecture &amp; Conception\",\"item\":\"https:\\\/\\\/batijournal.com\\\/index.php\\\/category\\\/actualites\\\/architecture-conception\\\/\"},{\"@type\":\"ListItem\",\"position\":4,\"name\":\"Quatre candidats retenus par le jury du projet Citadelle d&rsquo;Amiens\"}]},{\"@type\":\"WebSite\",\"@id\":\"https:\\\/\\\/batijournal.com\\\/#website\",\"url\":\"https:\\\/\\\/batijournal.com\\\/\",\"name\":\"Batijournal\",\"description\":\"L&#039;actualit\u00e9 du b\u00e2timent\",\"potentialAction\":[{\"@type\":\"SearchAction\",\"target\":{\"@type\":\"EntryPoint\",\"urlTemplate\":\"https:\\\/\\\/batijournal.com\\\/?s={search_term_string}\"},\"query-input\":{\"@type\":\"PropertyValueSpecification\",\"valueRequired\":true,\"valueName\":\"search_term_string\"}}],\"inLanguage\":\"fr-FR\"},{\"@type\":\"Person\",\"@id\":\"https:\\\/\\\/batijournal.com\\\/#\\\/schema\\\/person\\\/6a657e8967569e1b299972574848aa76\",\"name\":\"Bati-journal\",\"image\":{\"@type\":\"ImageObject\",\"inLanguage\":\"fr-FR\",\"@id\":\"https:\\\/\\\/secure.gravatar.com\\\/avatar\\\/a64364ea26392f9b4dd47e017ddaec74ff03aefc073b49e492e847201258f777?s=96&d=mm&r=g\",\"url\":\"https:\\\/\\\/secure.gravatar.com\\\/avatar\\\/a64364ea26392f9b4dd47e017ddaec74ff03aefc073b49e492e847201258f777?s=96&d=mm&r=g\",\"contentUrl\":\"https:\\\/\\\/secure.gravatar.com\\\/avatar\\\/a64364ea26392f9b4dd47e017ddaec74ff03aefc073b49e492e847201258f777?s=96&d=mm&r=g\",\"caption\":\"Bati-journal\"},\"url\":\"https:\\\/\\\/batijournal.com\\\/index.php\\\/author\\\/elodie\\\/\"}]}<\/script>\n<!-- \/ Yoast SEO plugin. -->","yoast_head_json":{"title":"Quatre candidats retenus par le jury du projet Citadelle d'Amiens","robots":{"index":"index","follow":"follow","max-snippet":"max-snippet:-1","max-image-preview":"max-image-preview:large","max-video-preview":"max-video-preview:-1"},"canonical":"https:\/\/batijournal.com\/index.php\/quatre-candidats-retenus-par-le-jury-du-projet-citadelle-damiens\/81008\/","og_locale":"fr_FR","og_type":"article","og_title":"Quatre candidats retenus par le jury du projet Citadelle d'Amiens","og_description":"Gilles Demailly, pr\u00e9sident d&rsquo;Amiens M\u00e9tropole et pr\u00e9sident du jury du concours Citadelle d&rsquo;Amiens a rendu public le 23 juin les noms des quatre candidats retenus parmi les 72 candidatures adress\u00e9es. Suite \u00e0 ses d\u00e9lib\u00e9rations du 22 juin, le jury a d\u00e9sign\u00e9 les agences de Jean Nouvel &#8211; Mus\u00e9e du Quai Branly, Institut du Monde Arabe [&hellip;]","og_url":"https:\/\/batijournal.com\/index.php\/quatre-candidats-retenus-par-le-jury-du-projet-citadelle-damiens\/81008\/","og_site_name":"Batijournal","article_published_time":"2010-06-23T22:00:00+00:00","article_modified_time":"2019-07-15T09:29:51+00:00","og_image":[{"width":600,"height":600,"url":"https:\/\/batijournal.com\/wp-content\/uploads\/2015\/03\/138413832.jpg","type":"image\/jpeg"}],"author":"Bati-journal","twitter_card":"summary_large_image","twitter_creator":"@bati_journal","twitter_site":"@bati_journal","twitter_misc":{"\u00c9crit par":"Bati-journal","Dur\u00e9e de lecture estim\u00e9e":"1 minute"},"schema":{"@context":"https:\/\/schema.org","@graph":[{"@type":"Article","@id":"https:\/\/batijournal.com\/index.php\/quatre-candidats-retenus-par-le-jury-du-projet-citadelle-damiens\/81008\/#article","isPartOf":{"@id":"https:\/\/batijournal.com\/index.php\/quatre-candidats-retenus-par-le-jury-du-projet-citadelle-damiens\/81008\/"},"author":{"name":"Bati-journal","@id":"https:\/\/batijournal.com\/#\/schema\/person\/6a657e8967569e1b299972574848aa76"},"headline":"Quatre candidats retenus par le jury du projet Citadelle d&rsquo;Amiens","datePublished":"2010-06-23T22:00:00+00:00","dateModified":"2019-07-15T09:29:51+00:00","mainEntityOfPage":{"@id":"https:\/\/batijournal.com\/index.php\/quatre-candidats-retenus-par-le-jury-du-projet-citadelle-damiens\/81008\/"},"wordCount":131,"commentCount":0,"image":{"@id":"https:\/\/batijournal.com\/index.php\/quatre-candidats-retenus-par-le-jury-du-projet-citadelle-damiens\/81008\/#primaryimage"},"thumbnailUrl":"https:\/\/batijournal.com\/wp-content\/uploads\/2015\/03\/138413832.jpg","keywords":["citadelle damiens"],"articleSection":["Architecture &amp; Conception"],"inLanguage":"fr-FR","potentialAction":[{"@type":"CommentAction","name":"Comment","target":["https:\/\/batijournal.com\/index.php\/quatre-candidats-retenus-par-le-jury-du-projet-citadelle-damiens\/81008\/#respond"]}]},{"@type":"WebPage","@id":"https:\/\/batijournal.com\/index.php\/quatre-candidats-retenus-par-le-jury-du-projet-citadelle-damiens\/81008\/","url":"https:\/\/batijournal.com\/index.php\/quatre-candidats-retenus-par-le-jury-du-projet-citadelle-damiens\/81008\/","name":"Quatre candidats retenus par le jury du projet Citadelle d'Amiens","isPartOf":{"@id":"https:\/\/batijournal.com\/#website"},"primaryImageOfPage":{"@id":"https:\/\/batijournal.com\/index.php\/quatre-candidats-retenus-par-le-jury-du-projet-citadelle-damiens\/81008\/#primaryimage"},"image":{"@id":"https:\/\/batijournal.com\/index.php\/quatre-candidats-retenus-par-le-jury-du-projet-citadelle-damiens\/81008\/#primaryimage"},"thumbnailUrl":"https:\/\/batijournal.com\/wp-content\/uploads\/2015\/03\/138413832.jpg","datePublished":"2010-06-23T22:00:00+00:00","dateModified":"2019-07-15T09:29:51+00:00","author":{"@id":"https:\/\/batijournal.com\/#\/schema\/person\/6a657e8967569e1b299972574848aa76"},"breadcrumb":{"@id":"https:\/\/batijournal.com\/index.php\/quatre-candidats-retenus-par-le-jury-du-projet-citadelle-damiens\/81008\/#breadcrumb"},"inLanguage":"fr-FR","potentialAction":[{"@type":"ReadAction","target":["https:\/\/batijournal.com\/index.php\/quatre-candidats-retenus-par-le-jury-du-projet-citadelle-damiens\/81008\/"]}]},{"@type":"ImageObject","inLanguage":"fr-FR","@id":"https:\/\/batijournal.com\/index.php\/quatre-candidats-retenus-par-le-jury-du-projet-citadelle-damiens\/81008\/#primaryimage","url":"https:\/\/batijournal.com\/wp-content\/uploads\/2015\/03\/138413832.jpg","contentUrl":"https:\/\/batijournal.com\/wp-content\/uploads\/2015\/03\/138413832.jpg","width":600,"height":600},{"@type":"BreadcrumbList","@id":"https:\/\/batijournal.com\/index.php\/quatre-candidats-retenus-par-le-jury-du-projet-citadelle-damiens\/81008\/#breadcrumb","itemListElement":[{"@type":"ListItem","position":1,"name":"Accueil","item":"https:\/\/batijournal.com\/"},{"@type":"ListItem","position":2,"name":"Actualit\u00e9s","item":"https:\/\/batijournal.com\/index.php\/category\/actualites\/"},{"@type":"ListItem","position":3,"name":"Architecture &amp; Conception","item":"https:\/\/batijournal.com\/index.php\/category\/actualites\/architecture-conception\/"},{"@type":"ListItem","position":4,"name":"Quatre candidats retenus par le jury du projet Citadelle d&rsquo;Amiens"}]},{"@type":"WebSite","@id":"https:\/\/batijournal.com\/#website","url":"https:\/\/batijournal.com\/","name":"Batijournal","description":"L&#039;actualit\u00e9 du b\u00e2timent","potentialAction":[{"@type":"SearchAction","target":{"@type":"EntryPoint","urlTemplate":"https:\/\/batijournal.com\/?s={search_term_string}"},"query-input":{"@type":"PropertyValueSpecification","valueRequired":true,"valueName":"search_term_string"}}],"inLanguage":"fr-FR"},{"@type":"Person","@id":"https:\/\/batijournal.com\/#\/schema\/person\/6a657e8967569e1b299972574848aa76","name":"Bati-journal","image":{"@type":"ImageObject","inLanguage":"fr-FR","@id":"https:\/\/secure.gravatar.com\/avatar\/a64364ea26392f9b4dd47e017ddaec74ff03aefc073b49e492e847201258f777?s=96&d=mm&r=g","url":"https:\/\/secure.gravatar.com\/avatar\/a64364ea26392f9b4dd47e017ddaec74ff03aefc073b49e492e847201258f777?s=96&d=mm&r=g","contentUrl":"https:\/\/secure.gravatar.com\/avatar\/a64364ea26392f9b4dd47e017ddaec74ff03aefc073b49e492e847201258f777?s=96&d=mm&r=g","caption":"Bati-journal"},"url":"https:\/\/batijournal.com\/index.php\/author\/elodie\/"}]}},"_links":{"self":[{"href":"https:\/\/batijournal.com\/index.php\/wp-json\/wp\/v2\/posts\/81008","targetHints":{"allow":["GET"]}}],"collection":[{"href":"https:\/\/batijournal.com\/index.php\/wp-json\/wp\/v2\/posts"}],"about":[{"href":"https:\/\/batijournal.com\/index.php\/wp-json\/wp\/v2\/types\/post"}],"author":[{"embeddable":true,"href":"https:\/\/batijournal.com\/index.php\/wp-json\/wp\/v2\/users\/1"}],"replies":[{"embeddable":true,"href":"https:\/\/batijournal.com\/index.php\/wp-json\/wp\/v2\/comments?post=81008"}],"version-history":[{"count":0,"href":"https:\/\/batijournal.com\/index.php\/wp-json\/wp\/v2\/posts\/81008\/revisions"}],"wp:featuredmedia":[{"embeddable":true,"href":"https:\/\/batijournal.com\/index.php\/wp-json\/wp\/v2\/media\/81009"}],"wp:attachment":[{"href":"https:\/\/batijournal.com\/index.php\/wp-json\/wp\/v2\/media?parent=81008"}],"wp:term":[{"taxonomy":"category","embeddable":true,"href":"https:\/\/batijournal.com\/index.php\/wp-json\/wp\/v2\/categories?post=81008"},{"taxonomy":"post_tag","embeddable":true,"href":"https:\/\/batijournal.com\/index.php\/wp-json\/wp\/v2\/tags?post=81008"}],"curies":[{"name":"wp","href":"https:\/\/api.w.org\/{rel}","templated":true}]}}