{"id":81117,"date":"2011-02-21T00:00:00","date_gmt":"2011-02-20T23:00:00","guid":{"rendered":"http:\/\/b.bati-journal.com\/la-premiere-pierre-d%c2%92un-batiment-avant-gardiste\/81117"},"modified":"2019-07-15T11:29:35","modified_gmt":"2019-07-15T09:29:35","slug":"la-premiere-pierre-d%c2%92un-batiment-avant-gardiste","status":"publish","type":"post","link":"https:\/\/batijournal.com\/index.php\/la-premiere-pierre-d%c2%92un-batiment-avant-gardiste\/81117\/","title":{"rendered":"La premi\u00e8re pierre d&rsquo;\u0092un b\u00e2timent avant-gardiste"},"content":{"rendered":"<p>Depuis plusieurs mois, le cluster Eskal Eureka (catalyseur de dynamiques euro-r\u00e9gionales) tisse des liens forts avec le cluster Fomento de Saint-S\u00e9bastien, en Espagne, sur le th\u00e8me de l&rsquo;efficacit\u00e9 \u00e9nerg\u00e9tique. Le centre Enertic, dont la c\u00e9r\u00e9monie de pose de la premi\u00e8re pierre a eu lieu le 12 janvier dernier, consiste en la construction dans la ville espagnole d&rsquo;un centre de r\u00e9f\u00e9rence sur les \u00e9nergies renouvelables et l&rsquo;efficacit\u00e9 \u00e9nerg\u00e9tique. Ce projet d&rsquo;excellence, dont la construction commence, inaugure la future transformation du \u00ab Poligono 27 \u00bb en une zone entrepreneuriale orient\u00e9e vers la nouvelle \u00e9conomie. La singularit\u00e9 de sa conception et son caract\u00e8re bioclimatique sont deux caract\u00e9ristiques fondamentales pour en faire un centre d&rsquo;innovation r\u00e9f\u00e9rent. Le projet, impuls\u00e9 par Fomento de San Sebasti\u00e1n, l&rsquo;agence de d\u00e9veloppement de la ville, fait l&rsquo;objet d&rsquo;un financement du Poctefa (Programme op\u00e9rationnel de coop\u00e9ration territoriale Espagne France Andorre, qui couvre 65 % du financement), et associe le cluster Sud Aquitain Eskal Eureka, reconnu par l&rsquo;\u00c9tat (Datar et minist\u00e8re de l&rsquo;Enseignement sup\u00e9rieur), et membre du groupe de travail innovation du plan B\u00e2timent Grenelle. \u00c0 noter que Eskal Eureka est le seul cluster distingu\u00e9 \u00ab grappe d&rsquo;entreprises exemplaires \u00bb en Aquitaine le 4 mai 2010 par le minist\u00e8re de l&rsquo;Am\u00e9nagement du Territoire (Datar) et le seul cluster du BTP en France avec celui de Strasbourg. Il intervient dans trois principaux domaines incontournables pour b\u00e2tir le BTP du futur : la ma\u00eetrise de l&rsquo;efficacit\u00e9 \u00e9nerg\u00e9tique du b\u00e2ti, les mat\u00e9riaux et leur recyclage, et les process de chantier \u00e0 faible impact environnemental.<\/p>\n","protected":false},"excerpt":{"rendered":"<p>Depuis plusieurs mois, le cluster Eskal Eureka (catalyseur de dynamiques euro-r\u00e9gionales) tisse des liens forts avec le cluster Fomento de Saint-S\u00e9bastien, en Espagne, sur le th\u00e8me de l&rsquo;efficacit\u00e9 \u00e9nerg\u00e9tique. Le centre Enertic, dont la c\u00e9r\u00e9monie de pose de la premi\u00e8re pierre a eu lieu le 12 janvier dernier, consiste en la construction dans la ville [&hellip;]<\/p>\n","protected":false},"author":1,"featured_media":81118,"comment_status":"open","ping_status":"closed","sticky":false,"template":"","format":"standard","meta":{"_et_pb_use_builder":"","_et_pb_old_content":"","_et_gb_content_width":"","footnotes":""},"categories":[6340],"tags":[],"class_list":["post-81117","post","type-post","status-publish","format-standard","has-post-thumbnail","hentry","category-architecture-conception"],"yoast_head":"<!-- This site is optimized with the Yoast SEO plugin v27.4 - https:\/\/yoast.com\/product\/yoast-seo-wordpress\/ -->\n<title>La premi\u00e8re pierre d&#039;\u0092un b\u00e2timent avant-gardiste<\/title>\n<meta name=\"robots\" content=\"index, follow, max-snippet:-1, max-image-preview:large, max-video-preview:-1\" \/>\n<link rel=\"canonical\" href=\"https:\/\/batijournal.com\/index.php\/la-premiere-pierre-d\u0092un-batiment-avant-gardiste\/81117\/\" \/>\n<meta property=\"og:locale\" content=\"fr_FR\" \/>\n<meta property=\"og:type\" content=\"article\" \/>\n<meta property=\"og:title\" content=\"La premi\u00e8re pierre d&#039;\u0092un b\u00e2timent avant-gardiste\" \/>\n<meta property=\"og:description\" content=\"Depuis plusieurs mois, le cluster Eskal Eureka (catalyseur de dynamiques euro-r\u00e9gionales) tisse des liens forts avec le cluster Fomento de Saint-S\u00e9bastien, en Espagne, sur le th\u00e8me de l&rsquo;efficacit\u00e9 \u00e9nerg\u00e9tique. Le centre Enertic, dont la c\u00e9r\u00e9monie de pose de la premi\u00e8re pierre a eu lieu le 12 janvier dernier, consiste en la construction dans la ville [&hellip;]\" \/>\n<meta property=\"og:url\" content=\"https:\/\/batijournal.com\/index.php\/la-premiere-pierre-d\u0092un-batiment-avant-gardiste\/81117\/\" \/>\n<meta property=\"og:site_name\" content=\"Batijournal\" \/>\n<meta property=\"article:published_time\" content=\"2011-02-20T23:00:00+00:00\" \/>\n<meta property=\"article:modified_time\" content=\"2019-07-15T09:29:35+00:00\" \/>\n<meta property=\"og:image\" content=\"https:\/\/batijournal.com\/wp-content\/uploads\/2015\/03\/20633826.jpg\" \/>\n\t<meta property=\"og:image:width\" content=\"599\" \/>\n\t<meta property=\"og:image:height\" content=\"394\" \/>\n\t<meta property=\"og:image:type\" content=\"image\/jpeg\" \/>\n<meta name=\"author\" content=\"Bati-journal\" \/>\n<meta name=\"twitter:card\" content=\"summary_large_image\" \/>\n<meta name=\"twitter:creator\" content=\"@bati_journal\" \/>\n<meta name=\"twitter:site\" content=\"@bati_journal\" \/>\n<meta name=\"twitter:label1\" content=\"\u00c9crit par\" \/>\n\t<meta name=\"twitter:data1\" content=\"Bati-journal\" \/>\n\t<meta name=\"twitter:label2\" content=\"Dur\u00e9e de lecture estim\u00e9e\" \/>\n\t<meta name=\"twitter:data2\" content=\"1 minute\" \/>\n<script type=\"application\/ld+json\" class=\"yoast-schema-graph\">{\"@context\":\"https:\\\/\\\/schema.org\",\"@graph\":[{\"@type\":\"Article\",\"@id\":\"https:\\\/\\\/batijournal.com\\\/index.php\\\/la-premiere-pierre-d%c2%92un-batiment-avant-gardiste\\\/81117\\\/#article\",\"isPartOf\":{\"@id\":\"https:\\\/\\\/batijournal.com\\\/index.php\\\/la-premiere-pierre-d%c2%92un-batiment-avant-gardiste\\\/81117\\\/\"},\"author\":{\"name\":\"Bati-journal\",\"@id\":\"https:\\\/\\\/batijournal.com\\\/#\\\/schema\\\/person\\\/6a657e8967569e1b299972574848aa76\"},\"headline\":\"La premi\u00e8re pierre d&rsquo;\u0092un b\u00e2timent avant-gardiste\",\"datePublished\":\"2011-02-20T23:00:00+00:00\",\"dateModified\":\"2019-07-15T09:29:35+00:00\",\"mainEntityOfPage\":{\"@id\":\"https:\\\/\\\/batijournal.com\\\/index.php\\\/la-premiere-pierre-d%c2%92un-batiment-avant-gardiste\\\/81117\\\/\"},\"wordCount\":288,\"commentCount\":0,\"image\":{\"@id\":\"https:\\\/\\\/batijournal.com\\\/index.php\\\/la-premiere-pierre-d%c2%92un-batiment-avant-gardiste\\\/81117\\\/#primaryimage\"},\"thumbnailUrl\":\"https:\\\/\\\/batijournal.com\\\/wp-content\\\/uploads\\\/2015\\\/03\\\/20633826.jpg\",\"articleSection\":[\"Architecture &amp; Conception\"],\"inLanguage\":\"fr-FR\",\"potentialAction\":[{\"@type\":\"CommentAction\",\"name\":\"Comment\",\"target\":[\"https:\\\/\\\/batijournal.com\\\/index.php\\\/la-premiere-pierre-d%c2%92un-batiment-avant-gardiste\\\/81117\\\/#respond\"]}]},{\"@type\":\"WebPage\",\"@id\":\"https:\\\/\\\/batijournal.com\\\/index.php\\\/la-premiere-pierre-d%c2%92un-batiment-avant-gardiste\\\/81117\\\/\",\"url\":\"https:\\\/\\\/batijournal.com\\\/index.php\\\/la-premiere-pierre-d%c2%92un-batiment-avant-gardiste\\\/81117\\\/\",\"name\":\"La premi\u00e8re pierre d'\u0092un b\u00e2timent avant-gardiste\",\"isPartOf\":{\"@id\":\"https:\\\/\\\/batijournal.com\\\/#website\"},\"primaryImageOfPage\":{\"@id\":\"https:\\\/\\\/batijournal.com\\\/index.php\\\/la-premiere-pierre-d%c2%92un-batiment-avant-gardiste\\\/81117\\\/#primaryimage\"},\"image\":{\"@id\":\"https:\\\/\\\/batijournal.com\\\/index.php\\\/la-premiere-pierre-d%c2%92un-batiment-avant-gardiste\\\/81117\\\/#primaryimage\"},\"thumbnailUrl\":\"https:\\\/\\\/batijournal.com\\\/wp-content\\\/uploads\\\/2015\\\/03\\\/20633826.jpg\",\"datePublished\":\"2011-02-20T23:00:00+00:00\",\"dateModified\":\"2019-07-15T09:29:35+00:00\",\"author\":{\"@id\":\"https:\\\/\\\/batijournal.com\\\/#\\\/schema\\\/person\\\/6a657e8967569e1b299972574848aa76\"},\"breadcrumb\":{\"@id\":\"https:\\\/\\\/batijournal.com\\\/index.php\\\/la-premiere-pierre-d%c2%92un-batiment-avant-gardiste\\\/81117\\\/#breadcrumb\"},\"inLanguage\":\"fr-FR\",\"potentialAction\":[{\"@type\":\"ReadAction\",\"target\":[\"https:\\\/\\\/batijournal.com\\\/index.php\\\/la-premiere-pierre-d%c2%92un-batiment-avant-gardiste\\\/81117\\\/\"]}]},{\"@type\":\"ImageObject\",\"inLanguage\":\"fr-FR\",\"@id\":\"https:\\\/\\\/batijournal.com\\\/index.php\\\/la-premiere-pierre-d%c2%92un-batiment-avant-gardiste\\\/81117\\\/#primaryimage\",\"url\":\"https:\\\/\\\/batijournal.com\\\/wp-content\\\/uploads\\\/2015\\\/03\\\/20633826.jpg\",\"contentUrl\":\"https:\\\/\\\/batijournal.com\\\/wp-content\\\/uploads\\\/2015\\\/03\\\/20633826.jpg\",\"width\":599,\"height\":394},{\"@type\":\"BreadcrumbList\",\"@id\":\"https:\\\/\\\/batijournal.com\\\/index.php\\\/la-premiere-pierre-d%c2%92un-batiment-avant-gardiste\\\/81117\\\/#breadcrumb\",\"itemListElement\":[{\"@type\":\"ListItem\",\"position\":1,\"name\":\"Accueil\",\"item\":\"https:\\\/\\\/batijournal.com\\\/\"},{\"@type\":\"ListItem\",\"position\":2,\"name\":\"Actualit\u00e9s\",\"item\":\"https:\\\/\\\/batijournal.com\\\/index.php\\\/category\\\/actualites\\\/\"},{\"@type\":\"ListItem\",\"position\":3,\"name\":\"Architecture &amp; Conception\",\"item\":\"https:\\\/\\\/batijournal.com\\\/index.php\\\/category\\\/actualites\\\/architecture-conception\\\/\"},{\"@type\":\"ListItem\",\"position\":4,\"name\":\"La premi\u00e8re pierre d&rsquo;\u0092un b\u00e2timent avant-gardiste\"}]},{\"@type\":\"WebSite\",\"@id\":\"https:\\\/\\\/batijournal.com\\\/#website\",\"url\":\"https:\\\/\\\/batijournal.com\\\/\",\"name\":\"Batijournal\",\"description\":\"L&#039;actualit\u00e9 du b\u00e2timent\",\"potentialAction\":[{\"@type\":\"SearchAction\",\"target\":{\"@type\":\"EntryPoint\",\"urlTemplate\":\"https:\\\/\\\/batijournal.com\\\/?s={search_term_string}\"},\"query-input\":{\"@type\":\"PropertyValueSpecification\",\"valueRequired\":true,\"valueName\":\"search_term_string\"}}],\"inLanguage\":\"fr-FR\"},{\"@type\":\"Person\",\"@id\":\"https:\\\/\\\/batijournal.com\\\/#\\\/schema\\\/person\\\/6a657e8967569e1b299972574848aa76\",\"name\":\"Bati-journal\",\"image\":{\"@type\":\"ImageObject\",\"inLanguage\":\"fr-FR\",\"@id\":\"https:\\\/\\\/secure.gravatar.com\\\/avatar\\\/a64364ea26392f9b4dd47e017ddaec74ff03aefc073b49e492e847201258f777?s=96&d=mm&r=g\",\"url\":\"https:\\\/\\\/secure.gravatar.com\\\/avatar\\\/a64364ea26392f9b4dd47e017ddaec74ff03aefc073b49e492e847201258f777?s=96&d=mm&r=g\",\"contentUrl\":\"https:\\\/\\\/secure.gravatar.com\\\/avatar\\\/a64364ea26392f9b4dd47e017ddaec74ff03aefc073b49e492e847201258f777?s=96&d=mm&r=g\",\"caption\":\"Bati-journal\"},\"url\":\"https:\\\/\\\/batijournal.com\\\/index.php\\\/author\\\/elodie\\\/\"}]}<\/script>\n<!-- \/ Yoast SEO plugin. -->","yoast_head_json":{"title":"La premi\u00e8re pierre d'\u0092un b\u00e2timent avant-gardiste","robots":{"index":"index","follow":"follow","max-snippet":"max-snippet:-1","max-image-preview":"max-image-preview:large","max-video-preview":"max-video-preview:-1"},"canonical":"https:\/\/batijournal.com\/index.php\/la-premiere-pierre-d\u0092un-batiment-avant-gardiste\/81117\/","og_locale":"fr_FR","og_type":"article","og_title":"La premi\u00e8re pierre d'\u0092un b\u00e2timent avant-gardiste","og_description":"Depuis plusieurs mois, le cluster Eskal Eureka (catalyseur de dynamiques euro-r\u00e9gionales) tisse des liens forts avec le cluster Fomento de Saint-S\u00e9bastien, en Espagne, sur le th\u00e8me de l&rsquo;efficacit\u00e9 \u00e9nerg\u00e9tique. Le centre Enertic, dont la c\u00e9r\u00e9monie de pose de la premi\u00e8re pierre a eu lieu le 12 janvier dernier, consiste en la construction dans la ville [&hellip;]","og_url":"https:\/\/batijournal.com\/index.php\/la-premiere-pierre-d\u0092un-batiment-avant-gardiste\/81117\/","og_site_name":"Batijournal","article_published_time":"2011-02-20T23:00:00+00:00","article_modified_time":"2019-07-15T09:29:35+00:00","og_image":[{"width":599,"height":394,"url":"https:\/\/batijournal.com\/wp-content\/uploads\/2015\/03\/20633826.jpg","type":"image\/jpeg"}],"author":"Bati-journal","twitter_card":"summary_large_image","twitter_creator":"@bati_journal","twitter_site":"@bati_journal","twitter_misc":{"\u00c9crit par":"Bati-journal","Dur\u00e9e de lecture estim\u00e9e":"1 minute"},"schema":{"@context":"https:\/\/schema.org","@graph":[{"@type":"Article","@id":"https:\/\/batijournal.com\/index.php\/la-premiere-pierre-d%c2%92un-batiment-avant-gardiste\/81117\/#article","isPartOf":{"@id":"https:\/\/batijournal.com\/index.php\/la-premiere-pierre-d%c2%92un-batiment-avant-gardiste\/81117\/"},"author":{"name":"Bati-journal","@id":"https:\/\/batijournal.com\/#\/schema\/person\/6a657e8967569e1b299972574848aa76"},"headline":"La premi\u00e8re pierre d&rsquo;\u0092un b\u00e2timent avant-gardiste","datePublished":"2011-02-20T23:00:00+00:00","dateModified":"2019-07-15T09:29:35+00:00","mainEntityOfPage":{"@id":"https:\/\/batijournal.com\/index.php\/la-premiere-pierre-d%c2%92un-batiment-avant-gardiste\/81117\/"},"wordCount":288,"commentCount":0,"image":{"@id":"https:\/\/batijournal.com\/index.php\/la-premiere-pierre-d%c2%92un-batiment-avant-gardiste\/81117\/#primaryimage"},"thumbnailUrl":"https:\/\/batijournal.com\/wp-content\/uploads\/2015\/03\/20633826.jpg","articleSection":["Architecture &amp; Conception"],"inLanguage":"fr-FR","potentialAction":[{"@type":"CommentAction","name":"Comment","target":["https:\/\/batijournal.com\/index.php\/la-premiere-pierre-d%c2%92un-batiment-avant-gardiste\/81117\/#respond"]}]},{"@type":"WebPage","@id":"https:\/\/batijournal.com\/index.php\/la-premiere-pierre-d%c2%92un-batiment-avant-gardiste\/81117\/","url":"https:\/\/batijournal.com\/index.php\/la-premiere-pierre-d%c2%92un-batiment-avant-gardiste\/81117\/","name":"La premi\u00e8re pierre d'\u0092un b\u00e2timent avant-gardiste","isPartOf":{"@id":"https:\/\/batijournal.com\/#website"},"primaryImageOfPage":{"@id":"https:\/\/batijournal.com\/index.php\/la-premiere-pierre-d%c2%92un-batiment-avant-gardiste\/81117\/#primaryimage"},"image":{"@id":"https:\/\/batijournal.com\/index.php\/la-premiere-pierre-d%c2%92un-batiment-avant-gardiste\/81117\/#primaryimage"},"thumbnailUrl":"https:\/\/batijournal.com\/wp-content\/uploads\/2015\/03\/20633826.jpg","datePublished":"2011-02-20T23:00:00+00:00","dateModified":"2019-07-15T09:29:35+00:00","author":{"@id":"https:\/\/batijournal.com\/#\/schema\/person\/6a657e8967569e1b299972574848aa76"},"breadcrumb":{"@id":"https:\/\/batijournal.com\/index.php\/la-premiere-pierre-d%c2%92un-batiment-avant-gardiste\/81117\/#breadcrumb"},"inLanguage":"fr-FR","potentialAction":[{"@type":"ReadAction","target":["https:\/\/batijournal.com\/index.php\/la-premiere-pierre-d%c2%92un-batiment-avant-gardiste\/81117\/"]}]},{"@type":"ImageObject","inLanguage":"fr-FR","@id":"https:\/\/batijournal.com\/index.php\/la-premiere-pierre-d%c2%92un-batiment-avant-gardiste\/81117\/#primaryimage","url":"https:\/\/batijournal.com\/wp-content\/uploads\/2015\/03\/20633826.jpg","contentUrl":"https:\/\/batijournal.com\/wp-content\/uploads\/2015\/03\/20633826.jpg","width":599,"height":394},{"@type":"BreadcrumbList","@id":"https:\/\/batijournal.com\/index.php\/la-premiere-pierre-d%c2%92un-batiment-avant-gardiste\/81117\/#breadcrumb","itemListElement":[{"@type":"ListItem","position":1,"name":"Accueil","item":"https:\/\/batijournal.com\/"},{"@type":"ListItem","position":2,"name":"Actualit\u00e9s","item":"https:\/\/batijournal.com\/index.php\/category\/actualites\/"},{"@type":"ListItem","position":3,"name":"Architecture &amp; Conception","item":"https:\/\/batijournal.com\/index.php\/category\/actualites\/architecture-conception\/"},{"@type":"ListItem","position":4,"name":"La premi\u00e8re pierre d&rsquo;\u0092un b\u00e2timent avant-gardiste"}]},{"@type":"WebSite","@id":"https:\/\/batijournal.com\/#website","url":"https:\/\/batijournal.com\/","name":"Batijournal","description":"L&#039;actualit\u00e9 du b\u00e2timent","potentialAction":[{"@type":"SearchAction","target":{"@type":"EntryPoint","urlTemplate":"https:\/\/batijournal.com\/?s={search_term_string}"},"query-input":{"@type":"PropertyValueSpecification","valueRequired":true,"valueName":"search_term_string"}}],"inLanguage":"fr-FR"},{"@type":"Person","@id":"https:\/\/batijournal.com\/#\/schema\/person\/6a657e8967569e1b299972574848aa76","name":"Bati-journal","image":{"@type":"ImageObject","inLanguage":"fr-FR","@id":"https:\/\/secure.gravatar.com\/avatar\/a64364ea26392f9b4dd47e017ddaec74ff03aefc073b49e492e847201258f777?s=96&d=mm&r=g","url":"https:\/\/secure.gravatar.com\/avatar\/a64364ea26392f9b4dd47e017ddaec74ff03aefc073b49e492e847201258f777?s=96&d=mm&r=g","contentUrl":"https:\/\/secure.gravatar.com\/avatar\/a64364ea26392f9b4dd47e017ddaec74ff03aefc073b49e492e847201258f777?s=96&d=mm&r=g","caption":"Bati-journal"},"url":"https:\/\/batijournal.com\/index.php\/author\/elodie\/"}]}},"_links":{"self":[{"href":"https:\/\/batijournal.com\/index.php\/wp-json\/wp\/v2\/posts\/81117","targetHints":{"allow":["GET"]}}],"collection":[{"href":"https:\/\/batijournal.com\/index.php\/wp-json\/wp\/v2\/posts"}],"about":[{"href":"https:\/\/batijournal.com\/index.php\/wp-json\/wp\/v2\/types\/post"}],"author":[{"embeddable":true,"href":"https:\/\/batijournal.com\/index.php\/wp-json\/wp\/v2\/users\/1"}],"replies":[{"embeddable":true,"href":"https:\/\/batijournal.com\/index.php\/wp-json\/wp\/v2\/comments?post=81117"}],"version-history":[{"count":0,"href":"https:\/\/batijournal.com\/index.php\/wp-json\/wp\/v2\/posts\/81117\/revisions"}],"wp:featuredmedia":[{"embeddable":true,"href":"https:\/\/batijournal.com\/index.php\/wp-json\/wp\/v2\/media\/81118"}],"wp:attachment":[{"href":"https:\/\/batijournal.com\/index.php\/wp-json\/wp\/v2\/media?parent=81117"}],"wp:term":[{"taxonomy":"category","embeddable":true,"href":"https:\/\/batijournal.com\/index.php\/wp-json\/wp\/v2\/categories?post=81117"},{"taxonomy":"post_tag","embeddable":true,"href":"https:\/\/batijournal.com\/index.php\/wp-json\/wp\/v2\/tags?post=81117"}],"curies":[{"name":"wp","href":"https:\/\/api.w.org\/{rel}","templated":true}]}}