{"id":81129,"date":"2011-03-14T00:00:00","date_gmt":"2011-03-13T23:00:00","guid":{"rendered":"http:\/\/b.bati-journal.com\/adheneo-restaure-les-clochetons-de-la-cathedrale-de-rouen\/81129"},"modified":"2019-07-15T11:29:33","modified_gmt":"2019-07-15T09:29:33","slug":"adheneo-restaure-les-clochetons-de-la-cathedrale-de-rouen","status":"publish","type":"post","link":"https:\/\/batijournal.com\/index.php\/adheneo-restaure-les-clochetons-de-la-cathedrale-de-rouen\/81129\/","title":{"rendered":"Adh\u00e9n\u00e9o restaure les clochetons de la cath\u00e9drale de Rouen"},"content":{"rendered":"<p>Cette op\u00e9ration tr\u00e8s spectaculaire a pour but de restaurer les quatre clochetons qui culminent \u00e0 65 m de hauteur. Une importante \u00e9tude pr\u00e9alable a \u00e9t\u00e9 command\u00e9e par la DRAC aupr\u00e8s de l\u0092&rsquo;ACMH, Pierre Andr\u00e9 Lablaude. Cette \u00e9tude a permis de proposer un projet de restauration durable. Les travaux se d\u00e9rouleront sur trois tranches. La premi\u00e8re a commenc\u00e9 en septembre 2010 et se terminera en ao\u00fbt 2011. Elle pr\u00e9voit la d\u00e9pose des trois clochetons en place, la construction en atelier d\u0092&rsquo;une structure en inox pour le clocheton disparu, puis sa repose sur le tabouret de la fl\u00e8che o\u00f9 il sera rhabill\u00e9 de sa couverture et de ses d\u00e9cors en cuivre restaur\u00e9s. La deuxi\u00e8me phase (septembre 2011- ao\u00fbt 2012) pr\u00e9voit la cr\u00e9ation des structures en inox des trois autres clochetons et les restaurations des \u00e9l\u00e9ments en cuivre avant la repose des clochetons pr\u00e9vue en derni\u00e8re phase (septembre 2012 &#8211; ao\u00fbt 2013). Les travaux de couverture et des d\u00e9cors en cuivre sont sous la responsabilit\u00e9 d&rsquo;Adh\u00e9n\u00e9o. Un grand article sera consacr\u00e9 \u00e0 ce splendide chantier dans le num\u00e9ro 51 d&rsquo;Atrium Construction.<\/p>\n","protected":false},"excerpt":{"rendered":"<p>Cette op\u00e9ration tr\u00e8s spectaculaire a pour but de restaurer les quatre clochetons qui culminent \u00e0 65 m de hauteur. Une importante \u00e9tude pr\u00e9alable a \u00e9t\u00e9 command\u00e9e par la DRAC aupr\u00e8s de l\u0092&rsquo;ACMH, Pierre Andr\u00e9 Lablaude. Cette \u00e9tude a permis de proposer un projet de restauration durable. Les travaux se d\u00e9rouleront sur trois tranches. La premi\u00e8re [&hellip;]<\/p>\n","protected":false},"author":1,"featured_media":0,"comment_status":"open","ping_status":"closed","sticky":false,"template":"","format":"standard","meta":{"_et_pb_use_builder":"","_et_pb_old_content":"","_et_gb_content_width":"","footnotes":""},"categories":[6340],"tags":[1522,1308],"class_list":["post-81129","post","type-post","status-publish","format-standard","hentry","category-architecture-conception","tag-cathedrale-de-rouen","tag-restauration"],"yoast_head":"<!-- This site is optimized with the Yoast SEO plugin v27.4 - https:\/\/yoast.com\/product\/yoast-seo-wordpress\/ -->\n<title>Adh\u00e9n\u00e9o restaure les clochetons de la cath\u00e9drale de Rouen<\/title>\n<meta name=\"robots\" content=\"index, follow, max-snippet:-1, max-image-preview:large, max-video-preview:-1\" \/>\n<link rel=\"canonical\" href=\"https:\/\/batijournal.com\/index.php\/adheneo-restaure-les-clochetons-de-la-cathedrale-de-rouen\/81129\/\" \/>\n<meta property=\"og:locale\" content=\"fr_FR\" \/>\n<meta property=\"og:type\" content=\"article\" \/>\n<meta property=\"og:title\" content=\"Adh\u00e9n\u00e9o restaure les clochetons de la cath\u00e9drale de Rouen\" \/>\n<meta property=\"og:description\" content=\"Cette op\u00e9ration tr\u00e8s spectaculaire a pour but de restaurer les quatre clochetons qui culminent \u00e0 65 m de hauteur. Une importante \u00e9tude pr\u00e9alable a \u00e9t\u00e9 command\u00e9e par la DRAC aupr\u00e8s de l\u0092&rsquo;ACMH, Pierre Andr\u00e9 Lablaude. Cette \u00e9tude a permis de proposer un projet de restauration durable. Les travaux se d\u00e9rouleront sur trois tranches. La premi\u00e8re [&hellip;]\" \/>\n<meta property=\"og:url\" content=\"https:\/\/batijournal.com\/index.php\/adheneo-restaure-les-clochetons-de-la-cathedrale-de-rouen\/81129\/\" \/>\n<meta property=\"og:site_name\" content=\"Batijournal\" \/>\n<meta property=\"article:published_time\" content=\"2011-03-13T23:00:00+00:00\" \/>\n<meta property=\"article:modified_time\" content=\"2019-07-15T09:29:33+00:00\" \/>\n<meta name=\"author\" content=\"Bati-journal\" \/>\n<meta name=\"twitter:card\" content=\"summary_large_image\" \/>\n<meta name=\"twitter:creator\" content=\"@bati_journal\" \/>\n<meta name=\"twitter:site\" content=\"@bati_journal\" \/>\n<meta name=\"twitter:label1\" content=\"\u00c9crit par\" \/>\n\t<meta name=\"twitter:data1\" content=\"Bati-journal\" \/>\n\t<meta name=\"twitter:label2\" content=\"Dur\u00e9e de lecture estim\u00e9e\" \/>\n\t<meta name=\"twitter:data2\" content=\"1 minute\" \/>\n<script type=\"application\/ld+json\" class=\"yoast-schema-graph\">{\"@context\":\"https:\\\/\\\/schema.org\",\"@graph\":[{\"@type\":\"Article\",\"@id\":\"https:\\\/\\\/batijournal.com\\\/index.php\\\/adheneo-restaure-les-clochetons-de-la-cathedrale-de-rouen\\\/81129\\\/#article\",\"isPartOf\":{\"@id\":\"https:\\\/\\\/batijournal.com\\\/index.php\\\/adheneo-restaure-les-clochetons-de-la-cathedrale-de-rouen\\\/81129\\\/\"},\"author\":{\"name\":\"Bati-journal\",\"@id\":\"https:\\\/\\\/batijournal.com\\\/#\\\/schema\\\/person\\\/6a657e8967569e1b299972574848aa76\"},\"headline\":\"Adh\u00e9n\u00e9o restaure les clochetons de la cath\u00e9drale de Rouen\",\"datePublished\":\"2011-03-13T23:00:00+00:00\",\"dateModified\":\"2019-07-15T09:29:33+00:00\",\"mainEntityOfPage\":{\"@id\":\"https:\\\/\\\/batijournal.com\\\/index.php\\\/adheneo-restaure-les-clochetons-de-la-cathedrale-de-rouen\\\/81129\\\/\"},\"wordCount\":210,\"commentCount\":0,\"keywords\":[\"cath\u00e9drale de Rouen\",\"restauration\"],\"articleSection\":[\"Architecture &amp; Conception\"],\"inLanguage\":\"fr-FR\",\"potentialAction\":[{\"@type\":\"CommentAction\",\"name\":\"Comment\",\"target\":[\"https:\\\/\\\/batijournal.com\\\/index.php\\\/adheneo-restaure-les-clochetons-de-la-cathedrale-de-rouen\\\/81129\\\/#respond\"]}]},{\"@type\":\"WebPage\",\"@id\":\"https:\\\/\\\/batijournal.com\\\/index.php\\\/adheneo-restaure-les-clochetons-de-la-cathedrale-de-rouen\\\/81129\\\/\",\"url\":\"https:\\\/\\\/batijournal.com\\\/index.php\\\/adheneo-restaure-les-clochetons-de-la-cathedrale-de-rouen\\\/81129\\\/\",\"name\":\"Adh\u00e9n\u00e9o restaure les clochetons de la cath\u00e9drale de Rouen\",\"isPartOf\":{\"@id\":\"https:\\\/\\\/batijournal.com\\\/#website\"},\"datePublished\":\"2011-03-13T23:00:00+00:00\",\"dateModified\":\"2019-07-15T09:29:33+00:00\",\"author\":{\"@id\":\"https:\\\/\\\/batijournal.com\\\/#\\\/schema\\\/person\\\/6a657e8967569e1b299972574848aa76\"},\"breadcrumb\":{\"@id\":\"https:\\\/\\\/batijournal.com\\\/index.php\\\/adheneo-restaure-les-clochetons-de-la-cathedrale-de-rouen\\\/81129\\\/#breadcrumb\"},\"inLanguage\":\"fr-FR\",\"potentialAction\":[{\"@type\":\"ReadAction\",\"target\":[\"https:\\\/\\\/batijournal.com\\\/index.php\\\/adheneo-restaure-les-clochetons-de-la-cathedrale-de-rouen\\\/81129\\\/\"]}]},{\"@type\":\"BreadcrumbList\",\"@id\":\"https:\\\/\\\/batijournal.com\\\/index.php\\\/adheneo-restaure-les-clochetons-de-la-cathedrale-de-rouen\\\/81129\\\/#breadcrumb\",\"itemListElement\":[{\"@type\":\"ListItem\",\"position\":1,\"name\":\"Accueil\",\"item\":\"https:\\\/\\\/batijournal.com\\\/\"},{\"@type\":\"ListItem\",\"position\":2,\"name\":\"Actualit\u00e9s\",\"item\":\"https:\\\/\\\/batijournal.com\\\/index.php\\\/category\\\/actualites\\\/\"},{\"@type\":\"ListItem\",\"position\":3,\"name\":\"Architecture &amp; Conception\",\"item\":\"https:\\\/\\\/batijournal.com\\\/index.php\\\/category\\\/actualites\\\/architecture-conception\\\/\"},{\"@type\":\"ListItem\",\"position\":4,\"name\":\"Adh\u00e9n\u00e9o restaure les clochetons de la cath\u00e9drale de Rouen\"}]},{\"@type\":\"WebSite\",\"@id\":\"https:\\\/\\\/batijournal.com\\\/#website\",\"url\":\"https:\\\/\\\/batijournal.com\\\/\",\"name\":\"Batijournal\",\"description\":\"L&#039;actualit\u00e9 du b\u00e2timent\",\"potentialAction\":[{\"@type\":\"SearchAction\",\"target\":{\"@type\":\"EntryPoint\",\"urlTemplate\":\"https:\\\/\\\/batijournal.com\\\/?s={search_term_string}\"},\"query-input\":{\"@type\":\"PropertyValueSpecification\",\"valueRequired\":true,\"valueName\":\"search_term_string\"}}],\"inLanguage\":\"fr-FR\"},{\"@type\":\"Person\",\"@id\":\"https:\\\/\\\/batijournal.com\\\/#\\\/schema\\\/person\\\/6a657e8967569e1b299972574848aa76\",\"name\":\"Bati-journal\",\"image\":{\"@type\":\"ImageObject\",\"inLanguage\":\"fr-FR\",\"@id\":\"https:\\\/\\\/secure.gravatar.com\\\/avatar\\\/a64364ea26392f9b4dd47e017ddaec74ff03aefc073b49e492e847201258f777?s=96&d=mm&r=g\",\"url\":\"https:\\\/\\\/secure.gravatar.com\\\/avatar\\\/a64364ea26392f9b4dd47e017ddaec74ff03aefc073b49e492e847201258f777?s=96&d=mm&r=g\",\"contentUrl\":\"https:\\\/\\\/secure.gravatar.com\\\/avatar\\\/a64364ea26392f9b4dd47e017ddaec74ff03aefc073b49e492e847201258f777?s=96&d=mm&r=g\",\"caption\":\"Bati-journal\"},\"url\":\"https:\\\/\\\/batijournal.com\\\/index.php\\\/author\\\/elodie\\\/\"}]}<\/script>\n<!-- \/ Yoast SEO plugin. -->","yoast_head_json":{"title":"Adh\u00e9n\u00e9o restaure les clochetons de la cath\u00e9drale de Rouen","robots":{"index":"index","follow":"follow","max-snippet":"max-snippet:-1","max-image-preview":"max-image-preview:large","max-video-preview":"max-video-preview:-1"},"canonical":"https:\/\/batijournal.com\/index.php\/adheneo-restaure-les-clochetons-de-la-cathedrale-de-rouen\/81129\/","og_locale":"fr_FR","og_type":"article","og_title":"Adh\u00e9n\u00e9o restaure les clochetons de la cath\u00e9drale de Rouen","og_description":"Cette op\u00e9ration tr\u00e8s spectaculaire a pour but de restaurer les quatre clochetons qui culminent \u00e0 65 m de hauteur. Une importante \u00e9tude pr\u00e9alable a \u00e9t\u00e9 command\u00e9e par la DRAC aupr\u00e8s de l\u0092&rsquo;ACMH, Pierre Andr\u00e9 Lablaude. Cette \u00e9tude a permis de proposer un projet de restauration durable. Les travaux se d\u00e9rouleront sur trois tranches. La premi\u00e8re [&hellip;]","og_url":"https:\/\/batijournal.com\/index.php\/adheneo-restaure-les-clochetons-de-la-cathedrale-de-rouen\/81129\/","og_site_name":"Batijournal","article_published_time":"2011-03-13T23:00:00+00:00","article_modified_time":"2019-07-15T09:29:33+00:00","author":"Bati-journal","twitter_card":"summary_large_image","twitter_creator":"@bati_journal","twitter_site":"@bati_journal","twitter_misc":{"\u00c9crit par":"Bati-journal","Dur\u00e9e de lecture estim\u00e9e":"1 minute"},"schema":{"@context":"https:\/\/schema.org","@graph":[{"@type":"Article","@id":"https:\/\/batijournal.com\/index.php\/adheneo-restaure-les-clochetons-de-la-cathedrale-de-rouen\/81129\/#article","isPartOf":{"@id":"https:\/\/batijournal.com\/index.php\/adheneo-restaure-les-clochetons-de-la-cathedrale-de-rouen\/81129\/"},"author":{"name":"Bati-journal","@id":"https:\/\/batijournal.com\/#\/schema\/person\/6a657e8967569e1b299972574848aa76"},"headline":"Adh\u00e9n\u00e9o restaure les clochetons de la cath\u00e9drale de Rouen","datePublished":"2011-03-13T23:00:00+00:00","dateModified":"2019-07-15T09:29:33+00:00","mainEntityOfPage":{"@id":"https:\/\/batijournal.com\/index.php\/adheneo-restaure-les-clochetons-de-la-cathedrale-de-rouen\/81129\/"},"wordCount":210,"commentCount":0,"keywords":["cath\u00e9drale de Rouen","restauration"],"articleSection":["Architecture &amp; Conception"],"inLanguage":"fr-FR","potentialAction":[{"@type":"CommentAction","name":"Comment","target":["https:\/\/batijournal.com\/index.php\/adheneo-restaure-les-clochetons-de-la-cathedrale-de-rouen\/81129\/#respond"]}]},{"@type":"WebPage","@id":"https:\/\/batijournal.com\/index.php\/adheneo-restaure-les-clochetons-de-la-cathedrale-de-rouen\/81129\/","url":"https:\/\/batijournal.com\/index.php\/adheneo-restaure-les-clochetons-de-la-cathedrale-de-rouen\/81129\/","name":"Adh\u00e9n\u00e9o restaure les clochetons de la cath\u00e9drale de Rouen","isPartOf":{"@id":"https:\/\/batijournal.com\/#website"},"datePublished":"2011-03-13T23:00:00+00:00","dateModified":"2019-07-15T09:29:33+00:00","author":{"@id":"https:\/\/batijournal.com\/#\/schema\/person\/6a657e8967569e1b299972574848aa76"},"breadcrumb":{"@id":"https:\/\/batijournal.com\/index.php\/adheneo-restaure-les-clochetons-de-la-cathedrale-de-rouen\/81129\/#breadcrumb"},"inLanguage":"fr-FR","potentialAction":[{"@type":"ReadAction","target":["https:\/\/batijournal.com\/index.php\/adheneo-restaure-les-clochetons-de-la-cathedrale-de-rouen\/81129\/"]}]},{"@type":"BreadcrumbList","@id":"https:\/\/batijournal.com\/index.php\/adheneo-restaure-les-clochetons-de-la-cathedrale-de-rouen\/81129\/#breadcrumb","itemListElement":[{"@type":"ListItem","position":1,"name":"Accueil","item":"https:\/\/batijournal.com\/"},{"@type":"ListItem","position":2,"name":"Actualit\u00e9s","item":"https:\/\/batijournal.com\/index.php\/category\/actualites\/"},{"@type":"ListItem","position":3,"name":"Architecture &amp; Conception","item":"https:\/\/batijournal.com\/index.php\/category\/actualites\/architecture-conception\/"},{"@type":"ListItem","position":4,"name":"Adh\u00e9n\u00e9o restaure les clochetons de la cath\u00e9drale de Rouen"}]},{"@type":"WebSite","@id":"https:\/\/batijournal.com\/#website","url":"https:\/\/batijournal.com\/","name":"Batijournal","description":"L&#039;actualit\u00e9 du b\u00e2timent","potentialAction":[{"@type":"SearchAction","target":{"@type":"EntryPoint","urlTemplate":"https:\/\/batijournal.com\/?s={search_term_string}"},"query-input":{"@type":"PropertyValueSpecification","valueRequired":true,"valueName":"search_term_string"}}],"inLanguage":"fr-FR"},{"@type":"Person","@id":"https:\/\/batijournal.com\/#\/schema\/person\/6a657e8967569e1b299972574848aa76","name":"Bati-journal","image":{"@type":"ImageObject","inLanguage":"fr-FR","@id":"https:\/\/secure.gravatar.com\/avatar\/a64364ea26392f9b4dd47e017ddaec74ff03aefc073b49e492e847201258f777?s=96&d=mm&r=g","url":"https:\/\/secure.gravatar.com\/avatar\/a64364ea26392f9b4dd47e017ddaec74ff03aefc073b49e492e847201258f777?s=96&d=mm&r=g","contentUrl":"https:\/\/secure.gravatar.com\/avatar\/a64364ea26392f9b4dd47e017ddaec74ff03aefc073b49e492e847201258f777?s=96&d=mm&r=g","caption":"Bati-journal"},"url":"https:\/\/batijournal.com\/index.php\/author\/elodie\/"}]}},"_links":{"self":[{"href":"https:\/\/batijournal.com\/index.php\/wp-json\/wp\/v2\/posts\/81129","targetHints":{"allow":["GET"]}}],"collection":[{"href":"https:\/\/batijournal.com\/index.php\/wp-json\/wp\/v2\/posts"}],"about":[{"href":"https:\/\/batijournal.com\/index.php\/wp-json\/wp\/v2\/types\/post"}],"author":[{"embeddable":true,"href":"https:\/\/batijournal.com\/index.php\/wp-json\/wp\/v2\/users\/1"}],"replies":[{"embeddable":true,"href":"https:\/\/batijournal.com\/index.php\/wp-json\/wp\/v2\/comments?post=81129"}],"version-history":[{"count":0,"href":"https:\/\/batijournal.com\/index.php\/wp-json\/wp\/v2\/posts\/81129\/revisions"}],"wp:attachment":[{"href":"https:\/\/batijournal.com\/index.php\/wp-json\/wp\/v2\/media?parent=81129"}],"wp:term":[{"taxonomy":"category","embeddable":true,"href":"https:\/\/batijournal.com\/index.php\/wp-json\/wp\/v2\/categories?post=81129"},{"taxonomy":"post_tag","embeddable":true,"href":"https:\/\/batijournal.com\/index.php\/wp-json\/wp\/v2\/tags?post=81129"}],"curies":[{"name":"wp","href":"https:\/\/api.w.org\/{rel}","templated":true}]}}