{"id":81130,"date":"2011-03-18T00:00:00","date_gmt":"2011-03-17T23:00:00","guid":{"rendered":"http:\/\/b.bati-journal.com\/ivry-sur-seine-accueillera-430-logements-bbc\/81130"},"modified":"2019-07-15T11:29:33","modified_gmt":"2019-07-15T09:29:33","slug":"ivry-sur-seine-accueillera-430-logements-bbc","status":"publish","type":"post","link":"https:\/\/batijournal.com\/index.php\/ivry-sur-seine-accueillera-430-logements-bbc\/81130\/","title":{"rendered":"Ivry-sur-Seine accueillera 430 logements BBC"},"content":{"rendered":"<p>C&rsquo;est BNP Paribas Immobilier R\u00e9sidentiel Promotion Ile-de-France qui a \u00e9t\u00e9 choisi par la Ville d\u2019Ivry-sur-Seine et l\u2019AFTRP (Agence Fonci\u00e8re et Technique de la R\u00e9gion Parisienne) pour la r\u00e9alisation des lots 6, 7 et 8 de la ZAC du plateau d\u2019Ivry-Sur-Seine. Ce projet, pr\u00e9sent\u00e9 en avant-premi\u00e8re au MIPIM, s\u2019articulera, \u00e0 partir de l\u2019avenue de Verdun \u00e0 l\u2019entr\u00e9e de la ville d\u2019Ivry-sur-Seine, autour de la future place du G\u00e9n\u00e9ral-de-Gaulle (espace public f\u00e9d\u00e9rateur situ\u00e9 au c\u0153ur de la ZAC du plateau) pour d\u00e9velopper 36 000 m\u00b2 SHON, soit 31 500 m\u00b2 de logements et 4 500 m\u00b2 de commerces. Cette op\u00e9ration, qui fera l\u2019objet d\u2019une certification BBC et HQE, totalisera 430 logements. \u00ab Ce programme d\u2019envergure sera coordonn\u00e9 par Jean-Michel Dumas qui est \u00e9galement l\u2019architecte du lot 7. Les travaux du concours d\u2019architecte lanc\u00e9 en d\u00e9but d\u2019ann\u00e9e sur les lots 6 et 8, regroupant, pour chaque lot, trois architectes, seront pr\u00e9sent\u00e9s au MIPIM, et les r\u00e9sultats seront d\u00e9voil\u00e9s en avril \u00bb, pr\u00e9cise Pierre Sorel, pr\u00e9sident de BNP Paribas Immobilier R\u00e9sidentiel Promotion Ile-de-France.<\/p>\n","protected":false},"excerpt":{"rendered":"<p>C&rsquo;est BNP Paribas Immobilier R\u00e9sidentiel Promotion Ile-de-France qui a \u00e9t\u00e9 choisi par la Ville d\u2019Ivry-sur-Seine et l\u2019AFTRP (Agence Fonci\u00e8re et Technique de la R\u00e9gion Parisienne) pour la r\u00e9alisation des lots 6, 7 et 8 de la ZAC du plateau d\u2019Ivry-Sur-Seine. Ce projet, pr\u00e9sent\u00e9 en avant-premi\u00e8re au MIPIM, s\u2019articulera, \u00e0 partir de l\u2019avenue de Verdun \u00e0 [&hellip;]<\/p>\n","protected":false},"author":1,"featured_media":81131,"comment_status":"open","ping_status":"closed","sticky":false,"template":"","format":"standard","meta":{"_et_pb_use_builder":"","_et_pb_old_content":"","_et_gb_content_width":"","footnotes":""},"categories":[6340],"tags":[6859],"class_list":["post-81130","post","type-post","status-publish","format-standard","has-post-thumbnail","hentry","category-architecture-conception","tag-realisation-durable"],"yoast_head":"<!-- This site is optimized with the Yoast SEO plugin v27.4 - https:\/\/yoast.com\/product\/yoast-seo-wordpress\/ -->\n<title>Ivry-sur-Seine accueillera 430 logements BBC<\/title>\n<meta name=\"robots\" content=\"index, follow, max-snippet:-1, max-image-preview:large, max-video-preview:-1\" \/>\n<link rel=\"canonical\" href=\"https:\/\/batijournal.com\/index.php\/ivry-sur-seine-accueillera-430-logements-bbc\/81130\/\" \/>\n<meta property=\"og:locale\" content=\"fr_FR\" \/>\n<meta property=\"og:type\" content=\"article\" \/>\n<meta property=\"og:title\" content=\"Ivry-sur-Seine accueillera 430 logements BBC\" \/>\n<meta property=\"og:description\" content=\"C&rsquo;est BNP Paribas Immobilier R\u00e9sidentiel Promotion Ile-de-France qui a \u00e9t\u00e9 choisi par la Ville d\u2019Ivry-sur-Seine et l\u2019AFTRP (Agence Fonci\u00e8re et Technique de la R\u00e9gion Parisienne) pour la r\u00e9alisation des lots 6, 7 et 8 de la ZAC du plateau d\u2019Ivry-Sur-Seine. Ce projet, pr\u00e9sent\u00e9 en avant-premi\u00e8re au MIPIM, s\u2019articulera, \u00e0 partir de l\u2019avenue de Verdun \u00e0 [&hellip;]\" \/>\n<meta property=\"og:url\" content=\"https:\/\/batijournal.com\/index.php\/ivry-sur-seine-accueillera-430-logements-bbc\/81130\/\" \/>\n<meta property=\"og:site_name\" content=\"Batijournal\" \/>\n<meta property=\"article:published_time\" content=\"2011-03-17T23:00:00+00:00\" \/>\n<meta property=\"article:modified_time\" content=\"2019-07-15T09:29:33+00:00\" \/>\n<meta property=\"og:image\" content=\"https:\/\/batijournal.com\/wp-content\/uploads\/2015\/03\/21610029.jpg\" \/>\n\t<meta property=\"og:image:width\" content=\"600\" \/>\n\t<meta property=\"og:image:height\" content=\"375\" \/>\n\t<meta property=\"og:image:type\" content=\"image\/jpeg\" \/>\n<meta name=\"author\" content=\"Bati-journal\" \/>\n<meta name=\"twitter:card\" content=\"summary_large_image\" \/>\n<meta name=\"twitter:creator\" content=\"@bati_journal\" \/>\n<meta name=\"twitter:site\" content=\"@bati_journal\" \/>\n<meta name=\"twitter:label1\" content=\"\u00c9crit par\" \/>\n\t<meta name=\"twitter:data1\" content=\"Bati-journal\" \/>\n\t<meta name=\"twitter:label2\" content=\"Dur\u00e9e de lecture estim\u00e9e\" \/>\n\t<meta name=\"twitter:data2\" content=\"1 minute\" \/>\n<script type=\"application\/ld+json\" class=\"yoast-schema-graph\">{\"@context\":\"https:\\\/\\\/schema.org\",\"@graph\":[{\"@type\":\"Article\",\"@id\":\"https:\\\/\\\/batijournal.com\\\/index.php\\\/ivry-sur-seine-accueillera-430-logements-bbc\\\/81130\\\/#article\",\"isPartOf\":{\"@id\":\"https:\\\/\\\/batijournal.com\\\/index.php\\\/ivry-sur-seine-accueillera-430-logements-bbc\\\/81130\\\/\"},\"author\":{\"name\":\"Bati-journal\",\"@id\":\"https:\\\/\\\/batijournal.com\\\/#\\\/schema\\\/person\\\/6a657e8967569e1b299972574848aa76\"},\"headline\":\"Ivry-sur-Seine accueillera 430 logements BBC\",\"datePublished\":\"2011-03-17T23:00:00+00:00\",\"dateModified\":\"2019-07-15T09:29:33+00:00\",\"mainEntityOfPage\":{\"@id\":\"https:\\\/\\\/batijournal.com\\\/index.php\\\/ivry-sur-seine-accueillera-430-logements-bbc\\\/81130\\\/\"},\"wordCount\":194,\"commentCount\":0,\"image\":{\"@id\":\"https:\\\/\\\/batijournal.com\\\/index.php\\\/ivry-sur-seine-accueillera-430-logements-bbc\\\/81130\\\/#primaryimage\"},\"thumbnailUrl\":\"https:\\\/\\\/batijournal.com\\\/wp-content\\\/uploads\\\/2015\\\/03\\\/21610029.jpg\",\"keywords\":[\"realisation durable\"],\"articleSection\":[\"Architecture &amp; Conception\"],\"inLanguage\":\"fr-FR\",\"potentialAction\":[{\"@type\":\"CommentAction\",\"name\":\"Comment\",\"target\":[\"https:\\\/\\\/batijournal.com\\\/index.php\\\/ivry-sur-seine-accueillera-430-logements-bbc\\\/81130\\\/#respond\"]}]},{\"@type\":\"WebPage\",\"@id\":\"https:\\\/\\\/batijournal.com\\\/index.php\\\/ivry-sur-seine-accueillera-430-logements-bbc\\\/81130\\\/\",\"url\":\"https:\\\/\\\/batijournal.com\\\/index.php\\\/ivry-sur-seine-accueillera-430-logements-bbc\\\/81130\\\/\",\"name\":\"Ivry-sur-Seine accueillera 430 logements BBC\",\"isPartOf\":{\"@id\":\"https:\\\/\\\/batijournal.com\\\/#website\"},\"primaryImageOfPage\":{\"@id\":\"https:\\\/\\\/batijournal.com\\\/index.php\\\/ivry-sur-seine-accueillera-430-logements-bbc\\\/81130\\\/#primaryimage\"},\"image\":{\"@id\":\"https:\\\/\\\/batijournal.com\\\/index.php\\\/ivry-sur-seine-accueillera-430-logements-bbc\\\/81130\\\/#primaryimage\"},\"thumbnailUrl\":\"https:\\\/\\\/batijournal.com\\\/wp-content\\\/uploads\\\/2015\\\/03\\\/21610029.jpg\",\"datePublished\":\"2011-03-17T23:00:00+00:00\",\"dateModified\":\"2019-07-15T09:29:33+00:00\",\"author\":{\"@id\":\"https:\\\/\\\/batijournal.com\\\/#\\\/schema\\\/person\\\/6a657e8967569e1b299972574848aa76\"},\"breadcrumb\":{\"@id\":\"https:\\\/\\\/batijournal.com\\\/index.php\\\/ivry-sur-seine-accueillera-430-logements-bbc\\\/81130\\\/#breadcrumb\"},\"inLanguage\":\"fr-FR\",\"potentialAction\":[{\"@type\":\"ReadAction\",\"target\":[\"https:\\\/\\\/batijournal.com\\\/index.php\\\/ivry-sur-seine-accueillera-430-logements-bbc\\\/81130\\\/\"]}]},{\"@type\":\"ImageObject\",\"inLanguage\":\"fr-FR\",\"@id\":\"https:\\\/\\\/batijournal.com\\\/index.php\\\/ivry-sur-seine-accueillera-430-logements-bbc\\\/81130\\\/#primaryimage\",\"url\":\"https:\\\/\\\/batijournal.com\\\/wp-content\\\/uploads\\\/2015\\\/03\\\/21610029.jpg\",\"contentUrl\":\"https:\\\/\\\/batijournal.com\\\/wp-content\\\/uploads\\\/2015\\\/03\\\/21610029.jpg\",\"width\":600,\"height\":375},{\"@type\":\"BreadcrumbList\",\"@id\":\"https:\\\/\\\/batijournal.com\\\/index.php\\\/ivry-sur-seine-accueillera-430-logements-bbc\\\/81130\\\/#breadcrumb\",\"itemListElement\":[{\"@type\":\"ListItem\",\"position\":1,\"name\":\"Accueil\",\"item\":\"https:\\\/\\\/batijournal.com\\\/\"},{\"@type\":\"ListItem\",\"position\":2,\"name\":\"Actualit\u00e9s\",\"item\":\"https:\\\/\\\/batijournal.com\\\/index.php\\\/category\\\/actualites\\\/\"},{\"@type\":\"ListItem\",\"position\":3,\"name\":\"Architecture &amp; Conception\",\"item\":\"https:\\\/\\\/batijournal.com\\\/index.php\\\/category\\\/actualites\\\/architecture-conception\\\/\"},{\"@type\":\"ListItem\",\"position\":4,\"name\":\"Ivry-sur-Seine accueillera 430 logements BBC\"}]},{\"@type\":\"WebSite\",\"@id\":\"https:\\\/\\\/batijournal.com\\\/#website\",\"url\":\"https:\\\/\\\/batijournal.com\\\/\",\"name\":\"Batijournal\",\"description\":\"L&#039;actualit\u00e9 du b\u00e2timent\",\"potentialAction\":[{\"@type\":\"SearchAction\",\"target\":{\"@type\":\"EntryPoint\",\"urlTemplate\":\"https:\\\/\\\/batijournal.com\\\/?s={search_term_string}\"},\"query-input\":{\"@type\":\"PropertyValueSpecification\",\"valueRequired\":true,\"valueName\":\"search_term_string\"}}],\"inLanguage\":\"fr-FR\"},{\"@type\":\"Person\",\"@id\":\"https:\\\/\\\/batijournal.com\\\/#\\\/schema\\\/person\\\/6a657e8967569e1b299972574848aa76\",\"name\":\"Bati-journal\",\"image\":{\"@type\":\"ImageObject\",\"inLanguage\":\"fr-FR\",\"@id\":\"https:\\\/\\\/secure.gravatar.com\\\/avatar\\\/a64364ea26392f9b4dd47e017ddaec74ff03aefc073b49e492e847201258f777?s=96&d=mm&r=g\",\"url\":\"https:\\\/\\\/secure.gravatar.com\\\/avatar\\\/a64364ea26392f9b4dd47e017ddaec74ff03aefc073b49e492e847201258f777?s=96&d=mm&r=g\",\"contentUrl\":\"https:\\\/\\\/secure.gravatar.com\\\/avatar\\\/a64364ea26392f9b4dd47e017ddaec74ff03aefc073b49e492e847201258f777?s=96&d=mm&r=g\",\"caption\":\"Bati-journal\"},\"url\":\"https:\\\/\\\/batijournal.com\\\/index.php\\\/author\\\/elodie\\\/\"}]}<\/script>\n<!-- \/ Yoast SEO plugin. -->","yoast_head_json":{"title":"Ivry-sur-Seine accueillera 430 logements BBC","robots":{"index":"index","follow":"follow","max-snippet":"max-snippet:-1","max-image-preview":"max-image-preview:large","max-video-preview":"max-video-preview:-1"},"canonical":"https:\/\/batijournal.com\/index.php\/ivry-sur-seine-accueillera-430-logements-bbc\/81130\/","og_locale":"fr_FR","og_type":"article","og_title":"Ivry-sur-Seine accueillera 430 logements BBC","og_description":"C&rsquo;est BNP Paribas Immobilier R\u00e9sidentiel Promotion Ile-de-France qui a \u00e9t\u00e9 choisi par la Ville d\u2019Ivry-sur-Seine et l\u2019AFTRP (Agence Fonci\u00e8re et Technique de la R\u00e9gion Parisienne) pour la r\u00e9alisation des lots 6, 7 et 8 de la ZAC du plateau d\u2019Ivry-Sur-Seine. Ce projet, pr\u00e9sent\u00e9 en avant-premi\u00e8re au MIPIM, s\u2019articulera, \u00e0 partir de l\u2019avenue de Verdun \u00e0 [&hellip;]","og_url":"https:\/\/batijournal.com\/index.php\/ivry-sur-seine-accueillera-430-logements-bbc\/81130\/","og_site_name":"Batijournal","article_published_time":"2011-03-17T23:00:00+00:00","article_modified_time":"2019-07-15T09:29:33+00:00","og_image":[{"width":600,"height":375,"url":"https:\/\/batijournal.com\/wp-content\/uploads\/2015\/03\/21610029.jpg","type":"image\/jpeg"}],"author":"Bati-journal","twitter_card":"summary_large_image","twitter_creator":"@bati_journal","twitter_site":"@bati_journal","twitter_misc":{"\u00c9crit par":"Bati-journal","Dur\u00e9e de lecture estim\u00e9e":"1 minute"},"schema":{"@context":"https:\/\/schema.org","@graph":[{"@type":"Article","@id":"https:\/\/batijournal.com\/index.php\/ivry-sur-seine-accueillera-430-logements-bbc\/81130\/#article","isPartOf":{"@id":"https:\/\/batijournal.com\/index.php\/ivry-sur-seine-accueillera-430-logements-bbc\/81130\/"},"author":{"name":"Bati-journal","@id":"https:\/\/batijournal.com\/#\/schema\/person\/6a657e8967569e1b299972574848aa76"},"headline":"Ivry-sur-Seine accueillera 430 logements BBC","datePublished":"2011-03-17T23:00:00+00:00","dateModified":"2019-07-15T09:29:33+00:00","mainEntityOfPage":{"@id":"https:\/\/batijournal.com\/index.php\/ivry-sur-seine-accueillera-430-logements-bbc\/81130\/"},"wordCount":194,"commentCount":0,"image":{"@id":"https:\/\/batijournal.com\/index.php\/ivry-sur-seine-accueillera-430-logements-bbc\/81130\/#primaryimage"},"thumbnailUrl":"https:\/\/batijournal.com\/wp-content\/uploads\/2015\/03\/21610029.jpg","keywords":["realisation durable"],"articleSection":["Architecture &amp; Conception"],"inLanguage":"fr-FR","potentialAction":[{"@type":"CommentAction","name":"Comment","target":["https:\/\/batijournal.com\/index.php\/ivry-sur-seine-accueillera-430-logements-bbc\/81130\/#respond"]}]},{"@type":"WebPage","@id":"https:\/\/batijournal.com\/index.php\/ivry-sur-seine-accueillera-430-logements-bbc\/81130\/","url":"https:\/\/batijournal.com\/index.php\/ivry-sur-seine-accueillera-430-logements-bbc\/81130\/","name":"Ivry-sur-Seine accueillera 430 logements BBC","isPartOf":{"@id":"https:\/\/batijournal.com\/#website"},"primaryImageOfPage":{"@id":"https:\/\/batijournal.com\/index.php\/ivry-sur-seine-accueillera-430-logements-bbc\/81130\/#primaryimage"},"image":{"@id":"https:\/\/batijournal.com\/index.php\/ivry-sur-seine-accueillera-430-logements-bbc\/81130\/#primaryimage"},"thumbnailUrl":"https:\/\/batijournal.com\/wp-content\/uploads\/2015\/03\/21610029.jpg","datePublished":"2011-03-17T23:00:00+00:00","dateModified":"2019-07-15T09:29:33+00:00","author":{"@id":"https:\/\/batijournal.com\/#\/schema\/person\/6a657e8967569e1b299972574848aa76"},"breadcrumb":{"@id":"https:\/\/batijournal.com\/index.php\/ivry-sur-seine-accueillera-430-logements-bbc\/81130\/#breadcrumb"},"inLanguage":"fr-FR","potentialAction":[{"@type":"ReadAction","target":["https:\/\/batijournal.com\/index.php\/ivry-sur-seine-accueillera-430-logements-bbc\/81130\/"]}]},{"@type":"ImageObject","inLanguage":"fr-FR","@id":"https:\/\/batijournal.com\/index.php\/ivry-sur-seine-accueillera-430-logements-bbc\/81130\/#primaryimage","url":"https:\/\/batijournal.com\/wp-content\/uploads\/2015\/03\/21610029.jpg","contentUrl":"https:\/\/batijournal.com\/wp-content\/uploads\/2015\/03\/21610029.jpg","width":600,"height":375},{"@type":"BreadcrumbList","@id":"https:\/\/batijournal.com\/index.php\/ivry-sur-seine-accueillera-430-logements-bbc\/81130\/#breadcrumb","itemListElement":[{"@type":"ListItem","position":1,"name":"Accueil","item":"https:\/\/batijournal.com\/"},{"@type":"ListItem","position":2,"name":"Actualit\u00e9s","item":"https:\/\/batijournal.com\/index.php\/category\/actualites\/"},{"@type":"ListItem","position":3,"name":"Architecture &amp; Conception","item":"https:\/\/batijournal.com\/index.php\/category\/actualites\/architecture-conception\/"},{"@type":"ListItem","position":4,"name":"Ivry-sur-Seine accueillera 430 logements BBC"}]},{"@type":"WebSite","@id":"https:\/\/batijournal.com\/#website","url":"https:\/\/batijournal.com\/","name":"Batijournal","description":"L&#039;actualit\u00e9 du b\u00e2timent","potentialAction":[{"@type":"SearchAction","target":{"@type":"EntryPoint","urlTemplate":"https:\/\/batijournal.com\/?s={search_term_string}"},"query-input":{"@type":"PropertyValueSpecification","valueRequired":true,"valueName":"search_term_string"}}],"inLanguage":"fr-FR"},{"@type":"Person","@id":"https:\/\/batijournal.com\/#\/schema\/person\/6a657e8967569e1b299972574848aa76","name":"Bati-journal","image":{"@type":"ImageObject","inLanguage":"fr-FR","@id":"https:\/\/secure.gravatar.com\/avatar\/a64364ea26392f9b4dd47e017ddaec74ff03aefc073b49e492e847201258f777?s=96&d=mm&r=g","url":"https:\/\/secure.gravatar.com\/avatar\/a64364ea26392f9b4dd47e017ddaec74ff03aefc073b49e492e847201258f777?s=96&d=mm&r=g","contentUrl":"https:\/\/secure.gravatar.com\/avatar\/a64364ea26392f9b4dd47e017ddaec74ff03aefc073b49e492e847201258f777?s=96&d=mm&r=g","caption":"Bati-journal"},"url":"https:\/\/batijournal.com\/index.php\/author\/elodie\/"}]}},"_links":{"self":[{"href":"https:\/\/batijournal.com\/index.php\/wp-json\/wp\/v2\/posts\/81130","targetHints":{"allow":["GET"]}}],"collection":[{"href":"https:\/\/batijournal.com\/index.php\/wp-json\/wp\/v2\/posts"}],"about":[{"href":"https:\/\/batijournal.com\/index.php\/wp-json\/wp\/v2\/types\/post"}],"author":[{"embeddable":true,"href":"https:\/\/batijournal.com\/index.php\/wp-json\/wp\/v2\/users\/1"}],"replies":[{"embeddable":true,"href":"https:\/\/batijournal.com\/index.php\/wp-json\/wp\/v2\/comments?post=81130"}],"version-history":[{"count":0,"href":"https:\/\/batijournal.com\/index.php\/wp-json\/wp\/v2\/posts\/81130\/revisions"}],"wp:featuredmedia":[{"embeddable":true,"href":"https:\/\/batijournal.com\/index.php\/wp-json\/wp\/v2\/media\/81131"}],"wp:attachment":[{"href":"https:\/\/batijournal.com\/index.php\/wp-json\/wp\/v2\/media?parent=81130"}],"wp:term":[{"taxonomy":"category","embeddable":true,"href":"https:\/\/batijournal.com\/index.php\/wp-json\/wp\/v2\/categories?post=81130"},{"taxonomy":"post_tag","embeddable":true,"href":"https:\/\/batijournal.com\/index.php\/wp-json\/wp\/v2\/tags?post=81130"}],"curies":[{"name":"wp","href":"https:\/\/api.w.org\/{rel}","templated":true}]}}