{"id":81152,"date":"2011-05-10T00:00:00","date_gmt":"2011-05-09T22:00:00","guid":{"rendered":"http:\/\/b.bati-journal.com\/la-tour-first-inauguree\/81152"},"modified":"2019-07-15T11:29:31","modified_gmt":"2019-07-15T09:29:31","slug":"la-tour-first-inauguree","status":"publish","type":"post","link":"https:\/\/batijournal.com\/index.php\/la-tour-first-inauguree\/81152\/","title":{"rendered":"La tour First inaugur\u00e9e"},"content":{"rendered":"<p><span class=\"lettrine\">C<\/span>&lsquo;est au terme de quatre ans de travaux, pour un montant de plus de 300 millions d\u2019euros, que la tour First a \u00e9t\u00e9 inaugur\u00e9e officiellement le jeudi 5 mai 2011. Premi\u00e8re op\u00e9ration de grande hauteur livr\u00e9e depuis la mise en place du Plan de renouveau de La D\u00e9fense lanc\u00e9 en 2006, elle offre l\u2019exemple remarquable d\u2019une restructuration ambitieuse et innovante. Signal fort \u00e0 l\u2019entr\u00e9e du quartier d&rsquo;affaires, First est la plus haute tour de bureaux jamais \u00e9rig\u00e9e en France, avec 231 m\u00e8tres pour 80 000 m\u00b2 utiles r\u00e9partis sur 52 \u00e9tages. Plus grand projet de bureaux de l&rsquo;Hexagone, la tour est aussi certifi\u00e9e \u00ab NF B\u00e2timents tertiaires &#8211; d\u00e9marche HQE\u00bb et atteint le niveau Tr\u00e8s Haute Performance \u00c9nerg\u00e9tique (THPE). Son exceptionnelle visibilit\u00e9 lui conf\u00e8re un caract\u00e8re unique qui attire les plus grandes entreprises internationales, au premier rang desquelles Ernst &amp; Young qui s\u2019y installera sur 19 \u00e9tages, soit plus de 38 000 m\u00b2 (pr\u00e8s de 50 % de l&rsquo;\u00e9difice) \u00e0 partir de novembre prochain.<\/p>\n","protected":false},"excerpt":{"rendered":"<p>C&lsquo;est au terme de quatre ans de travaux, pour un montant de plus de 300 millions d\u2019euros, que la tour First a \u00e9t\u00e9 inaugur\u00e9e officiellement le jeudi 5 mai 2011. Premi\u00e8re op\u00e9ration de grande hauteur livr\u00e9e depuis la mise en place du Plan de renouveau de La D\u00e9fense lanc\u00e9 en 2006, elle offre l\u2019exemple remarquable [&hellip;]<\/p>\n","protected":false},"author":1,"featured_media":81153,"comment_status":"open","ping_status":"closed","sticky":false,"template":"","format":"standard","meta":{"_et_pb_use_builder":"","_et_pb_old_content":"","_et_gb_content_width":"","footnotes":""},"categories":[6340],"tags":[1180,6894],"class_list":["post-81152","post","type-post","status-publish","format-standard","has-post-thumbnail","hentry","category-architecture-conception","tag-hqe","tag-tour-first"],"yoast_head":"<!-- This site is optimized with the Yoast SEO plugin v27.4 - https:\/\/yoast.com\/product\/yoast-seo-wordpress\/ -->\n<title>La tour First inaugur\u00e9e<\/title>\n<meta name=\"robots\" content=\"index, follow, max-snippet:-1, max-image-preview:large, max-video-preview:-1\" \/>\n<link rel=\"canonical\" href=\"https:\/\/batijournal.com\/index.php\/la-tour-first-inauguree\/81152\/\" \/>\n<meta property=\"og:locale\" content=\"fr_FR\" \/>\n<meta property=\"og:type\" content=\"article\" \/>\n<meta property=\"og:title\" content=\"La tour First inaugur\u00e9e\" \/>\n<meta property=\"og:description\" content=\"C&lsquo;est au terme de quatre ans de travaux, pour un montant de plus de 300 millions d\u2019euros, que la tour First a \u00e9t\u00e9 inaugur\u00e9e officiellement le jeudi 5 mai 2011. Premi\u00e8re op\u00e9ration de grande hauteur livr\u00e9e depuis la mise en place du Plan de renouveau de La D\u00e9fense lanc\u00e9 en 2006, elle offre l\u2019exemple remarquable [&hellip;]\" \/>\n<meta property=\"og:url\" content=\"https:\/\/batijournal.com\/index.php\/la-tour-first-inauguree\/81152\/\" \/>\n<meta property=\"og:site_name\" content=\"Batijournal\" \/>\n<meta property=\"article:published_time\" content=\"2011-05-09T22:00:00+00:00\" \/>\n<meta property=\"article:modified_time\" content=\"2019-07-15T09:29:31+00:00\" \/>\n<meta property=\"og:image\" content=\"https:\/\/batijournal.com\/wp-content\/uploads\/2015\/03\/24982289.jpg\" \/>\n\t<meta property=\"og:image:width\" content=\"399\" \/>\n\t<meta property=\"og:image:height\" content=\"599\" \/>\n\t<meta property=\"og:image:type\" content=\"image\/jpeg\" \/>\n<meta name=\"author\" content=\"Bati-journal\" \/>\n<meta name=\"twitter:card\" content=\"summary_large_image\" \/>\n<meta name=\"twitter:creator\" content=\"@bati_journal\" \/>\n<meta name=\"twitter:site\" content=\"@bati_journal\" \/>\n<meta name=\"twitter:label1\" content=\"\u00c9crit par\" \/>\n\t<meta name=\"twitter:data1\" content=\"Bati-journal\" \/>\n\t<meta name=\"twitter:label2\" content=\"Dur\u00e9e de lecture estim\u00e9e\" \/>\n\t<meta name=\"twitter:data2\" content=\"1 minute\" \/>\n<script type=\"application\/ld+json\" class=\"yoast-schema-graph\">{\"@context\":\"https:\\\/\\\/schema.org\",\"@graph\":[{\"@type\":\"Article\",\"@id\":\"https:\\\/\\\/batijournal.com\\\/index.php\\\/la-tour-first-inauguree\\\/81152\\\/#article\",\"isPartOf\":{\"@id\":\"https:\\\/\\\/batijournal.com\\\/index.php\\\/la-tour-first-inauguree\\\/81152\\\/\"},\"author\":{\"name\":\"Bati-journal\",\"@id\":\"https:\\\/\\\/batijournal.com\\\/#\\\/schema\\\/person\\\/6a657e8967569e1b299972574848aa76\"},\"headline\":\"La tour First inaugur\u00e9e\",\"datePublished\":\"2011-05-09T22:00:00+00:00\",\"dateModified\":\"2019-07-15T09:29:31+00:00\",\"mainEntityOfPage\":{\"@id\":\"https:\\\/\\\/batijournal.com\\\/index.php\\\/la-tour-first-inauguree\\\/81152\\\/\"},\"wordCount\":179,\"commentCount\":0,\"image\":{\"@id\":\"https:\\\/\\\/batijournal.com\\\/index.php\\\/la-tour-first-inauguree\\\/81152\\\/#primaryimage\"},\"thumbnailUrl\":\"https:\\\/\\\/batijournal.com\\\/wp-content\\\/uploads\\\/2015\\\/03\\\/24982289.jpg\",\"keywords\":[\"HQE\",\"tour first\"],\"articleSection\":[\"Architecture &amp; Conception\"],\"inLanguage\":\"fr-FR\",\"potentialAction\":[{\"@type\":\"CommentAction\",\"name\":\"Comment\",\"target\":[\"https:\\\/\\\/batijournal.com\\\/index.php\\\/la-tour-first-inauguree\\\/81152\\\/#respond\"]}]},{\"@type\":\"WebPage\",\"@id\":\"https:\\\/\\\/batijournal.com\\\/index.php\\\/la-tour-first-inauguree\\\/81152\\\/\",\"url\":\"https:\\\/\\\/batijournal.com\\\/index.php\\\/la-tour-first-inauguree\\\/81152\\\/\",\"name\":\"La tour First inaugur\u00e9e\",\"isPartOf\":{\"@id\":\"https:\\\/\\\/batijournal.com\\\/#website\"},\"primaryImageOfPage\":{\"@id\":\"https:\\\/\\\/batijournal.com\\\/index.php\\\/la-tour-first-inauguree\\\/81152\\\/#primaryimage\"},\"image\":{\"@id\":\"https:\\\/\\\/batijournal.com\\\/index.php\\\/la-tour-first-inauguree\\\/81152\\\/#primaryimage\"},\"thumbnailUrl\":\"https:\\\/\\\/batijournal.com\\\/wp-content\\\/uploads\\\/2015\\\/03\\\/24982289.jpg\",\"datePublished\":\"2011-05-09T22:00:00+00:00\",\"dateModified\":\"2019-07-15T09:29:31+00:00\",\"author\":{\"@id\":\"https:\\\/\\\/batijournal.com\\\/#\\\/schema\\\/person\\\/6a657e8967569e1b299972574848aa76\"},\"breadcrumb\":{\"@id\":\"https:\\\/\\\/batijournal.com\\\/index.php\\\/la-tour-first-inauguree\\\/81152\\\/#breadcrumb\"},\"inLanguage\":\"fr-FR\",\"potentialAction\":[{\"@type\":\"ReadAction\",\"target\":[\"https:\\\/\\\/batijournal.com\\\/index.php\\\/la-tour-first-inauguree\\\/81152\\\/\"]}]},{\"@type\":\"ImageObject\",\"inLanguage\":\"fr-FR\",\"@id\":\"https:\\\/\\\/batijournal.com\\\/index.php\\\/la-tour-first-inauguree\\\/81152\\\/#primaryimage\",\"url\":\"https:\\\/\\\/batijournal.com\\\/wp-content\\\/uploads\\\/2015\\\/03\\\/24982289.jpg\",\"contentUrl\":\"https:\\\/\\\/batijournal.com\\\/wp-content\\\/uploads\\\/2015\\\/03\\\/24982289.jpg\",\"width\":399,\"height\":599},{\"@type\":\"BreadcrumbList\",\"@id\":\"https:\\\/\\\/batijournal.com\\\/index.php\\\/la-tour-first-inauguree\\\/81152\\\/#breadcrumb\",\"itemListElement\":[{\"@type\":\"ListItem\",\"position\":1,\"name\":\"Accueil\",\"item\":\"https:\\\/\\\/batijournal.com\\\/\"},{\"@type\":\"ListItem\",\"position\":2,\"name\":\"Actualit\u00e9s\",\"item\":\"https:\\\/\\\/batijournal.com\\\/index.php\\\/category\\\/actualites\\\/\"},{\"@type\":\"ListItem\",\"position\":3,\"name\":\"Architecture &amp; Conception\",\"item\":\"https:\\\/\\\/batijournal.com\\\/index.php\\\/category\\\/actualites\\\/architecture-conception\\\/\"},{\"@type\":\"ListItem\",\"position\":4,\"name\":\"La tour First inaugur\u00e9e\"}]},{\"@type\":\"WebSite\",\"@id\":\"https:\\\/\\\/batijournal.com\\\/#website\",\"url\":\"https:\\\/\\\/batijournal.com\\\/\",\"name\":\"Batijournal\",\"description\":\"L&#039;actualit\u00e9 du b\u00e2timent\",\"potentialAction\":[{\"@type\":\"SearchAction\",\"target\":{\"@type\":\"EntryPoint\",\"urlTemplate\":\"https:\\\/\\\/batijournal.com\\\/?s={search_term_string}\"},\"query-input\":{\"@type\":\"PropertyValueSpecification\",\"valueRequired\":true,\"valueName\":\"search_term_string\"}}],\"inLanguage\":\"fr-FR\"},{\"@type\":\"Person\",\"@id\":\"https:\\\/\\\/batijournal.com\\\/#\\\/schema\\\/person\\\/6a657e8967569e1b299972574848aa76\",\"name\":\"Bati-journal\",\"image\":{\"@type\":\"ImageObject\",\"inLanguage\":\"fr-FR\",\"@id\":\"https:\\\/\\\/secure.gravatar.com\\\/avatar\\\/a64364ea26392f9b4dd47e017ddaec74ff03aefc073b49e492e847201258f777?s=96&d=mm&r=g\",\"url\":\"https:\\\/\\\/secure.gravatar.com\\\/avatar\\\/a64364ea26392f9b4dd47e017ddaec74ff03aefc073b49e492e847201258f777?s=96&d=mm&r=g\",\"contentUrl\":\"https:\\\/\\\/secure.gravatar.com\\\/avatar\\\/a64364ea26392f9b4dd47e017ddaec74ff03aefc073b49e492e847201258f777?s=96&d=mm&r=g\",\"caption\":\"Bati-journal\"},\"url\":\"https:\\\/\\\/batijournal.com\\\/index.php\\\/author\\\/elodie\\\/\"}]}<\/script>\n<!-- \/ Yoast SEO plugin. -->","yoast_head_json":{"title":"La tour First inaugur\u00e9e","robots":{"index":"index","follow":"follow","max-snippet":"max-snippet:-1","max-image-preview":"max-image-preview:large","max-video-preview":"max-video-preview:-1"},"canonical":"https:\/\/batijournal.com\/index.php\/la-tour-first-inauguree\/81152\/","og_locale":"fr_FR","og_type":"article","og_title":"La tour First inaugur\u00e9e","og_description":"C&lsquo;est au terme de quatre ans de travaux, pour un montant de plus de 300 millions d\u2019euros, que la tour First a \u00e9t\u00e9 inaugur\u00e9e officiellement le jeudi 5 mai 2011. Premi\u00e8re op\u00e9ration de grande hauteur livr\u00e9e depuis la mise en place du Plan de renouveau de La D\u00e9fense lanc\u00e9 en 2006, elle offre l\u2019exemple remarquable [&hellip;]","og_url":"https:\/\/batijournal.com\/index.php\/la-tour-first-inauguree\/81152\/","og_site_name":"Batijournal","article_published_time":"2011-05-09T22:00:00+00:00","article_modified_time":"2019-07-15T09:29:31+00:00","og_image":[{"width":399,"height":599,"url":"https:\/\/batijournal.com\/wp-content\/uploads\/2015\/03\/24982289.jpg","type":"image\/jpeg"}],"author":"Bati-journal","twitter_card":"summary_large_image","twitter_creator":"@bati_journal","twitter_site":"@bati_journal","twitter_misc":{"\u00c9crit par":"Bati-journal","Dur\u00e9e de lecture estim\u00e9e":"1 minute"},"schema":{"@context":"https:\/\/schema.org","@graph":[{"@type":"Article","@id":"https:\/\/batijournal.com\/index.php\/la-tour-first-inauguree\/81152\/#article","isPartOf":{"@id":"https:\/\/batijournal.com\/index.php\/la-tour-first-inauguree\/81152\/"},"author":{"name":"Bati-journal","@id":"https:\/\/batijournal.com\/#\/schema\/person\/6a657e8967569e1b299972574848aa76"},"headline":"La tour First inaugur\u00e9e","datePublished":"2011-05-09T22:00:00+00:00","dateModified":"2019-07-15T09:29:31+00:00","mainEntityOfPage":{"@id":"https:\/\/batijournal.com\/index.php\/la-tour-first-inauguree\/81152\/"},"wordCount":179,"commentCount":0,"image":{"@id":"https:\/\/batijournal.com\/index.php\/la-tour-first-inauguree\/81152\/#primaryimage"},"thumbnailUrl":"https:\/\/batijournal.com\/wp-content\/uploads\/2015\/03\/24982289.jpg","keywords":["HQE","tour first"],"articleSection":["Architecture &amp; Conception"],"inLanguage":"fr-FR","potentialAction":[{"@type":"CommentAction","name":"Comment","target":["https:\/\/batijournal.com\/index.php\/la-tour-first-inauguree\/81152\/#respond"]}]},{"@type":"WebPage","@id":"https:\/\/batijournal.com\/index.php\/la-tour-first-inauguree\/81152\/","url":"https:\/\/batijournal.com\/index.php\/la-tour-first-inauguree\/81152\/","name":"La tour First inaugur\u00e9e","isPartOf":{"@id":"https:\/\/batijournal.com\/#website"},"primaryImageOfPage":{"@id":"https:\/\/batijournal.com\/index.php\/la-tour-first-inauguree\/81152\/#primaryimage"},"image":{"@id":"https:\/\/batijournal.com\/index.php\/la-tour-first-inauguree\/81152\/#primaryimage"},"thumbnailUrl":"https:\/\/batijournal.com\/wp-content\/uploads\/2015\/03\/24982289.jpg","datePublished":"2011-05-09T22:00:00+00:00","dateModified":"2019-07-15T09:29:31+00:00","author":{"@id":"https:\/\/batijournal.com\/#\/schema\/person\/6a657e8967569e1b299972574848aa76"},"breadcrumb":{"@id":"https:\/\/batijournal.com\/index.php\/la-tour-first-inauguree\/81152\/#breadcrumb"},"inLanguage":"fr-FR","potentialAction":[{"@type":"ReadAction","target":["https:\/\/batijournal.com\/index.php\/la-tour-first-inauguree\/81152\/"]}]},{"@type":"ImageObject","inLanguage":"fr-FR","@id":"https:\/\/batijournal.com\/index.php\/la-tour-first-inauguree\/81152\/#primaryimage","url":"https:\/\/batijournal.com\/wp-content\/uploads\/2015\/03\/24982289.jpg","contentUrl":"https:\/\/batijournal.com\/wp-content\/uploads\/2015\/03\/24982289.jpg","width":399,"height":599},{"@type":"BreadcrumbList","@id":"https:\/\/batijournal.com\/index.php\/la-tour-first-inauguree\/81152\/#breadcrumb","itemListElement":[{"@type":"ListItem","position":1,"name":"Accueil","item":"https:\/\/batijournal.com\/"},{"@type":"ListItem","position":2,"name":"Actualit\u00e9s","item":"https:\/\/batijournal.com\/index.php\/category\/actualites\/"},{"@type":"ListItem","position":3,"name":"Architecture &amp; Conception","item":"https:\/\/batijournal.com\/index.php\/category\/actualites\/architecture-conception\/"},{"@type":"ListItem","position":4,"name":"La tour First inaugur\u00e9e"}]},{"@type":"WebSite","@id":"https:\/\/batijournal.com\/#website","url":"https:\/\/batijournal.com\/","name":"Batijournal","description":"L&#039;actualit\u00e9 du b\u00e2timent","potentialAction":[{"@type":"SearchAction","target":{"@type":"EntryPoint","urlTemplate":"https:\/\/batijournal.com\/?s={search_term_string}"},"query-input":{"@type":"PropertyValueSpecification","valueRequired":true,"valueName":"search_term_string"}}],"inLanguage":"fr-FR"},{"@type":"Person","@id":"https:\/\/batijournal.com\/#\/schema\/person\/6a657e8967569e1b299972574848aa76","name":"Bati-journal","image":{"@type":"ImageObject","inLanguage":"fr-FR","@id":"https:\/\/secure.gravatar.com\/avatar\/a64364ea26392f9b4dd47e017ddaec74ff03aefc073b49e492e847201258f777?s=96&d=mm&r=g","url":"https:\/\/secure.gravatar.com\/avatar\/a64364ea26392f9b4dd47e017ddaec74ff03aefc073b49e492e847201258f777?s=96&d=mm&r=g","contentUrl":"https:\/\/secure.gravatar.com\/avatar\/a64364ea26392f9b4dd47e017ddaec74ff03aefc073b49e492e847201258f777?s=96&d=mm&r=g","caption":"Bati-journal"},"url":"https:\/\/batijournal.com\/index.php\/author\/elodie\/"}]}},"_links":{"self":[{"href":"https:\/\/batijournal.com\/index.php\/wp-json\/wp\/v2\/posts\/81152","targetHints":{"allow":["GET"]}}],"collection":[{"href":"https:\/\/batijournal.com\/index.php\/wp-json\/wp\/v2\/posts"}],"about":[{"href":"https:\/\/batijournal.com\/index.php\/wp-json\/wp\/v2\/types\/post"}],"author":[{"embeddable":true,"href":"https:\/\/batijournal.com\/index.php\/wp-json\/wp\/v2\/users\/1"}],"replies":[{"embeddable":true,"href":"https:\/\/batijournal.com\/index.php\/wp-json\/wp\/v2\/comments?post=81152"}],"version-history":[{"count":0,"href":"https:\/\/batijournal.com\/index.php\/wp-json\/wp\/v2\/posts\/81152\/revisions"}],"wp:featuredmedia":[{"embeddable":true,"href":"https:\/\/batijournal.com\/index.php\/wp-json\/wp\/v2\/media\/81153"}],"wp:attachment":[{"href":"https:\/\/batijournal.com\/index.php\/wp-json\/wp\/v2\/media?parent=81152"}],"wp:term":[{"taxonomy":"category","embeddable":true,"href":"https:\/\/batijournal.com\/index.php\/wp-json\/wp\/v2\/categories?post=81152"},{"taxonomy":"post_tag","embeddable":true,"href":"https:\/\/batijournal.com\/index.php\/wp-json\/wp\/v2\/tags?post=81152"}],"curies":[{"name":"wp","href":"https:\/\/api.w.org\/{rel}","templated":true}]}}