{"id":81181,"date":"2011-09-13T00:00:00","date_gmt":"2011-09-12T22:00:00","guid":{"rendered":"http:\/\/b.bati-journal.com\/des-logements-collectifs-bbc-signes-icf-sud-est-mediterranee\/81181"},"modified":"2019-07-15T11:29:27","modified_gmt":"2019-07-15T09:29:27","slug":"des-logements-collectifs-bbc-signes-icf-sud-est-mediterranee","status":"publish","type":"post","link":"https:\/\/batijournal.com\/index.php\/des-logements-collectifs-bbc-signes-icf-sud-est-mediterranee\/81181\/","title":{"rendered":"Des logements collectifs BBC sign\u00e9s ICF Sud-Est M\u00e9diterran\u00e9e"},"content":{"rendered":"<p>Le 9 septembre 2011 a eu lieu l\u2019inauguration de la r\u00e9sidence \u00ab Le Clos Sainte Th\u00e9r\u00e8se \u00bb, \u00e0 Bassens, pr\u00e8s de Chamb\u00e9ry (73). Cet \u00eelot est un programme neuf compos\u00e9 de douze logements sociaux PLUS, dont un \u00e9quip\u00e9 pour les personnes \u00e0 mobilit\u00e9 r\u00e9duite. Con\u00e7ue par l\u2019agence internationale d\u2019architecture, d\u2019urbanisme et d\u2019ing\u00e9nierie Patriarche &amp; Co, la r\u00e9sidence est labellis\u00e9e BBC Effinergie et Cerqual \u00ab\u00a0Habitat et Environnement\u00a0\u00bb. L&rsquo;ensemble a \u00e9t\u00e9 pens\u00e9 autour des grands principes du d\u00e9veloppement durable puisque ses habitants pourront \u00e9galement b\u00e9n\u00e9ficier de la proximit\u00e9 des voies pi\u00e9tonnes et des pistes cyclables de Bassens. Ce projet s\u2019int\u00e8gre dans la politique de d\u00e9veloppement d\u2019ICF Sud-Est M\u00e9diterran\u00e9e et de la commune en mati\u00e8re du mieux \u00ab vivre ensemble \u00bb : ainsi le projet rassemble \u00e9galement sur son site 24 logements de copropri\u00e9taires occupants ou bailleurs priv\u00e9s.<\/p>\n","protected":false},"excerpt":{"rendered":"<p>Le 9 septembre 2011 a eu lieu l\u2019inauguration de la r\u00e9sidence \u00ab Le Clos Sainte Th\u00e9r\u00e8se \u00bb, \u00e0 Bassens, pr\u00e8s de Chamb\u00e9ry (73). Cet \u00eelot est un programme neuf compos\u00e9 de douze logements sociaux PLUS, dont un \u00e9quip\u00e9 pour les personnes \u00e0 mobilit\u00e9 r\u00e9duite. Con\u00e7ue par l\u2019agence internationale d\u2019architecture, d\u2019urbanisme et d\u2019ing\u00e9nierie Patriarche &amp; Co, [&hellip;]<\/p>\n","protected":false},"author":1,"featured_media":81182,"comment_status":"open","ping_status":"closed","sticky":false,"template":"","format":"standard","meta":{"_et_pb_use_builder":"","_et_pb_old_content":"","_et_gb_content_width":"","footnotes":""},"categories":[6340],"tags":[11038,1601],"class_list":["post-81181","post","type-post","status-publish","format-standard","has-post-thumbnail","hentry","category-architecture-conception","tag-bbc","tag-logement-social"],"yoast_head":"<!-- This site is optimized with the Yoast SEO plugin v27.4 - https:\/\/yoast.com\/product\/yoast-seo-wordpress\/ -->\n<title>Des logements collectifs BBC sign\u00e9s ICF Sud-Est M\u00e9diterran\u00e9e<\/title>\n<meta name=\"robots\" content=\"index, follow, max-snippet:-1, max-image-preview:large, max-video-preview:-1\" \/>\n<link rel=\"canonical\" href=\"https:\/\/batijournal.com\/index.php\/des-logements-collectifs-bbc-signes-icf-sud-est-mediterranee\/81181\/\" \/>\n<meta property=\"og:locale\" content=\"fr_FR\" \/>\n<meta property=\"og:type\" content=\"article\" \/>\n<meta property=\"og:title\" content=\"Des logements collectifs BBC sign\u00e9s ICF Sud-Est M\u00e9diterran\u00e9e\" \/>\n<meta property=\"og:description\" content=\"Le 9 septembre 2011 a eu lieu l\u2019inauguration de la r\u00e9sidence \u00ab Le Clos Sainte Th\u00e9r\u00e8se \u00bb, \u00e0 Bassens, pr\u00e8s de Chamb\u00e9ry (73). Cet \u00eelot est un programme neuf compos\u00e9 de douze logements sociaux PLUS, dont un \u00e9quip\u00e9 pour les personnes \u00e0 mobilit\u00e9 r\u00e9duite. Con\u00e7ue par l\u2019agence internationale d\u2019architecture, d\u2019urbanisme et d\u2019ing\u00e9nierie Patriarche &amp; Co, [&hellip;]\" \/>\n<meta property=\"og:url\" content=\"https:\/\/batijournal.com\/index.php\/des-logements-collectifs-bbc-signes-icf-sud-est-mediterranee\/81181\/\" \/>\n<meta property=\"og:site_name\" content=\"Batijournal\" \/>\n<meta property=\"article:published_time\" content=\"2011-09-12T22:00:00+00:00\" \/>\n<meta property=\"article:modified_time\" content=\"2019-07-15T09:29:27+00:00\" \/>\n<meta property=\"og:image\" content=\"https:\/\/batijournal.com\/wp-content\/uploads\/2015\/03\/30059278.jpg\" \/>\n\t<meta property=\"og:image:width\" content=\"600\" \/>\n\t<meta property=\"og:image:height\" content=\"396\" \/>\n\t<meta property=\"og:image:type\" content=\"image\/jpeg\" \/>\n<meta name=\"author\" content=\"Bati-journal\" \/>\n<meta name=\"twitter:card\" content=\"summary_large_image\" \/>\n<meta name=\"twitter:creator\" content=\"@bati_journal\" \/>\n<meta name=\"twitter:site\" content=\"@bati_journal\" \/>\n<meta name=\"twitter:label1\" content=\"\u00c9crit par\" \/>\n\t<meta name=\"twitter:data1\" content=\"Bati-journal\" \/>\n\t<meta name=\"twitter:label2\" content=\"Dur\u00e9e de lecture estim\u00e9e\" \/>\n\t<meta name=\"twitter:data2\" content=\"1 minute\" \/>\n<script type=\"application\/ld+json\" class=\"yoast-schema-graph\">{\"@context\":\"https:\\\/\\\/schema.org\",\"@graph\":[{\"@type\":\"Article\",\"@id\":\"https:\\\/\\\/batijournal.com\\\/index.php\\\/des-logements-collectifs-bbc-signes-icf-sud-est-mediterranee\\\/81181\\\/#article\",\"isPartOf\":{\"@id\":\"https:\\\/\\\/batijournal.com\\\/index.php\\\/des-logements-collectifs-bbc-signes-icf-sud-est-mediterranee\\\/81181\\\/\"},\"author\":{\"name\":\"Bati-journal\",\"@id\":\"https:\\\/\\\/batijournal.com\\\/#\\\/schema\\\/person\\\/6a657e8967569e1b299972574848aa76\"},\"headline\":\"Des logements collectifs BBC sign\u00e9s ICF Sud-Est M\u00e9diterran\u00e9e\",\"datePublished\":\"2011-09-12T22:00:00+00:00\",\"dateModified\":\"2019-07-15T09:29:27+00:00\",\"mainEntityOfPage\":{\"@id\":\"https:\\\/\\\/batijournal.com\\\/index.php\\\/des-logements-collectifs-bbc-signes-icf-sud-est-mediterranee\\\/81181\\\/\"},\"wordCount\":164,\"commentCount\":0,\"image\":{\"@id\":\"https:\\\/\\\/batijournal.com\\\/index.php\\\/des-logements-collectifs-bbc-signes-icf-sud-est-mediterranee\\\/81181\\\/#primaryimage\"},\"thumbnailUrl\":\"https:\\\/\\\/batijournal.com\\\/wp-content\\\/uploads\\\/2015\\\/03\\\/30059278.jpg\",\"keywords\":[\"BBC\",\"logement social\"],\"articleSection\":[\"Architecture &amp; Conception\"],\"inLanguage\":\"fr-FR\",\"potentialAction\":[{\"@type\":\"CommentAction\",\"name\":\"Comment\",\"target\":[\"https:\\\/\\\/batijournal.com\\\/index.php\\\/des-logements-collectifs-bbc-signes-icf-sud-est-mediterranee\\\/81181\\\/#respond\"]}]},{\"@type\":\"WebPage\",\"@id\":\"https:\\\/\\\/batijournal.com\\\/index.php\\\/des-logements-collectifs-bbc-signes-icf-sud-est-mediterranee\\\/81181\\\/\",\"url\":\"https:\\\/\\\/batijournal.com\\\/index.php\\\/des-logements-collectifs-bbc-signes-icf-sud-est-mediterranee\\\/81181\\\/\",\"name\":\"Des logements collectifs BBC sign\u00e9s ICF Sud-Est M\u00e9diterran\u00e9e\",\"isPartOf\":{\"@id\":\"https:\\\/\\\/batijournal.com\\\/#website\"},\"primaryImageOfPage\":{\"@id\":\"https:\\\/\\\/batijournal.com\\\/index.php\\\/des-logements-collectifs-bbc-signes-icf-sud-est-mediterranee\\\/81181\\\/#primaryimage\"},\"image\":{\"@id\":\"https:\\\/\\\/batijournal.com\\\/index.php\\\/des-logements-collectifs-bbc-signes-icf-sud-est-mediterranee\\\/81181\\\/#primaryimage\"},\"thumbnailUrl\":\"https:\\\/\\\/batijournal.com\\\/wp-content\\\/uploads\\\/2015\\\/03\\\/30059278.jpg\",\"datePublished\":\"2011-09-12T22:00:00+00:00\",\"dateModified\":\"2019-07-15T09:29:27+00:00\",\"author\":{\"@id\":\"https:\\\/\\\/batijournal.com\\\/#\\\/schema\\\/person\\\/6a657e8967569e1b299972574848aa76\"},\"breadcrumb\":{\"@id\":\"https:\\\/\\\/batijournal.com\\\/index.php\\\/des-logements-collectifs-bbc-signes-icf-sud-est-mediterranee\\\/81181\\\/#breadcrumb\"},\"inLanguage\":\"fr-FR\",\"potentialAction\":[{\"@type\":\"ReadAction\",\"target\":[\"https:\\\/\\\/batijournal.com\\\/index.php\\\/des-logements-collectifs-bbc-signes-icf-sud-est-mediterranee\\\/81181\\\/\"]}]},{\"@type\":\"ImageObject\",\"inLanguage\":\"fr-FR\",\"@id\":\"https:\\\/\\\/batijournal.com\\\/index.php\\\/des-logements-collectifs-bbc-signes-icf-sud-est-mediterranee\\\/81181\\\/#primaryimage\",\"url\":\"https:\\\/\\\/batijournal.com\\\/wp-content\\\/uploads\\\/2015\\\/03\\\/30059278.jpg\",\"contentUrl\":\"https:\\\/\\\/batijournal.com\\\/wp-content\\\/uploads\\\/2015\\\/03\\\/30059278.jpg\",\"width\":600,\"height\":396},{\"@type\":\"BreadcrumbList\",\"@id\":\"https:\\\/\\\/batijournal.com\\\/index.php\\\/des-logements-collectifs-bbc-signes-icf-sud-est-mediterranee\\\/81181\\\/#breadcrumb\",\"itemListElement\":[{\"@type\":\"ListItem\",\"position\":1,\"name\":\"Accueil\",\"item\":\"https:\\\/\\\/batijournal.com\\\/\"},{\"@type\":\"ListItem\",\"position\":2,\"name\":\"Actualit\u00e9s\",\"item\":\"https:\\\/\\\/batijournal.com\\\/index.php\\\/category\\\/actualites\\\/\"},{\"@type\":\"ListItem\",\"position\":3,\"name\":\"Architecture &amp; Conception\",\"item\":\"https:\\\/\\\/batijournal.com\\\/index.php\\\/category\\\/actualites\\\/architecture-conception\\\/\"},{\"@type\":\"ListItem\",\"position\":4,\"name\":\"Des logements collectifs BBC sign\u00e9s ICF Sud-Est M\u00e9diterran\u00e9e\"}]},{\"@type\":\"WebSite\",\"@id\":\"https:\\\/\\\/batijournal.com\\\/#website\",\"url\":\"https:\\\/\\\/batijournal.com\\\/\",\"name\":\"Batijournal\",\"description\":\"L&#039;actualit\u00e9 du b\u00e2timent\",\"potentialAction\":[{\"@type\":\"SearchAction\",\"target\":{\"@type\":\"EntryPoint\",\"urlTemplate\":\"https:\\\/\\\/batijournal.com\\\/?s={search_term_string}\"},\"query-input\":{\"@type\":\"PropertyValueSpecification\",\"valueRequired\":true,\"valueName\":\"search_term_string\"}}],\"inLanguage\":\"fr-FR\"},{\"@type\":\"Person\",\"@id\":\"https:\\\/\\\/batijournal.com\\\/#\\\/schema\\\/person\\\/6a657e8967569e1b299972574848aa76\",\"name\":\"Bati-journal\",\"image\":{\"@type\":\"ImageObject\",\"inLanguage\":\"fr-FR\",\"@id\":\"https:\\\/\\\/secure.gravatar.com\\\/avatar\\\/a64364ea26392f9b4dd47e017ddaec74ff03aefc073b49e492e847201258f777?s=96&d=mm&r=g\",\"url\":\"https:\\\/\\\/secure.gravatar.com\\\/avatar\\\/a64364ea26392f9b4dd47e017ddaec74ff03aefc073b49e492e847201258f777?s=96&d=mm&r=g\",\"contentUrl\":\"https:\\\/\\\/secure.gravatar.com\\\/avatar\\\/a64364ea26392f9b4dd47e017ddaec74ff03aefc073b49e492e847201258f777?s=96&d=mm&r=g\",\"caption\":\"Bati-journal\"},\"url\":\"https:\\\/\\\/batijournal.com\\\/index.php\\\/author\\\/elodie\\\/\"}]}<\/script>\n<!-- \/ Yoast SEO plugin. -->","yoast_head_json":{"title":"Des logements collectifs BBC sign\u00e9s ICF Sud-Est M\u00e9diterran\u00e9e","robots":{"index":"index","follow":"follow","max-snippet":"max-snippet:-1","max-image-preview":"max-image-preview:large","max-video-preview":"max-video-preview:-1"},"canonical":"https:\/\/batijournal.com\/index.php\/des-logements-collectifs-bbc-signes-icf-sud-est-mediterranee\/81181\/","og_locale":"fr_FR","og_type":"article","og_title":"Des logements collectifs BBC sign\u00e9s ICF Sud-Est M\u00e9diterran\u00e9e","og_description":"Le 9 septembre 2011 a eu lieu l\u2019inauguration de la r\u00e9sidence \u00ab Le Clos Sainte Th\u00e9r\u00e8se \u00bb, \u00e0 Bassens, pr\u00e8s de Chamb\u00e9ry (73). Cet \u00eelot est un programme neuf compos\u00e9 de douze logements sociaux PLUS, dont un \u00e9quip\u00e9 pour les personnes \u00e0 mobilit\u00e9 r\u00e9duite. Con\u00e7ue par l\u2019agence internationale d\u2019architecture, d\u2019urbanisme et d\u2019ing\u00e9nierie Patriarche &amp; Co, [&hellip;]","og_url":"https:\/\/batijournal.com\/index.php\/des-logements-collectifs-bbc-signes-icf-sud-est-mediterranee\/81181\/","og_site_name":"Batijournal","article_published_time":"2011-09-12T22:00:00+00:00","article_modified_time":"2019-07-15T09:29:27+00:00","og_image":[{"width":600,"height":396,"url":"https:\/\/batijournal.com\/wp-content\/uploads\/2015\/03\/30059278.jpg","type":"image\/jpeg"}],"author":"Bati-journal","twitter_card":"summary_large_image","twitter_creator":"@bati_journal","twitter_site":"@bati_journal","twitter_misc":{"\u00c9crit par":"Bati-journal","Dur\u00e9e de lecture estim\u00e9e":"1 minute"},"schema":{"@context":"https:\/\/schema.org","@graph":[{"@type":"Article","@id":"https:\/\/batijournal.com\/index.php\/des-logements-collectifs-bbc-signes-icf-sud-est-mediterranee\/81181\/#article","isPartOf":{"@id":"https:\/\/batijournal.com\/index.php\/des-logements-collectifs-bbc-signes-icf-sud-est-mediterranee\/81181\/"},"author":{"name":"Bati-journal","@id":"https:\/\/batijournal.com\/#\/schema\/person\/6a657e8967569e1b299972574848aa76"},"headline":"Des logements collectifs BBC sign\u00e9s ICF Sud-Est M\u00e9diterran\u00e9e","datePublished":"2011-09-12T22:00:00+00:00","dateModified":"2019-07-15T09:29:27+00:00","mainEntityOfPage":{"@id":"https:\/\/batijournal.com\/index.php\/des-logements-collectifs-bbc-signes-icf-sud-est-mediterranee\/81181\/"},"wordCount":164,"commentCount":0,"image":{"@id":"https:\/\/batijournal.com\/index.php\/des-logements-collectifs-bbc-signes-icf-sud-est-mediterranee\/81181\/#primaryimage"},"thumbnailUrl":"https:\/\/batijournal.com\/wp-content\/uploads\/2015\/03\/30059278.jpg","keywords":["BBC","logement social"],"articleSection":["Architecture &amp; Conception"],"inLanguage":"fr-FR","potentialAction":[{"@type":"CommentAction","name":"Comment","target":["https:\/\/batijournal.com\/index.php\/des-logements-collectifs-bbc-signes-icf-sud-est-mediterranee\/81181\/#respond"]}]},{"@type":"WebPage","@id":"https:\/\/batijournal.com\/index.php\/des-logements-collectifs-bbc-signes-icf-sud-est-mediterranee\/81181\/","url":"https:\/\/batijournal.com\/index.php\/des-logements-collectifs-bbc-signes-icf-sud-est-mediterranee\/81181\/","name":"Des logements collectifs BBC sign\u00e9s ICF Sud-Est M\u00e9diterran\u00e9e","isPartOf":{"@id":"https:\/\/batijournal.com\/#website"},"primaryImageOfPage":{"@id":"https:\/\/batijournal.com\/index.php\/des-logements-collectifs-bbc-signes-icf-sud-est-mediterranee\/81181\/#primaryimage"},"image":{"@id":"https:\/\/batijournal.com\/index.php\/des-logements-collectifs-bbc-signes-icf-sud-est-mediterranee\/81181\/#primaryimage"},"thumbnailUrl":"https:\/\/batijournal.com\/wp-content\/uploads\/2015\/03\/30059278.jpg","datePublished":"2011-09-12T22:00:00+00:00","dateModified":"2019-07-15T09:29:27+00:00","author":{"@id":"https:\/\/batijournal.com\/#\/schema\/person\/6a657e8967569e1b299972574848aa76"},"breadcrumb":{"@id":"https:\/\/batijournal.com\/index.php\/des-logements-collectifs-bbc-signes-icf-sud-est-mediterranee\/81181\/#breadcrumb"},"inLanguage":"fr-FR","potentialAction":[{"@type":"ReadAction","target":["https:\/\/batijournal.com\/index.php\/des-logements-collectifs-bbc-signes-icf-sud-est-mediterranee\/81181\/"]}]},{"@type":"ImageObject","inLanguage":"fr-FR","@id":"https:\/\/batijournal.com\/index.php\/des-logements-collectifs-bbc-signes-icf-sud-est-mediterranee\/81181\/#primaryimage","url":"https:\/\/batijournal.com\/wp-content\/uploads\/2015\/03\/30059278.jpg","contentUrl":"https:\/\/batijournal.com\/wp-content\/uploads\/2015\/03\/30059278.jpg","width":600,"height":396},{"@type":"BreadcrumbList","@id":"https:\/\/batijournal.com\/index.php\/des-logements-collectifs-bbc-signes-icf-sud-est-mediterranee\/81181\/#breadcrumb","itemListElement":[{"@type":"ListItem","position":1,"name":"Accueil","item":"https:\/\/batijournal.com\/"},{"@type":"ListItem","position":2,"name":"Actualit\u00e9s","item":"https:\/\/batijournal.com\/index.php\/category\/actualites\/"},{"@type":"ListItem","position":3,"name":"Architecture &amp; Conception","item":"https:\/\/batijournal.com\/index.php\/category\/actualites\/architecture-conception\/"},{"@type":"ListItem","position":4,"name":"Des logements collectifs BBC sign\u00e9s ICF Sud-Est M\u00e9diterran\u00e9e"}]},{"@type":"WebSite","@id":"https:\/\/batijournal.com\/#website","url":"https:\/\/batijournal.com\/","name":"Batijournal","description":"L&#039;actualit\u00e9 du b\u00e2timent","potentialAction":[{"@type":"SearchAction","target":{"@type":"EntryPoint","urlTemplate":"https:\/\/batijournal.com\/?s={search_term_string}"},"query-input":{"@type":"PropertyValueSpecification","valueRequired":true,"valueName":"search_term_string"}}],"inLanguage":"fr-FR"},{"@type":"Person","@id":"https:\/\/batijournal.com\/#\/schema\/person\/6a657e8967569e1b299972574848aa76","name":"Bati-journal","image":{"@type":"ImageObject","inLanguage":"fr-FR","@id":"https:\/\/secure.gravatar.com\/avatar\/a64364ea26392f9b4dd47e017ddaec74ff03aefc073b49e492e847201258f777?s=96&d=mm&r=g","url":"https:\/\/secure.gravatar.com\/avatar\/a64364ea26392f9b4dd47e017ddaec74ff03aefc073b49e492e847201258f777?s=96&d=mm&r=g","contentUrl":"https:\/\/secure.gravatar.com\/avatar\/a64364ea26392f9b4dd47e017ddaec74ff03aefc073b49e492e847201258f777?s=96&d=mm&r=g","caption":"Bati-journal"},"url":"https:\/\/batijournal.com\/index.php\/author\/elodie\/"}]}},"_links":{"self":[{"href":"https:\/\/batijournal.com\/index.php\/wp-json\/wp\/v2\/posts\/81181","targetHints":{"allow":["GET"]}}],"collection":[{"href":"https:\/\/batijournal.com\/index.php\/wp-json\/wp\/v2\/posts"}],"about":[{"href":"https:\/\/batijournal.com\/index.php\/wp-json\/wp\/v2\/types\/post"}],"author":[{"embeddable":true,"href":"https:\/\/batijournal.com\/index.php\/wp-json\/wp\/v2\/users\/1"}],"replies":[{"embeddable":true,"href":"https:\/\/batijournal.com\/index.php\/wp-json\/wp\/v2\/comments?post=81181"}],"version-history":[{"count":0,"href":"https:\/\/batijournal.com\/index.php\/wp-json\/wp\/v2\/posts\/81181\/revisions"}],"wp:featuredmedia":[{"embeddable":true,"href":"https:\/\/batijournal.com\/index.php\/wp-json\/wp\/v2\/media\/81182"}],"wp:attachment":[{"href":"https:\/\/batijournal.com\/index.php\/wp-json\/wp\/v2\/media?parent=81181"}],"wp:term":[{"taxonomy":"category","embeddable":true,"href":"https:\/\/batijournal.com\/index.php\/wp-json\/wp\/v2\/categories?post=81181"},{"taxonomy":"post_tag","embeddable":true,"href":"https:\/\/batijournal.com\/index.php\/wp-json\/wp\/v2\/tags?post=81181"}],"curies":[{"name":"wp","href":"https:\/\/api.w.org\/{rel}","templated":true}]}}