{"id":81189,"date":"2011-09-25T00:00:00","date_gmt":"2011-09-24T22:00:00","guid":{"rendered":"http:\/\/b.bati-journal.com\/appel-aux-mecenes-pour-restaurer-la-chapelle-vieille-de-souvigny\/81189"},"modified":"2019-07-15T11:29:27","modified_gmt":"2019-07-15T09:29:27","slug":"appel-aux-mecenes-pour-restaurer-la-chapelle-vieille-de-souvigny","status":"publish","type":"post","link":"https:\/\/batijournal.com\/index.php\/appel-aux-mecenes-pour-restaurer-la-chapelle-vieille-de-souvigny\/81189\/","title":{"rendered":"Appel aux m\u00e9c\u00e8nes pour restaurer la Chapelle Vieille de Souvigny"},"content":{"rendered":"<p>Afin de boucler le budget des travaux destin\u00e9s \u00e0 la r\u00e9novation de la Chapelle Vieille de l&rsquo;\u00e9glise prieurale Saint-Pierre et Saint-Paul, n\u00e9cropole du Duc Louis II de Bourbon, la Ville de Souvigny a d\u00e9cid\u00e9 de faire appel au m\u00e9c\u00e9nat. Une convention vient d&rsquo;\u00eatre sign\u00e9e avec la Fondation du Patrimoine afin que celle-ci collecte les dons des particuliers et entreprises qui voudront participer \u00e0 la restauration de ce patrimoine. L&rsquo;Etat (minist\u00e8re de la Culture et de la communication), le Conseil r\u00e9gional d&rsquo;Auvergne, le Conseil g\u00e9n\u00e9ral de l&rsquo;Allier ainsi que plusieurs m\u00e9c\u00e8nes dont la French Heritage Society, la Fondation Souza, la Fondation Paulsen et les Vieilles Maisons Fran\u00e7aises ont particip\u00e9 derni\u00e8rement \u00e0 une journ\u00e9e d&rsquo;\u00e9changes organis\u00e9e conjointement par la Commune de Souvigny et la Fondation du Patrimoine sur le th\u00e8me \u00ab Souvigny, un patrimoine \u00e0 valoriser \u00bb. Il s&rsquo;agissait pour les participants de de tirer un premier bilan des travaux de valorisation engag\u00e9s gr\u00e2ce \u00e0 l&rsquo;ensemble des acteurs financiers et d\u00e9gager de futurs projets autour du patrimoine public et priv\u00e9. Le projet de restauration de la chapelle vieille a fait l&rsquo;objet d&rsquo;une pr\u00e9sentation d\u00e9taill\u00e9e. Le montant des travaux est estim\u00e9 \u00e0 427985 euros pour lesquels l&rsquo;Etat, la Fondation Paulsen, la Fondation Souza et l&rsquo;Association des Vieilles Maisons Fran\u00e7aises participeront \u00e0 hauteur de 75 %. Les 25 % restants seront collect\u00e9s gr\u00e2ce \u00e0 une op\u00e9ration de m\u00e9c\u00e9nat populaire ent\u00e9rin\u00e9e par la signature d&rsquo;une convention entre Christian Soteau, Maire de Souvigny et Huguette Winckel, d\u00e9l\u00e9gu\u00e9e d\u00e9partementale de la Fondation du Patrimoine dans l&rsquo;Allier. Pour participer \u00e0 ce projet, il faut \u00e9crire \u00e0 : delegation-auvergne@fondation-patrimoine.com<\/p>\n","protected":false},"excerpt":{"rendered":"<p>Afin de boucler le budget des travaux destin\u00e9s \u00e0 la r\u00e9novation de la Chapelle Vieille de l&rsquo;\u00e9glise prieurale Saint-Pierre et Saint-Paul, n\u00e9cropole du Duc Louis II de Bourbon, la Ville de Souvigny a d\u00e9cid\u00e9 de faire appel au m\u00e9c\u00e9nat. Une convention vient d&rsquo;\u00eatre sign\u00e9e avec la Fondation du Patrimoine afin que celle-ci collecte les dons [&hellip;]<\/p>\n","protected":false},"author":1,"featured_media":0,"comment_status":"open","ping_status":"closed","sticky":false,"template":"","format":"standard","meta":{"_et_pb_use_builder":"","_et_pb_old_content":"","_et_gb_content_width":"","footnotes":""},"categories":[6340],"tags":[1308],"class_list":["post-81189","post","type-post","status-publish","format-standard","hentry","category-architecture-conception","tag-restauration"],"yoast_head":"<!-- This site is optimized with the Yoast SEO plugin v27.4 - https:\/\/yoast.com\/product\/yoast-seo-wordpress\/ -->\n<title>Appel aux m\u00e9c\u00e8nes pour restaurer la Chapelle Vieille de Souvigny<\/title>\n<meta name=\"robots\" content=\"index, follow, max-snippet:-1, max-image-preview:large, max-video-preview:-1\" \/>\n<link rel=\"canonical\" href=\"https:\/\/batijournal.com\/index.php\/appel-aux-mecenes-pour-restaurer-la-chapelle-vieille-de-souvigny\/81189\/\" \/>\n<meta property=\"og:locale\" content=\"fr_FR\" \/>\n<meta property=\"og:type\" content=\"article\" \/>\n<meta property=\"og:title\" content=\"Appel aux m\u00e9c\u00e8nes pour restaurer la Chapelle Vieille de Souvigny\" \/>\n<meta property=\"og:description\" content=\"Afin de boucler le budget des travaux destin\u00e9s \u00e0 la r\u00e9novation de la Chapelle Vieille de l&rsquo;\u00e9glise prieurale Saint-Pierre et Saint-Paul, n\u00e9cropole du Duc Louis II de Bourbon, la Ville de Souvigny a d\u00e9cid\u00e9 de faire appel au m\u00e9c\u00e9nat. Une convention vient d&rsquo;\u00eatre sign\u00e9e avec la Fondation du Patrimoine afin que celle-ci collecte les dons [&hellip;]\" \/>\n<meta property=\"og:url\" content=\"https:\/\/batijournal.com\/index.php\/appel-aux-mecenes-pour-restaurer-la-chapelle-vieille-de-souvigny\/81189\/\" \/>\n<meta property=\"og:site_name\" content=\"Batijournal\" \/>\n<meta property=\"article:published_time\" content=\"2011-09-24T22:00:00+00:00\" \/>\n<meta property=\"article:modified_time\" content=\"2019-07-15T09:29:27+00:00\" \/>\n<meta name=\"author\" content=\"Bati-journal\" \/>\n<meta name=\"twitter:card\" content=\"summary_large_image\" \/>\n<meta name=\"twitter:creator\" content=\"@bati_journal\" \/>\n<meta name=\"twitter:site\" content=\"@bati_journal\" \/>\n<meta name=\"twitter:label1\" content=\"\u00c9crit par\" \/>\n\t<meta name=\"twitter:data1\" content=\"Bati-journal\" \/>\n\t<meta name=\"twitter:label2\" content=\"Dur\u00e9e de lecture estim\u00e9e\" \/>\n\t<meta name=\"twitter:data2\" content=\"1 minute\" \/>\n<script type=\"application\/ld+json\" class=\"yoast-schema-graph\">{\"@context\":\"https:\\\/\\\/schema.org\",\"@graph\":[{\"@type\":\"Article\",\"@id\":\"https:\\\/\\\/batijournal.com\\\/index.php\\\/appel-aux-mecenes-pour-restaurer-la-chapelle-vieille-de-souvigny\\\/81189\\\/#article\",\"isPartOf\":{\"@id\":\"https:\\\/\\\/batijournal.com\\\/index.php\\\/appel-aux-mecenes-pour-restaurer-la-chapelle-vieille-de-souvigny\\\/81189\\\/\"},\"author\":{\"name\":\"Bati-journal\",\"@id\":\"https:\\\/\\\/batijournal.com\\\/#\\\/schema\\\/person\\\/6a657e8967569e1b299972574848aa76\"},\"headline\":\"Appel aux m\u00e9c\u00e8nes pour restaurer la Chapelle Vieille de Souvigny\",\"datePublished\":\"2011-09-24T22:00:00+00:00\",\"dateModified\":\"2019-07-15T09:29:27+00:00\",\"mainEntityOfPage\":{\"@id\":\"https:\\\/\\\/batijournal.com\\\/index.php\\\/appel-aux-mecenes-pour-restaurer-la-chapelle-vieille-de-souvigny\\\/81189\\\/\"},\"wordCount\":306,\"commentCount\":0,\"keywords\":[\"restauration\"],\"articleSection\":[\"Architecture &amp; Conception\"],\"inLanguage\":\"fr-FR\",\"potentialAction\":[{\"@type\":\"CommentAction\",\"name\":\"Comment\",\"target\":[\"https:\\\/\\\/batijournal.com\\\/index.php\\\/appel-aux-mecenes-pour-restaurer-la-chapelle-vieille-de-souvigny\\\/81189\\\/#respond\"]}]},{\"@type\":\"WebPage\",\"@id\":\"https:\\\/\\\/batijournal.com\\\/index.php\\\/appel-aux-mecenes-pour-restaurer-la-chapelle-vieille-de-souvigny\\\/81189\\\/\",\"url\":\"https:\\\/\\\/batijournal.com\\\/index.php\\\/appel-aux-mecenes-pour-restaurer-la-chapelle-vieille-de-souvigny\\\/81189\\\/\",\"name\":\"Appel aux m\u00e9c\u00e8nes pour restaurer la Chapelle Vieille de Souvigny\",\"isPartOf\":{\"@id\":\"https:\\\/\\\/batijournal.com\\\/#website\"},\"datePublished\":\"2011-09-24T22:00:00+00:00\",\"dateModified\":\"2019-07-15T09:29:27+00:00\",\"author\":{\"@id\":\"https:\\\/\\\/batijournal.com\\\/#\\\/schema\\\/person\\\/6a657e8967569e1b299972574848aa76\"},\"breadcrumb\":{\"@id\":\"https:\\\/\\\/batijournal.com\\\/index.php\\\/appel-aux-mecenes-pour-restaurer-la-chapelle-vieille-de-souvigny\\\/81189\\\/#breadcrumb\"},\"inLanguage\":\"fr-FR\",\"potentialAction\":[{\"@type\":\"ReadAction\",\"target\":[\"https:\\\/\\\/batijournal.com\\\/index.php\\\/appel-aux-mecenes-pour-restaurer-la-chapelle-vieille-de-souvigny\\\/81189\\\/\"]}]},{\"@type\":\"BreadcrumbList\",\"@id\":\"https:\\\/\\\/batijournal.com\\\/index.php\\\/appel-aux-mecenes-pour-restaurer-la-chapelle-vieille-de-souvigny\\\/81189\\\/#breadcrumb\",\"itemListElement\":[{\"@type\":\"ListItem\",\"position\":1,\"name\":\"Accueil\",\"item\":\"https:\\\/\\\/batijournal.com\\\/\"},{\"@type\":\"ListItem\",\"position\":2,\"name\":\"Actualit\u00e9s\",\"item\":\"https:\\\/\\\/batijournal.com\\\/index.php\\\/category\\\/actualites\\\/\"},{\"@type\":\"ListItem\",\"position\":3,\"name\":\"Architecture &amp; Conception\",\"item\":\"https:\\\/\\\/batijournal.com\\\/index.php\\\/category\\\/actualites\\\/architecture-conception\\\/\"},{\"@type\":\"ListItem\",\"position\":4,\"name\":\"Appel aux m\u00e9c\u00e8nes pour restaurer la Chapelle Vieille de Souvigny\"}]},{\"@type\":\"WebSite\",\"@id\":\"https:\\\/\\\/batijournal.com\\\/#website\",\"url\":\"https:\\\/\\\/batijournal.com\\\/\",\"name\":\"Batijournal\",\"description\":\"L&#039;actualit\u00e9 du b\u00e2timent\",\"potentialAction\":[{\"@type\":\"SearchAction\",\"target\":{\"@type\":\"EntryPoint\",\"urlTemplate\":\"https:\\\/\\\/batijournal.com\\\/?s={search_term_string}\"},\"query-input\":{\"@type\":\"PropertyValueSpecification\",\"valueRequired\":true,\"valueName\":\"search_term_string\"}}],\"inLanguage\":\"fr-FR\"},{\"@type\":\"Person\",\"@id\":\"https:\\\/\\\/batijournal.com\\\/#\\\/schema\\\/person\\\/6a657e8967569e1b299972574848aa76\",\"name\":\"Bati-journal\",\"image\":{\"@type\":\"ImageObject\",\"inLanguage\":\"fr-FR\",\"@id\":\"https:\\\/\\\/secure.gravatar.com\\\/avatar\\\/a64364ea26392f9b4dd47e017ddaec74ff03aefc073b49e492e847201258f777?s=96&d=mm&r=g\",\"url\":\"https:\\\/\\\/secure.gravatar.com\\\/avatar\\\/a64364ea26392f9b4dd47e017ddaec74ff03aefc073b49e492e847201258f777?s=96&d=mm&r=g\",\"contentUrl\":\"https:\\\/\\\/secure.gravatar.com\\\/avatar\\\/a64364ea26392f9b4dd47e017ddaec74ff03aefc073b49e492e847201258f777?s=96&d=mm&r=g\",\"caption\":\"Bati-journal\"},\"url\":\"https:\\\/\\\/batijournal.com\\\/index.php\\\/author\\\/elodie\\\/\"}]}<\/script>\n<!-- \/ Yoast SEO plugin. -->","yoast_head_json":{"title":"Appel aux m\u00e9c\u00e8nes pour restaurer la Chapelle Vieille de Souvigny","robots":{"index":"index","follow":"follow","max-snippet":"max-snippet:-1","max-image-preview":"max-image-preview:large","max-video-preview":"max-video-preview:-1"},"canonical":"https:\/\/batijournal.com\/index.php\/appel-aux-mecenes-pour-restaurer-la-chapelle-vieille-de-souvigny\/81189\/","og_locale":"fr_FR","og_type":"article","og_title":"Appel aux m\u00e9c\u00e8nes pour restaurer la Chapelle Vieille de Souvigny","og_description":"Afin de boucler le budget des travaux destin\u00e9s \u00e0 la r\u00e9novation de la Chapelle Vieille de l&rsquo;\u00e9glise prieurale Saint-Pierre et Saint-Paul, n\u00e9cropole du Duc Louis II de Bourbon, la Ville de Souvigny a d\u00e9cid\u00e9 de faire appel au m\u00e9c\u00e9nat. Une convention vient d&rsquo;\u00eatre sign\u00e9e avec la Fondation du Patrimoine afin que celle-ci collecte les dons [&hellip;]","og_url":"https:\/\/batijournal.com\/index.php\/appel-aux-mecenes-pour-restaurer-la-chapelle-vieille-de-souvigny\/81189\/","og_site_name":"Batijournal","article_published_time":"2011-09-24T22:00:00+00:00","article_modified_time":"2019-07-15T09:29:27+00:00","author":"Bati-journal","twitter_card":"summary_large_image","twitter_creator":"@bati_journal","twitter_site":"@bati_journal","twitter_misc":{"\u00c9crit par":"Bati-journal","Dur\u00e9e de lecture estim\u00e9e":"1 minute"},"schema":{"@context":"https:\/\/schema.org","@graph":[{"@type":"Article","@id":"https:\/\/batijournal.com\/index.php\/appel-aux-mecenes-pour-restaurer-la-chapelle-vieille-de-souvigny\/81189\/#article","isPartOf":{"@id":"https:\/\/batijournal.com\/index.php\/appel-aux-mecenes-pour-restaurer-la-chapelle-vieille-de-souvigny\/81189\/"},"author":{"name":"Bati-journal","@id":"https:\/\/batijournal.com\/#\/schema\/person\/6a657e8967569e1b299972574848aa76"},"headline":"Appel aux m\u00e9c\u00e8nes pour restaurer la Chapelle Vieille de Souvigny","datePublished":"2011-09-24T22:00:00+00:00","dateModified":"2019-07-15T09:29:27+00:00","mainEntityOfPage":{"@id":"https:\/\/batijournal.com\/index.php\/appel-aux-mecenes-pour-restaurer-la-chapelle-vieille-de-souvigny\/81189\/"},"wordCount":306,"commentCount":0,"keywords":["restauration"],"articleSection":["Architecture &amp; Conception"],"inLanguage":"fr-FR","potentialAction":[{"@type":"CommentAction","name":"Comment","target":["https:\/\/batijournal.com\/index.php\/appel-aux-mecenes-pour-restaurer-la-chapelle-vieille-de-souvigny\/81189\/#respond"]}]},{"@type":"WebPage","@id":"https:\/\/batijournal.com\/index.php\/appel-aux-mecenes-pour-restaurer-la-chapelle-vieille-de-souvigny\/81189\/","url":"https:\/\/batijournal.com\/index.php\/appel-aux-mecenes-pour-restaurer-la-chapelle-vieille-de-souvigny\/81189\/","name":"Appel aux m\u00e9c\u00e8nes pour restaurer la Chapelle Vieille de Souvigny","isPartOf":{"@id":"https:\/\/batijournal.com\/#website"},"datePublished":"2011-09-24T22:00:00+00:00","dateModified":"2019-07-15T09:29:27+00:00","author":{"@id":"https:\/\/batijournal.com\/#\/schema\/person\/6a657e8967569e1b299972574848aa76"},"breadcrumb":{"@id":"https:\/\/batijournal.com\/index.php\/appel-aux-mecenes-pour-restaurer-la-chapelle-vieille-de-souvigny\/81189\/#breadcrumb"},"inLanguage":"fr-FR","potentialAction":[{"@type":"ReadAction","target":["https:\/\/batijournal.com\/index.php\/appel-aux-mecenes-pour-restaurer-la-chapelle-vieille-de-souvigny\/81189\/"]}]},{"@type":"BreadcrumbList","@id":"https:\/\/batijournal.com\/index.php\/appel-aux-mecenes-pour-restaurer-la-chapelle-vieille-de-souvigny\/81189\/#breadcrumb","itemListElement":[{"@type":"ListItem","position":1,"name":"Accueil","item":"https:\/\/batijournal.com\/"},{"@type":"ListItem","position":2,"name":"Actualit\u00e9s","item":"https:\/\/batijournal.com\/index.php\/category\/actualites\/"},{"@type":"ListItem","position":3,"name":"Architecture &amp; Conception","item":"https:\/\/batijournal.com\/index.php\/category\/actualites\/architecture-conception\/"},{"@type":"ListItem","position":4,"name":"Appel aux m\u00e9c\u00e8nes pour restaurer la Chapelle Vieille de Souvigny"}]},{"@type":"WebSite","@id":"https:\/\/batijournal.com\/#website","url":"https:\/\/batijournal.com\/","name":"Batijournal","description":"L&#039;actualit\u00e9 du b\u00e2timent","potentialAction":[{"@type":"SearchAction","target":{"@type":"EntryPoint","urlTemplate":"https:\/\/batijournal.com\/?s={search_term_string}"},"query-input":{"@type":"PropertyValueSpecification","valueRequired":true,"valueName":"search_term_string"}}],"inLanguage":"fr-FR"},{"@type":"Person","@id":"https:\/\/batijournal.com\/#\/schema\/person\/6a657e8967569e1b299972574848aa76","name":"Bati-journal","image":{"@type":"ImageObject","inLanguage":"fr-FR","@id":"https:\/\/secure.gravatar.com\/avatar\/a64364ea26392f9b4dd47e017ddaec74ff03aefc073b49e492e847201258f777?s=96&d=mm&r=g","url":"https:\/\/secure.gravatar.com\/avatar\/a64364ea26392f9b4dd47e017ddaec74ff03aefc073b49e492e847201258f777?s=96&d=mm&r=g","contentUrl":"https:\/\/secure.gravatar.com\/avatar\/a64364ea26392f9b4dd47e017ddaec74ff03aefc073b49e492e847201258f777?s=96&d=mm&r=g","caption":"Bati-journal"},"url":"https:\/\/batijournal.com\/index.php\/author\/elodie\/"}]}},"_links":{"self":[{"href":"https:\/\/batijournal.com\/index.php\/wp-json\/wp\/v2\/posts\/81189","targetHints":{"allow":["GET"]}}],"collection":[{"href":"https:\/\/batijournal.com\/index.php\/wp-json\/wp\/v2\/posts"}],"about":[{"href":"https:\/\/batijournal.com\/index.php\/wp-json\/wp\/v2\/types\/post"}],"author":[{"embeddable":true,"href":"https:\/\/batijournal.com\/index.php\/wp-json\/wp\/v2\/users\/1"}],"replies":[{"embeddable":true,"href":"https:\/\/batijournal.com\/index.php\/wp-json\/wp\/v2\/comments?post=81189"}],"version-history":[{"count":0,"href":"https:\/\/batijournal.com\/index.php\/wp-json\/wp\/v2\/posts\/81189\/revisions"}],"wp:attachment":[{"href":"https:\/\/batijournal.com\/index.php\/wp-json\/wp\/v2\/media?parent=81189"}],"wp:term":[{"taxonomy":"category","embeddable":true,"href":"https:\/\/batijournal.com\/index.php\/wp-json\/wp\/v2\/categories?post=81189"},{"taxonomy":"post_tag","embeddable":true,"href":"https:\/\/batijournal.com\/index.php\/wp-json\/wp\/v2\/tags?post=81189"}],"curies":[{"name":"wp","href":"https:\/\/api.w.org\/{rel}","templated":true}]}}