{"id":81294,"date":"2012-06-20T00:00:00","date_gmt":"2012-06-19T22:00:00","guid":{"rendered":"http:\/\/b.bati-journal.com\/bois-local-inauguration-dun-batiment-multifonctionnel-en-savoie\/81294"},"modified":"2019-07-15T11:29:14","modified_gmt":"2019-07-15T09:29:14","slug":"bois-local-inauguration-dun-batiment-multifonctionnel-en-savoie","status":"publish","type":"post","link":"https:\/\/batijournal.com\/index.php\/bois-local-inauguration-dun-batiment-multifonctionnel-en-savoie\/81294\/","title":{"rendered":"Bois local : inauguration d&rsquo;un b\u00e2timent multifonctionnel en Savoie"},"content":{"rendered":"<p>La conception du b\u00e2timent multifonctionnel de Saint-Jean d&rsquo;Arvey (Savoie), inaugur\u00e9 le 23 juin prochain, a adopt\u00e9 l&rsquo;utilisation de mani\u00e8re optimis\u00e9e et compl\u00e9mentaire des mat\u00e9riaux bois et b\u00e9ton. La mairie de Saint-Jean d&rsquo;Arvey a voulu, \u00e0 travers ce projet, faire la promotion de la fili\u00e8re bois local en s&rsquo;inscrivant dans une d\u00e9marche de d\u00e9veloppement durable et en faisant appel \u00e0 des entreprises de transformation de bois certifi\u00e9 \u00ab\u00a0Bois des Alpes\u00a0\u00bb. Ainsi, afin d&rsquo;\u00eatre exemplaire, la commune a souhait\u00e9 que le bois de structure provienne de sa for\u00eat : 500 m<sup>3\u00a0<\/sup>de bois local sont mis en oeuvre dans ce b\u00e2timent de 1 000 m<sup>2<\/sup>, dont 200 m<sup>3<\/sup>\u00a0proviennent de la for\u00eat communale. L&rsquo;approche alpine qui s&rsquo;appuie sur la certification de produits et de services \u00ab\u00a0Bois des Alpes\u00a0\u00bb constitue une premi\u00e8re base d&rsquo;exp\u00e9rience en mati\u00e8re de construction en bois local et vise \u00e0 augmenter l&rsquo;exploitation des bois alpins dans la construction. Cette certification apporte un service r\u00e9pondant aux exigences du d\u00e9veloppement durable et une garantie de qualit\u00e9 des produits bois construction. Afin de valoriser les sciages alpins, l&rsquo;association poss\u00e8de une machine de classement m\u00e9canique. La construction de ce b\u00e2timent a b\u00e9n\u00e9fici\u00e9 du soutien de l&rsquo;Europe \u00e0 hauteur de 1 156 500 euros, de la R\u00e9gion et de l&rsquo;Etat dans le cadre de la Convention interr\u00e9gionale du Massif des Alpes (Cima) concernant le financement de l&rsquo;ossature r\u00e9alis\u00e9e avec du bois local. Dans le cadre du Comit\u00e9 de Massif, l&rsquo;Etat, \u00e0 travers la Datar, et les r\u00e9gions Provence-Alpes-C\u00f4te d&rsquo;Azur et Rh\u00f4ne-Alpes ont confi\u00e9 aux Communes foresti\u00e8res Provence-Alpes-C\u00f4te d&rsquo;Azur et Rh\u00f4ne-Alpes l&rsquo;animation du R\u00e9seau alpin de la for\u00eat de montagne, avec pour mission l&rsquo;accompagnement et le suivi de la strat\u00e9gie foresti\u00e8re alpine. Dans ce contexte, elles animent le r\u00e9seau de b\u00e2timents pilotes en bois des Alpes.<\/p>\n","protected":false},"excerpt":{"rendered":"<p>La conception du b\u00e2timent multifonctionnel de Saint-Jean d&rsquo;Arvey (Savoie), inaugur\u00e9 le 23 juin prochain, a adopt\u00e9 l&rsquo;utilisation de mani\u00e8re optimis\u00e9e et compl\u00e9mentaire des mat\u00e9riaux bois et b\u00e9ton. La mairie de Saint-Jean d&rsquo;Arvey a voulu, \u00e0 travers ce projet, faire la promotion de la fili\u00e8re bois local en s&rsquo;inscrivant dans une d\u00e9marche de d\u00e9veloppement durable et [&hellip;]<\/p>\n","protected":false},"author":1,"featured_media":81295,"comment_status":"open","ping_status":"closed","sticky":false,"template":"","format":"standard","meta":{"_et_pb_use_builder":"","_et_pb_old_content":"","_et_gb_content_width":"","footnotes":""},"categories":[6340],"tags":[1180],"class_list":["post-81294","post","type-post","status-publish","format-standard","has-post-thumbnail","hentry","category-architecture-conception","tag-hqe"],"yoast_head":"<!-- This site is optimized with the Yoast SEO plugin v27.4 - https:\/\/yoast.com\/product\/yoast-seo-wordpress\/ -->\n<title>Bois local : inauguration d&#039;un b\u00e2timent multifonctionnel en Savoie<\/title>\n<meta name=\"robots\" content=\"index, follow, max-snippet:-1, max-image-preview:large, max-video-preview:-1\" \/>\n<link rel=\"canonical\" href=\"https:\/\/batijournal.com\/index.php\/bois-local-inauguration-dun-batiment-multifonctionnel-en-savoie\/81294\/\" \/>\n<meta property=\"og:locale\" content=\"fr_FR\" \/>\n<meta property=\"og:type\" content=\"article\" \/>\n<meta property=\"og:title\" content=\"Bois local : inauguration d&#039;un b\u00e2timent multifonctionnel en Savoie\" \/>\n<meta property=\"og:description\" content=\"La conception du b\u00e2timent multifonctionnel de Saint-Jean d&rsquo;Arvey (Savoie), inaugur\u00e9 le 23 juin prochain, a adopt\u00e9 l&rsquo;utilisation de mani\u00e8re optimis\u00e9e et compl\u00e9mentaire des mat\u00e9riaux bois et b\u00e9ton. La mairie de Saint-Jean d&rsquo;Arvey a voulu, \u00e0 travers ce projet, faire la promotion de la fili\u00e8re bois local en s&rsquo;inscrivant dans une d\u00e9marche de d\u00e9veloppement durable et [&hellip;]\" \/>\n<meta property=\"og:url\" content=\"https:\/\/batijournal.com\/index.php\/bois-local-inauguration-dun-batiment-multifonctionnel-en-savoie\/81294\/\" \/>\n<meta property=\"og:site_name\" content=\"Batijournal\" \/>\n<meta property=\"article:published_time\" content=\"2012-06-19T22:00:00+00:00\" \/>\n<meta property=\"article:modified_time\" content=\"2019-07-15T09:29:14+00:00\" \/>\n<meta property=\"og:image\" content=\"https:\/\/batijournal.com\/wp-content\/uploads\/2015\/03\/468772351.jpg\" \/>\n\t<meta property=\"og:image:width\" content=\"600\" \/>\n\t<meta property=\"og:image:height\" content=\"450\" \/>\n\t<meta property=\"og:image:type\" content=\"image\/jpeg\" \/>\n<meta name=\"author\" content=\"Bati-journal\" \/>\n<meta name=\"twitter:card\" content=\"summary_large_image\" \/>\n<meta name=\"twitter:creator\" content=\"@bati_journal\" \/>\n<meta name=\"twitter:site\" content=\"@bati_journal\" \/>\n<meta name=\"twitter:label1\" content=\"\u00c9crit par\" \/>\n\t<meta name=\"twitter:data1\" content=\"Bati-journal\" \/>\n\t<meta name=\"twitter:label2\" content=\"Dur\u00e9e de lecture estim\u00e9e\" \/>\n\t<meta name=\"twitter:data2\" content=\"2 minutes\" \/>\n<script type=\"application\/ld+json\" class=\"yoast-schema-graph\">{\"@context\":\"https:\\\/\\\/schema.org\",\"@graph\":[{\"@type\":\"Article\",\"@id\":\"https:\\\/\\\/batijournal.com\\\/index.php\\\/bois-local-inauguration-dun-batiment-multifonctionnel-en-savoie\\\/81294\\\/#article\",\"isPartOf\":{\"@id\":\"https:\\\/\\\/batijournal.com\\\/index.php\\\/bois-local-inauguration-dun-batiment-multifonctionnel-en-savoie\\\/81294\\\/\"},\"author\":{\"name\":\"Bati-journal\",\"@id\":\"https:\\\/\\\/batijournal.com\\\/#\\\/schema\\\/person\\\/6a657e8967569e1b299972574848aa76\"},\"headline\":\"Bois local : inauguration d&rsquo;un b\u00e2timent multifonctionnel en Savoie\",\"datePublished\":\"2012-06-19T22:00:00+00:00\",\"dateModified\":\"2019-07-15T09:29:14+00:00\",\"mainEntityOfPage\":{\"@id\":\"https:\\\/\\\/batijournal.com\\\/index.php\\\/bois-local-inauguration-dun-batiment-multifonctionnel-en-savoie\\\/81294\\\/\"},\"wordCount\":343,\"commentCount\":0,\"image\":{\"@id\":\"https:\\\/\\\/batijournal.com\\\/index.php\\\/bois-local-inauguration-dun-batiment-multifonctionnel-en-savoie\\\/81294\\\/#primaryimage\"},\"thumbnailUrl\":\"https:\\\/\\\/batijournal.com\\\/wp-content\\\/uploads\\\/2015\\\/03\\\/468772351.jpg\",\"keywords\":[\"HQE\"],\"articleSection\":[\"Architecture &amp; Conception\"],\"inLanguage\":\"fr-FR\",\"potentialAction\":[{\"@type\":\"CommentAction\",\"name\":\"Comment\",\"target\":[\"https:\\\/\\\/batijournal.com\\\/index.php\\\/bois-local-inauguration-dun-batiment-multifonctionnel-en-savoie\\\/81294\\\/#respond\"]}]},{\"@type\":\"WebPage\",\"@id\":\"https:\\\/\\\/batijournal.com\\\/index.php\\\/bois-local-inauguration-dun-batiment-multifonctionnel-en-savoie\\\/81294\\\/\",\"url\":\"https:\\\/\\\/batijournal.com\\\/index.php\\\/bois-local-inauguration-dun-batiment-multifonctionnel-en-savoie\\\/81294\\\/\",\"name\":\"Bois local : inauguration d'un b\u00e2timent multifonctionnel en Savoie\",\"isPartOf\":{\"@id\":\"https:\\\/\\\/batijournal.com\\\/#website\"},\"primaryImageOfPage\":{\"@id\":\"https:\\\/\\\/batijournal.com\\\/index.php\\\/bois-local-inauguration-dun-batiment-multifonctionnel-en-savoie\\\/81294\\\/#primaryimage\"},\"image\":{\"@id\":\"https:\\\/\\\/batijournal.com\\\/index.php\\\/bois-local-inauguration-dun-batiment-multifonctionnel-en-savoie\\\/81294\\\/#primaryimage\"},\"thumbnailUrl\":\"https:\\\/\\\/batijournal.com\\\/wp-content\\\/uploads\\\/2015\\\/03\\\/468772351.jpg\",\"datePublished\":\"2012-06-19T22:00:00+00:00\",\"dateModified\":\"2019-07-15T09:29:14+00:00\",\"author\":{\"@id\":\"https:\\\/\\\/batijournal.com\\\/#\\\/schema\\\/person\\\/6a657e8967569e1b299972574848aa76\"},\"breadcrumb\":{\"@id\":\"https:\\\/\\\/batijournal.com\\\/index.php\\\/bois-local-inauguration-dun-batiment-multifonctionnel-en-savoie\\\/81294\\\/#breadcrumb\"},\"inLanguage\":\"fr-FR\",\"potentialAction\":[{\"@type\":\"ReadAction\",\"target\":[\"https:\\\/\\\/batijournal.com\\\/index.php\\\/bois-local-inauguration-dun-batiment-multifonctionnel-en-savoie\\\/81294\\\/\"]}]},{\"@type\":\"ImageObject\",\"inLanguage\":\"fr-FR\",\"@id\":\"https:\\\/\\\/batijournal.com\\\/index.php\\\/bois-local-inauguration-dun-batiment-multifonctionnel-en-savoie\\\/81294\\\/#primaryimage\",\"url\":\"https:\\\/\\\/batijournal.com\\\/wp-content\\\/uploads\\\/2015\\\/03\\\/468772351.jpg\",\"contentUrl\":\"https:\\\/\\\/batijournal.com\\\/wp-content\\\/uploads\\\/2015\\\/03\\\/468772351.jpg\",\"width\":600,\"height\":450},{\"@type\":\"BreadcrumbList\",\"@id\":\"https:\\\/\\\/batijournal.com\\\/index.php\\\/bois-local-inauguration-dun-batiment-multifonctionnel-en-savoie\\\/81294\\\/#breadcrumb\",\"itemListElement\":[{\"@type\":\"ListItem\",\"position\":1,\"name\":\"Accueil\",\"item\":\"https:\\\/\\\/batijournal.com\\\/\"},{\"@type\":\"ListItem\",\"position\":2,\"name\":\"Actualit\u00e9s\",\"item\":\"https:\\\/\\\/batijournal.com\\\/index.php\\\/category\\\/actualites\\\/\"},{\"@type\":\"ListItem\",\"position\":3,\"name\":\"Architecture &amp; Conception\",\"item\":\"https:\\\/\\\/batijournal.com\\\/index.php\\\/category\\\/actualites\\\/architecture-conception\\\/\"},{\"@type\":\"ListItem\",\"position\":4,\"name\":\"Bois local : inauguration d&rsquo;un b\u00e2timent multifonctionnel en Savoie\"}]},{\"@type\":\"WebSite\",\"@id\":\"https:\\\/\\\/batijournal.com\\\/#website\",\"url\":\"https:\\\/\\\/batijournal.com\\\/\",\"name\":\"Batijournal\",\"description\":\"L&#039;actualit\u00e9 du b\u00e2timent\",\"potentialAction\":[{\"@type\":\"SearchAction\",\"target\":{\"@type\":\"EntryPoint\",\"urlTemplate\":\"https:\\\/\\\/batijournal.com\\\/?s={search_term_string}\"},\"query-input\":{\"@type\":\"PropertyValueSpecification\",\"valueRequired\":true,\"valueName\":\"search_term_string\"}}],\"inLanguage\":\"fr-FR\"},{\"@type\":\"Person\",\"@id\":\"https:\\\/\\\/batijournal.com\\\/#\\\/schema\\\/person\\\/6a657e8967569e1b299972574848aa76\",\"name\":\"Bati-journal\",\"image\":{\"@type\":\"ImageObject\",\"inLanguage\":\"fr-FR\",\"@id\":\"https:\\\/\\\/secure.gravatar.com\\\/avatar\\\/a64364ea26392f9b4dd47e017ddaec74ff03aefc073b49e492e847201258f777?s=96&d=mm&r=g\",\"url\":\"https:\\\/\\\/secure.gravatar.com\\\/avatar\\\/a64364ea26392f9b4dd47e017ddaec74ff03aefc073b49e492e847201258f777?s=96&d=mm&r=g\",\"contentUrl\":\"https:\\\/\\\/secure.gravatar.com\\\/avatar\\\/a64364ea26392f9b4dd47e017ddaec74ff03aefc073b49e492e847201258f777?s=96&d=mm&r=g\",\"caption\":\"Bati-journal\"},\"url\":\"https:\\\/\\\/batijournal.com\\\/index.php\\\/author\\\/elodie\\\/\"}]}<\/script>\n<!-- \/ Yoast SEO plugin. -->","yoast_head_json":{"title":"Bois local : inauguration d'un b\u00e2timent multifonctionnel en Savoie","robots":{"index":"index","follow":"follow","max-snippet":"max-snippet:-1","max-image-preview":"max-image-preview:large","max-video-preview":"max-video-preview:-1"},"canonical":"https:\/\/batijournal.com\/index.php\/bois-local-inauguration-dun-batiment-multifonctionnel-en-savoie\/81294\/","og_locale":"fr_FR","og_type":"article","og_title":"Bois local : inauguration d'un b\u00e2timent multifonctionnel en Savoie","og_description":"La conception du b\u00e2timent multifonctionnel de Saint-Jean d&rsquo;Arvey (Savoie), inaugur\u00e9 le 23 juin prochain, a adopt\u00e9 l&rsquo;utilisation de mani\u00e8re optimis\u00e9e et compl\u00e9mentaire des mat\u00e9riaux bois et b\u00e9ton. La mairie de Saint-Jean d&rsquo;Arvey a voulu, \u00e0 travers ce projet, faire la promotion de la fili\u00e8re bois local en s&rsquo;inscrivant dans une d\u00e9marche de d\u00e9veloppement durable et [&hellip;]","og_url":"https:\/\/batijournal.com\/index.php\/bois-local-inauguration-dun-batiment-multifonctionnel-en-savoie\/81294\/","og_site_name":"Batijournal","article_published_time":"2012-06-19T22:00:00+00:00","article_modified_time":"2019-07-15T09:29:14+00:00","og_image":[{"width":600,"height":450,"url":"https:\/\/batijournal.com\/wp-content\/uploads\/2015\/03\/468772351.jpg","type":"image\/jpeg"}],"author":"Bati-journal","twitter_card":"summary_large_image","twitter_creator":"@bati_journal","twitter_site":"@bati_journal","twitter_misc":{"\u00c9crit par":"Bati-journal","Dur\u00e9e de lecture estim\u00e9e":"2 minutes"},"schema":{"@context":"https:\/\/schema.org","@graph":[{"@type":"Article","@id":"https:\/\/batijournal.com\/index.php\/bois-local-inauguration-dun-batiment-multifonctionnel-en-savoie\/81294\/#article","isPartOf":{"@id":"https:\/\/batijournal.com\/index.php\/bois-local-inauguration-dun-batiment-multifonctionnel-en-savoie\/81294\/"},"author":{"name":"Bati-journal","@id":"https:\/\/batijournal.com\/#\/schema\/person\/6a657e8967569e1b299972574848aa76"},"headline":"Bois local : inauguration d&rsquo;un b\u00e2timent multifonctionnel en Savoie","datePublished":"2012-06-19T22:00:00+00:00","dateModified":"2019-07-15T09:29:14+00:00","mainEntityOfPage":{"@id":"https:\/\/batijournal.com\/index.php\/bois-local-inauguration-dun-batiment-multifonctionnel-en-savoie\/81294\/"},"wordCount":343,"commentCount":0,"image":{"@id":"https:\/\/batijournal.com\/index.php\/bois-local-inauguration-dun-batiment-multifonctionnel-en-savoie\/81294\/#primaryimage"},"thumbnailUrl":"https:\/\/batijournal.com\/wp-content\/uploads\/2015\/03\/468772351.jpg","keywords":["HQE"],"articleSection":["Architecture &amp; Conception"],"inLanguage":"fr-FR","potentialAction":[{"@type":"CommentAction","name":"Comment","target":["https:\/\/batijournal.com\/index.php\/bois-local-inauguration-dun-batiment-multifonctionnel-en-savoie\/81294\/#respond"]}]},{"@type":"WebPage","@id":"https:\/\/batijournal.com\/index.php\/bois-local-inauguration-dun-batiment-multifonctionnel-en-savoie\/81294\/","url":"https:\/\/batijournal.com\/index.php\/bois-local-inauguration-dun-batiment-multifonctionnel-en-savoie\/81294\/","name":"Bois local : inauguration d'un b\u00e2timent multifonctionnel en Savoie","isPartOf":{"@id":"https:\/\/batijournal.com\/#website"},"primaryImageOfPage":{"@id":"https:\/\/batijournal.com\/index.php\/bois-local-inauguration-dun-batiment-multifonctionnel-en-savoie\/81294\/#primaryimage"},"image":{"@id":"https:\/\/batijournal.com\/index.php\/bois-local-inauguration-dun-batiment-multifonctionnel-en-savoie\/81294\/#primaryimage"},"thumbnailUrl":"https:\/\/batijournal.com\/wp-content\/uploads\/2015\/03\/468772351.jpg","datePublished":"2012-06-19T22:00:00+00:00","dateModified":"2019-07-15T09:29:14+00:00","author":{"@id":"https:\/\/batijournal.com\/#\/schema\/person\/6a657e8967569e1b299972574848aa76"},"breadcrumb":{"@id":"https:\/\/batijournal.com\/index.php\/bois-local-inauguration-dun-batiment-multifonctionnel-en-savoie\/81294\/#breadcrumb"},"inLanguage":"fr-FR","potentialAction":[{"@type":"ReadAction","target":["https:\/\/batijournal.com\/index.php\/bois-local-inauguration-dun-batiment-multifonctionnel-en-savoie\/81294\/"]}]},{"@type":"ImageObject","inLanguage":"fr-FR","@id":"https:\/\/batijournal.com\/index.php\/bois-local-inauguration-dun-batiment-multifonctionnel-en-savoie\/81294\/#primaryimage","url":"https:\/\/batijournal.com\/wp-content\/uploads\/2015\/03\/468772351.jpg","contentUrl":"https:\/\/batijournal.com\/wp-content\/uploads\/2015\/03\/468772351.jpg","width":600,"height":450},{"@type":"BreadcrumbList","@id":"https:\/\/batijournal.com\/index.php\/bois-local-inauguration-dun-batiment-multifonctionnel-en-savoie\/81294\/#breadcrumb","itemListElement":[{"@type":"ListItem","position":1,"name":"Accueil","item":"https:\/\/batijournal.com\/"},{"@type":"ListItem","position":2,"name":"Actualit\u00e9s","item":"https:\/\/batijournal.com\/index.php\/category\/actualites\/"},{"@type":"ListItem","position":3,"name":"Architecture &amp; Conception","item":"https:\/\/batijournal.com\/index.php\/category\/actualites\/architecture-conception\/"},{"@type":"ListItem","position":4,"name":"Bois local : inauguration d&rsquo;un b\u00e2timent multifonctionnel en Savoie"}]},{"@type":"WebSite","@id":"https:\/\/batijournal.com\/#website","url":"https:\/\/batijournal.com\/","name":"Batijournal","description":"L&#039;actualit\u00e9 du b\u00e2timent","potentialAction":[{"@type":"SearchAction","target":{"@type":"EntryPoint","urlTemplate":"https:\/\/batijournal.com\/?s={search_term_string}"},"query-input":{"@type":"PropertyValueSpecification","valueRequired":true,"valueName":"search_term_string"}}],"inLanguage":"fr-FR"},{"@type":"Person","@id":"https:\/\/batijournal.com\/#\/schema\/person\/6a657e8967569e1b299972574848aa76","name":"Bati-journal","image":{"@type":"ImageObject","inLanguage":"fr-FR","@id":"https:\/\/secure.gravatar.com\/avatar\/a64364ea26392f9b4dd47e017ddaec74ff03aefc073b49e492e847201258f777?s=96&d=mm&r=g","url":"https:\/\/secure.gravatar.com\/avatar\/a64364ea26392f9b4dd47e017ddaec74ff03aefc073b49e492e847201258f777?s=96&d=mm&r=g","contentUrl":"https:\/\/secure.gravatar.com\/avatar\/a64364ea26392f9b4dd47e017ddaec74ff03aefc073b49e492e847201258f777?s=96&d=mm&r=g","caption":"Bati-journal"},"url":"https:\/\/batijournal.com\/index.php\/author\/elodie\/"}]}},"_links":{"self":[{"href":"https:\/\/batijournal.com\/index.php\/wp-json\/wp\/v2\/posts\/81294","targetHints":{"allow":["GET"]}}],"collection":[{"href":"https:\/\/batijournal.com\/index.php\/wp-json\/wp\/v2\/posts"}],"about":[{"href":"https:\/\/batijournal.com\/index.php\/wp-json\/wp\/v2\/types\/post"}],"author":[{"embeddable":true,"href":"https:\/\/batijournal.com\/index.php\/wp-json\/wp\/v2\/users\/1"}],"replies":[{"embeddable":true,"href":"https:\/\/batijournal.com\/index.php\/wp-json\/wp\/v2\/comments?post=81294"}],"version-history":[{"count":0,"href":"https:\/\/batijournal.com\/index.php\/wp-json\/wp\/v2\/posts\/81294\/revisions"}],"wp:featuredmedia":[{"embeddable":true,"href":"https:\/\/batijournal.com\/index.php\/wp-json\/wp\/v2\/media\/81295"}],"wp:attachment":[{"href":"https:\/\/batijournal.com\/index.php\/wp-json\/wp\/v2\/media?parent=81294"}],"wp:term":[{"taxonomy":"category","embeddable":true,"href":"https:\/\/batijournal.com\/index.php\/wp-json\/wp\/v2\/categories?post=81294"},{"taxonomy":"post_tag","embeddable":true,"href":"https:\/\/batijournal.com\/index.php\/wp-json\/wp\/v2\/tags?post=81294"}],"curies":[{"name":"wp","href":"https:\/\/api.w.org\/{rel}","templated":true}]}}