{"id":81359,"date":"2012-10-25T00:00:00","date_gmt":"2012-10-24T22:00:00","guid":{"rendered":"http:\/\/b.bati-journal.com\/mise-en-lumiere-dun-quartier-art-deco-denvergure-internationale\/81359"},"modified":"2019-07-15T11:29:06","modified_gmt":"2019-07-15T09:29:06","slug":"mise-en-lumiere-dun-quartier-art-deco-denvergure-internationale","status":"publish","type":"post","link":"https:\/\/batijournal.com\/index.php\/mise-en-lumiere-dun-quartier-art-deco-denvergure-internationale\/81359\/","title":{"rendered":"Mise en lumi\u00e8re d&rsquo;un quartier \u00abart d\u00e9co\u00bb d&rsquo;envergure internationale"},"content":{"rendered":"<p>Capitale r\u00e9gionale de la Wallonie, Namur est aussi une r\u00e9f\u00e9rence mondiale de l&rsquo;architecture Art d\u00e9co avec le quartier historique des Carmes. La mise en lumi\u00e8re de trois de ses rues vise \u00e0 valoriser les nombreuses particularit\u00e9s architecturales des fa\u00e7ades (sculptures, encadrements de fen\u00eatres, lignes, moulures, reliefs&#8230;). A la demande d&rsquo;Isabelle Corten concepteur lumi\u00e8re de l&rsquo;agence Radiance 35 (Li\u00e8ge) et de David Decellier, concepteur \u00e9clairage public chez ORES, LEC a con\u00e7u et fourni pour ce projet atypique et singulier plus de 235 barreaux et projecteurs. Chacun de ces \u00e9quipements est adapt\u00e9, en dimensions et effets lumineux, \u00e0 la physionomie de chaque \u00e9l\u00e9ment de fa\u00e7ade. Lors de la mise en lumi\u00e8re d&rsquo;un b\u00e2timent du patrimoine, des contraintes d&rsquo;implantations drastiques sont impos\u00e9es par la ma\u00eetrise d&rsquo;ouvrage. La pr\u00e9cision de l&rsquo;\u00e9clairage, sur des fa\u00e7ades habit\u00e9es, se r\u00e9v\u00e8le essentielle pour le confort des occupants et le r\u00e9sultat esth\u00e9tique. La discr\u00e9tion de l&rsquo;implantation est aussi une donn\u00e9e incontournable&#8230; de jour comme de nuit, les installations doivent dispara\u00eetre aux yeux du public. La r\u00e9ponse de LEC pour atteindre ce niveau d&rsquo;exigence : une conception de solutions sur-mesure, en taille, puissance, angles d&rsquo;\u00e9clairements, colorim\u00e9trie et peinture. Le choix de la technologie \u00e0 LED r\u00e9pond aussi \u00e0 ces objectifs, gr\u00e2ce \u00e0 un encombrement minime, un faisceau pr\u00e9cis et une importante dur\u00e9e de vie r\u00e9duisant consid\u00e9rablement la maintenance. Pour la mise en lumi\u00e8re des \u00e9l\u00e9ments lin\u00e9aires (moulures, frises&#8230;), l&rsquo;objectif \u00e9tait de r\u00e9aliser un \u00e9clairage adapt\u00e9 au sujet, pr\u00e9cis et uniforme. LEC a donc fabriqu\u00e9 des barreaux \u00e0 LEDs de longueurs chaque fois diff\u00e9rentes, comprises entre 30 et 200 cm. Pour am\u00e9liorer la discr\u00e9tion des installations, les c\u00e2bles d&rsquo;alimentation ont \u00e9t\u00e9 int\u00e9gr\u00e9s directement dans les barreaux pour les rendre invisibles. De plus, chacun d&rsquo;entre eux a \u00e9t\u00e9 peint selon un RAL correspondant \u00e0 la teinte de la fa\u00e7ade. Les LEDs de 5 mm, plus petites que celles dites \u00ab haute puissance\u00bb, sont moins g\u00e9n\u00e9ratrices de chaleur. Elles permettent d&rsquo;\u00e9quiper les barreaux de 165 LEDs par m\u00e8tre avec un encombrement r\u00e9duit au minimum.<\/p>\n","protected":false},"excerpt":{"rendered":"<p>Capitale r\u00e9gionale de la Wallonie, Namur est aussi une r\u00e9f\u00e9rence mondiale de l&rsquo;architecture Art d\u00e9co avec le quartier historique des Carmes. La mise en lumi\u00e8re de trois de ses rues vise \u00e0 valoriser les nombreuses particularit\u00e9s architecturales des fa\u00e7ades (sculptures, encadrements de fen\u00eatres, lignes, moulures, reliefs&#8230;). A la demande d&rsquo;Isabelle Corten concepteur lumi\u00e8re de l&rsquo;agence [&hellip;]<\/p>\n","protected":false},"author":1,"featured_media":81360,"comment_status":"open","ping_status":"closed","sticky":false,"template":"","format":"standard","meta":{"_et_pb_use_builder":"","_et_pb_old_content":"","_et_gb_content_width":"","footnotes":""},"categories":[6340],"tags":[3590,6496],"class_list":["post-81359","post","type-post","status-publish","format-standard","has-post-thumbnail","hentry","category-architecture-conception","tag-mise-en-lumiere","tag-wallonie"],"yoast_head":"<!-- This site is optimized with the Yoast SEO plugin v27.4 - https:\/\/yoast.com\/product\/yoast-seo-wordpress\/ -->\n<title>Mise en lumi\u00e8re d&#039;un quartier \u00abart d\u00e9co\u00bb d&#039;envergure internationale<\/title>\n<meta name=\"robots\" content=\"index, follow, max-snippet:-1, max-image-preview:large, max-video-preview:-1\" \/>\n<link rel=\"canonical\" href=\"https:\/\/batijournal.com\/index.php\/mise-en-lumiere-dun-quartier-art-deco-denvergure-internationale\/81359\/\" \/>\n<meta property=\"og:locale\" content=\"fr_FR\" \/>\n<meta property=\"og:type\" content=\"article\" \/>\n<meta property=\"og:title\" content=\"Mise en lumi\u00e8re d&#039;un quartier \u00abart d\u00e9co\u00bb d&#039;envergure internationale\" \/>\n<meta property=\"og:description\" content=\"Capitale r\u00e9gionale de la Wallonie, Namur est aussi une r\u00e9f\u00e9rence mondiale de l&rsquo;architecture Art d\u00e9co avec le quartier historique des Carmes. La mise en lumi\u00e8re de trois de ses rues vise \u00e0 valoriser les nombreuses particularit\u00e9s architecturales des fa\u00e7ades (sculptures, encadrements de fen\u00eatres, lignes, moulures, reliefs&#8230;). A la demande d&rsquo;Isabelle Corten concepteur lumi\u00e8re de l&rsquo;agence [&hellip;]\" \/>\n<meta property=\"og:url\" content=\"https:\/\/batijournal.com\/index.php\/mise-en-lumiere-dun-quartier-art-deco-denvergure-internationale\/81359\/\" \/>\n<meta property=\"og:site_name\" content=\"Batijournal\" \/>\n<meta property=\"article:published_time\" content=\"2012-10-24T22:00:00+00:00\" \/>\n<meta property=\"article:modified_time\" content=\"2019-07-15T09:29:06+00:00\" \/>\n<meta property=\"og:image\" content=\"https:\/\/batijournal.com\/wp-content\/uploads\/2015\/03\/532825051.jpg\" \/>\n\t<meta property=\"og:image:width\" content=\"599\" \/>\n\t<meta property=\"og:image:height\" content=\"399\" \/>\n\t<meta property=\"og:image:type\" content=\"image\/jpeg\" \/>\n<meta name=\"author\" content=\"Bati-journal\" \/>\n<meta name=\"twitter:card\" content=\"summary_large_image\" \/>\n<meta name=\"twitter:creator\" content=\"@bati_journal\" \/>\n<meta name=\"twitter:site\" content=\"@bati_journal\" \/>\n<meta name=\"twitter:label1\" content=\"\u00c9crit par\" \/>\n\t<meta name=\"twitter:data1\" content=\"Bati-journal\" \/>\n\t<meta name=\"twitter:label2\" content=\"Dur\u00e9e de lecture estim\u00e9e\" \/>\n\t<meta name=\"twitter:data2\" content=\"2 minutes\" \/>\n<script type=\"application\/ld+json\" class=\"yoast-schema-graph\">{\"@context\":\"https:\\\/\\\/schema.org\",\"@graph\":[{\"@type\":\"Article\",\"@id\":\"https:\\\/\\\/batijournal.com\\\/index.php\\\/mise-en-lumiere-dun-quartier-art-deco-denvergure-internationale\\\/81359\\\/#article\",\"isPartOf\":{\"@id\":\"https:\\\/\\\/batijournal.com\\\/index.php\\\/mise-en-lumiere-dun-quartier-art-deco-denvergure-internationale\\\/81359\\\/\"},\"author\":{\"name\":\"Bati-journal\",\"@id\":\"https:\\\/\\\/batijournal.com\\\/#\\\/schema\\\/person\\\/6a657e8967569e1b299972574848aa76\"},\"headline\":\"Mise en lumi\u00e8re d&rsquo;un quartier \u00abart d\u00e9co\u00bb d&rsquo;envergure internationale\",\"datePublished\":\"2012-10-24T22:00:00+00:00\",\"dateModified\":\"2019-07-15T09:29:06+00:00\",\"mainEntityOfPage\":{\"@id\":\"https:\\\/\\\/batijournal.com\\\/index.php\\\/mise-en-lumiere-dun-quartier-art-deco-denvergure-internationale\\\/81359\\\/\"},\"wordCount\":394,\"commentCount\":0,\"image\":{\"@id\":\"https:\\\/\\\/batijournal.com\\\/index.php\\\/mise-en-lumiere-dun-quartier-art-deco-denvergure-internationale\\\/81359\\\/#primaryimage\"},\"thumbnailUrl\":\"https:\\\/\\\/batijournal.com\\\/wp-content\\\/uploads\\\/2015\\\/03\\\/532825051.jpg\",\"keywords\":[\"mise en lumi\u00e8re\",\"wallonie\"],\"articleSection\":[\"Architecture &amp; Conception\"],\"inLanguage\":\"fr-FR\",\"potentialAction\":[{\"@type\":\"CommentAction\",\"name\":\"Comment\",\"target\":[\"https:\\\/\\\/batijournal.com\\\/index.php\\\/mise-en-lumiere-dun-quartier-art-deco-denvergure-internationale\\\/81359\\\/#respond\"]}]},{\"@type\":\"WebPage\",\"@id\":\"https:\\\/\\\/batijournal.com\\\/index.php\\\/mise-en-lumiere-dun-quartier-art-deco-denvergure-internationale\\\/81359\\\/\",\"url\":\"https:\\\/\\\/batijournal.com\\\/index.php\\\/mise-en-lumiere-dun-quartier-art-deco-denvergure-internationale\\\/81359\\\/\",\"name\":\"Mise en lumi\u00e8re d'un quartier \u00abart d\u00e9co\u00bb d'envergure internationale\",\"isPartOf\":{\"@id\":\"https:\\\/\\\/batijournal.com\\\/#website\"},\"primaryImageOfPage\":{\"@id\":\"https:\\\/\\\/batijournal.com\\\/index.php\\\/mise-en-lumiere-dun-quartier-art-deco-denvergure-internationale\\\/81359\\\/#primaryimage\"},\"image\":{\"@id\":\"https:\\\/\\\/batijournal.com\\\/index.php\\\/mise-en-lumiere-dun-quartier-art-deco-denvergure-internationale\\\/81359\\\/#primaryimage\"},\"thumbnailUrl\":\"https:\\\/\\\/batijournal.com\\\/wp-content\\\/uploads\\\/2015\\\/03\\\/532825051.jpg\",\"datePublished\":\"2012-10-24T22:00:00+00:00\",\"dateModified\":\"2019-07-15T09:29:06+00:00\",\"author\":{\"@id\":\"https:\\\/\\\/batijournal.com\\\/#\\\/schema\\\/person\\\/6a657e8967569e1b299972574848aa76\"},\"breadcrumb\":{\"@id\":\"https:\\\/\\\/batijournal.com\\\/index.php\\\/mise-en-lumiere-dun-quartier-art-deco-denvergure-internationale\\\/81359\\\/#breadcrumb\"},\"inLanguage\":\"fr-FR\",\"potentialAction\":[{\"@type\":\"ReadAction\",\"target\":[\"https:\\\/\\\/batijournal.com\\\/index.php\\\/mise-en-lumiere-dun-quartier-art-deco-denvergure-internationale\\\/81359\\\/\"]}]},{\"@type\":\"ImageObject\",\"inLanguage\":\"fr-FR\",\"@id\":\"https:\\\/\\\/batijournal.com\\\/index.php\\\/mise-en-lumiere-dun-quartier-art-deco-denvergure-internationale\\\/81359\\\/#primaryimage\",\"url\":\"https:\\\/\\\/batijournal.com\\\/wp-content\\\/uploads\\\/2015\\\/03\\\/532825051.jpg\",\"contentUrl\":\"https:\\\/\\\/batijournal.com\\\/wp-content\\\/uploads\\\/2015\\\/03\\\/532825051.jpg\",\"width\":599,\"height\":399},{\"@type\":\"BreadcrumbList\",\"@id\":\"https:\\\/\\\/batijournal.com\\\/index.php\\\/mise-en-lumiere-dun-quartier-art-deco-denvergure-internationale\\\/81359\\\/#breadcrumb\",\"itemListElement\":[{\"@type\":\"ListItem\",\"position\":1,\"name\":\"Accueil\",\"item\":\"https:\\\/\\\/batijournal.com\\\/\"},{\"@type\":\"ListItem\",\"position\":2,\"name\":\"Actualit\u00e9s\",\"item\":\"https:\\\/\\\/batijournal.com\\\/index.php\\\/category\\\/actualites\\\/\"},{\"@type\":\"ListItem\",\"position\":3,\"name\":\"Architecture &amp; Conception\",\"item\":\"https:\\\/\\\/batijournal.com\\\/index.php\\\/category\\\/actualites\\\/architecture-conception\\\/\"},{\"@type\":\"ListItem\",\"position\":4,\"name\":\"Mise en lumi\u00e8re d&rsquo;un quartier \u00abart d\u00e9co\u00bb d&rsquo;envergure internationale\"}]},{\"@type\":\"WebSite\",\"@id\":\"https:\\\/\\\/batijournal.com\\\/#website\",\"url\":\"https:\\\/\\\/batijournal.com\\\/\",\"name\":\"Batijournal\",\"description\":\"L&#039;actualit\u00e9 du b\u00e2timent\",\"potentialAction\":[{\"@type\":\"SearchAction\",\"target\":{\"@type\":\"EntryPoint\",\"urlTemplate\":\"https:\\\/\\\/batijournal.com\\\/?s={search_term_string}\"},\"query-input\":{\"@type\":\"PropertyValueSpecification\",\"valueRequired\":true,\"valueName\":\"search_term_string\"}}],\"inLanguage\":\"fr-FR\"},{\"@type\":\"Person\",\"@id\":\"https:\\\/\\\/batijournal.com\\\/#\\\/schema\\\/person\\\/6a657e8967569e1b299972574848aa76\",\"name\":\"Bati-journal\",\"image\":{\"@type\":\"ImageObject\",\"inLanguage\":\"fr-FR\",\"@id\":\"https:\\\/\\\/secure.gravatar.com\\\/avatar\\\/a64364ea26392f9b4dd47e017ddaec74ff03aefc073b49e492e847201258f777?s=96&d=mm&r=g\",\"url\":\"https:\\\/\\\/secure.gravatar.com\\\/avatar\\\/a64364ea26392f9b4dd47e017ddaec74ff03aefc073b49e492e847201258f777?s=96&d=mm&r=g\",\"contentUrl\":\"https:\\\/\\\/secure.gravatar.com\\\/avatar\\\/a64364ea26392f9b4dd47e017ddaec74ff03aefc073b49e492e847201258f777?s=96&d=mm&r=g\",\"caption\":\"Bati-journal\"},\"url\":\"https:\\\/\\\/batijournal.com\\\/index.php\\\/author\\\/elodie\\\/\"}]}<\/script>\n<!-- \/ Yoast SEO plugin. -->","yoast_head_json":{"title":"Mise en lumi\u00e8re d'un quartier \u00abart d\u00e9co\u00bb d'envergure internationale","robots":{"index":"index","follow":"follow","max-snippet":"max-snippet:-1","max-image-preview":"max-image-preview:large","max-video-preview":"max-video-preview:-1"},"canonical":"https:\/\/batijournal.com\/index.php\/mise-en-lumiere-dun-quartier-art-deco-denvergure-internationale\/81359\/","og_locale":"fr_FR","og_type":"article","og_title":"Mise en lumi\u00e8re d'un quartier \u00abart d\u00e9co\u00bb d'envergure internationale","og_description":"Capitale r\u00e9gionale de la Wallonie, Namur est aussi une r\u00e9f\u00e9rence mondiale de l&rsquo;architecture Art d\u00e9co avec le quartier historique des Carmes. La mise en lumi\u00e8re de trois de ses rues vise \u00e0 valoriser les nombreuses particularit\u00e9s architecturales des fa\u00e7ades (sculptures, encadrements de fen\u00eatres, lignes, moulures, reliefs&#8230;). A la demande d&rsquo;Isabelle Corten concepteur lumi\u00e8re de l&rsquo;agence [&hellip;]","og_url":"https:\/\/batijournal.com\/index.php\/mise-en-lumiere-dun-quartier-art-deco-denvergure-internationale\/81359\/","og_site_name":"Batijournal","article_published_time":"2012-10-24T22:00:00+00:00","article_modified_time":"2019-07-15T09:29:06+00:00","og_image":[{"width":599,"height":399,"url":"https:\/\/batijournal.com\/wp-content\/uploads\/2015\/03\/532825051.jpg","type":"image\/jpeg"}],"author":"Bati-journal","twitter_card":"summary_large_image","twitter_creator":"@bati_journal","twitter_site":"@bati_journal","twitter_misc":{"\u00c9crit par":"Bati-journal","Dur\u00e9e de lecture estim\u00e9e":"2 minutes"},"schema":{"@context":"https:\/\/schema.org","@graph":[{"@type":"Article","@id":"https:\/\/batijournal.com\/index.php\/mise-en-lumiere-dun-quartier-art-deco-denvergure-internationale\/81359\/#article","isPartOf":{"@id":"https:\/\/batijournal.com\/index.php\/mise-en-lumiere-dun-quartier-art-deco-denvergure-internationale\/81359\/"},"author":{"name":"Bati-journal","@id":"https:\/\/batijournal.com\/#\/schema\/person\/6a657e8967569e1b299972574848aa76"},"headline":"Mise en lumi\u00e8re d&rsquo;un quartier \u00abart d\u00e9co\u00bb d&rsquo;envergure internationale","datePublished":"2012-10-24T22:00:00+00:00","dateModified":"2019-07-15T09:29:06+00:00","mainEntityOfPage":{"@id":"https:\/\/batijournal.com\/index.php\/mise-en-lumiere-dun-quartier-art-deco-denvergure-internationale\/81359\/"},"wordCount":394,"commentCount":0,"image":{"@id":"https:\/\/batijournal.com\/index.php\/mise-en-lumiere-dun-quartier-art-deco-denvergure-internationale\/81359\/#primaryimage"},"thumbnailUrl":"https:\/\/batijournal.com\/wp-content\/uploads\/2015\/03\/532825051.jpg","keywords":["mise en lumi\u00e8re","wallonie"],"articleSection":["Architecture &amp; Conception"],"inLanguage":"fr-FR","potentialAction":[{"@type":"CommentAction","name":"Comment","target":["https:\/\/batijournal.com\/index.php\/mise-en-lumiere-dun-quartier-art-deco-denvergure-internationale\/81359\/#respond"]}]},{"@type":"WebPage","@id":"https:\/\/batijournal.com\/index.php\/mise-en-lumiere-dun-quartier-art-deco-denvergure-internationale\/81359\/","url":"https:\/\/batijournal.com\/index.php\/mise-en-lumiere-dun-quartier-art-deco-denvergure-internationale\/81359\/","name":"Mise en lumi\u00e8re d'un quartier \u00abart d\u00e9co\u00bb d'envergure internationale","isPartOf":{"@id":"https:\/\/batijournal.com\/#website"},"primaryImageOfPage":{"@id":"https:\/\/batijournal.com\/index.php\/mise-en-lumiere-dun-quartier-art-deco-denvergure-internationale\/81359\/#primaryimage"},"image":{"@id":"https:\/\/batijournal.com\/index.php\/mise-en-lumiere-dun-quartier-art-deco-denvergure-internationale\/81359\/#primaryimage"},"thumbnailUrl":"https:\/\/batijournal.com\/wp-content\/uploads\/2015\/03\/532825051.jpg","datePublished":"2012-10-24T22:00:00+00:00","dateModified":"2019-07-15T09:29:06+00:00","author":{"@id":"https:\/\/batijournal.com\/#\/schema\/person\/6a657e8967569e1b299972574848aa76"},"breadcrumb":{"@id":"https:\/\/batijournal.com\/index.php\/mise-en-lumiere-dun-quartier-art-deco-denvergure-internationale\/81359\/#breadcrumb"},"inLanguage":"fr-FR","potentialAction":[{"@type":"ReadAction","target":["https:\/\/batijournal.com\/index.php\/mise-en-lumiere-dun-quartier-art-deco-denvergure-internationale\/81359\/"]}]},{"@type":"ImageObject","inLanguage":"fr-FR","@id":"https:\/\/batijournal.com\/index.php\/mise-en-lumiere-dun-quartier-art-deco-denvergure-internationale\/81359\/#primaryimage","url":"https:\/\/batijournal.com\/wp-content\/uploads\/2015\/03\/532825051.jpg","contentUrl":"https:\/\/batijournal.com\/wp-content\/uploads\/2015\/03\/532825051.jpg","width":599,"height":399},{"@type":"BreadcrumbList","@id":"https:\/\/batijournal.com\/index.php\/mise-en-lumiere-dun-quartier-art-deco-denvergure-internationale\/81359\/#breadcrumb","itemListElement":[{"@type":"ListItem","position":1,"name":"Accueil","item":"https:\/\/batijournal.com\/"},{"@type":"ListItem","position":2,"name":"Actualit\u00e9s","item":"https:\/\/batijournal.com\/index.php\/category\/actualites\/"},{"@type":"ListItem","position":3,"name":"Architecture &amp; Conception","item":"https:\/\/batijournal.com\/index.php\/category\/actualites\/architecture-conception\/"},{"@type":"ListItem","position":4,"name":"Mise en lumi\u00e8re d&rsquo;un quartier \u00abart d\u00e9co\u00bb d&rsquo;envergure internationale"}]},{"@type":"WebSite","@id":"https:\/\/batijournal.com\/#website","url":"https:\/\/batijournal.com\/","name":"Batijournal","description":"L&#039;actualit\u00e9 du b\u00e2timent","potentialAction":[{"@type":"SearchAction","target":{"@type":"EntryPoint","urlTemplate":"https:\/\/batijournal.com\/?s={search_term_string}"},"query-input":{"@type":"PropertyValueSpecification","valueRequired":true,"valueName":"search_term_string"}}],"inLanguage":"fr-FR"},{"@type":"Person","@id":"https:\/\/batijournal.com\/#\/schema\/person\/6a657e8967569e1b299972574848aa76","name":"Bati-journal","image":{"@type":"ImageObject","inLanguage":"fr-FR","@id":"https:\/\/secure.gravatar.com\/avatar\/a64364ea26392f9b4dd47e017ddaec74ff03aefc073b49e492e847201258f777?s=96&d=mm&r=g","url":"https:\/\/secure.gravatar.com\/avatar\/a64364ea26392f9b4dd47e017ddaec74ff03aefc073b49e492e847201258f777?s=96&d=mm&r=g","contentUrl":"https:\/\/secure.gravatar.com\/avatar\/a64364ea26392f9b4dd47e017ddaec74ff03aefc073b49e492e847201258f777?s=96&d=mm&r=g","caption":"Bati-journal"},"url":"https:\/\/batijournal.com\/index.php\/author\/elodie\/"}]}},"_links":{"self":[{"href":"https:\/\/batijournal.com\/index.php\/wp-json\/wp\/v2\/posts\/81359","targetHints":{"allow":["GET"]}}],"collection":[{"href":"https:\/\/batijournal.com\/index.php\/wp-json\/wp\/v2\/posts"}],"about":[{"href":"https:\/\/batijournal.com\/index.php\/wp-json\/wp\/v2\/types\/post"}],"author":[{"embeddable":true,"href":"https:\/\/batijournal.com\/index.php\/wp-json\/wp\/v2\/users\/1"}],"replies":[{"embeddable":true,"href":"https:\/\/batijournal.com\/index.php\/wp-json\/wp\/v2\/comments?post=81359"}],"version-history":[{"count":0,"href":"https:\/\/batijournal.com\/index.php\/wp-json\/wp\/v2\/posts\/81359\/revisions"}],"wp:featuredmedia":[{"embeddable":true,"href":"https:\/\/batijournal.com\/index.php\/wp-json\/wp\/v2\/media\/81360"}],"wp:attachment":[{"href":"https:\/\/batijournal.com\/index.php\/wp-json\/wp\/v2\/media?parent=81359"}],"wp:term":[{"taxonomy":"category","embeddable":true,"href":"https:\/\/batijournal.com\/index.php\/wp-json\/wp\/v2\/categories?post=81359"},{"taxonomy":"post_tag","embeddable":true,"href":"https:\/\/batijournal.com\/index.php\/wp-json\/wp\/v2\/tags?post=81359"}],"curies":[{"name":"wp","href":"https:\/\/api.w.org\/{rel}","templated":true}]}}