{"id":81373,"date":"2012-11-29T00:00:00","date_gmt":"2012-11-28T23:00:00","guid":{"rendered":"http:\/\/b.bati-journal.com\/la-canopee-des-halles-de-paris-sera-jaune-vert\/81373"},"modified":"2019-07-15T11:29:05","modified_gmt":"2019-07-15T09:29:05","slug":"la-canopee-des-halles-de-paris-sera-jaune-vert","status":"publish","type":"post","link":"https:\/\/batijournal.com\/index.php\/la-canopee-des-halles-de-paris-sera-jaune-vert\/81373\/","title":{"rendered":"La Canop\u00e9e des Halles de Paris sera jaune-vert"},"content":{"rendered":"<p>La teinte du verre de la canop\u00e9e des Halles de Paris sera un fin jaune-vert. Elle variera l\u00e9g\u00e8rement selon l&rsquo;ensoleillement et l&rsquo;angle de vision. Le verre ne sera pas totalement transparent, \u00e9vitant ainsi l&rsquo;exposition durant les fortes chaleurs. Cette couverture couvrira une surface de 25.000 m\u00b2 avec 18 000 plaques de verre. Deux ailes seront dispos\u00e9es autour d&rsquo;un patio qui deviendra le nouveau coeur des Halles. A l&rsquo;occasion d&rsquo;une visite sur site, vendredi dernier, le maire Bertrand Delano\u00eb et l&rsquo;architecte Patrick Berger ont valid\u00e9, sur le prototype en taille r\u00e9elle, les choix des mat\u00e9riaux composant la couverture de verre et les fa\u00e7ades du b\u00e2timent. Ce prototype est visible depuis le belv\u00e9d\u00e8re situ\u00e9 \u00e0 c\u00f4t\u00e9 de la porte du Pont Neuf. Des visites de chantier pour le public seront organis\u00e9es \u00e0 partir du 9 d\u00e9cembre.<\/p>\n","protected":false},"excerpt":{"rendered":"<p>La teinte du verre de la canop\u00e9e des Halles de Paris sera un fin jaune-vert. Elle variera l\u00e9g\u00e8rement selon l&rsquo;ensoleillement et l&rsquo;angle de vision. Le verre ne sera pas totalement transparent, \u00e9vitant ainsi l&rsquo;exposition durant les fortes chaleurs. Cette couverture couvrira une surface de 25.000 m\u00b2 avec 18 000 plaques de verre. Deux ailes seront [&hellip;]<\/p>\n","protected":false},"author":1,"featured_media":81374,"comment_status":"open","ping_status":"closed","sticky":false,"template":"","format":"standard","meta":{"_et_pb_use_builder":"","_et_pb_old_content":"","_et_gb_content_width":"","footnotes":""},"categories":[6340],"tags":[],"class_list":["post-81373","post","type-post","status-publish","format-standard","has-post-thumbnail","hentry","category-architecture-conception"],"yoast_head":"<!-- This site is optimized with the Yoast SEO plugin v27.4 - https:\/\/yoast.com\/product\/yoast-seo-wordpress\/ -->\n<title>La Canop\u00e9e des Halles de Paris sera jaune-vert<\/title>\n<meta name=\"robots\" content=\"index, follow, max-snippet:-1, max-image-preview:large, max-video-preview:-1\" \/>\n<link rel=\"canonical\" href=\"https:\/\/batijournal.com\/index.php\/la-canopee-des-halles-de-paris-sera-jaune-vert\/81373\/\" \/>\n<meta property=\"og:locale\" content=\"fr_FR\" \/>\n<meta property=\"og:type\" content=\"article\" \/>\n<meta property=\"og:title\" content=\"La Canop\u00e9e des Halles de Paris sera jaune-vert\" \/>\n<meta property=\"og:description\" content=\"La teinte du verre de la canop\u00e9e des Halles de Paris sera un fin jaune-vert. Elle variera l\u00e9g\u00e8rement selon l&rsquo;ensoleillement et l&rsquo;angle de vision. Le verre ne sera pas totalement transparent, \u00e9vitant ainsi l&rsquo;exposition durant les fortes chaleurs. Cette couverture couvrira une surface de 25.000 m\u00b2 avec 18 000 plaques de verre. Deux ailes seront [&hellip;]\" \/>\n<meta property=\"og:url\" content=\"https:\/\/batijournal.com\/index.php\/la-canopee-des-halles-de-paris-sera-jaune-vert\/81373\/\" \/>\n<meta property=\"og:site_name\" content=\"Batijournal\" \/>\n<meta property=\"article:published_time\" content=\"2012-11-28T23:00:00+00:00\" \/>\n<meta property=\"article:modified_time\" content=\"2019-07-15T09:29:05+00:00\" \/>\n<meta property=\"og:image\" content=\"https:\/\/batijournal.com\/wp-content\/uploads\/2015\/03\/550925451.jpg\" \/>\n\t<meta property=\"og:image:width\" content=\"600\" \/>\n\t<meta property=\"og:image:height\" content=\"410\" \/>\n\t<meta property=\"og:image:type\" content=\"image\/jpeg\" \/>\n<meta name=\"author\" content=\"Bati-journal\" \/>\n<meta name=\"twitter:card\" content=\"summary_large_image\" \/>\n<meta name=\"twitter:creator\" content=\"@bati_journal\" \/>\n<meta name=\"twitter:site\" content=\"@bati_journal\" \/>\n<meta name=\"twitter:label1\" content=\"\u00c9crit par\" \/>\n\t<meta name=\"twitter:data1\" content=\"Bati-journal\" \/>\n\t<meta name=\"twitter:label2\" content=\"Dur\u00e9e de lecture estim\u00e9e\" \/>\n\t<meta name=\"twitter:data2\" content=\"1 minute\" \/>\n<script type=\"application\/ld+json\" class=\"yoast-schema-graph\">{\"@context\":\"https:\\\/\\\/schema.org\",\"@graph\":[{\"@type\":\"Article\",\"@id\":\"https:\\\/\\\/batijournal.com\\\/index.php\\\/la-canopee-des-halles-de-paris-sera-jaune-vert\\\/81373\\\/#article\",\"isPartOf\":{\"@id\":\"https:\\\/\\\/batijournal.com\\\/index.php\\\/la-canopee-des-halles-de-paris-sera-jaune-vert\\\/81373\\\/\"},\"author\":{\"name\":\"Bati-journal\",\"@id\":\"https:\\\/\\\/batijournal.com\\\/#\\\/schema\\\/person\\\/6a657e8967569e1b299972574848aa76\"},\"headline\":\"La Canop\u00e9e des Halles de Paris sera jaune-vert\",\"datePublished\":\"2012-11-28T23:00:00+00:00\",\"dateModified\":\"2019-07-15T09:29:05+00:00\",\"mainEntityOfPage\":{\"@id\":\"https:\\\/\\\/batijournal.com\\\/index.php\\\/la-canopee-des-halles-de-paris-sera-jaune-vert\\\/81373\\\/\"},\"wordCount\":157,\"commentCount\":0,\"image\":{\"@id\":\"https:\\\/\\\/batijournal.com\\\/index.php\\\/la-canopee-des-halles-de-paris-sera-jaune-vert\\\/81373\\\/#primaryimage\"},\"thumbnailUrl\":\"https:\\\/\\\/batijournal.com\\\/wp-content\\\/uploads\\\/2015\\\/03\\\/550925451.jpg\",\"articleSection\":[\"Architecture &amp; Conception\"],\"inLanguage\":\"fr-FR\",\"potentialAction\":[{\"@type\":\"CommentAction\",\"name\":\"Comment\",\"target\":[\"https:\\\/\\\/batijournal.com\\\/index.php\\\/la-canopee-des-halles-de-paris-sera-jaune-vert\\\/81373\\\/#respond\"]}]},{\"@type\":\"WebPage\",\"@id\":\"https:\\\/\\\/batijournal.com\\\/index.php\\\/la-canopee-des-halles-de-paris-sera-jaune-vert\\\/81373\\\/\",\"url\":\"https:\\\/\\\/batijournal.com\\\/index.php\\\/la-canopee-des-halles-de-paris-sera-jaune-vert\\\/81373\\\/\",\"name\":\"La Canop\u00e9e des Halles de Paris sera jaune-vert\",\"isPartOf\":{\"@id\":\"https:\\\/\\\/batijournal.com\\\/#website\"},\"primaryImageOfPage\":{\"@id\":\"https:\\\/\\\/batijournal.com\\\/index.php\\\/la-canopee-des-halles-de-paris-sera-jaune-vert\\\/81373\\\/#primaryimage\"},\"image\":{\"@id\":\"https:\\\/\\\/batijournal.com\\\/index.php\\\/la-canopee-des-halles-de-paris-sera-jaune-vert\\\/81373\\\/#primaryimage\"},\"thumbnailUrl\":\"https:\\\/\\\/batijournal.com\\\/wp-content\\\/uploads\\\/2015\\\/03\\\/550925451.jpg\",\"datePublished\":\"2012-11-28T23:00:00+00:00\",\"dateModified\":\"2019-07-15T09:29:05+00:00\",\"author\":{\"@id\":\"https:\\\/\\\/batijournal.com\\\/#\\\/schema\\\/person\\\/6a657e8967569e1b299972574848aa76\"},\"breadcrumb\":{\"@id\":\"https:\\\/\\\/batijournal.com\\\/index.php\\\/la-canopee-des-halles-de-paris-sera-jaune-vert\\\/81373\\\/#breadcrumb\"},\"inLanguage\":\"fr-FR\",\"potentialAction\":[{\"@type\":\"ReadAction\",\"target\":[\"https:\\\/\\\/batijournal.com\\\/index.php\\\/la-canopee-des-halles-de-paris-sera-jaune-vert\\\/81373\\\/\"]}]},{\"@type\":\"ImageObject\",\"inLanguage\":\"fr-FR\",\"@id\":\"https:\\\/\\\/batijournal.com\\\/index.php\\\/la-canopee-des-halles-de-paris-sera-jaune-vert\\\/81373\\\/#primaryimage\",\"url\":\"https:\\\/\\\/batijournal.com\\\/wp-content\\\/uploads\\\/2015\\\/03\\\/550925451.jpg\",\"contentUrl\":\"https:\\\/\\\/batijournal.com\\\/wp-content\\\/uploads\\\/2015\\\/03\\\/550925451.jpg\",\"width\":600,\"height\":410},{\"@type\":\"BreadcrumbList\",\"@id\":\"https:\\\/\\\/batijournal.com\\\/index.php\\\/la-canopee-des-halles-de-paris-sera-jaune-vert\\\/81373\\\/#breadcrumb\",\"itemListElement\":[{\"@type\":\"ListItem\",\"position\":1,\"name\":\"Accueil\",\"item\":\"https:\\\/\\\/batijournal.com\\\/\"},{\"@type\":\"ListItem\",\"position\":2,\"name\":\"Actualit\u00e9s\",\"item\":\"https:\\\/\\\/batijournal.com\\\/index.php\\\/category\\\/actualites\\\/\"},{\"@type\":\"ListItem\",\"position\":3,\"name\":\"Architecture &amp; Conception\",\"item\":\"https:\\\/\\\/batijournal.com\\\/index.php\\\/category\\\/actualites\\\/architecture-conception\\\/\"},{\"@type\":\"ListItem\",\"position\":4,\"name\":\"La Canop\u00e9e des Halles de Paris sera jaune-vert\"}]},{\"@type\":\"WebSite\",\"@id\":\"https:\\\/\\\/batijournal.com\\\/#website\",\"url\":\"https:\\\/\\\/batijournal.com\\\/\",\"name\":\"Batijournal\",\"description\":\"L&#039;actualit\u00e9 du b\u00e2timent\",\"potentialAction\":[{\"@type\":\"SearchAction\",\"target\":{\"@type\":\"EntryPoint\",\"urlTemplate\":\"https:\\\/\\\/batijournal.com\\\/?s={search_term_string}\"},\"query-input\":{\"@type\":\"PropertyValueSpecification\",\"valueRequired\":true,\"valueName\":\"search_term_string\"}}],\"inLanguage\":\"fr-FR\"},{\"@type\":\"Person\",\"@id\":\"https:\\\/\\\/batijournal.com\\\/#\\\/schema\\\/person\\\/6a657e8967569e1b299972574848aa76\",\"name\":\"Bati-journal\",\"image\":{\"@type\":\"ImageObject\",\"inLanguage\":\"fr-FR\",\"@id\":\"https:\\\/\\\/secure.gravatar.com\\\/avatar\\\/a64364ea26392f9b4dd47e017ddaec74ff03aefc073b49e492e847201258f777?s=96&d=mm&r=g\",\"url\":\"https:\\\/\\\/secure.gravatar.com\\\/avatar\\\/a64364ea26392f9b4dd47e017ddaec74ff03aefc073b49e492e847201258f777?s=96&d=mm&r=g\",\"contentUrl\":\"https:\\\/\\\/secure.gravatar.com\\\/avatar\\\/a64364ea26392f9b4dd47e017ddaec74ff03aefc073b49e492e847201258f777?s=96&d=mm&r=g\",\"caption\":\"Bati-journal\"},\"url\":\"https:\\\/\\\/batijournal.com\\\/index.php\\\/author\\\/elodie\\\/\"}]}<\/script>\n<!-- \/ Yoast SEO plugin. -->","yoast_head_json":{"title":"La Canop\u00e9e des Halles de Paris sera jaune-vert","robots":{"index":"index","follow":"follow","max-snippet":"max-snippet:-1","max-image-preview":"max-image-preview:large","max-video-preview":"max-video-preview:-1"},"canonical":"https:\/\/batijournal.com\/index.php\/la-canopee-des-halles-de-paris-sera-jaune-vert\/81373\/","og_locale":"fr_FR","og_type":"article","og_title":"La Canop\u00e9e des Halles de Paris sera jaune-vert","og_description":"La teinte du verre de la canop\u00e9e des Halles de Paris sera un fin jaune-vert. Elle variera l\u00e9g\u00e8rement selon l&rsquo;ensoleillement et l&rsquo;angle de vision. Le verre ne sera pas totalement transparent, \u00e9vitant ainsi l&rsquo;exposition durant les fortes chaleurs. Cette couverture couvrira une surface de 25.000 m\u00b2 avec 18 000 plaques de verre. Deux ailes seront [&hellip;]","og_url":"https:\/\/batijournal.com\/index.php\/la-canopee-des-halles-de-paris-sera-jaune-vert\/81373\/","og_site_name":"Batijournal","article_published_time":"2012-11-28T23:00:00+00:00","article_modified_time":"2019-07-15T09:29:05+00:00","og_image":[{"width":600,"height":410,"url":"https:\/\/batijournal.com\/wp-content\/uploads\/2015\/03\/550925451.jpg","type":"image\/jpeg"}],"author":"Bati-journal","twitter_card":"summary_large_image","twitter_creator":"@bati_journal","twitter_site":"@bati_journal","twitter_misc":{"\u00c9crit par":"Bati-journal","Dur\u00e9e de lecture estim\u00e9e":"1 minute"},"schema":{"@context":"https:\/\/schema.org","@graph":[{"@type":"Article","@id":"https:\/\/batijournal.com\/index.php\/la-canopee-des-halles-de-paris-sera-jaune-vert\/81373\/#article","isPartOf":{"@id":"https:\/\/batijournal.com\/index.php\/la-canopee-des-halles-de-paris-sera-jaune-vert\/81373\/"},"author":{"name":"Bati-journal","@id":"https:\/\/batijournal.com\/#\/schema\/person\/6a657e8967569e1b299972574848aa76"},"headline":"La Canop\u00e9e des Halles de Paris sera jaune-vert","datePublished":"2012-11-28T23:00:00+00:00","dateModified":"2019-07-15T09:29:05+00:00","mainEntityOfPage":{"@id":"https:\/\/batijournal.com\/index.php\/la-canopee-des-halles-de-paris-sera-jaune-vert\/81373\/"},"wordCount":157,"commentCount":0,"image":{"@id":"https:\/\/batijournal.com\/index.php\/la-canopee-des-halles-de-paris-sera-jaune-vert\/81373\/#primaryimage"},"thumbnailUrl":"https:\/\/batijournal.com\/wp-content\/uploads\/2015\/03\/550925451.jpg","articleSection":["Architecture &amp; Conception"],"inLanguage":"fr-FR","potentialAction":[{"@type":"CommentAction","name":"Comment","target":["https:\/\/batijournal.com\/index.php\/la-canopee-des-halles-de-paris-sera-jaune-vert\/81373\/#respond"]}]},{"@type":"WebPage","@id":"https:\/\/batijournal.com\/index.php\/la-canopee-des-halles-de-paris-sera-jaune-vert\/81373\/","url":"https:\/\/batijournal.com\/index.php\/la-canopee-des-halles-de-paris-sera-jaune-vert\/81373\/","name":"La Canop\u00e9e des Halles de Paris sera jaune-vert","isPartOf":{"@id":"https:\/\/batijournal.com\/#website"},"primaryImageOfPage":{"@id":"https:\/\/batijournal.com\/index.php\/la-canopee-des-halles-de-paris-sera-jaune-vert\/81373\/#primaryimage"},"image":{"@id":"https:\/\/batijournal.com\/index.php\/la-canopee-des-halles-de-paris-sera-jaune-vert\/81373\/#primaryimage"},"thumbnailUrl":"https:\/\/batijournal.com\/wp-content\/uploads\/2015\/03\/550925451.jpg","datePublished":"2012-11-28T23:00:00+00:00","dateModified":"2019-07-15T09:29:05+00:00","author":{"@id":"https:\/\/batijournal.com\/#\/schema\/person\/6a657e8967569e1b299972574848aa76"},"breadcrumb":{"@id":"https:\/\/batijournal.com\/index.php\/la-canopee-des-halles-de-paris-sera-jaune-vert\/81373\/#breadcrumb"},"inLanguage":"fr-FR","potentialAction":[{"@type":"ReadAction","target":["https:\/\/batijournal.com\/index.php\/la-canopee-des-halles-de-paris-sera-jaune-vert\/81373\/"]}]},{"@type":"ImageObject","inLanguage":"fr-FR","@id":"https:\/\/batijournal.com\/index.php\/la-canopee-des-halles-de-paris-sera-jaune-vert\/81373\/#primaryimage","url":"https:\/\/batijournal.com\/wp-content\/uploads\/2015\/03\/550925451.jpg","contentUrl":"https:\/\/batijournal.com\/wp-content\/uploads\/2015\/03\/550925451.jpg","width":600,"height":410},{"@type":"BreadcrumbList","@id":"https:\/\/batijournal.com\/index.php\/la-canopee-des-halles-de-paris-sera-jaune-vert\/81373\/#breadcrumb","itemListElement":[{"@type":"ListItem","position":1,"name":"Accueil","item":"https:\/\/batijournal.com\/"},{"@type":"ListItem","position":2,"name":"Actualit\u00e9s","item":"https:\/\/batijournal.com\/index.php\/category\/actualites\/"},{"@type":"ListItem","position":3,"name":"Architecture &amp; Conception","item":"https:\/\/batijournal.com\/index.php\/category\/actualites\/architecture-conception\/"},{"@type":"ListItem","position":4,"name":"La Canop\u00e9e des Halles de Paris sera jaune-vert"}]},{"@type":"WebSite","@id":"https:\/\/batijournal.com\/#website","url":"https:\/\/batijournal.com\/","name":"Batijournal","description":"L&#039;actualit\u00e9 du b\u00e2timent","potentialAction":[{"@type":"SearchAction","target":{"@type":"EntryPoint","urlTemplate":"https:\/\/batijournal.com\/?s={search_term_string}"},"query-input":{"@type":"PropertyValueSpecification","valueRequired":true,"valueName":"search_term_string"}}],"inLanguage":"fr-FR"},{"@type":"Person","@id":"https:\/\/batijournal.com\/#\/schema\/person\/6a657e8967569e1b299972574848aa76","name":"Bati-journal","image":{"@type":"ImageObject","inLanguage":"fr-FR","@id":"https:\/\/secure.gravatar.com\/avatar\/a64364ea26392f9b4dd47e017ddaec74ff03aefc073b49e492e847201258f777?s=96&d=mm&r=g","url":"https:\/\/secure.gravatar.com\/avatar\/a64364ea26392f9b4dd47e017ddaec74ff03aefc073b49e492e847201258f777?s=96&d=mm&r=g","contentUrl":"https:\/\/secure.gravatar.com\/avatar\/a64364ea26392f9b4dd47e017ddaec74ff03aefc073b49e492e847201258f777?s=96&d=mm&r=g","caption":"Bati-journal"},"url":"https:\/\/batijournal.com\/index.php\/author\/elodie\/"}]}},"_links":{"self":[{"href":"https:\/\/batijournal.com\/index.php\/wp-json\/wp\/v2\/posts\/81373","targetHints":{"allow":["GET"]}}],"collection":[{"href":"https:\/\/batijournal.com\/index.php\/wp-json\/wp\/v2\/posts"}],"about":[{"href":"https:\/\/batijournal.com\/index.php\/wp-json\/wp\/v2\/types\/post"}],"author":[{"embeddable":true,"href":"https:\/\/batijournal.com\/index.php\/wp-json\/wp\/v2\/users\/1"}],"replies":[{"embeddable":true,"href":"https:\/\/batijournal.com\/index.php\/wp-json\/wp\/v2\/comments?post=81373"}],"version-history":[{"count":0,"href":"https:\/\/batijournal.com\/index.php\/wp-json\/wp\/v2\/posts\/81373\/revisions"}],"wp:featuredmedia":[{"embeddable":true,"href":"https:\/\/batijournal.com\/index.php\/wp-json\/wp\/v2\/media\/81374"}],"wp:attachment":[{"href":"https:\/\/batijournal.com\/index.php\/wp-json\/wp\/v2\/media?parent=81373"}],"wp:term":[{"taxonomy":"category","embeddable":true,"href":"https:\/\/batijournal.com\/index.php\/wp-json\/wp\/v2\/categories?post=81373"},{"taxonomy":"post_tag","embeddable":true,"href":"https:\/\/batijournal.com\/index.php\/wp-json\/wp\/v2\/tags?post=81373"}],"curies":[{"name":"wp","href":"https:\/\/api.w.org\/{rel}","templated":true}]}}