{"id":81398,"date":"2013-02-27T00:00:00","date_gmt":"2013-02-26T23:00:00","guid":{"rendered":"http:\/\/b.bati-journal.com\/des-travaux-ont-commence-dans-un-charnier-du-moyen-age\/81398"},"modified":"2019-07-15T11:29:02","modified_gmt":"2019-07-15T09:29:02","slug":"des-travaux-ont-commence-dans-un-charnier-du-moyen-age","status":"publish","type":"post","link":"https:\/\/batijournal.com\/index.php\/des-travaux-ont-commence-dans-un-charnier-du-moyen-age\/81398\/","title":{"rendered":"Des travaux ont commenc\u00e9 dans un charnier du Moyen Age"},"content":{"rendered":"<p>La ville de Montivilliers, en Seine Maritime, est connue pour sa grande abbaye. Mais son a\u00eetre sur le chemin de Brisgaret est un lieu bien plus secret. A la fin du 15e si\u00e8cle, il fut d\u00e9cid\u00e9 de construire un cimeti\u00e8re hors des murs de la ville. Les premi\u00e8res traces \u00e9crites mentionnant le charnier font \u00e9tat d&rsquo;un conflit qui opposa les paroissiens aux religieux de l&rsquo;abbaye, ces derniers ayant interdit le d\u00e9roulement d&rsquo;une procession jusqu&rsquo;\u00e0 Brisgaret. La construction de la galerie qui existe encore aujourd&rsquo;hui commen\u00e7a dans les ann\u00e9es 1503\/1510, puis des am\u00e9nagements eurent lieu de 1525 \u00e0 1530 et enfin de 1548 \u00e0 1602, date \u00e0 laquelle un retable en pl\u00e2tre r\u00e9alis\u00e9 par Pierre Larbitre fut install\u00e9 dans la petite chapelle lat\u00e9rale d\u00e9di\u00e9e \u00e0 St Lazare. En 1878, cette chapelle fut restaur\u00e9e et transform\u00e9e, et l&rsquo;ensemble du b\u00e2timent fut class\u00e9 MH par arr\u00eat\u00e9 du 12 juillet 1886. Depuis novembre 2012, ce site exceptionnel fait l&rsquo;objet d&rsquo;une campagne g\u00e9n\u00e9rale de restauration, sous la responsabilit\u00e9 de R\u00e9gis Martin, ACMH. Le chantier va durer pendant toute l&rsquo;ann\u00e9e 2013 (un article complet est consacr\u00e9 \u00e0 cette op\u00e9ration dans le num\u00e9ro 58 de la revue Atrium Construction).<\/p>\n","protected":false},"excerpt":{"rendered":"<p>La ville de Montivilliers, en Seine Maritime, est connue pour sa grande abbaye. Mais son a\u00eetre sur le chemin de Brisgaret est un lieu bien plus secret. A la fin du 15e si\u00e8cle, il fut d\u00e9cid\u00e9 de construire un cimeti\u00e8re hors des murs de la ville. Les premi\u00e8res traces \u00e9crites mentionnant le charnier font \u00e9tat [&hellip;]<\/p>\n","protected":false},"author":1,"featured_media":81399,"comment_status":"open","ping_status":"closed","sticky":false,"template":"","format":"standard","meta":{"_et_pb_use_builder":"","_et_pb_old_content":"","_et_gb_content_width":"","footnotes":""},"categories":[6340],"tags":[1308],"class_list":["post-81398","post","type-post","status-publish","format-standard","has-post-thumbnail","hentry","category-architecture-conception","tag-restauration"],"yoast_head":"<!-- This site is optimized with the Yoast SEO plugin v27.4 - https:\/\/yoast.com\/product\/yoast-seo-wordpress\/ -->\n<title>Des travaux ont commenc\u00e9 dans un charnier du Moyen Age<\/title>\n<meta name=\"robots\" content=\"index, follow, max-snippet:-1, max-image-preview:large, max-video-preview:-1\" \/>\n<link rel=\"canonical\" href=\"https:\/\/batijournal.com\/index.php\/des-travaux-ont-commence-dans-un-charnier-du-moyen-age\/81398\/\" \/>\n<meta property=\"og:locale\" content=\"fr_FR\" \/>\n<meta property=\"og:type\" content=\"article\" \/>\n<meta property=\"og:title\" content=\"Des travaux ont commenc\u00e9 dans un charnier du Moyen Age\" \/>\n<meta property=\"og:description\" content=\"La ville de Montivilliers, en Seine Maritime, est connue pour sa grande abbaye. Mais son a\u00eetre sur le chemin de Brisgaret est un lieu bien plus secret. A la fin du 15e si\u00e8cle, il fut d\u00e9cid\u00e9 de construire un cimeti\u00e8re hors des murs de la ville. Les premi\u00e8res traces \u00e9crites mentionnant le charnier font \u00e9tat [&hellip;]\" \/>\n<meta property=\"og:url\" content=\"https:\/\/batijournal.com\/index.php\/des-travaux-ont-commence-dans-un-charnier-du-moyen-age\/81398\/\" \/>\n<meta property=\"og:site_name\" content=\"Batijournal\" \/>\n<meta property=\"article:published_time\" content=\"2013-02-26T23:00:00+00:00\" \/>\n<meta property=\"article:modified_time\" content=\"2019-07-15T09:29:02+00:00\" \/>\n<meta property=\"og:image\" content=\"https:\/\/batijournal.com\/wp-content\/uploads\/2015\/03\/593016821.jpg\" \/>\n\t<meta property=\"og:image:width\" content=\"396\" \/>\n\t<meta property=\"og:image:height\" content=\"600\" \/>\n\t<meta property=\"og:image:type\" content=\"image\/jpeg\" \/>\n<meta name=\"author\" content=\"Bati-journal\" \/>\n<meta name=\"twitter:card\" content=\"summary_large_image\" \/>\n<meta name=\"twitter:creator\" content=\"@bati_journal\" \/>\n<meta name=\"twitter:site\" content=\"@bati_journal\" \/>\n<meta name=\"twitter:label1\" content=\"\u00c9crit par\" \/>\n\t<meta name=\"twitter:data1\" content=\"Bati-journal\" \/>\n\t<meta name=\"twitter:label2\" content=\"Dur\u00e9e de lecture estim\u00e9e\" \/>\n\t<meta name=\"twitter:data2\" content=\"1 minute\" \/>\n<script type=\"application\/ld+json\" class=\"yoast-schema-graph\">{\"@context\":\"https:\\\/\\\/schema.org\",\"@graph\":[{\"@type\":\"Article\",\"@id\":\"https:\\\/\\\/batijournal.com\\\/index.php\\\/des-travaux-ont-commence-dans-un-charnier-du-moyen-age\\\/81398\\\/#article\",\"isPartOf\":{\"@id\":\"https:\\\/\\\/batijournal.com\\\/index.php\\\/des-travaux-ont-commence-dans-un-charnier-du-moyen-age\\\/81398\\\/\"},\"author\":{\"name\":\"Bati-journal\",\"@id\":\"https:\\\/\\\/batijournal.com\\\/#\\\/schema\\\/person\\\/6a657e8967569e1b299972574848aa76\"},\"headline\":\"Des travaux ont commenc\u00e9 dans un charnier du Moyen Age\",\"datePublished\":\"2013-02-26T23:00:00+00:00\",\"dateModified\":\"2019-07-15T09:29:02+00:00\",\"mainEntityOfPage\":{\"@id\":\"https:\\\/\\\/batijournal.com\\\/index.php\\\/des-travaux-ont-commence-dans-un-charnier-du-moyen-age\\\/81398\\\/\"},\"wordCount\":218,\"commentCount\":0,\"image\":{\"@id\":\"https:\\\/\\\/batijournal.com\\\/index.php\\\/des-travaux-ont-commence-dans-un-charnier-du-moyen-age\\\/81398\\\/#primaryimage\"},\"thumbnailUrl\":\"https:\\\/\\\/batijournal.com\\\/wp-content\\\/uploads\\\/2015\\\/03\\\/593016821.jpg\",\"keywords\":[\"restauration\"],\"articleSection\":[\"Architecture &amp; Conception\"],\"inLanguage\":\"fr-FR\",\"potentialAction\":[{\"@type\":\"CommentAction\",\"name\":\"Comment\",\"target\":[\"https:\\\/\\\/batijournal.com\\\/index.php\\\/des-travaux-ont-commence-dans-un-charnier-du-moyen-age\\\/81398\\\/#respond\"]}]},{\"@type\":\"WebPage\",\"@id\":\"https:\\\/\\\/batijournal.com\\\/index.php\\\/des-travaux-ont-commence-dans-un-charnier-du-moyen-age\\\/81398\\\/\",\"url\":\"https:\\\/\\\/batijournal.com\\\/index.php\\\/des-travaux-ont-commence-dans-un-charnier-du-moyen-age\\\/81398\\\/\",\"name\":\"Des travaux ont commenc\u00e9 dans un charnier du Moyen Age\",\"isPartOf\":{\"@id\":\"https:\\\/\\\/batijournal.com\\\/#website\"},\"primaryImageOfPage\":{\"@id\":\"https:\\\/\\\/batijournal.com\\\/index.php\\\/des-travaux-ont-commence-dans-un-charnier-du-moyen-age\\\/81398\\\/#primaryimage\"},\"image\":{\"@id\":\"https:\\\/\\\/batijournal.com\\\/index.php\\\/des-travaux-ont-commence-dans-un-charnier-du-moyen-age\\\/81398\\\/#primaryimage\"},\"thumbnailUrl\":\"https:\\\/\\\/batijournal.com\\\/wp-content\\\/uploads\\\/2015\\\/03\\\/593016821.jpg\",\"datePublished\":\"2013-02-26T23:00:00+00:00\",\"dateModified\":\"2019-07-15T09:29:02+00:00\",\"author\":{\"@id\":\"https:\\\/\\\/batijournal.com\\\/#\\\/schema\\\/person\\\/6a657e8967569e1b299972574848aa76\"},\"breadcrumb\":{\"@id\":\"https:\\\/\\\/batijournal.com\\\/index.php\\\/des-travaux-ont-commence-dans-un-charnier-du-moyen-age\\\/81398\\\/#breadcrumb\"},\"inLanguage\":\"fr-FR\",\"potentialAction\":[{\"@type\":\"ReadAction\",\"target\":[\"https:\\\/\\\/batijournal.com\\\/index.php\\\/des-travaux-ont-commence-dans-un-charnier-du-moyen-age\\\/81398\\\/\"]}]},{\"@type\":\"ImageObject\",\"inLanguage\":\"fr-FR\",\"@id\":\"https:\\\/\\\/batijournal.com\\\/index.php\\\/des-travaux-ont-commence-dans-un-charnier-du-moyen-age\\\/81398\\\/#primaryimage\",\"url\":\"https:\\\/\\\/batijournal.com\\\/wp-content\\\/uploads\\\/2015\\\/03\\\/593016821.jpg\",\"contentUrl\":\"https:\\\/\\\/batijournal.com\\\/wp-content\\\/uploads\\\/2015\\\/03\\\/593016821.jpg\",\"width\":396,\"height\":600},{\"@type\":\"BreadcrumbList\",\"@id\":\"https:\\\/\\\/batijournal.com\\\/index.php\\\/des-travaux-ont-commence-dans-un-charnier-du-moyen-age\\\/81398\\\/#breadcrumb\",\"itemListElement\":[{\"@type\":\"ListItem\",\"position\":1,\"name\":\"Accueil\",\"item\":\"https:\\\/\\\/batijournal.com\\\/\"},{\"@type\":\"ListItem\",\"position\":2,\"name\":\"Actualit\u00e9s\",\"item\":\"https:\\\/\\\/batijournal.com\\\/index.php\\\/category\\\/actualites\\\/\"},{\"@type\":\"ListItem\",\"position\":3,\"name\":\"Architecture &amp; Conception\",\"item\":\"https:\\\/\\\/batijournal.com\\\/index.php\\\/category\\\/actualites\\\/architecture-conception\\\/\"},{\"@type\":\"ListItem\",\"position\":4,\"name\":\"Des travaux ont commenc\u00e9 dans un charnier du Moyen Age\"}]},{\"@type\":\"WebSite\",\"@id\":\"https:\\\/\\\/batijournal.com\\\/#website\",\"url\":\"https:\\\/\\\/batijournal.com\\\/\",\"name\":\"Batijournal\",\"description\":\"L&#039;actualit\u00e9 du b\u00e2timent\",\"potentialAction\":[{\"@type\":\"SearchAction\",\"target\":{\"@type\":\"EntryPoint\",\"urlTemplate\":\"https:\\\/\\\/batijournal.com\\\/?s={search_term_string}\"},\"query-input\":{\"@type\":\"PropertyValueSpecification\",\"valueRequired\":true,\"valueName\":\"search_term_string\"}}],\"inLanguage\":\"fr-FR\"},{\"@type\":\"Person\",\"@id\":\"https:\\\/\\\/batijournal.com\\\/#\\\/schema\\\/person\\\/6a657e8967569e1b299972574848aa76\",\"name\":\"Bati-journal\",\"image\":{\"@type\":\"ImageObject\",\"inLanguage\":\"fr-FR\",\"@id\":\"https:\\\/\\\/secure.gravatar.com\\\/avatar\\\/a64364ea26392f9b4dd47e017ddaec74ff03aefc073b49e492e847201258f777?s=96&d=mm&r=g\",\"url\":\"https:\\\/\\\/secure.gravatar.com\\\/avatar\\\/a64364ea26392f9b4dd47e017ddaec74ff03aefc073b49e492e847201258f777?s=96&d=mm&r=g\",\"contentUrl\":\"https:\\\/\\\/secure.gravatar.com\\\/avatar\\\/a64364ea26392f9b4dd47e017ddaec74ff03aefc073b49e492e847201258f777?s=96&d=mm&r=g\",\"caption\":\"Bati-journal\"},\"url\":\"https:\\\/\\\/batijournal.com\\\/index.php\\\/author\\\/elodie\\\/\"}]}<\/script>\n<!-- \/ Yoast SEO plugin. -->","yoast_head_json":{"title":"Des travaux ont commenc\u00e9 dans un charnier du Moyen Age","robots":{"index":"index","follow":"follow","max-snippet":"max-snippet:-1","max-image-preview":"max-image-preview:large","max-video-preview":"max-video-preview:-1"},"canonical":"https:\/\/batijournal.com\/index.php\/des-travaux-ont-commence-dans-un-charnier-du-moyen-age\/81398\/","og_locale":"fr_FR","og_type":"article","og_title":"Des travaux ont commenc\u00e9 dans un charnier du Moyen Age","og_description":"La ville de Montivilliers, en Seine Maritime, est connue pour sa grande abbaye. Mais son a\u00eetre sur le chemin de Brisgaret est un lieu bien plus secret. A la fin du 15e si\u00e8cle, il fut d\u00e9cid\u00e9 de construire un cimeti\u00e8re hors des murs de la ville. Les premi\u00e8res traces \u00e9crites mentionnant le charnier font \u00e9tat [&hellip;]","og_url":"https:\/\/batijournal.com\/index.php\/des-travaux-ont-commence-dans-un-charnier-du-moyen-age\/81398\/","og_site_name":"Batijournal","article_published_time":"2013-02-26T23:00:00+00:00","article_modified_time":"2019-07-15T09:29:02+00:00","og_image":[{"width":396,"height":600,"url":"https:\/\/batijournal.com\/wp-content\/uploads\/2015\/03\/593016821.jpg","type":"image\/jpeg"}],"author":"Bati-journal","twitter_card":"summary_large_image","twitter_creator":"@bati_journal","twitter_site":"@bati_journal","twitter_misc":{"\u00c9crit par":"Bati-journal","Dur\u00e9e de lecture estim\u00e9e":"1 minute"},"schema":{"@context":"https:\/\/schema.org","@graph":[{"@type":"Article","@id":"https:\/\/batijournal.com\/index.php\/des-travaux-ont-commence-dans-un-charnier-du-moyen-age\/81398\/#article","isPartOf":{"@id":"https:\/\/batijournal.com\/index.php\/des-travaux-ont-commence-dans-un-charnier-du-moyen-age\/81398\/"},"author":{"name":"Bati-journal","@id":"https:\/\/batijournal.com\/#\/schema\/person\/6a657e8967569e1b299972574848aa76"},"headline":"Des travaux ont commenc\u00e9 dans un charnier du Moyen Age","datePublished":"2013-02-26T23:00:00+00:00","dateModified":"2019-07-15T09:29:02+00:00","mainEntityOfPage":{"@id":"https:\/\/batijournal.com\/index.php\/des-travaux-ont-commence-dans-un-charnier-du-moyen-age\/81398\/"},"wordCount":218,"commentCount":0,"image":{"@id":"https:\/\/batijournal.com\/index.php\/des-travaux-ont-commence-dans-un-charnier-du-moyen-age\/81398\/#primaryimage"},"thumbnailUrl":"https:\/\/batijournal.com\/wp-content\/uploads\/2015\/03\/593016821.jpg","keywords":["restauration"],"articleSection":["Architecture &amp; Conception"],"inLanguage":"fr-FR","potentialAction":[{"@type":"CommentAction","name":"Comment","target":["https:\/\/batijournal.com\/index.php\/des-travaux-ont-commence-dans-un-charnier-du-moyen-age\/81398\/#respond"]}]},{"@type":"WebPage","@id":"https:\/\/batijournal.com\/index.php\/des-travaux-ont-commence-dans-un-charnier-du-moyen-age\/81398\/","url":"https:\/\/batijournal.com\/index.php\/des-travaux-ont-commence-dans-un-charnier-du-moyen-age\/81398\/","name":"Des travaux ont commenc\u00e9 dans un charnier du Moyen Age","isPartOf":{"@id":"https:\/\/batijournal.com\/#website"},"primaryImageOfPage":{"@id":"https:\/\/batijournal.com\/index.php\/des-travaux-ont-commence-dans-un-charnier-du-moyen-age\/81398\/#primaryimage"},"image":{"@id":"https:\/\/batijournal.com\/index.php\/des-travaux-ont-commence-dans-un-charnier-du-moyen-age\/81398\/#primaryimage"},"thumbnailUrl":"https:\/\/batijournal.com\/wp-content\/uploads\/2015\/03\/593016821.jpg","datePublished":"2013-02-26T23:00:00+00:00","dateModified":"2019-07-15T09:29:02+00:00","author":{"@id":"https:\/\/batijournal.com\/#\/schema\/person\/6a657e8967569e1b299972574848aa76"},"breadcrumb":{"@id":"https:\/\/batijournal.com\/index.php\/des-travaux-ont-commence-dans-un-charnier-du-moyen-age\/81398\/#breadcrumb"},"inLanguage":"fr-FR","potentialAction":[{"@type":"ReadAction","target":["https:\/\/batijournal.com\/index.php\/des-travaux-ont-commence-dans-un-charnier-du-moyen-age\/81398\/"]}]},{"@type":"ImageObject","inLanguage":"fr-FR","@id":"https:\/\/batijournal.com\/index.php\/des-travaux-ont-commence-dans-un-charnier-du-moyen-age\/81398\/#primaryimage","url":"https:\/\/batijournal.com\/wp-content\/uploads\/2015\/03\/593016821.jpg","contentUrl":"https:\/\/batijournal.com\/wp-content\/uploads\/2015\/03\/593016821.jpg","width":396,"height":600},{"@type":"BreadcrumbList","@id":"https:\/\/batijournal.com\/index.php\/des-travaux-ont-commence-dans-un-charnier-du-moyen-age\/81398\/#breadcrumb","itemListElement":[{"@type":"ListItem","position":1,"name":"Accueil","item":"https:\/\/batijournal.com\/"},{"@type":"ListItem","position":2,"name":"Actualit\u00e9s","item":"https:\/\/batijournal.com\/index.php\/category\/actualites\/"},{"@type":"ListItem","position":3,"name":"Architecture &amp; Conception","item":"https:\/\/batijournal.com\/index.php\/category\/actualites\/architecture-conception\/"},{"@type":"ListItem","position":4,"name":"Des travaux ont commenc\u00e9 dans un charnier du Moyen Age"}]},{"@type":"WebSite","@id":"https:\/\/batijournal.com\/#website","url":"https:\/\/batijournal.com\/","name":"Batijournal","description":"L&#039;actualit\u00e9 du b\u00e2timent","potentialAction":[{"@type":"SearchAction","target":{"@type":"EntryPoint","urlTemplate":"https:\/\/batijournal.com\/?s={search_term_string}"},"query-input":{"@type":"PropertyValueSpecification","valueRequired":true,"valueName":"search_term_string"}}],"inLanguage":"fr-FR"},{"@type":"Person","@id":"https:\/\/batijournal.com\/#\/schema\/person\/6a657e8967569e1b299972574848aa76","name":"Bati-journal","image":{"@type":"ImageObject","inLanguage":"fr-FR","@id":"https:\/\/secure.gravatar.com\/avatar\/a64364ea26392f9b4dd47e017ddaec74ff03aefc073b49e492e847201258f777?s=96&d=mm&r=g","url":"https:\/\/secure.gravatar.com\/avatar\/a64364ea26392f9b4dd47e017ddaec74ff03aefc073b49e492e847201258f777?s=96&d=mm&r=g","contentUrl":"https:\/\/secure.gravatar.com\/avatar\/a64364ea26392f9b4dd47e017ddaec74ff03aefc073b49e492e847201258f777?s=96&d=mm&r=g","caption":"Bati-journal"},"url":"https:\/\/batijournal.com\/index.php\/author\/elodie\/"}]}},"_links":{"self":[{"href":"https:\/\/batijournal.com\/index.php\/wp-json\/wp\/v2\/posts\/81398","targetHints":{"allow":["GET"]}}],"collection":[{"href":"https:\/\/batijournal.com\/index.php\/wp-json\/wp\/v2\/posts"}],"about":[{"href":"https:\/\/batijournal.com\/index.php\/wp-json\/wp\/v2\/types\/post"}],"author":[{"embeddable":true,"href":"https:\/\/batijournal.com\/index.php\/wp-json\/wp\/v2\/users\/1"}],"replies":[{"embeddable":true,"href":"https:\/\/batijournal.com\/index.php\/wp-json\/wp\/v2\/comments?post=81398"}],"version-history":[{"count":0,"href":"https:\/\/batijournal.com\/index.php\/wp-json\/wp\/v2\/posts\/81398\/revisions"}],"wp:featuredmedia":[{"embeddable":true,"href":"https:\/\/batijournal.com\/index.php\/wp-json\/wp\/v2\/media\/81399"}],"wp:attachment":[{"href":"https:\/\/batijournal.com\/index.php\/wp-json\/wp\/v2\/media?parent=81398"}],"wp:term":[{"taxonomy":"category","embeddable":true,"href":"https:\/\/batijournal.com\/index.php\/wp-json\/wp\/v2\/categories?post=81398"},{"taxonomy":"post_tag","embeddable":true,"href":"https:\/\/batijournal.com\/index.php\/wp-json\/wp\/v2\/tags?post=81398"}],"curies":[{"name":"wp","href":"https:\/\/api.w.org\/{rel}","templated":true}]}}