{"id":81478,"date":"2013-09-12T00:00:00","date_gmt":"2013-09-11T22:00:00","guid":{"rendered":"http:\/\/b.bati-journal.com\/solution-innovante-ite-et-habillage-de-facades-dun-habitat-collectif-social\/81478"},"modified":"2019-07-15T11:28:53","modified_gmt":"2019-07-15T09:28:53","slug":"solution-innovante-ite-et-habillage-de-facades-dun-habitat-collectif-social","status":"publish","type":"post","link":"https:\/\/batijournal.com\/index.php\/solution-innovante-ite-et-habillage-de-facades-dun-habitat-collectif-social\/81478\/","title":{"rendered":"Solution innovante ITE et habillage de fa\u00e7ades d&rsquo;un habitat collectif social"},"content":{"rendered":"<div><b>Situ\u00e9es \u00e0 proximit\u00e9 de Maubeuge [59], la cit\u00e9 du Fort \u00e0 Hautmont et la cit\u00e9 de Lambre\u00e7on \u00e0 Jeumont ont \u00e9t\u00e9 r\u00e9nov\u00e9es en 2010 et 2011. Pour am\u00e9liorer les performances thermiques des 246 logements et moderniser les fa\u00e7ades, la ma\u00eetrise d&rsquo;ouvrage s&rsquo;est tourn\u00e9e vers une solution d&rsquo;ITE et d&rsquo;habillage de fa\u00e7ades.\u00a0<\/b><\/div>\n<div><\/div>\n<div>Ce proc\u00e9d\u00e9, qui s&rsquo;est largement d\u00e9velopp\u00e9 ces derni\u00e8res ann\u00e9es &#8211; + 50 % entre 2009 et 2011 &#8211; offre de nombreux avantages tels que le traitement efficace des ponts thermiques, d&rsquo;excellents niveaux de performances, une intervention unique sur l&rsquo;ext\u00e9rieur du b\u00e2timent sans incidence pour les habitants.<\/div>\n<div><\/div>\n<div>La solution innovante et brevet\u00e9e de la soci\u00e9t\u00e9 Myral a \u00e9t\u00e9 retenue pour ce projet qui visait un niveau BBC ; elle se compose d&rsquo;un isolant en polyur\u00e9thane appliqu\u00e9 directement sur les fa\u00e7ades existantes et d&rsquo;un panneau de v\u00eatage associant isolant et finition en aluminium. Pour atteindre un R de 7,8 m2.K\/W, sur les 12 000 m2 de fa\u00e7ades, Myral a associ\u00e9 120 mm de MYRAL THERM \u00e0 un panneau de M62. La solution de fixation dite \u00ab\u00a0en v\u00eatage \u00e0 fixation d\u00e9port\u00e9e\u00a0\u00bb a \u00e9t\u00e9 d\u00e9velopp\u00e9e en exclusivit\u00e9 pour ce projet. Elle s&rsquo;impose dans le cas o\u00f9 l&rsquo;\u00e9paisseur totale d&rsquo;isolation ne permet pas une fixation directement dans le mur \u00e0 travers les diff\u00e9rentes couches. Des rails sont donc fix\u00e9s sur le mur pour permettre la pose des panneaux de M62, il s&rsquo;agit d&rsquo;un processus simi- laire \u00e0 celui employ\u00e9 lors de la mise en oeuvre d&rsquo;un bardage. Les rails ne sont pas pos\u00e9s sur toute la hauteur, mais seulement aux points d&rsquo;attache des panneaux ; cette pose en discontinue r\u00e9duit consid\u00e9rablement la quantit\u00e9 n\u00e9cessaire des rails m\u00e9talliques.<\/div>\n<div><\/div>\n<div><b>Ma\u00eetre d&rsquo;ouvrage :<\/b>\u00a0Habitat du nord<\/div>\n<div><b>Architecte :<\/b>\u00a0Simon Architecture<\/div>\n<div><b>Entreprise :<\/b>\u00a0Eiffage<\/div>\n<div><\/div>\n<div><b>Cit\u00e9 du fort<\/b><\/div>\n<div>5 400 m2 d&rsquo;isolants pos\u00e9s<\/div>\n<div>2 b\u00e2timents<\/div>\n<div>CEP initial moyen : 240 Kwhep\/m2.an<\/div>\n<div>CEP projet moyen : 97 Kwhep\/m2.an<\/div>\n<div><\/div>\n<div><b>Cit\u00e9 de lambre\u00e7on<\/b><\/div>\n<div>5 276 m2 d&rsquo;isolants pos\u00e9s<\/div>\n<div>6 b\u00e2timents<\/div>\n<div>CEP initial moyen : 241 Kwhep\/m2.an<\/div>\n<div>CEP projet moyen : 89 Kwhep\/m2.an<\/div>\n","protected":false},"excerpt":{"rendered":"<p>Situ\u00e9es \u00e0 proximit\u00e9 de Maubeuge [59], la cit\u00e9 du Fort \u00e0 Hautmont et la cit\u00e9 de Lambre\u00e7on \u00e0 Jeumont ont \u00e9t\u00e9 r\u00e9nov\u00e9es en 2010 et 2011. Pour am\u00e9liorer les performances thermiques des 246 logements et moderniser les fa\u00e7ades, la ma\u00eetrise d&rsquo;ouvrage s&rsquo;est tourn\u00e9e vers une solution d&rsquo;ITE et d&rsquo;habillage de fa\u00e7ades.\u00a0 Ce proc\u00e9d\u00e9, qui s&rsquo;est [&hellip;]<\/p>\n","protected":false},"author":1,"featured_media":81479,"comment_status":"open","ping_status":"closed","sticky":false,"template":"","format":"standard","meta":{"_et_pb_use_builder":"","_et_pb_old_content":"","_et_gb_content_width":"","footnotes":""},"categories":[6340],"tags":[70],"class_list":["post-81478","post","type-post","status-publish","format-standard","has-post-thumbnail","hentry","category-architecture-conception","tag-ite"],"yoast_head":"<!-- This site is optimized with the Yoast SEO plugin v27.4 - https:\/\/yoast.com\/product\/yoast-seo-wordpress\/ -->\n<title>Solution innovante ITE et habillage de fa\u00e7ades d&#039;un habitat collectif social<\/title>\n<meta name=\"robots\" content=\"index, follow, max-snippet:-1, max-image-preview:large, max-video-preview:-1\" \/>\n<link rel=\"canonical\" href=\"https:\/\/batijournal.com\/index.php\/solution-innovante-ite-et-habillage-de-facades-dun-habitat-collectif-social\/81478\/\" \/>\n<meta property=\"og:locale\" content=\"fr_FR\" \/>\n<meta property=\"og:type\" content=\"article\" \/>\n<meta property=\"og:title\" content=\"Solution innovante ITE et habillage de fa\u00e7ades d&#039;un habitat collectif social\" \/>\n<meta property=\"og:description\" content=\"Situ\u00e9es \u00e0 proximit\u00e9 de Maubeuge [59], la cit\u00e9 du Fort \u00e0 Hautmont et la cit\u00e9 de Lambre\u00e7on \u00e0 Jeumont ont \u00e9t\u00e9 r\u00e9nov\u00e9es en 2010 et 2011. Pour am\u00e9liorer les performances thermiques des 246 logements et moderniser les fa\u00e7ades, la ma\u00eetrise d&rsquo;ouvrage s&rsquo;est tourn\u00e9e vers une solution d&rsquo;ITE et d&rsquo;habillage de fa\u00e7ades.\u00a0 Ce proc\u00e9d\u00e9, qui s&rsquo;est [&hellip;]\" \/>\n<meta property=\"og:url\" content=\"https:\/\/batijournal.com\/index.php\/solution-innovante-ite-et-habillage-de-facades-dun-habitat-collectif-social\/81478\/\" \/>\n<meta property=\"og:site_name\" content=\"Batijournal\" \/>\n<meta property=\"article:published_time\" content=\"2013-09-11T22:00:00+00:00\" \/>\n<meta property=\"article:modified_time\" content=\"2019-07-15T09:28:53+00:00\" \/>\n<meta property=\"og:image\" content=\"https:\/\/batijournal.com\/wp-content\/uploads\/2015\/03\/709873991.jpg\" \/>\n\t<meta property=\"og:image:width\" content=\"600\" \/>\n\t<meta property=\"og:image:height\" content=\"450\" \/>\n\t<meta property=\"og:image:type\" content=\"image\/jpeg\" \/>\n<meta name=\"author\" content=\"Bati-journal\" \/>\n<meta name=\"twitter:card\" content=\"summary_large_image\" \/>\n<meta name=\"twitter:creator\" content=\"@bati_journal\" \/>\n<meta name=\"twitter:site\" content=\"@bati_journal\" \/>\n<meta name=\"twitter:label1\" content=\"\u00c9crit par\" \/>\n\t<meta name=\"twitter:data1\" content=\"Bati-journal\" \/>\n\t<meta name=\"twitter:label2\" content=\"Dur\u00e9e de lecture estim\u00e9e\" \/>\n\t<meta name=\"twitter:data2\" content=\"2 minutes\" \/>\n<script type=\"application\/ld+json\" class=\"yoast-schema-graph\">{\"@context\":\"https:\\\/\\\/schema.org\",\"@graph\":[{\"@type\":\"Article\",\"@id\":\"https:\\\/\\\/batijournal.com\\\/index.php\\\/solution-innovante-ite-et-habillage-de-facades-dun-habitat-collectif-social\\\/81478\\\/#article\",\"isPartOf\":{\"@id\":\"https:\\\/\\\/batijournal.com\\\/index.php\\\/solution-innovante-ite-et-habillage-de-facades-dun-habitat-collectif-social\\\/81478\\\/\"},\"author\":{\"name\":\"Bati-journal\",\"@id\":\"https:\\\/\\\/batijournal.com\\\/#\\\/schema\\\/person\\\/6a657e8967569e1b299972574848aa76\"},\"headline\":\"Solution innovante ITE et habillage de fa\u00e7ades d&rsquo;un habitat collectif social\",\"datePublished\":\"2013-09-11T22:00:00+00:00\",\"dateModified\":\"2019-07-15T09:28:53+00:00\",\"mainEntityOfPage\":{\"@id\":\"https:\\\/\\\/batijournal.com\\\/index.php\\\/solution-innovante-ite-et-habillage-de-facades-dun-habitat-collectif-social\\\/81478\\\/\"},\"wordCount\":372,\"commentCount\":0,\"image\":{\"@id\":\"https:\\\/\\\/batijournal.com\\\/index.php\\\/solution-innovante-ite-et-habillage-de-facades-dun-habitat-collectif-social\\\/81478\\\/#primaryimage\"},\"thumbnailUrl\":\"https:\\\/\\\/batijournal.com\\\/wp-content\\\/uploads\\\/2015\\\/03\\\/709873991.jpg\",\"keywords\":[\"ITE\"],\"articleSection\":[\"Architecture &amp; Conception\"],\"inLanguage\":\"fr-FR\",\"potentialAction\":[{\"@type\":\"CommentAction\",\"name\":\"Comment\",\"target\":[\"https:\\\/\\\/batijournal.com\\\/index.php\\\/solution-innovante-ite-et-habillage-de-facades-dun-habitat-collectif-social\\\/81478\\\/#respond\"]}]},{\"@type\":\"WebPage\",\"@id\":\"https:\\\/\\\/batijournal.com\\\/index.php\\\/solution-innovante-ite-et-habillage-de-facades-dun-habitat-collectif-social\\\/81478\\\/\",\"url\":\"https:\\\/\\\/batijournal.com\\\/index.php\\\/solution-innovante-ite-et-habillage-de-facades-dun-habitat-collectif-social\\\/81478\\\/\",\"name\":\"Solution innovante ITE et habillage de fa\u00e7ades d'un habitat collectif social\",\"isPartOf\":{\"@id\":\"https:\\\/\\\/batijournal.com\\\/#website\"},\"primaryImageOfPage\":{\"@id\":\"https:\\\/\\\/batijournal.com\\\/index.php\\\/solution-innovante-ite-et-habillage-de-facades-dun-habitat-collectif-social\\\/81478\\\/#primaryimage\"},\"image\":{\"@id\":\"https:\\\/\\\/batijournal.com\\\/index.php\\\/solution-innovante-ite-et-habillage-de-facades-dun-habitat-collectif-social\\\/81478\\\/#primaryimage\"},\"thumbnailUrl\":\"https:\\\/\\\/batijournal.com\\\/wp-content\\\/uploads\\\/2015\\\/03\\\/709873991.jpg\",\"datePublished\":\"2013-09-11T22:00:00+00:00\",\"dateModified\":\"2019-07-15T09:28:53+00:00\",\"author\":{\"@id\":\"https:\\\/\\\/batijournal.com\\\/#\\\/schema\\\/person\\\/6a657e8967569e1b299972574848aa76\"},\"breadcrumb\":{\"@id\":\"https:\\\/\\\/batijournal.com\\\/index.php\\\/solution-innovante-ite-et-habillage-de-facades-dun-habitat-collectif-social\\\/81478\\\/#breadcrumb\"},\"inLanguage\":\"fr-FR\",\"potentialAction\":[{\"@type\":\"ReadAction\",\"target\":[\"https:\\\/\\\/batijournal.com\\\/index.php\\\/solution-innovante-ite-et-habillage-de-facades-dun-habitat-collectif-social\\\/81478\\\/\"]}]},{\"@type\":\"ImageObject\",\"inLanguage\":\"fr-FR\",\"@id\":\"https:\\\/\\\/batijournal.com\\\/index.php\\\/solution-innovante-ite-et-habillage-de-facades-dun-habitat-collectif-social\\\/81478\\\/#primaryimage\",\"url\":\"https:\\\/\\\/batijournal.com\\\/wp-content\\\/uploads\\\/2015\\\/03\\\/709873991.jpg\",\"contentUrl\":\"https:\\\/\\\/batijournal.com\\\/wp-content\\\/uploads\\\/2015\\\/03\\\/709873991.jpg\",\"width\":600,\"height\":450},{\"@type\":\"BreadcrumbList\",\"@id\":\"https:\\\/\\\/batijournal.com\\\/index.php\\\/solution-innovante-ite-et-habillage-de-facades-dun-habitat-collectif-social\\\/81478\\\/#breadcrumb\",\"itemListElement\":[{\"@type\":\"ListItem\",\"position\":1,\"name\":\"Accueil\",\"item\":\"https:\\\/\\\/batijournal.com\\\/\"},{\"@type\":\"ListItem\",\"position\":2,\"name\":\"Actualit\u00e9s\",\"item\":\"https:\\\/\\\/batijournal.com\\\/index.php\\\/category\\\/actualites\\\/\"},{\"@type\":\"ListItem\",\"position\":3,\"name\":\"Architecture &amp; Conception\",\"item\":\"https:\\\/\\\/batijournal.com\\\/index.php\\\/category\\\/actualites\\\/architecture-conception\\\/\"},{\"@type\":\"ListItem\",\"position\":4,\"name\":\"Solution innovante ITE et habillage de fa\u00e7ades d&rsquo;un habitat collectif social\"}]},{\"@type\":\"WebSite\",\"@id\":\"https:\\\/\\\/batijournal.com\\\/#website\",\"url\":\"https:\\\/\\\/batijournal.com\\\/\",\"name\":\"Batijournal\",\"description\":\"L&#039;actualit\u00e9 du b\u00e2timent\",\"potentialAction\":[{\"@type\":\"SearchAction\",\"target\":{\"@type\":\"EntryPoint\",\"urlTemplate\":\"https:\\\/\\\/batijournal.com\\\/?s={search_term_string}\"},\"query-input\":{\"@type\":\"PropertyValueSpecification\",\"valueRequired\":true,\"valueName\":\"search_term_string\"}}],\"inLanguage\":\"fr-FR\"},{\"@type\":\"Person\",\"@id\":\"https:\\\/\\\/batijournal.com\\\/#\\\/schema\\\/person\\\/6a657e8967569e1b299972574848aa76\",\"name\":\"Bati-journal\",\"image\":{\"@type\":\"ImageObject\",\"inLanguage\":\"fr-FR\",\"@id\":\"https:\\\/\\\/secure.gravatar.com\\\/avatar\\\/a64364ea26392f9b4dd47e017ddaec74ff03aefc073b49e492e847201258f777?s=96&d=mm&r=g\",\"url\":\"https:\\\/\\\/secure.gravatar.com\\\/avatar\\\/a64364ea26392f9b4dd47e017ddaec74ff03aefc073b49e492e847201258f777?s=96&d=mm&r=g\",\"contentUrl\":\"https:\\\/\\\/secure.gravatar.com\\\/avatar\\\/a64364ea26392f9b4dd47e017ddaec74ff03aefc073b49e492e847201258f777?s=96&d=mm&r=g\",\"caption\":\"Bati-journal\"},\"url\":\"https:\\\/\\\/batijournal.com\\\/index.php\\\/author\\\/elodie\\\/\"}]}<\/script>\n<!-- \/ Yoast SEO plugin. -->","yoast_head_json":{"title":"Solution innovante ITE et habillage de fa\u00e7ades d'un habitat collectif social","robots":{"index":"index","follow":"follow","max-snippet":"max-snippet:-1","max-image-preview":"max-image-preview:large","max-video-preview":"max-video-preview:-1"},"canonical":"https:\/\/batijournal.com\/index.php\/solution-innovante-ite-et-habillage-de-facades-dun-habitat-collectif-social\/81478\/","og_locale":"fr_FR","og_type":"article","og_title":"Solution innovante ITE et habillage de fa\u00e7ades d'un habitat collectif social","og_description":"Situ\u00e9es \u00e0 proximit\u00e9 de Maubeuge [59], la cit\u00e9 du Fort \u00e0 Hautmont et la cit\u00e9 de Lambre\u00e7on \u00e0 Jeumont ont \u00e9t\u00e9 r\u00e9nov\u00e9es en 2010 et 2011. Pour am\u00e9liorer les performances thermiques des 246 logements et moderniser les fa\u00e7ades, la ma\u00eetrise d&rsquo;ouvrage s&rsquo;est tourn\u00e9e vers une solution d&rsquo;ITE et d&rsquo;habillage de fa\u00e7ades.\u00a0 Ce proc\u00e9d\u00e9, qui s&rsquo;est [&hellip;]","og_url":"https:\/\/batijournal.com\/index.php\/solution-innovante-ite-et-habillage-de-facades-dun-habitat-collectif-social\/81478\/","og_site_name":"Batijournal","article_published_time":"2013-09-11T22:00:00+00:00","article_modified_time":"2019-07-15T09:28:53+00:00","og_image":[{"width":600,"height":450,"url":"https:\/\/batijournal.com\/wp-content\/uploads\/2015\/03\/709873991.jpg","type":"image\/jpeg"}],"author":"Bati-journal","twitter_card":"summary_large_image","twitter_creator":"@bati_journal","twitter_site":"@bati_journal","twitter_misc":{"\u00c9crit par":"Bati-journal","Dur\u00e9e de lecture estim\u00e9e":"2 minutes"},"schema":{"@context":"https:\/\/schema.org","@graph":[{"@type":"Article","@id":"https:\/\/batijournal.com\/index.php\/solution-innovante-ite-et-habillage-de-facades-dun-habitat-collectif-social\/81478\/#article","isPartOf":{"@id":"https:\/\/batijournal.com\/index.php\/solution-innovante-ite-et-habillage-de-facades-dun-habitat-collectif-social\/81478\/"},"author":{"name":"Bati-journal","@id":"https:\/\/batijournal.com\/#\/schema\/person\/6a657e8967569e1b299972574848aa76"},"headline":"Solution innovante ITE et habillage de fa\u00e7ades d&rsquo;un habitat collectif social","datePublished":"2013-09-11T22:00:00+00:00","dateModified":"2019-07-15T09:28:53+00:00","mainEntityOfPage":{"@id":"https:\/\/batijournal.com\/index.php\/solution-innovante-ite-et-habillage-de-facades-dun-habitat-collectif-social\/81478\/"},"wordCount":372,"commentCount":0,"image":{"@id":"https:\/\/batijournal.com\/index.php\/solution-innovante-ite-et-habillage-de-facades-dun-habitat-collectif-social\/81478\/#primaryimage"},"thumbnailUrl":"https:\/\/batijournal.com\/wp-content\/uploads\/2015\/03\/709873991.jpg","keywords":["ITE"],"articleSection":["Architecture &amp; Conception"],"inLanguage":"fr-FR","potentialAction":[{"@type":"CommentAction","name":"Comment","target":["https:\/\/batijournal.com\/index.php\/solution-innovante-ite-et-habillage-de-facades-dun-habitat-collectif-social\/81478\/#respond"]}]},{"@type":"WebPage","@id":"https:\/\/batijournal.com\/index.php\/solution-innovante-ite-et-habillage-de-facades-dun-habitat-collectif-social\/81478\/","url":"https:\/\/batijournal.com\/index.php\/solution-innovante-ite-et-habillage-de-facades-dun-habitat-collectif-social\/81478\/","name":"Solution innovante ITE et habillage de fa\u00e7ades d'un habitat collectif social","isPartOf":{"@id":"https:\/\/batijournal.com\/#website"},"primaryImageOfPage":{"@id":"https:\/\/batijournal.com\/index.php\/solution-innovante-ite-et-habillage-de-facades-dun-habitat-collectif-social\/81478\/#primaryimage"},"image":{"@id":"https:\/\/batijournal.com\/index.php\/solution-innovante-ite-et-habillage-de-facades-dun-habitat-collectif-social\/81478\/#primaryimage"},"thumbnailUrl":"https:\/\/batijournal.com\/wp-content\/uploads\/2015\/03\/709873991.jpg","datePublished":"2013-09-11T22:00:00+00:00","dateModified":"2019-07-15T09:28:53+00:00","author":{"@id":"https:\/\/batijournal.com\/#\/schema\/person\/6a657e8967569e1b299972574848aa76"},"breadcrumb":{"@id":"https:\/\/batijournal.com\/index.php\/solution-innovante-ite-et-habillage-de-facades-dun-habitat-collectif-social\/81478\/#breadcrumb"},"inLanguage":"fr-FR","potentialAction":[{"@type":"ReadAction","target":["https:\/\/batijournal.com\/index.php\/solution-innovante-ite-et-habillage-de-facades-dun-habitat-collectif-social\/81478\/"]}]},{"@type":"ImageObject","inLanguage":"fr-FR","@id":"https:\/\/batijournal.com\/index.php\/solution-innovante-ite-et-habillage-de-facades-dun-habitat-collectif-social\/81478\/#primaryimage","url":"https:\/\/batijournal.com\/wp-content\/uploads\/2015\/03\/709873991.jpg","contentUrl":"https:\/\/batijournal.com\/wp-content\/uploads\/2015\/03\/709873991.jpg","width":600,"height":450},{"@type":"BreadcrumbList","@id":"https:\/\/batijournal.com\/index.php\/solution-innovante-ite-et-habillage-de-facades-dun-habitat-collectif-social\/81478\/#breadcrumb","itemListElement":[{"@type":"ListItem","position":1,"name":"Accueil","item":"https:\/\/batijournal.com\/"},{"@type":"ListItem","position":2,"name":"Actualit\u00e9s","item":"https:\/\/batijournal.com\/index.php\/category\/actualites\/"},{"@type":"ListItem","position":3,"name":"Architecture &amp; Conception","item":"https:\/\/batijournal.com\/index.php\/category\/actualites\/architecture-conception\/"},{"@type":"ListItem","position":4,"name":"Solution innovante ITE et habillage de fa\u00e7ades d&rsquo;un habitat collectif social"}]},{"@type":"WebSite","@id":"https:\/\/batijournal.com\/#website","url":"https:\/\/batijournal.com\/","name":"Batijournal","description":"L&#039;actualit\u00e9 du b\u00e2timent","potentialAction":[{"@type":"SearchAction","target":{"@type":"EntryPoint","urlTemplate":"https:\/\/batijournal.com\/?s={search_term_string}"},"query-input":{"@type":"PropertyValueSpecification","valueRequired":true,"valueName":"search_term_string"}}],"inLanguage":"fr-FR"},{"@type":"Person","@id":"https:\/\/batijournal.com\/#\/schema\/person\/6a657e8967569e1b299972574848aa76","name":"Bati-journal","image":{"@type":"ImageObject","inLanguage":"fr-FR","@id":"https:\/\/secure.gravatar.com\/avatar\/a64364ea26392f9b4dd47e017ddaec74ff03aefc073b49e492e847201258f777?s=96&d=mm&r=g","url":"https:\/\/secure.gravatar.com\/avatar\/a64364ea26392f9b4dd47e017ddaec74ff03aefc073b49e492e847201258f777?s=96&d=mm&r=g","contentUrl":"https:\/\/secure.gravatar.com\/avatar\/a64364ea26392f9b4dd47e017ddaec74ff03aefc073b49e492e847201258f777?s=96&d=mm&r=g","caption":"Bati-journal"},"url":"https:\/\/batijournal.com\/index.php\/author\/elodie\/"}]}},"_links":{"self":[{"href":"https:\/\/batijournal.com\/index.php\/wp-json\/wp\/v2\/posts\/81478","targetHints":{"allow":["GET"]}}],"collection":[{"href":"https:\/\/batijournal.com\/index.php\/wp-json\/wp\/v2\/posts"}],"about":[{"href":"https:\/\/batijournal.com\/index.php\/wp-json\/wp\/v2\/types\/post"}],"author":[{"embeddable":true,"href":"https:\/\/batijournal.com\/index.php\/wp-json\/wp\/v2\/users\/1"}],"replies":[{"embeddable":true,"href":"https:\/\/batijournal.com\/index.php\/wp-json\/wp\/v2\/comments?post=81478"}],"version-history":[{"count":0,"href":"https:\/\/batijournal.com\/index.php\/wp-json\/wp\/v2\/posts\/81478\/revisions"}],"wp:featuredmedia":[{"embeddable":true,"href":"https:\/\/batijournal.com\/index.php\/wp-json\/wp\/v2\/media\/81479"}],"wp:attachment":[{"href":"https:\/\/batijournal.com\/index.php\/wp-json\/wp\/v2\/media?parent=81478"}],"wp:term":[{"taxonomy":"category","embeddable":true,"href":"https:\/\/batijournal.com\/index.php\/wp-json\/wp\/v2\/categories?post=81478"},{"taxonomy":"post_tag","embeddable":true,"href":"https:\/\/batijournal.com\/index.php\/wp-json\/wp\/v2\/tags?post=81478"}],"curies":[{"name":"wp","href":"https:\/\/api.w.org\/{rel}","templated":true}]}}