{"id":82829,"date":"2012-09-05T16:03:43","date_gmt":"2012-09-05T14:03:43","guid":{"rendered":"http:\/\/b.bati-journal.com\/dalles-en-bois-composite\/82829"},"modified":"2020-07-17T13:50:13","modified_gmt":"2020-07-17T11:50:13","slug":"dalles-en-bois-composite","status":"publish","type":"post","link":"https:\/\/batijournal.com\/index.php\/dalles-en-bois-composite\/82829\/","title":{"rendered":"Dalles en bois composite"},"content":{"rendered":"<p>Les dalles de terrasse Dalwex sont constitu\u00e9es de trois lames en bois composite (2\/3 de bois r\u00e9sineux issus de for\u00eats fran\u00e7aises certifi\u00e9es PEFC et 1\/3 de polypropyl\u00e8ne recycl\u00e9) de section 22 x 165 mm viss\u00e9es sur deux supports en pin classe 4 CTB B+. Elles se posent uniquement sur plot plastique r\u00e9glable \u00e0 ailettes, permettant une mise en oeuvre rapide. Ce nouveau produit de la gamme Wex, de Piveteau Bois, est le seul sur le march\u00e9 \u00e0 r\u00e9pondre aux normes DTU \u00e9tanch\u00e9it\u00e9 (43.1) en usage privatif et collectif (EN 1339 &#8211; classification T11). Stri\u00e9es et bross\u00e9es, les dalles de section 50 x 50 sont disponibles en deux teintes : brun exotique et gris pierre. R\u00e9sistantes aux intemp\u00e9ries, elles sont adapt\u00e9es \u00e0 l&rsquo;am\u00e9nagement de toitures-terrasses, de balcons ou de terrasses sur chape b\u00e9ton.<\/p>\n<p><span style=\"font-size: medium;\"><a href=\"http:\/\/www.piveteaubois.com\" target=\"_blank\" rel=\"noopener noreferrer\">www.piveteaubois.com<\/a><\/span><\/p>\n","protected":false},"excerpt":{"rendered":"<p>Les dalles de terrasse Dalwex sont constitu\u00e9es de trois lames en bois composite (2\/3 de bois r\u00e9sineux issus de for\u00eats fran\u00e7aises certifi\u00e9es PEFC et 1\/3 de polypropyl\u00e8ne recycl\u00e9) de section 22 x 165 mm viss\u00e9es sur deux supports en pin classe 4 CTB B+. Elles se posent uniquement sur plot plastique r\u00e9glable \u00e0 ailettes, permettant [&hellip;]<\/p>\n","protected":false},"author":1,"featured_media":82830,"comment_status":"open","ping_status":"closed","sticky":false,"template":"","format":"standard","meta":{"_et_pb_use_builder":"","_et_pb_old_content":"","_et_gb_content_width":"","footnotes":""},"categories":[6356],"tags":[954,4507,4122,100],"class_list":["post-82829","post","type-post","status-publish","format-standard","has-post-thumbnail","hentry","category-produits-solutions-techniques","tag-bois-composite","tag-dalles","tag-piveteaubois","tag-terrasse"],"yoast_head":"<!-- This site is optimized with the Yoast SEO plugin v27.4 - https:\/\/yoast.com\/product\/yoast-seo-wordpress\/ -->\n<title>Dalles en bois composite<\/title>\n<meta name=\"robots\" content=\"index, follow, max-snippet:-1, max-image-preview:large, max-video-preview:-1\" \/>\n<link rel=\"canonical\" href=\"https:\/\/batijournal.com\/index.php\/dalles-en-bois-composite\/82829\/\" \/>\n<meta property=\"og:locale\" content=\"fr_FR\" \/>\n<meta property=\"og:type\" content=\"article\" \/>\n<meta property=\"og:title\" content=\"Dalles en bois composite\" \/>\n<meta property=\"og:description\" content=\"Les dalles de terrasse Dalwex sont constitu\u00e9es de trois lames en bois composite (2\/3 de bois r\u00e9sineux issus de for\u00eats fran\u00e7aises certifi\u00e9es PEFC et 1\/3 de polypropyl\u00e8ne recycl\u00e9) de section 22 x 165 mm viss\u00e9es sur deux supports en pin classe 4 CTB B+. Elles se posent uniquement sur plot plastique r\u00e9glable \u00e0 ailettes, permettant [&hellip;]\" \/>\n<meta property=\"og:url\" content=\"https:\/\/batijournal.com\/index.php\/dalles-en-bois-composite\/82829\/\" \/>\n<meta property=\"og:site_name\" content=\"Batijournal\" \/>\n<meta property=\"article:published_time\" content=\"2012-09-05T14:03:43+00:00\" \/>\n<meta property=\"article:modified_time\" content=\"2020-07-17T11:50:13+00:00\" \/>\n<meta property=\"og:image\" content=\"https:\/\/batijournal.com\/wp-content\/uploads\/2015\/03\/50918200.jpg\" \/>\n\t<meta property=\"og:image:width\" content=\"600\" \/>\n\t<meta property=\"og:image:height\" content=\"436\" \/>\n\t<meta property=\"og:image:type\" content=\"image\/jpeg\" \/>\n<meta name=\"author\" content=\"Bati-journal\" \/>\n<meta name=\"twitter:card\" content=\"summary_large_image\" \/>\n<meta name=\"twitter:creator\" content=\"@bati_journal\" \/>\n<meta name=\"twitter:site\" content=\"@bati_journal\" \/>\n<meta name=\"twitter:label1\" content=\"\u00c9crit par\" \/>\n\t<meta name=\"twitter:data1\" content=\"Bati-journal\" \/>\n\t<meta name=\"twitter:label2\" content=\"Dur\u00e9e de lecture estim\u00e9e\" \/>\n\t<meta name=\"twitter:data2\" content=\"1 minute\" \/>\n<script type=\"application\/ld+json\" class=\"yoast-schema-graph\">{\"@context\":\"https:\\\/\\\/schema.org\",\"@graph\":[{\"@type\":\"Article\",\"@id\":\"https:\\\/\\\/batijournal.com\\\/index.php\\\/dalles-en-bois-composite\\\/82829\\\/#article\",\"isPartOf\":{\"@id\":\"https:\\\/\\\/batijournal.com\\\/index.php\\\/dalles-en-bois-composite\\\/82829\\\/\"},\"author\":{\"name\":\"Bati-journal\",\"@id\":\"https:\\\/\\\/batijournal.com\\\/#\\\/schema\\\/person\\\/6a657e8967569e1b299972574848aa76\"},\"headline\":\"Dalles en bois composite\",\"datePublished\":\"2012-09-05T14:03:43+00:00\",\"dateModified\":\"2020-07-17T11:50:13+00:00\",\"mainEntityOfPage\":{\"@id\":\"https:\\\/\\\/batijournal.com\\\/index.php\\\/dalles-en-bois-composite\\\/82829\\\/\"},\"wordCount\":144,\"commentCount\":0,\"image\":{\"@id\":\"https:\\\/\\\/batijournal.com\\\/index.php\\\/dalles-en-bois-composite\\\/82829\\\/#primaryimage\"},\"thumbnailUrl\":\"https:\\\/\\\/batijournal.com\\\/wp-content\\\/uploads\\\/2015\\\/03\\\/50918200.jpg\",\"keywords\":[\"bois composite\",\"dalles\",\"PiveteauBois\",\"terrasse\"],\"articleSection\":[\"Produits &amp; Solutions techniques\"],\"inLanguage\":\"fr-FR\",\"potentialAction\":[{\"@type\":\"CommentAction\",\"name\":\"Comment\",\"target\":[\"https:\\\/\\\/batijournal.com\\\/index.php\\\/dalles-en-bois-composite\\\/82829\\\/#respond\"]}]},{\"@type\":\"WebPage\",\"@id\":\"https:\\\/\\\/batijournal.com\\\/index.php\\\/dalles-en-bois-composite\\\/82829\\\/\",\"url\":\"https:\\\/\\\/batijournal.com\\\/index.php\\\/dalles-en-bois-composite\\\/82829\\\/\",\"name\":\"Dalles en bois composite\",\"isPartOf\":{\"@id\":\"https:\\\/\\\/batijournal.com\\\/#website\"},\"primaryImageOfPage\":{\"@id\":\"https:\\\/\\\/batijournal.com\\\/index.php\\\/dalles-en-bois-composite\\\/82829\\\/#primaryimage\"},\"image\":{\"@id\":\"https:\\\/\\\/batijournal.com\\\/index.php\\\/dalles-en-bois-composite\\\/82829\\\/#primaryimage\"},\"thumbnailUrl\":\"https:\\\/\\\/batijournal.com\\\/wp-content\\\/uploads\\\/2015\\\/03\\\/50918200.jpg\",\"datePublished\":\"2012-09-05T14:03:43+00:00\",\"dateModified\":\"2020-07-17T11:50:13+00:00\",\"author\":{\"@id\":\"https:\\\/\\\/batijournal.com\\\/#\\\/schema\\\/person\\\/6a657e8967569e1b299972574848aa76\"},\"breadcrumb\":{\"@id\":\"https:\\\/\\\/batijournal.com\\\/index.php\\\/dalles-en-bois-composite\\\/82829\\\/#breadcrumb\"},\"inLanguage\":\"fr-FR\",\"potentialAction\":[{\"@type\":\"ReadAction\",\"target\":[\"https:\\\/\\\/batijournal.com\\\/index.php\\\/dalles-en-bois-composite\\\/82829\\\/\"]}]},{\"@type\":\"ImageObject\",\"inLanguage\":\"fr-FR\",\"@id\":\"https:\\\/\\\/batijournal.com\\\/index.php\\\/dalles-en-bois-composite\\\/82829\\\/#primaryimage\",\"url\":\"https:\\\/\\\/batijournal.com\\\/wp-content\\\/uploads\\\/2015\\\/03\\\/50918200.jpg\",\"contentUrl\":\"https:\\\/\\\/batijournal.com\\\/wp-content\\\/uploads\\\/2015\\\/03\\\/50918200.jpg\",\"width\":600,\"height\":436},{\"@type\":\"BreadcrumbList\",\"@id\":\"https:\\\/\\\/batijournal.com\\\/index.php\\\/dalles-en-bois-composite\\\/82829\\\/#breadcrumb\",\"itemListElement\":[{\"@type\":\"ListItem\",\"position\":1,\"name\":\"Accueil\",\"item\":\"https:\\\/\\\/batijournal.com\\\/\"},{\"@type\":\"ListItem\",\"position\":2,\"name\":\"Produits &amp; Solutions techniques\",\"item\":\"https:\\\/\\\/batijournal.com\\\/index.php\\\/category\\\/produits-solutions-techniques\\\/\"},{\"@type\":\"ListItem\",\"position\":3,\"name\":\"Dalles en bois composite\"}]},{\"@type\":\"WebSite\",\"@id\":\"https:\\\/\\\/batijournal.com\\\/#website\",\"url\":\"https:\\\/\\\/batijournal.com\\\/\",\"name\":\"Batijournal\",\"description\":\"L&#039;actualit\u00e9 du b\u00e2timent\",\"potentialAction\":[{\"@type\":\"SearchAction\",\"target\":{\"@type\":\"EntryPoint\",\"urlTemplate\":\"https:\\\/\\\/batijournal.com\\\/?s={search_term_string}\"},\"query-input\":{\"@type\":\"PropertyValueSpecification\",\"valueRequired\":true,\"valueName\":\"search_term_string\"}}],\"inLanguage\":\"fr-FR\"},{\"@type\":\"Person\",\"@id\":\"https:\\\/\\\/batijournal.com\\\/#\\\/schema\\\/person\\\/6a657e8967569e1b299972574848aa76\",\"name\":\"Bati-journal\",\"image\":{\"@type\":\"ImageObject\",\"inLanguage\":\"fr-FR\",\"@id\":\"https:\\\/\\\/secure.gravatar.com\\\/avatar\\\/a64364ea26392f9b4dd47e017ddaec74ff03aefc073b49e492e847201258f777?s=96&d=mm&r=g\",\"url\":\"https:\\\/\\\/secure.gravatar.com\\\/avatar\\\/a64364ea26392f9b4dd47e017ddaec74ff03aefc073b49e492e847201258f777?s=96&d=mm&r=g\",\"contentUrl\":\"https:\\\/\\\/secure.gravatar.com\\\/avatar\\\/a64364ea26392f9b4dd47e017ddaec74ff03aefc073b49e492e847201258f777?s=96&d=mm&r=g\",\"caption\":\"Bati-journal\"},\"url\":\"https:\\\/\\\/batijournal.com\\\/index.php\\\/author\\\/elodie\\\/\"}]}<\/script>\n<!-- \/ Yoast SEO plugin. -->","yoast_head_json":{"title":"Dalles en bois composite","robots":{"index":"index","follow":"follow","max-snippet":"max-snippet:-1","max-image-preview":"max-image-preview:large","max-video-preview":"max-video-preview:-1"},"canonical":"https:\/\/batijournal.com\/index.php\/dalles-en-bois-composite\/82829\/","og_locale":"fr_FR","og_type":"article","og_title":"Dalles en bois composite","og_description":"Les dalles de terrasse Dalwex sont constitu\u00e9es de trois lames en bois composite (2\/3 de bois r\u00e9sineux issus de for\u00eats fran\u00e7aises certifi\u00e9es PEFC et 1\/3 de polypropyl\u00e8ne recycl\u00e9) de section 22 x 165 mm viss\u00e9es sur deux supports en pin classe 4 CTB B+. Elles se posent uniquement sur plot plastique r\u00e9glable \u00e0 ailettes, permettant [&hellip;]","og_url":"https:\/\/batijournal.com\/index.php\/dalles-en-bois-composite\/82829\/","og_site_name":"Batijournal","article_published_time":"2012-09-05T14:03:43+00:00","article_modified_time":"2020-07-17T11:50:13+00:00","og_image":[{"width":600,"height":436,"url":"https:\/\/batijournal.com\/wp-content\/uploads\/2015\/03\/50918200.jpg","type":"image\/jpeg"}],"author":"Bati-journal","twitter_card":"summary_large_image","twitter_creator":"@bati_journal","twitter_site":"@bati_journal","twitter_misc":{"\u00c9crit par":"Bati-journal","Dur\u00e9e de lecture estim\u00e9e":"1 minute"},"schema":{"@context":"https:\/\/schema.org","@graph":[{"@type":"Article","@id":"https:\/\/batijournal.com\/index.php\/dalles-en-bois-composite\/82829\/#article","isPartOf":{"@id":"https:\/\/batijournal.com\/index.php\/dalles-en-bois-composite\/82829\/"},"author":{"name":"Bati-journal","@id":"https:\/\/batijournal.com\/#\/schema\/person\/6a657e8967569e1b299972574848aa76"},"headline":"Dalles en bois composite","datePublished":"2012-09-05T14:03:43+00:00","dateModified":"2020-07-17T11:50:13+00:00","mainEntityOfPage":{"@id":"https:\/\/batijournal.com\/index.php\/dalles-en-bois-composite\/82829\/"},"wordCount":144,"commentCount":0,"image":{"@id":"https:\/\/batijournal.com\/index.php\/dalles-en-bois-composite\/82829\/#primaryimage"},"thumbnailUrl":"https:\/\/batijournal.com\/wp-content\/uploads\/2015\/03\/50918200.jpg","keywords":["bois composite","dalles","PiveteauBois","terrasse"],"articleSection":["Produits &amp; Solutions techniques"],"inLanguage":"fr-FR","potentialAction":[{"@type":"CommentAction","name":"Comment","target":["https:\/\/batijournal.com\/index.php\/dalles-en-bois-composite\/82829\/#respond"]}]},{"@type":"WebPage","@id":"https:\/\/batijournal.com\/index.php\/dalles-en-bois-composite\/82829\/","url":"https:\/\/batijournal.com\/index.php\/dalles-en-bois-composite\/82829\/","name":"Dalles en bois composite","isPartOf":{"@id":"https:\/\/batijournal.com\/#website"},"primaryImageOfPage":{"@id":"https:\/\/batijournal.com\/index.php\/dalles-en-bois-composite\/82829\/#primaryimage"},"image":{"@id":"https:\/\/batijournal.com\/index.php\/dalles-en-bois-composite\/82829\/#primaryimage"},"thumbnailUrl":"https:\/\/batijournal.com\/wp-content\/uploads\/2015\/03\/50918200.jpg","datePublished":"2012-09-05T14:03:43+00:00","dateModified":"2020-07-17T11:50:13+00:00","author":{"@id":"https:\/\/batijournal.com\/#\/schema\/person\/6a657e8967569e1b299972574848aa76"},"breadcrumb":{"@id":"https:\/\/batijournal.com\/index.php\/dalles-en-bois-composite\/82829\/#breadcrumb"},"inLanguage":"fr-FR","potentialAction":[{"@type":"ReadAction","target":["https:\/\/batijournal.com\/index.php\/dalles-en-bois-composite\/82829\/"]}]},{"@type":"ImageObject","inLanguage":"fr-FR","@id":"https:\/\/batijournal.com\/index.php\/dalles-en-bois-composite\/82829\/#primaryimage","url":"https:\/\/batijournal.com\/wp-content\/uploads\/2015\/03\/50918200.jpg","contentUrl":"https:\/\/batijournal.com\/wp-content\/uploads\/2015\/03\/50918200.jpg","width":600,"height":436},{"@type":"BreadcrumbList","@id":"https:\/\/batijournal.com\/index.php\/dalles-en-bois-composite\/82829\/#breadcrumb","itemListElement":[{"@type":"ListItem","position":1,"name":"Accueil","item":"https:\/\/batijournal.com\/"},{"@type":"ListItem","position":2,"name":"Produits &amp; Solutions techniques","item":"https:\/\/batijournal.com\/index.php\/category\/produits-solutions-techniques\/"},{"@type":"ListItem","position":3,"name":"Dalles en bois composite"}]},{"@type":"WebSite","@id":"https:\/\/batijournal.com\/#website","url":"https:\/\/batijournal.com\/","name":"Batijournal","description":"L&#039;actualit\u00e9 du b\u00e2timent","potentialAction":[{"@type":"SearchAction","target":{"@type":"EntryPoint","urlTemplate":"https:\/\/batijournal.com\/?s={search_term_string}"},"query-input":{"@type":"PropertyValueSpecification","valueRequired":true,"valueName":"search_term_string"}}],"inLanguage":"fr-FR"},{"@type":"Person","@id":"https:\/\/batijournal.com\/#\/schema\/person\/6a657e8967569e1b299972574848aa76","name":"Bati-journal","image":{"@type":"ImageObject","inLanguage":"fr-FR","@id":"https:\/\/secure.gravatar.com\/avatar\/a64364ea26392f9b4dd47e017ddaec74ff03aefc073b49e492e847201258f777?s=96&d=mm&r=g","url":"https:\/\/secure.gravatar.com\/avatar\/a64364ea26392f9b4dd47e017ddaec74ff03aefc073b49e492e847201258f777?s=96&d=mm&r=g","contentUrl":"https:\/\/secure.gravatar.com\/avatar\/a64364ea26392f9b4dd47e017ddaec74ff03aefc073b49e492e847201258f777?s=96&d=mm&r=g","caption":"Bati-journal"},"url":"https:\/\/batijournal.com\/index.php\/author\/elodie\/"}]}},"_links":{"self":[{"href":"https:\/\/batijournal.com\/index.php\/wp-json\/wp\/v2\/posts\/82829","targetHints":{"allow":["GET"]}}],"collection":[{"href":"https:\/\/batijournal.com\/index.php\/wp-json\/wp\/v2\/posts"}],"about":[{"href":"https:\/\/batijournal.com\/index.php\/wp-json\/wp\/v2\/types\/post"}],"author":[{"embeddable":true,"href":"https:\/\/batijournal.com\/index.php\/wp-json\/wp\/v2\/users\/1"}],"replies":[{"embeddable":true,"href":"https:\/\/batijournal.com\/index.php\/wp-json\/wp\/v2\/comments?post=82829"}],"version-history":[{"count":0,"href":"https:\/\/batijournal.com\/index.php\/wp-json\/wp\/v2\/posts\/82829\/revisions"}],"wp:featuredmedia":[{"embeddable":true,"href":"https:\/\/batijournal.com\/index.php\/wp-json\/wp\/v2\/media\/82830"}],"wp:attachment":[{"href":"https:\/\/batijournal.com\/index.php\/wp-json\/wp\/v2\/media?parent=82829"}],"wp:term":[{"taxonomy":"category","embeddable":true,"href":"https:\/\/batijournal.com\/index.php\/wp-json\/wp\/v2\/categories?post=82829"},{"taxonomy":"post_tag","embeddable":true,"href":"https:\/\/batijournal.com\/index.php\/wp-json\/wp\/v2\/tags?post=82829"}],"curies":[{"name":"wp","href":"https:\/\/api.w.org\/{rel}","templated":true}]}}