{"id":82873,"date":"2012-10-11T00:00:00","date_gmt":"2012-10-10T22:00:00","guid":{"rendered":"http:\/\/b.bati-journal.com\/une-tuile-a-cote-esthetique-et-economique\/82873"},"modified":"2019-07-15T12:36:43","modified_gmt":"2019-07-15T10:36:43","slug":"une-tuile-a-cote-esthetique-et-economique","status":"publish","type":"post","link":"https:\/\/batijournal.com\/index.php\/une-tuile-a-cote-esthetique-et-economique\/82873\/","title":{"rendered":"Une tuile \u00e0 c\u00f4te esth\u00e9tique et \u00e9conomique"},"content":{"rendered":"<p>Disponible en 5 coloris, la nouvelle tuile Montagny de Terreal s&rsquo;adapte \u00e0 tous les syst\u00e8mes constructifs et aux r\u00e9gions fran\u00e7aises o\u00f9 les tuiles \u00e0 c\u00f4tes sont mises en \u0153uvre. Elle se diff\u00e9rencie des tuiles \u00e0 c\u00f4tes traditionnelles par ses lignes \u00e9pur\u00e9es et sa c\u00f4te centrale moderne. Ses formes g\u00e9om\u00e9triques donnent aux toits un rythme harmonieux et une allure contemporaine. Seule sur le march\u00e9 \u00e0 disposer d&rsquo;un nez fin biseaut\u00e9 et sans ergots, elle permet d&rsquo;affiner l&rsquo;\u00e9criture de la couverture avec l&rsquo;esth\u00e9tique d&rsquo;un pureau plat. Le pureau longitudinal de 42,5 cm, le plus important du march\u00e9, permet une \u00e9conomie jusqu&rsquo;\u00e0 15% en liteaux. Cette tuile, robuste et tr\u00e8s r\u00e9sistante gr\u00e2ce \u00e0 sa g\u00e9om\u00e9trie r\u00e9guli\u00e8re et \u00e0 ses renforts en sous-face, garantit une pose sans casse. Elle convient \u00e0 tous les types de toiture en neuf comme en r\u00e9novation. Particuli\u00e8rement \u00e9tanche, elle peut \u00eatre pos\u00e9e \u00e0 faible pente et a \u00e9t\u00e9 test\u00e9e avec succ\u00e8s sur des pentes inf\u00e9rieures \u00e0 19%. La tuile Montagny est produite \u00e0 Chagny en Bourgogne, terre de tradition tuili\u00e8re depuis plus de 100 ans o\u00f9 TERREAL poss\u00e8de deux usines.<\/p>\n","protected":false},"excerpt":{"rendered":"<p>Disponible en 5 coloris, la nouvelle tuile Montagny de Terreal s&rsquo;adapte \u00e0 tous les syst\u00e8mes constructifs et aux r\u00e9gions fran\u00e7aises o\u00f9 les tuiles \u00e0 c\u00f4tes sont mises en \u0153uvre. Elle se diff\u00e9rencie des tuiles \u00e0 c\u00f4tes traditionnelles par ses lignes \u00e9pur\u00e9es et sa c\u00f4te centrale moderne. Ses formes g\u00e9om\u00e9triques donnent aux toits un rythme harmonieux [&hellip;]<\/p>\n","protected":false},"author":1,"featured_media":82874,"comment_status":"open","ping_status":"closed","sticky":false,"template":"","format":"standard","meta":{"_et_pb_use_builder":"","_et_pb_old_content":"","_et_gb_content_width":"","footnotes":""},"categories":[6356],"tags":[11044,940],"class_list":["post-82873","post","type-post","status-publish","format-standard","has-post-thumbnail","hentry","category-produits-solutions-techniques","tag-terreal","tag-tuile"],"yoast_head":"<!-- This site is optimized with the Yoast SEO plugin v27.4 - https:\/\/yoast.com\/product\/yoast-seo-wordpress\/ -->\n<title>Une tuile \u00e0 c\u00f4te esth\u00e9tique et \u00e9conomique<\/title>\n<meta name=\"robots\" content=\"index, follow, max-snippet:-1, max-image-preview:large, max-video-preview:-1\" \/>\n<link rel=\"canonical\" href=\"https:\/\/batijournal.com\/index.php\/une-tuile-a-cote-esthetique-et-economique\/82873\/\" \/>\n<meta property=\"og:locale\" content=\"fr_FR\" \/>\n<meta property=\"og:type\" content=\"article\" \/>\n<meta property=\"og:title\" content=\"Une tuile \u00e0 c\u00f4te esth\u00e9tique et \u00e9conomique\" \/>\n<meta property=\"og:description\" content=\"Disponible en 5 coloris, la nouvelle tuile Montagny de Terreal s&rsquo;adapte \u00e0 tous les syst\u00e8mes constructifs et aux r\u00e9gions fran\u00e7aises o\u00f9 les tuiles \u00e0 c\u00f4tes sont mises en \u0153uvre. Elle se diff\u00e9rencie des tuiles \u00e0 c\u00f4tes traditionnelles par ses lignes \u00e9pur\u00e9es et sa c\u00f4te centrale moderne. Ses formes g\u00e9om\u00e9triques donnent aux toits un rythme harmonieux [&hellip;]\" \/>\n<meta property=\"og:url\" content=\"https:\/\/batijournal.com\/index.php\/une-tuile-a-cote-esthetique-et-economique\/82873\/\" \/>\n<meta property=\"og:site_name\" content=\"Batijournal\" \/>\n<meta property=\"article:published_time\" content=\"2012-10-10T22:00:00+00:00\" \/>\n<meta property=\"article:modified_time\" content=\"2019-07-15T10:36:43+00:00\" \/>\n<meta property=\"og:image\" content=\"https:\/\/batijournal.com\/wp-content\/uploads\/2015\/03\/52622936.jpg\" \/>\n\t<meta property=\"og:image:width\" content=\"378\" \/>\n\t<meta property=\"og:image:height\" content=\"599\" \/>\n\t<meta property=\"og:image:type\" content=\"image\/jpeg\" \/>\n<meta name=\"author\" content=\"Bati-journal\" \/>\n<meta name=\"twitter:card\" content=\"summary_large_image\" \/>\n<meta name=\"twitter:creator\" content=\"@bati_journal\" \/>\n<meta name=\"twitter:site\" content=\"@bati_journal\" \/>\n<meta name=\"twitter:label1\" content=\"\u00c9crit par\" \/>\n\t<meta name=\"twitter:data1\" content=\"Bati-journal\" \/>\n\t<meta name=\"twitter:label2\" content=\"Dur\u00e9e de lecture estim\u00e9e\" \/>\n\t<meta name=\"twitter:data2\" content=\"1 minute\" \/>\n<script type=\"application\/ld+json\" class=\"yoast-schema-graph\">{\"@context\":\"https:\\\/\\\/schema.org\",\"@graph\":[{\"@type\":\"Article\",\"@id\":\"https:\\\/\\\/batijournal.com\\\/index.php\\\/une-tuile-a-cote-esthetique-et-economique\\\/82873\\\/#article\",\"isPartOf\":{\"@id\":\"https:\\\/\\\/batijournal.com\\\/index.php\\\/une-tuile-a-cote-esthetique-et-economique\\\/82873\\\/\"},\"author\":{\"name\":\"Bati-journal\",\"@id\":\"https:\\\/\\\/batijournal.com\\\/#\\\/schema\\\/person\\\/6a657e8967569e1b299972574848aa76\"},\"headline\":\"Une tuile \u00e0 c\u00f4te esth\u00e9tique et \u00e9conomique\",\"datePublished\":\"2012-10-10T22:00:00+00:00\",\"dateModified\":\"2019-07-15T10:36:43+00:00\",\"mainEntityOfPage\":{\"@id\":\"https:\\\/\\\/batijournal.com\\\/index.php\\\/une-tuile-a-cote-esthetique-et-economique\\\/82873\\\/\"},\"wordCount\":206,\"commentCount\":0,\"image\":{\"@id\":\"https:\\\/\\\/batijournal.com\\\/index.php\\\/une-tuile-a-cote-esthetique-et-economique\\\/82873\\\/#primaryimage\"},\"thumbnailUrl\":\"https:\\\/\\\/batijournal.com\\\/wp-content\\\/uploads\\\/2015\\\/03\\\/52622936.jpg\",\"keywords\":[\"Terreal\",\"tuile\"],\"articleSection\":[\"Produits &amp; Solutions techniques\"],\"inLanguage\":\"fr-FR\",\"potentialAction\":[{\"@type\":\"CommentAction\",\"name\":\"Comment\",\"target\":[\"https:\\\/\\\/batijournal.com\\\/index.php\\\/une-tuile-a-cote-esthetique-et-economique\\\/82873\\\/#respond\"]}]},{\"@type\":\"WebPage\",\"@id\":\"https:\\\/\\\/batijournal.com\\\/index.php\\\/une-tuile-a-cote-esthetique-et-economique\\\/82873\\\/\",\"url\":\"https:\\\/\\\/batijournal.com\\\/index.php\\\/une-tuile-a-cote-esthetique-et-economique\\\/82873\\\/\",\"name\":\"Une tuile \u00e0 c\u00f4te esth\u00e9tique et \u00e9conomique\",\"isPartOf\":{\"@id\":\"https:\\\/\\\/batijournal.com\\\/#website\"},\"primaryImageOfPage\":{\"@id\":\"https:\\\/\\\/batijournal.com\\\/index.php\\\/une-tuile-a-cote-esthetique-et-economique\\\/82873\\\/#primaryimage\"},\"image\":{\"@id\":\"https:\\\/\\\/batijournal.com\\\/index.php\\\/une-tuile-a-cote-esthetique-et-economique\\\/82873\\\/#primaryimage\"},\"thumbnailUrl\":\"https:\\\/\\\/batijournal.com\\\/wp-content\\\/uploads\\\/2015\\\/03\\\/52622936.jpg\",\"datePublished\":\"2012-10-10T22:00:00+00:00\",\"dateModified\":\"2019-07-15T10:36:43+00:00\",\"author\":{\"@id\":\"https:\\\/\\\/batijournal.com\\\/#\\\/schema\\\/person\\\/6a657e8967569e1b299972574848aa76\"},\"breadcrumb\":{\"@id\":\"https:\\\/\\\/batijournal.com\\\/index.php\\\/une-tuile-a-cote-esthetique-et-economique\\\/82873\\\/#breadcrumb\"},\"inLanguage\":\"fr-FR\",\"potentialAction\":[{\"@type\":\"ReadAction\",\"target\":[\"https:\\\/\\\/batijournal.com\\\/index.php\\\/une-tuile-a-cote-esthetique-et-economique\\\/82873\\\/\"]}]},{\"@type\":\"ImageObject\",\"inLanguage\":\"fr-FR\",\"@id\":\"https:\\\/\\\/batijournal.com\\\/index.php\\\/une-tuile-a-cote-esthetique-et-economique\\\/82873\\\/#primaryimage\",\"url\":\"https:\\\/\\\/batijournal.com\\\/wp-content\\\/uploads\\\/2015\\\/03\\\/52622936.jpg\",\"contentUrl\":\"https:\\\/\\\/batijournal.com\\\/wp-content\\\/uploads\\\/2015\\\/03\\\/52622936.jpg\",\"width\":378,\"height\":599},{\"@type\":\"BreadcrumbList\",\"@id\":\"https:\\\/\\\/batijournal.com\\\/index.php\\\/une-tuile-a-cote-esthetique-et-economique\\\/82873\\\/#breadcrumb\",\"itemListElement\":[{\"@type\":\"ListItem\",\"position\":1,\"name\":\"Accueil\",\"item\":\"https:\\\/\\\/batijournal.com\\\/\"},{\"@type\":\"ListItem\",\"position\":2,\"name\":\"Produits &amp; Solutions techniques\",\"item\":\"https:\\\/\\\/batijournal.com\\\/index.php\\\/category\\\/produits-solutions-techniques\\\/\"},{\"@type\":\"ListItem\",\"position\":3,\"name\":\"Une tuile \u00e0 c\u00f4te esth\u00e9tique et \u00e9conomique\"}]},{\"@type\":\"WebSite\",\"@id\":\"https:\\\/\\\/batijournal.com\\\/#website\",\"url\":\"https:\\\/\\\/batijournal.com\\\/\",\"name\":\"Batijournal\",\"description\":\"L&#039;actualit\u00e9 du b\u00e2timent\",\"potentialAction\":[{\"@type\":\"SearchAction\",\"target\":{\"@type\":\"EntryPoint\",\"urlTemplate\":\"https:\\\/\\\/batijournal.com\\\/?s={search_term_string}\"},\"query-input\":{\"@type\":\"PropertyValueSpecification\",\"valueRequired\":true,\"valueName\":\"search_term_string\"}}],\"inLanguage\":\"fr-FR\"},{\"@type\":\"Person\",\"@id\":\"https:\\\/\\\/batijournal.com\\\/#\\\/schema\\\/person\\\/6a657e8967569e1b299972574848aa76\",\"name\":\"Bati-journal\",\"image\":{\"@type\":\"ImageObject\",\"inLanguage\":\"fr-FR\",\"@id\":\"https:\\\/\\\/secure.gravatar.com\\\/avatar\\\/a64364ea26392f9b4dd47e017ddaec74ff03aefc073b49e492e847201258f777?s=96&d=mm&r=g\",\"url\":\"https:\\\/\\\/secure.gravatar.com\\\/avatar\\\/a64364ea26392f9b4dd47e017ddaec74ff03aefc073b49e492e847201258f777?s=96&d=mm&r=g\",\"contentUrl\":\"https:\\\/\\\/secure.gravatar.com\\\/avatar\\\/a64364ea26392f9b4dd47e017ddaec74ff03aefc073b49e492e847201258f777?s=96&d=mm&r=g\",\"caption\":\"Bati-journal\"},\"url\":\"https:\\\/\\\/batijournal.com\\\/index.php\\\/author\\\/elodie\\\/\"}]}<\/script>\n<!-- \/ Yoast SEO plugin. -->","yoast_head_json":{"title":"Une tuile \u00e0 c\u00f4te esth\u00e9tique et \u00e9conomique","robots":{"index":"index","follow":"follow","max-snippet":"max-snippet:-1","max-image-preview":"max-image-preview:large","max-video-preview":"max-video-preview:-1"},"canonical":"https:\/\/batijournal.com\/index.php\/une-tuile-a-cote-esthetique-et-economique\/82873\/","og_locale":"fr_FR","og_type":"article","og_title":"Une tuile \u00e0 c\u00f4te esth\u00e9tique et \u00e9conomique","og_description":"Disponible en 5 coloris, la nouvelle tuile Montagny de Terreal s&rsquo;adapte \u00e0 tous les syst\u00e8mes constructifs et aux r\u00e9gions fran\u00e7aises o\u00f9 les tuiles \u00e0 c\u00f4tes sont mises en \u0153uvre. Elle se diff\u00e9rencie des tuiles \u00e0 c\u00f4tes traditionnelles par ses lignes \u00e9pur\u00e9es et sa c\u00f4te centrale moderne. Ses formes g\u00e9om\u00e9triques donnent aux toits un rythme harmonieux [&hellip;]","og_url":"https:\/\/batijournal.com\/index.php\/une-tuile-a-cote-esthetique-et-economique\/82873\/","og_site_name":"Batijournal","article_published_time":"2012-10-10T22:00:00+00:00","article_modified_time":"2019-07-15T10:36:43+00:00","og_image":[{"width":378,"height":599,"url":"https:\/\/batijournal.com\/wp-content\/uploads\/2015\/03\/52622936.jpg","type":"image\/jpeg"}],"author":"Bati-journal","twitter_card":"summary_large_image","twitter_creator":"@bati_journal","twitter_site":"@bati_journal","twitter_misc":{"\u00c9crit par":"Bati-journal","Dur\u00e9e de lecture estim\u00e9e":"1 minute"},"schema":{"@context":"https:\/\/schema.org","@graph":[{"@type":"Article","@id":"https:\/\/batijournal.com\/index.php\/une-tuile-a-cote-esthetique-et-economique\/82873\/#article","isPartOf":{"@id":"https:\/\/batijournal.com\/index.php\/une-tuile-a-cote-esthetique-et-economique\/82873\/"},"author":{"name":"Bati-journal","@id":"https:\/\/batijournal.com\/#\/schema\/person\/6a657e8967569e1b299972574848aa76"},"headline":"Une tuile \u00e0 c\u00f4te esth\u00e9tique et \u00e9conomique","datePublished":"2012-10-10T22:00:00+00:00","dateModified":"2019-07-15T10:36:43+00:00","mainEntityOfPage":{"@id":"https:\/\/batijournal.com\/index.php\/une-tuile-a-cote-esthetique-et-economique\/82873\/"},"wordCount":206,"commentCount":0,"image":{"@id":"https:\/\/batijournal.com\/index.php\/une-tuile-a-cote-esthetique-et-economique\/82873\/#primaryimage"},"thumbnailUrl":"https:\/\/batijournal.com\/wp-content\/uploads\/2015\/03\/52622936.jpg","keywords":["Terreal","tuile"],"articleSection":["Produits &amp; Solutions techniques"],"inLanguage":"fr-FR","potentialAction":[{"@type":"CommentAction","name":"Comment","target":["https:\/\/batijournal.com\/index.php\/une-tuile-a-cote-esthetique-et-economique\/82873\/#respond"]}]},{"@type":"WebPage","@id":"https:\/\/batijournal.com\/index.php\/une-tuile-a-cote-esthetique-et-economique\/82873\/","url":"https:\/\/batijournal.com\/index.php\/une-tuile-a-cote-esthetique-et-economique\/82873\/","name":"Une tuile \u00e0 c\u00f4te esth\u00e9tique et \u00e9conomique","isPartOf":{"@id":"https:\/\/batijournal.com\/#website"},"primaryImageOfPage":{"@id":"https:\/\/batijournal.com\/index.php\/une-tuile-a-cote-esthetique-et-economique\/82873\/#primaryimage"},"image":{"@id":"https:\/\/batijournal.com\/index.php\/une-tuile-a-cote-esthetique-et-economique\/82873\/#primaryimage"},"thumbnailUrl":"https:\/\/batijournal.com\/wp-content\/uploads\/2015\/03\/52622936.jpg","datePublished":"2012-10-10T22:00:00+00:00","dateModified":"2019-07-15T10:36:43+00:00","author":{"@id":"https:\/\/batijournal.com\/#\/schema\/person\/6a657e8967569e1b299972574848aa76"},"breadcrumb":{"@id":"https:\/\/batijournal.com\/index.php\/une-tuile-a-cote-esthetique-et-economique\/82873\/#breadcrumb"},"inLanguage":"fr-FR","potentialAction":[{"@type":"ReadAction","target":["https:\/\/batijournal.com\/index.php\/une-tuile-a-cote-esthetique-et-economique\/82873\/"]}]},{"@type":"ImageObject","inLanguage":"fr-FR","@id":"https:\/\/batijournal.com\/index.php\/une-tuile-a-cote-esthetique-et-economique\/82873\/#primaryimage","url":"https:\/\/batijournal.com\/wp-content\/uploads\/2015\/03\/52622936.jpg","contentUrl":"https:\/\/batijournal.com\/wp-content\/uploads\/2015\/03\/52622936.jpg","width":378,"height":599},{"@type":"BreadcrumbList","@id":"https:\/\/batijournal.com\/index.php\/une-tuile-a-cote-esthetique-et-economique\/82873\/#breadcrumb","itemListElement":[{"@type":"ListItem","position":1,"name":"Accueil","item":"https:\/\/batijournal.com\/"},{"@type":"ListItem","position":2,"name":"Produits &amp; Solutions techniques","item":"https:\/\/batijournal.com\/index.php\/category\/produits-solutions-techniques\/"},{"@type":"ListItem","position":3,"name":"Une tuile \u00e0 c\u00f4te esth\u00e9tique et \u00e9conomique"}]},{"@type":"WebSite","@id":"https:\/\/batijournal.com\/#website","url":"https:\/\/batijournal.com\/","name":"Batijournal","description":"L&#039;actualit\u00e9 du b\u00e2timent","potentialAction":[{"@type":"SearchAction","target":{"@type":"EntryPoint","urlTemplate":"https:\/\/batijournal.com\/?s={search_term_string}"},"query-input":{"@type":"PropertyValueSpecification","valueRequired":true,"valueName":"search_term_string"}}],"inLanguage":"fr-FR"},{"@type":"Person","@id":"https:\/\/batijournal.com\/#\/schema\/person\/6a657e8967569e1b299972574848aa76","name":"Bati-journal","image":{"@type":"ImageObject","inLanguage":"fr-FR","@id":"https:\/\/secure.gravatar.com\/avatar\/a64364ea26392f9b4dd47e017ddaec74ff03aefc073b49e492e847201258f777?s=96&d=mm&r=g","url":"https:\/\/secure.gravatar.com\/avatar\/a64364ea26392f9b4dd47e017ddaec74ff03aefc073b49e492e847201258f777?s=96&d=mm&r=g","contentUrl":"https:\/\/secure.gravatar.com\/avatar\/a64364ea26392f9b4dd47e017ddaec74ff03aefc073b49e492e847201258f777?s=96&d=mm&r=g","caption":"Bati-journal"},"url":"https:\/\/batijournal.com\/index.php\/author\/elodie\/"}]}},"_links":{"self":[{"href":"https:\/\/batijournal.com\/index.php\/wp-json\/wp\/v2\/posts\/82873","targetHints":{"allow":["GET"]}}],"collection":[{"href":"https:\/\/batijournal.com\/index.php\/wp-json\/wp\/v2\/posts"}],"about":[{"href":"https:\/\/batijournal.com\/index.php\/wp-json\/wp\/v2\/types\/post"}],"author":[{"embeddable":true,"href":"https:\/\/batijournal.com\/index.php\/wp-json\/wp\/v2\/users\/1"}],"replies":[{"embeddable":true,"href":"https:\/\/batijournal.com\/index.php\/wp-json\/wp\/v2\/comments?post=82873"}],"version-history":[{"count":0,"href":"https:\/\/batijournal.com\/index.php\/wp-json\/wp\/v2\/posts\/82873\/revisions"}],"wp:featuredmedia":[{"embeddable":true,"href":"https:\/\/batijournal.com\/index.php\/wp-json\/wp\/v2\/media\/82874"}],"wp:attachment":[{"href":"https:\/\/batijournal.com\/index.php\/wp-json\/wp\/v2\/media?parent=82873"}],"wp:term":[{"taxonomy":"category","embeddable":true,"href":"https:\/\/batijournal.com\/index.php\/wp-json\/wp\/v2\/categories?post=82873"},{"taxonomy":"post_tag","embeddable":true,"href":"https:\/\/batijournal.com\/index.php\/wp-json\/wp\/v2\/tags?post=82873"}],"curies":[{"name":"wp","href":"https:\/\/api.w.org\/{rel}","templated":true}]}}