{"id":84368,"date":"2007-09-10T00:00:00","date_gmt":"2007-09-09T22:00:00","guid":{"rendered":"http:\/\/b.bati-journal.com\/toitures-thermiques-de-verandas\/84368"},"modified":"2019-07-15T12:41:01","modified_gmt":"2019-07-15T10:41:01","slug":"toitures-thermiques-de-verandas","status":"publish","type":"post","link":"https:\/\/batijournal.com\/index.php\/toitures-thermiques-de-verandas\/84368\/","title":{"rendered":"Toitures thermiques de v\u00e9randas"},"content":{"rendered":"<p>Le syst\u00e8me de v\u00e9randa Eden, propos\u00e9 par Style de Vie, permet de concevoir une toiture 100 % thermique et assure un drainage des \u00e9ventuelles eaux d&rsquo;infiltration. La partie toiture est r\u00e9alis\u00e9e avec des porteurs tubulaires pouvant s&rsquo;adapter \u00e0 toute dimension de v\u00e9randa. Ces porteurs peuvent recevoir des remplissages ou des vitrages de 16 \u00e0 52 mm \u2013 la lumi\u00e8re et le c\u00e2blage \u00e9lectrique sont alors ins\u00e9r\u00e9s dans la partie tubulaire du porteur \u2013 ainsi que des stores toiles ext\u00e9rieurs avec motorisation. Style de Vie.<\/p>\n","protected":false},"excerpt":{"rendered":"<p>Le syst\u00e8me de v\u00e9randa Eden, propos\u00e9 par Style de Vie, permet de concevoir une toiture 100 % thermique et assure un drainage des \u00e9ventuelles eaux d&rsquo;infiltration. La partie toiture est r\u00e9alis\u00e9e avec des porteurs tubulaires pouvant s&rsquo;adapter \u00e0 toute dimension de v\u00e9randa. Ces porteurs peuvent recevoir des remplissages ou des vitrages de 16 \u00e0 52 [&hellip;]<\/p>\n","protected":false},"author":1,"featured_media":84369,"comment_status":"open","ping_status":"closed","sticky":false,"template":"","format":"standard","meta":{"_et_pb_use_builder":"","_et_pb_old_content":"","_et_gb_content_width":"","footnotes":""},"categories":[6356],"tags":[1915],"class_list":["post-84368","post","type-post","status-publish","format-standard","has-post-thumbnail","hentry","category-produits-solutions-techniques","tag-veranda"],"yoast_head":"<!-- This site is optimized with the Yoast SEO plugin v27.4 - https:\/\/yoast.com\/product\/yoast-seo-wordpress\/ -->\n<title>Toitures thermiques de v\u00e9randas<\/title>\n<meta name=\"robots\" content=\"index, follow, max-snippet:-1, max-image-preview:large, max-video-preview:-1\" \/>\n<link rel=\"canonical\" href=\"https:\/\/batijournal.com\/index.php\/toitures-thermiques-de-verandas\/84368\/\" \/>\n<meta property=\"og:locale\" content=\"fr_FR\" \/>\n<meta property=\"og:type\" content=\"article\" \/>\n<meta property=\"og:title\" content=\"Toitures thermiques de v\u00e9randas\" \/>\n<meta property=\"og:description\" content=\"Le syst\u00e8me de v\u00e9randa Eden, propos\u00e9 par Style de Vie, permet de concevoir une toiture 100 % thermique et assure un drainage des \u00e9ventuelles eaux d&rsquo;infiltration. La partie toiture est r\u00e9alis\u00e9e avec des porteurs tubulaires pouvant s&rsquo;adapter \u00e0 toute dimension de v\u00e9randa. Ces porteurs peuvent recevoir des remplissages ou des vitrages de 16 \u00e0 52 [&hellip;]\" \/>\n<meta property=\"og:url\" content=\"https:\/\/batijournal.com\/index.php\/toitures-thermiques-de-verandas\/84368\/\" \/>\n<meta property=\"og:site_name\" content=\"Batijournal\" \/>\n<meta property=\"article:published_time\" content=\"2007-09-09T22:00:00+00:00\" \/>\n<meta property=\"article:modified_time\" content=\"2019-07-15T10:41:01+00:00\" \/>\n<meta property=\"og:image\" content=\"https:\/\/batijournal.com\/wp-content\/uploads\/2015\/03\/001788.jpg\" \/>\n\t<meta property=\"og:image:width\" content=\"400\" \/>\n\t<meta property=\"og:image:height\" content=\"600\" \/>\n\t<meta property=\"og:image:type\" content=\"image\/jpeg\" \/>\n<meta name=\"author\" content=\"Bati-journal\" \/>\n<meta name=\"twitter:card\" content=\"summary_large_image\" \/>\n<meta name=\"twitter:creator\" content=\"@bati_journal\" \/>\n<meta name=\"twitter:site\" content=\"@bati_journal\" \/>\n<meta name=\"twitter:label1\" content=\"\u00c9crit par\" \/>\n\t<meta name=\"twitter:data1\" content=\"Bati-journal\" \/>\n<script type=\"application\/ld+json\" class=\"yoast-schema-graph\">{\"@context\":\"https:\\\/\\\/schema.org\",\"@graph\":[{\"@type\":\"Article\",\"@id\":\"https:\\\/\\\/batijournal.com\\\/index.php\\\/toitures-thermiques-de-verandas\\\/84368\\\/#article\",\"isPartOf\":{\"@id\":\"https:\\\/\\\/batijournal.com\\\/index.php\\\/toitures-thermiques-de-verandas\\\/84368\\\/\"},\"author\":{\"name\":\"Bati-journal\",\"@id\":\"https:\\\/\\\/batijournal.com\\\/#\\\/schema\\\/person\\\/6a657e8967569e1b299972574848aa76\"},\"headline\":\"Toitures thermiques de v\u00e9randas\",\"datePublished\":\"2007-09-09T22:00:00+00:00\",\"dateModified\":\"2019-07-15T10:41:01+00:00\",\"mainEntityOfPage\":{\"@id\":\"https:\\\/\\\/batijournal.com\\\/index.php\\\/toitures-thermiques-de-verandas\\\/84368\\\/\"},\"wordCount\":93,\"commentCount\":0,\"image\":{\"@id\":\"https:\\\/\\\/batijournal.com\\\/index.php\\\/toitures-thermiques-de-verandas\\\/84368\\\/#primaryimage\"},\"thumbnailUrl\":\"https:\\\/\\\/batijournal.com\\\/wp-content\\\/uploads\\\/2015\\\/03\\\/001788.jpg\",\"keywords\":[\"v\u00e9randa\"],\"articleSection\":[\"Produits &amp; Solutions techniques\"],\"inLanguage\":\"fr-FR\",\"potentialAction\":[{\"@type\":\"CommentAction\",\"name\":\"Comment\",\"target\":[\"https:\\\/\\\/batijournal.com\\\/index.php\\\/toitures-thermiques-de-verandas\\\/84368\\\/#respond\"]}]},{\"@type\":\"WebPage\",\"@id\":\"https:\\\/\\\/batijournal.com\\\/index.php\\\/toitures-thermiques-de-verandas\\\/84368\\\/\",\"url\":\"https:\\\/\\\/batijournal.com\\\/index.php\\\/toitures-thermiques-de-verandas\\\/84368\\\/\",\"name\":\"Toitures thermiques de v\u00e9randas\",\"isPartOf\":{\"@id\":\"https:\\\/\\\/batijournal.com\\\/#website\"},\"primaryImageOfPage\":{\"@id\":\"https:\\\/\\\/batijournal.com\\\/index.php\\\/toitures-thermiques-de-verandas\\\/84368\\\/#primaryimage\"},\"image\":{\"@id\":\"https:\\\/\\\/batijournal.com\\\/index.php\\\/toitures-thermiques-de-verandas\\\/84368\\\/#primaryimage\"},\"thumbnailUrl\":\"https:\\\/\\\/batijournal.com\\\/wp-content\\\/uploads\\\/2015\\\/03\\\/001788.jpg\",\"datePublished\":\"2007-09-09T22:00:00+00:00\",\"dateModified\":\"2019-07-15T10:41:01+00:00\",\"author\":{\"@id\":\"https:\\\/\\\/batijournal.com\\\/#\\\/schema\\\/person\\\/6a657e8967569e1b299972574848aa76\"},\"breadcrumb\":{\"@id\":\"https:\\\/\\\/batijournal.com\\\/index.php\\\/toitures-thermiques-de-verandas\\\/84368\\\/#breadcrumb\"},\"inLanguage\":\"fr-FR\",\"potentialAction\":[{\"@type\":\"ReadAction\",\"target\":[\"https:\\\/\\\/batijournal.com\\\/index.php\\\/toitures-thermiques-de-verandas\\\/84368\\\/\"]}]},{\"@type\":\"ImageObject\",\"inLanguage\":\"fr-FR\",\"@id\":\"https:\\\/\\\/batijournal.com\\\/index.php\\\/toitures-thermiques-de-verandas\\\/84368\\\/#primaryimage\",\"url\":\"https:\\\/\\\/batijournal.com\\\/wp-content\\\/uploads\\\/2015\\\/03\\\/001788.jpg\",\"contentUrl\":\"https:\\\/\\\/batijournal.com\\\/wp-content\\\/uploads\\\/2015\\\/03\\\/001788.jpg\",\"width\":400,\"height\":600},{\"@type\":\"BreadcrumbList\",\"@id\":\"https:\\\/\\\/batijournal.com\\\/index.php\\\/toitures-thermiques-de-verandas\\\/84368\\\/#breadcrumb\",\"itemListElement\":[{\"@type\":\"ListItem\",\"position\":1,\"name\":\"Accueil\",\"item\":\"https:\\\/\\\/batijournal.com\\\/\"},{\"@type\":\"ListItem\",\"position\":2,\"name\":\"Produits &amp; Solutions techniques\",\"item\":\"https:\\\/\\\/batijournal.com\\\/index.php\\\/category\\\/produits-solutions-techniques\\\/\"},{\"@type\":\"ListItem\",\"position\":3,\"name\":\"Toitures thermiques de v\u00e9randas\"}]},{\"@type\":\"WebSite\",\"@id\":\"https:\\\/\\\/batijournal.com\\\/#website\",\"url\":\"https:\\\/\\\/batijournal.com\\\/\",\"name\":\"Batijournal\",\"description\":\"L&#039;actualit\u00e9 du b\u00e2timent\",\"potentialAction\":[{\"@type\":\"SearchAction\",\"target\":{\"@type\":\"EntryPoint\",\"urlTemplate\":\"https:\\\/\\\/batijournal.com\\\/?s={search_term_string}\"},\"query-input\":{\"@type\":\"PropertyValueSpecification\",\"valueRequired\":true,\"valueName\":\"search_term_string\"}}],\"inLanguage\":\"fr-FR\"},{\"@type\":\"Person\",\"@id\":\"https:\\\/\\\/batijournal.com\\\/#\\\/schema\\\/person\\\/6a657e8967569e1b299972574848aa76\",\"name\":\"Bati-journal\",\"image\":{\"@type\":\"ImageObject\",\"inLanguage\":\"fr-FR\",\"@id\":\"https:\\\/\\\/secure.gravatar.com\\\/avatar\\\/a64364ea26392f9b4dd47e017ddaec74ff03aefc073b49e492e847201258f777?s=96&d=mm&r=g\",\"url\":\"https:\\\/\\\/secure.gravatar.com\\\/avatar\\\/a64364ea26392f9b4dd47e017ddaec74ff03aefc073b49e492e847201258f777?s=96&d=mm&r=g\",\"contentUrl\":\"https:\\\/\\\/secure.gravatar.com\\\/avatar\\\/a64364ea26392f9b4dd47e017ddaec74ff03aefc073b49e492e847201258f777?s=96&d=mm&r=g\",\"caption\":\"Bati-journal\"},\"url\":\"https:\\\/\\\/batijournal.com\\\/index.php\\\/author\\\/elodie\\\/\"}]}<\/script>\n<!-- \/ Yoast SEO plugin. -->","yoast_head_json":{"title":"Toitures thermiques de v\u00e9randas","robots":{"index":"index","follow":"follow","max-snippet":"max-snippet:-1","max-image-preview":"max-image-preview:large","max-video-preview":"max-video-preview:-1"},"canonical":"https:\/\/batijournal.com\/index.php\/toitures-thermiques-de-verandas\/84368\/","og_locale":"fr_FR","og_type":"article","og_title":"Toitures thermiques de v\u00e9randas","og_description":"Le syst\u00e8me de v\u00e9randa Eden, propos\u00e9 par Style de Vie, permet de concevoir une toiture 100 % thermique et assure un drainage des \u00e9ventuelles eaux d&rsquo;infiltration. La partie toiture est r\u00e9alis\u00e9e avec des porteurs tubulaires pouvant s&rsquo;adapter \u00e0 toute dimension de v\u00e9randa. Ces porteurs peuvent recevoir des remplissages ou des vitrages de 16 \u00e0 52 [&hellip;]","og_url":"https:\/\/batijournal.com\/index.php\/toitures-thermiques-de-verandas\/84368\/","og_site_name":"Batijournal","article_published_time":"2007-09-09T22:00:00+00:00","article_modified_time":"2019-07-15T10:41:01+00:00","og_image":[{"width":400,"height":600,"url":"https:\/\/batijournal.com\/wp-content\/uploads\/2015\/03\/001788.jpg","type":"image\/jpeg"}],"author":"Bati-journal","twitter_card":"summary_large_image","twitter_creator":"@bati_journal","twitter_site":"@bati_journal","twitter_misc":{"\u00c9crit par":"Bati-journal"},"schema":{"@context":"https:\/\/schema.org","@graph":[{"@type":"Article","@id":"https:\/\/batijournal.com\/index.php\/toitures-thermiques-de-verandas\/84368\/#article","isPartOf":{"@id":"https:\/\/batijournal.com\/index.php\/toitures-thermiques-de-verandas\/84368\/"},"author":{"name":"Bati-journal","@id":"https:\/\/batijournal.com\/#\/schema\/person\/6a657e8967569e1b299972574848aa76"},"headline":"Toitures thermiques de v\u00e9randas","datePublished":"2007-09-09T22:00:00+00:00","dateModified":"2019-07-15T10:41:01+00:00","mainEntityOfPage":{"@id":"https:\/\/batijournal.com\/index.php\/toitures-thermiques-de-verandas\/84368\/"},"wordCount":93,"commentCount":0,"image":{"@id":"https:\/\/batijournal.com\/index.php\/toitures-thermiques-de-verandas\/84368\/#primaryimage"},"thumbnailUrl":"https:\/\/batijournal.com\/wp-content\/uploads\/2015\/03\/001788.jpg","keywords":["v\u00e9randa"],"articleSection":["Produits &amp; Solutions techniques"],"inLanguage":"fr-FR","potentialAction":[{"@type":"CommentAction","name":"Comment","target":["https:\/\/batijournal.com\/index.php\/toitures-thermiques-de-verandas\/84368\/#respond"]}]},{"@type":"WebPage","@id":"https:\/\/batijournal.com\/index.php\/toitures-thermiques-de-verandas\/84368\/","url":"https:\/\/batijournal.com\/index.php\/toitures-thermiques-de-verandas\/84368\/","name":"Toitures thermiques de v\u00e9randas","isPartOf":{"@id":"https:\/\/batijournal.com\/#website"},"primaryImageOfPage":{"@id":"https:\/\/batijournal.com\/index.php\/toitures-thermiques-de-verandas\/84368\/#primaryimage"},"image":{"@id":"https:\/\/batijournal.com\/index.php\/toitures-thermiques-de-verandas\/84368\/#primaryimage"},"thumbnailUrl":"https:\/\/batijournal.com\/wp-content\/uploads\/2015\/03\/001788.jpg","datePublished":"2007-09-09T22:00:00+00:00","dateModified":"2019-07-15T10:41:01+00:00","author":{"@id":"https:\/\/batijournal.com\/#\/schema\/person\/6a657e8967569e1b299972574848aa76"},"breadcrumb":{"@id":"https:\/\/batijournal.com\/index.php\/toitures-thermiques-de-verandas\/84368\/#breadcrumb"},"inLanguage":"fr-FR","potentialAction":[{"@type":"ReadAction","target":["https:\/\/batijournal.com\/index.php\/toitures-thermiques-de-verandas\/84368\/"]}]},{"@type":"ImageObject","inLanguage":"fr-FR","@id":"https:\/\/batijournal.com\/index.php\/toitures-thermiques-de-verandas\/84368\/#primaryimage","url":"https:\/\/batijournal.com\/wp-content\/uploads\/2015\/03\/001788.jpg","contentUrl":"https:\/\/batijournal.com\/wp-content\/uploads\/2015\/03\/001788.jpg","width":400,"height":600},{"@type":"BreadcrumbList","@id":"https:\/\/batijournal.com\/index.php\/toitures-thermiques-de-verandas\/84368\/#breadcrumb","itemListElement":[{"@type":"ListItem","position":1,"name":"Accueil","item":"https:\/\/batijournal.com\/"},{"@type":"ListItem","position":2,"name":"Produits &amp; Solutions techniques","item":"https:\/\/batijournal.com\/index.php\/category\/produits-solutions-techniques\/"},{"@type":"ListItem","position":3,"name":"Toitures thermiques de v\u00e9randas"}]},{"@type":"WebSite","@id":"https:\/\/batijournal.com\/#website","url":"https:\/\/batijournal.com\/","name":"Batijournal","description":"L&#039;actualit\u00e9 du b\u00e2timent","potentialAction":[{"@type":"SearchAction","target":{"@type":"EntryPoint","urlTemplate":"https:\/\/batijournal.com\/?s={search_term_string}"},"query-input":{"@type":"PropertyValueSpecification","valueRequired":true,"valueName":"search_term_string"}}],"inLanguage":"fr-FR"},{"@type":"Person","@id":"https:\/\/batijournal.com\/#\/schema\/person\/6a657e8967569e1b299972574848aa76","name":"Bati-journal","image":{"@type":"ImageObject","inLanguage":"fr-FR","@id":"https:\/\/secure.gravatar.com\/avatar\/a64364ea26392f9b4dd47e017ddaec74ff03aefc073b49e492e847201258f777?s=96&d=mm&r=g","url":"https:\/\/secure.gravatar.com\/avatar\/a64364ea26392f9b4dd47e017ddaec74ff03aefc073b49e492e847201258f777?s=96&d=mm&r=g","contentUrl":"https:\/\/secure.gravatar.com\/avatar\/a64364ea26392f9b4dd47e017ddaec74ff03aefc073b49e492e847201258f777?s=96&d=mm&r=g","caption":"Bati-journal"},"url":"https:\/\/batijournal.com\/index.php\/author\/elodie\/"}]}},"_links":{"self":[{"href":"https:\/\/batijournal.com\/index.php\/wp-json\/wp\/v2\/posts\/84368","targetHints":{"allow":["GET"]}}],"collection":[{"href":"https:\/\/batijournal.com\/index.php\/wp-json\/wp\/v2\/posts"}],"about":[{"href":"https:\/\/batijournal.com\/index.php\/wp-json\/wp\/v2\/types\/post"}],"author":[{"embeddable":true,"href":"https:\/\/batijournal.com\/index.php\/wp-json\/wp\/v2\/users\/1"}],"replies":[{"embeddable":true,"href":"https:\/\/batijournal.com\/index.php\/wp-json\/wp\/v2\/comments?post=84368"}],"version-history":[{"count":0,"href":"https:\/\/batijournal.com\/index.php\/wp-json\/wp\/v2\/posts\/84368\/revisions"}],"wp:featuredmedia":[{"embeddable":true,"href":"https:\/\/batijournal.com\/index.php\/wp-json\/wp\/v2\/media\/84369"}],"wp:attachment":[{"href":"https:\/\/batijournal.com\/index.php\/wp-json\/wp\/v2\/media?parent=84368"}],"wp:term":[{"taxonomy":"category","embeddable":true,"href":"https:\/\/batijournal.com\/index.php\/wp-json\/wp\/v2\/categories?post=84368"},{"taxonomy":"post_tag","embeddable":true,"href":"https:\/\/batijournal.com\/index.php\/wp-json\/wp\/v2\/tags?post=84368"}],"curies":[{"name":"wp","href":"https:\/\/api.w.org\/{rel}","templated":true}]}}