{"id":86332,"date":"2013-04-16T08:00:07","date_gmt":"2013-04-16T06:00:07","guid":{"rendered":"http:\/\/b.bati-journal.com\/?p=86332"},"modified":"2019-07-15T11:29:00","modified_gmt":"2019-07-15T09:29:00","slug":"5e-palmares-regional-de-la-construction-bois-alsace","status":"publish","type":"post","link":"https:\/\/batijournal.com\/index.php\/5e-palmares-regional-de-la-construction-bois-alsace\/86332\/","title":{"rendered":"5e Palmar\u00e8s r\u00e9gional de la construction bois Alsace"},"content":{"rendered":"<p><span class=\"lettrine\">V<\/span>ingt-trois projets d\u2019architectes, de ma\u00eetres d\u2019\u0153uvre et d\u2019entreprises de construction bois ont \u00e9t\u00e9 s\u00e9lectionn\u00e9s pour le Palmar\u00e8s r\u00e9gional de la construction bois avant d&rsquo;\u00eatre expos\u00e9s au salon de l\u2019Habitat, qui s\u2019est tenu du 5 au 8 avril \u00e0 Strasbourg.<br \/>\nLe Palmar\u00e8s r\u00e9gional de la construction bois organis\u00e9 par Fibois Alsace, avec le concours de la Corporation des entreprises de charpente du Haut-Rhin et de la F\u00e9d\u00e9ration du gros \u0153uvre et de la charpente du Bas-Rhin b\u00e9n\u00e9ficie du soutien de Strasbourg Ev\u00e8nements et du partenariat d\u2019Alsace Qualit\u00e9 Environnement, de la R\u00e9gion Alsace et de France Bois For\u00eat.<\/p>\n<p>La remise des prix a eu lieu le 8 avril, voici quatre projets prim\u00e9s\u2026 Ces r\u00e9alisations laur\u00e9ates seront int\u00e9gr\u00e9s au Prix national de la construction bois organis\u00e9 par France Bois R\u00e9gions (R\u00e9seau des interprofessions r\u00e9gionales de la for\u00eat et du bois) et le CNDB (Comit\u00e9 national pour le d\u00e9veloppement du bois). Ce prix valorise le dynamisme de l\u2019architecture bois en France, en faisant converger l\u2019ensemble des initiatives existantes en r\u00e9gions.<br \/>\nPour y participer : <a href=\"http:\/\/www.prixnational-boisconstruction.org\" target=\"_blank\" rel=\"noopener noreferrer\">www.prixnational-boisconstruction.org<\/a><\/p>\n<p><a href=\"http:\/\/b.bati-journal.com\/wp-content\/uploads\/2015\/03\/61794905.jpg\"><img loading=\"lazy\" decoding=\"async\" class=\"aligncenter size-full wp-image-86333\" src=\"http:\/\/b.bati-journal.com\/wp-content\/uploads\/2015\/03\/61794905.jpg\" alt=\"61794905\" width=\"600\" height=\"450\" srcset=\"https:\/\/batijournal.com\/wp-content\/uploads\/2015\/03\/61794905.jpg 600w, https:\/\/batijournal.com\/wp-content\/uploads\/2015\/03\/61794905-300x225.jpg 300w\" sizes=\"(max-width: 600px) 100vw, 600px\" \/><\/a><\/p>\n<p>Prix Fibois Alsace, cat\u00e9gorie logement individuel<\/p>\n<p>Maison individuelle, Oberhof (67)<br \/>\nArchitecte : G. Studio<br \/>\nEntreprises des lots bois : Charpentes Martin, Hunsinger, Kern<br \/>\nFocus technique<br \/>\n\u2022 Structure : ossature bois, planchers TJI, charpente traditionnelle<br \/>\n\u2022 V\u00eature ext\u00e9rieure : bardage en m\u00e9l\u00e8ze brut de sciage<br \/>\n\u2022 Fermeture : menuiseries et brise-soleil en bois naturel<br \/>\n\u2022 Isolation int\u00e9rieure en ouate de cellulose (\u00e9p. 25 cm) ; isolation par l\u2019ext\u00e9rieur en fibres de bois (\u00e9p. 8 cm)<br \/>\n\u2022 Po\u00eale \u00e0 bois (b\u00fbches), ballon d\u2019eau chaude \u00e9lectrique, VMC double flux<br \/>\n\u2022 Menuiseries int\u00e9rieures : porte + mezzanine ; rev\u00eatement mural, \u00e9brasements de fen\u00eatres et portes : 3 plis d\u2019\u00e9pic\u00e9a<br \/>\n\u2022 Platelage ; bordures en robinier pour les bassins de la phyto\u00e9puration<\/p>\n<p>Surface habitable : 110 m2<br \/>\nVolume de bois consomm\u00e9 : 45 m3<br \/>\nCo\u00fbt global : 200 000 euros HT<br \/>\nCo\u00fbt des lots bois : 140 000 euros HT<br \/>\nConsommation estim\u00e9e en \u00e9nergie primaire : 50 kWh\/m2\/an<br \/>\nProvenance des bois de structure : Vosges, Europe du Nord<br \/>\nEssences principales : \u00e9pic\u00e9a, m\u00e9l\u00e8ze, Douglas<br \/>\nBois certifi\u00e9s PEFC<\/p>\n<p><a href=\"http:\/\/b.bati-journal.com\/wp-content\/uploads\/2015\/03\/61795777.jpg\"><img loading=\"lazy\" decoding=\"async\" class=\"aligncenter size-full wp-image-86334\" src=\"http:\/\/b.bati-journal.com\/wp-content\/uploads\/2015\/03\/61795777.jpg\" alt=\"61795777\" width=\"599\" height=\"400\" srcset=\"https:\/\/batijournal.com\/wp-content\/uploads\/2015\/03\/61795777.jpg 599w, https:\/\/batijournal.com\/wp-content\/uploads\/2015\/03\/61795777-300x200.jpg 300w\" sizes=\"(max-width: 599px) 100vw, 599px\" \/><\/a><\/p>\n<p>Prix Fibois Alsace, cat\u00e9gorie logement collectif : peloton de gendarmerie de montagne, Hohrod (68)<\/p>\n<p><span class=\"lettrine\">M<\/span>a\u00eetres d\u2019\u0153uvre : Kauffmann &amp; Wassmer Architectes, Colmar<br \/>\nEntreprises des lots bois : Charpentes Martin, Kleinhenny, VOB, Schoenenberger<br \/>\nFocus technique<br \/>\n\u2022 Structure : murs ossature bois (Mob) remplis de laine de bois, dalles de bois massives en lamell\u00e9-coll\u00e9, charpente tradition-nelle<br \/>\n\u2022 V\u00eature ext\u00e9rieure : bardage bois vertical ajour\u00e9 en m\u00e9l\u00e8ze sur les faces les moins expos\u00e9es, les sous-faces de toiture et les loggias ; ardoises fibres-ciment ; zinc<br \/>\n\u2022 Fermeture : menuiseries mixtes bois\/aluminium, brise-soleil orientable, volet aluminium<br \/>\n\u2022 Isolation int\u00e9rieure en fibres de bois (\u00e9p. 14 cm), doublage in-t\u00e9rieur en laine de verre de 4 cm ; isolation par l\u2019ext\u00e9rieur en laine de roche (\u00e9p. 6 cm)<br \/>\n\u2022 PAC air\/eau, panneaux solaires thermiques, VMC simple flux hygror\u00e9glable<br \/>\n\u2022 Lames de terrasse en m\u00e9l\u00e8ze<br \/>\nLa structure est mixte bois\/b\u00e9ton. Les voiles et certaines dalles en b\u00e9ton arm\u00e9 assurent le contreventement.<\/p>\n<p>Surface habitable : 1 269 m2 ; 14 logements<br \/>\nVolume de bois consomm\u00e9 : 167 m3<br \/>\nCo\u00fbt global : 2 373 000 euros HT<br \/>\nCo\u00fbt des lots bois : 412 000 euros HT<br \/>\nConsommation constat\u00e9e en \u00e9nergie primaire : 67 kWh\/m2\/an<br \/>\nProvenance des bois de structure : France, UE<br \/>\nEssences principales : sapin, m\u00e9l\u00e8ze<br \/>\nBois certifi\u00e9s PEFC<\/p>\n<p><a href=\"http:\/\/b.bati-journal.com\/wp-content\/uploads\/2015\/03\/61795923.jpg\"><img loading=\"lazy\" decoding=\"async\" class=\"aligncenter size-full wp-image-86335\" src=\"http:\/\/b.bati-journal.com\/wp-content\/uploads\/2015\/03\/61795923.jpg\" alt=\"61795923\" width=\"599\" height=\"400\" srcset=\"https:\/\/batijournal.com\/wp-content\/uploads\/2015\/03\/61795923.jpg 599w, https:\/\/batijournal.com\/wp-content\/uploads\/2015\/03\/61795923-300x200.jpg 300w\" sizes=\"(max-width: 599px) 100vw, 599px\" \/><\/a><\/p>\n<p>Prix Fibois Alsace, cat\u00e9gorie extension<\/p>\n<p><span class=\"lettrine\">E<\/span>xtension de maison individuelle, Sundhoffen (67) Ma\u00eetres d\u2019\u0153uvre : Kauffmann &amp; Wassmer Architectes, Colmar Entreprises des lots bois : Berret Charpente<br \/>\nFocus technique<br \/>\n\u2022 Structure : ossature bois, charpente lamell\u00e9-coll\u00e9<br \/>\n\u2022 V\u00eature ext\u00e9rieure : bardage composite (panneaux fibres-ciment)<br \/>\n\u2022 Fermeture : menuiseries aluminium, brise-soleil orientable<br \/>\n\u2022 Isolation int\u00e9rieure en fibres de bois (\u00e9p. 14 cm) ; isolation par l\u2019ext\u00e9rieur en laine min\u00e9rale (\u00e9p. 10 cm)<br \/>\n\u2022 G\u00e9othermie, ballon d\u2019eau chaude \u00e9lectrique, VMC simple flux hygror\u00e9glable<\/p>\n<p>Surface : 80 m2<br \/>\nVolume de bois consomm\u00e9 : 24 m3<br \/>\nCo\u00fbt global : 184 000 euros HT<br \/>\nCo\u00fbt des lots bois : 20 000 euros HT<br \/>\nConsommation constat\u00e9e en \u00e9nergie primaire : 70 kWh\/m2\/an<br \/>\nProvenance des bois de structure : France, UE<br \/>\nEssences principales : sapin<br \/>\nBois certifi\u00e9s PEFC<\/p>\n<p><a href=\"http:\/\/b.bati-journal.com\/wp-content\/uploads\/2015\/03\/61796004.jpg\"><img loading=\"lazy\" decoding=\"async\" class=\"aligncenter size-full wp-image-86336\" src=\"http:\/\/b.bati-journal.com\/wp-content\/uploads\/2015\/03\/61796004.jpg\" alt=\"61796004\" width=\"599\" height=\"400\" srcset=\"https:\/\/batijournal.com\/wp-content\/uploads\/2015\/03\/61796004.jpg 599w, https:\/\/batijournal.com\/wp-content\/uploads\/2015\/03\/61796004-300x200.jpg 300w\" sizes=\"(max-width: 599px) 100vw, 599px\" \/><\/a><\/p>\n<p>Prix Grand Public : maison individuelle, Walbach (68)<\/p>\n<p><span class=\"lettrine\">F<\/span>ocus technique<br \/>\n\u2022 Structure : ossature bois, planchers bois avec solivage tradi-tionnel, charpente traditionnelle<br \/>\n\u2022 V\u00eature ext\u00e9rieure : enduit<br \/>\n\u2022 Fermeture : menuiseries aluminium, brise-soleil orientable<br \/>\n\u2022 Isolation int\u00e9rieure en fibres de bois (\u00e9p. 14 cm) ; isolation par l\u2019ext\u00e9rieur en polystyr\u00e8ne (\u00e9p. 6 cm)<br \/>\n\u2022 G\u00e9othermie, ballon d\u2019eau chaude \u00e9lectrique, VMC simple flux hygror\u00e9glable<\/p>\n<p>Surface habitable : 220 m2<br \/>\nVolume de bois consomm\u00e9 : 22 m3<br \/>\nCo\u00fbt global : 450 000 euros HT<br \/>\nCo\u00fbt des lots bois : 40 000 euros HT<br \/>\nConsommation constat\u00e9e en \u00e9nergie primaire : 68 kWh\/m2\/an<br \/>\nProvenance des bois de structure : France, Europe<br \/>\nEssences principales : sapin<br \/>\nBois certifi\u00e9s PEFC<\/p>\n<p><a href=\"http:\/\/b.bati-journal.com\/wp-content\/uploads\/2015\/03\/61796117.jpg\"><img loading=\"lazy\" decoding=\"async\" class=\"aligncenter size-full wp-image-86338\" src=\"http:\/\/b.bati-journal.com\/wp-content\/uploads\/2015\/03\/61796117.jpg\" alt=\"61796117\" width=\"599\" height=\"400\" srcset=\"https:\/\/batijournal.com\/wp-content\/uploads\/2015\/03\/61796117.jpg 599w, https:\/\/batijournal.com\/wp-content\/uploads\/2015\/03\/61796117-300x200.jpg 300w\" sizes=\"(max-width: 599px) 100vw, 599px\" \/><\/a>Mention sp\u00e9ciale<\/p>\n<p><span class=\"lettrine\">M<\/span>aison individuelle, Obermorschwiller (68) Ma\u00eetres d\u2019\u0153uvre : Atelier d\u2019Architecture Picquet-Juen Entreprises des lots bois : Fuchs Construction bois, Fuchs Etterlen<br \/>\nFocus technique<br \/>\n\u2022 Structure : ossature bois, poteaux-poutres, planchers bois avec solivage traditionnel, charpente traditionnelle<br \/>\n\u2022 V\u00eature ext\u00e9rieure : bardage ajour\u00e9 vertical lasur\u00e9<br \/>\n\u2022 Fermeture : menuiseries mixtes bois\/aluminium<br \/>\n\u2022 Isolation int\u00e9rieure en ouate de cellulose (\u00e9p. 20 cm) ;<br \/>\n\u2022 Po\u00eale \u00e0 bois (b\u00fbches), chauffage \u00e9lectrique, ballon d\u2019eau chaude \u00e9lectrique, VMC simple flux hygror\u00e9glable<\/p>\n<p>Surface habitable : 110 m2<br \/>\nVolume de bois consomm\u00e9 : 34 m3<br \/>\nCo\u00fbt global : 150 000 euros HT<br \/>\nCo\u00fbt des lots bois : 110 000 euros HT<br \/>\nConsommation estim\u00e9e en \u00e9nergie primaire : &lt; 50 kWh\/m2\/an<br \/>\nProvenance des bois de structure : Vosges, For\u00eat-Noire<br \/>\nEssences principales : sapin<\/p>\n<p>&nbsp;<\/p>\n","protected":false},"excerpt":{"rendered":"<p>Vingt-trois projets d\u2019architectes, de ma\u00eetres d\u2019\u0153uvre et d\u2019entreprises de construction bois ont \u00e9t\u00e9 s\u00e9lectionn\u00e9s pour le Palmar\u00e8s r\u00e9gional de la construction bois avant d&rsquo;\u00eatre expos\u00e9s au salon de l\u2019Habitat, qui s\u2019est tenu du 5 au 8 avril \u00e0 Strasbourg. Le Palmar\u00e8s r\u00e9gional de la construction bois organis\u00e9 par Fibois Alsace, avec le concours de la [&hellip;]<\/p>\n","protected":false},"author":1,"featured_media":86333,"comment_status":"open","ping_status":"closed","sticky":false,"template":"","format":"standard","meta":{"_et_pb_use_builder":"","_et_pb_old_content":"","_et_gb_content_width":"","footnotes":""},"categories":[6340],"tags":[],"class_list":["post-86332","post","type-post","status-publish","format-standard","has-post-thumbnail","hentry","category-architecture-conception"],"yoast_head":"<!-- This site is optimized with the Yoast SEO plugin v27.4 - https:\/\/yoast.com\/product\/yoast-seo-wordpress\/ -->\n<title>5e Palmar\u00e8s r\u00e9gional de la construction bois Alsace<\/title>\n<meta name=\"robots\" content=\"index, follow, max-snippet:-1, max-image-preview:large, max-video-preview:-1\" \/>\n<link rel=\"canonical\" href=\"https:\/\/batijournal.com\/index.php\/5e-palmares-regional-de-la-construction-bois-alsace\/86332\/\" \/>\n<meta property=\"og:locale\" content=\"fr_FR\" \/>\n<meta property=\"og:type\" content=\"article\" \/>\n<meta property=\"og:title\" content=\"5e Palmar\u00e8s r\u00e9gional de la construction bois Alsace\" \/>\n<meta property=\"og:description\" content=\"Vingt-trois projets d\u2019architectes, de ma\u00eetres d\u2019\u0153uvre et d\u2019entreprises de construction bois ont \u00e9t\u00e9 s\u00e9lectionn\u00e9s pour le Palmar\u00e8s r\u00e9gional de la construction bois avant d&rsquo;\u00eatre expos\u00e9s au salon de l\u2019Habitat, qui s\u2019est tenu du 5 au 8 avril \u00e0 Strasbourg. Le Palmar\u00e8s r\u00e9gional de la construction bois organis\u00e9 par Fibois Alsace, avec le concours de la [&hellip;]\" \/>\n<meta property=\"og:url\" content=\"https:\/\/batijournal.com\/index.php\/5e-palmares-regional-de-la-construction-bois-alsace\/86332\/\" \/>\n<meta property=\"og:site_name\" content=\"Batijournal\" \/>\n<meta property=\"article:published_time\" content=\"2013-04-16T06:00:07+00:00\" \/>\n<meta property=\"article:modified_time\" content=\"2019-07-15T09:29:00+00:00\" \/>\n<meta property=\"og:image\" content=\"https:\/\/batijournal.com\/wp-content\/uploads\/2015\/03\/61794905.jpg\" \/>\n\t<meta property=\"og:image:width\" content=\"600\" \/>\n\t<meta property=\"og:image:height\" content=\"450\" \/>\n\t<meta property=\"og:image:type\" content=\"image\/jpeg\" \/>\n<meta name=\"author\" content=\"Bati-journal\" \/>\n<meta name=\"twitter:card\" content=\"summary_large_image\" \/>\n<meta name=\"twitter:creator\" content=\"@bati_journal\" \/>\n<meta name=\"twitter:site\" content=\"@bati_journal\" \/>\n<meta name=\"twitter:label1\" content=\"\u00c9crit par\" \/>\n\t<meta name=\"twitter:data1\" content=\"Bati-journal\" \/>\n\t<meta name=\"twitter:label2\" content=\"Dur\u00e9e de lecture estim\u00e9e\" \/>\n\t<meta name=\"twitter:data2\" content=\"5 minutes\" \/>\n<script type=\"application\/ld+json\" class=\"yoast-schema-graph\">{\"@context\":\"https:\\\/\\\/schema.org\",\"@graph\":[{\"@type\":\"Article\",\"@id\":\"https:\\\/\\\/batijournal.com\\\/index.php\\\/5e-palmares-regional-de-la-construction-bois-alsace\\\/86332\\\/#article\",\"isPartOf\":{\"@id\":\"https:\\\/\\\/batijournal.com\\\/index.php\\\/5e-palmares-regional-de-la-construction-bois-alsace\\\/86332\\\/\"},\"author\":{\"name\":\"Bati-journal\",\"@id\":\"https:\\\/\\\/batijournal.com\\\/#\\\/schema\\\/person\\\/6a657e8967569e1b299972574848aa76\"},\"headline\":\"5e Palmar\u00e8s r\u00e9gional de la construction bois Alsace\",\"datePublished\":\"2013-04-16T06:00:07+00:00\",\"dateModified\":\"2019-07-15T09:29:00+00:00\",\"mainEntityOfPage\":{\"@id\":\"https:\\\/\\\/batijournal.com\\\/index.php\\\/5e-palmares-regional-de-la-construction-bois-alsace\\\/86332\\\/\"},\"wordCount\":917,\"commentCount\":0,\"image\":{\"@id\":\"https:\\\/\\\/batijournal.com\\\/index.php\\\/5e-palmares-regional-de-la-construction-bois-alsace\\\/86332\\\/#primaryimage\"},\"thumbnailUrl\":\"https:\\\/\\\/batijournal.com\\\/wp-content\\\/uploads\\\/2015\\\/03\\\/61794905.jpg\",\"articleSection\":[\"Architecture &amp; Conception\"],\"inLanguage\":\"fr-FR\",\"potentialAction\":[{\"@type\":\"CommentAction\",\"name\":\"Comment\",\"target\":[\"https:\\\/\\\/batijournal.com\\\/index.php\\\/5e-palmares-regional-de-la-construction-bois-alsace\\\/86332\\\/#respond\"]}]},{\"@type\":\"WebPage\",\"@id\":\"https:\\\/\\\/batijournal.com\\\/index.php\\\/5e-palmares-regional-de-la-construction-bois-alsace\\\/86332\\\/\",\"url\":\"https:\\\/\\\/batijournal.com\\\/index.php\\\/5e-palmares-regional-de-la-construction-bois-alsace\\\/86332\\\/\",\"name\":\"5e Palmar\u00e8s r\u00e9gional de la construction bois Alsace\",\"isPartOf\":{\"@id\":\"https:\\\/\\\/batijournal.com\\\/#website\"},\"primaryImageOfPage\":{\"@id\":\"https:\\\/\\\/batijournal.com\\\/index.php\\\/5e-palmares-regional-de-la-construction-bois-alsace\\\/86332\\\/#primaryimage\"},\"image\":{\"@id\":\"https:\\\/\\\/batijournal.com\\\/index.php\\\/5e-palmares-regional-de-la-construction-bois-alsace\\\/86332\\\/#primaryimage\"},\"thumbnailUrl\":\"https:\\\/\\\/batijournal.com\\\/wp-content\\\/uploads\\\/2015\\\/03\\\/61794905.jpg\",\"datePublished\":\"2013-04-16T06:00:07+00:00\",\"dateModified\":\"2019-07-15T09:29:00+00:00\",\"author\":{\"@id\":\"https:\\\/\\\/batijournal.com\\\/#\\\/schema\\\/person\\\/6a657e8967569e1b299972574848aa76\"},\"breadcrumb\":{\"@id\":\"https:\\\/\\\/batijournal.com\\\/index.php\\\/5e-palmares-regional-de-la-construction-bois-alsace\\\/86332\\\/#breadcrumb\"},\"inLanguage\":\"fr-FR\",\"potentialAction\":[{\"@type\":\"ReadAction\",\"target\":[\"https:\\\/\\\/batijournal.com\\\/index.php\\\/5e-palmares-regional-de-la-construction-bois-alsace\\\/86332\\\/\"]}]},{\"@type\":\"ImageObject\",\"inLanguage\":\"fr-FR\",\"@id\":\"https:\\\/\\\/batijournal.com\\\/index.php\\\/5e-palmares-regional-de-la-construction-bois-alsace\\\/86332\\\/#primaryimage\",\"url\":\"https:\\\/\\\/batijournal.com\\\/wp-content\\\/uploads\\\/2015\\\/03\\\/61794905.jpg\",\"contentUrl\":\"https:\\\/\\\/batijournal.com\\\/wp-content\\\/uploads\\\/2015\\\/03\\\/61794905.jpg\",\"width\":600,\"height\":450},{\"@type\":\"BreadcrumbList\",\"@id\":\"https:\\\/\\\/batijournal.com\\\/index.php\\\/5e-palmares-regional-de-la-construction-bois-alsace\\\/86332\\\/#breadcrumb\",\"itemListElement\":[{\"@type\":\"ListItem\",\"position\":1,\"name\":\"Accueil\",\"item\":\"https:\\\/\\\/batijournal.com\\\/\"},{\"@type\":\"ListItem\",\"position\":2,\"name\":\"Actualit\u00e9s\",\"item\":\"https:\\\/\\\/batijournal.com\\\/index.php\\\/category\\\/actualites\\\/\"},{\"@type\":\"ListItem\",\"position\":3,\"name\":\"Architecture &amp; Conception\",\"item\":\"https:\\\/\\\/batijournal.com\\\/index.php\\\/category\\\/actualites\\\/architecture-conception\\\/\"},{\"@type\":\"ListItem\",\"position\":4,\"name\":\"5e Palmar\u00e8s r\u00e9gional de la construction bois Alsace\"}]},{\"@type\":\"WebSite\",\"@id\":\"https:\\\/\\\/batijournal.com\\\/#website\",\"url\":\"https:\\\/\\\/batijournal.com\\\/\",\"name\":\"Batijournal\",\"description\":\"L&#039;actualit\u00e9 du b\u00e2timent\",\"potentialAction\":[{\"@type\":\"SearchAction\",\"target\":{\"@type\":\"EntryPoint\",\"urlTemplate\":\"https:\\\/\\\/batijournal.com\\\/?s={search_term_string}\"},\"query-input\":{\"@type\":\"PropertyValueSpecification\",\"valueRequired\":true,\"valueName\":\"search_term_string\"}}],\"inLanguage\":\"fr-FR\"},{\"@type\":\"Person\",\"@id\":\"https:\\\/\\\/batijournal.com\\\/#\\\/schema\\\/person\\\/6a657e8967569e1b299972574848aa76\",\"name\":\"Bati-journal\",\"image\":{\"@type\":\"ImageObject\",\"inLanguage\":\"fr-FR\",\"@id\":\"https:\\\/\\\/secure.gravatar.com\\\/avatar\\\/a64364ea26392f9b4dd47e017ddaec74ff03aefc073b49e492e847201258f777?s=96&d=mm&r=g\",\"url\":\"https:\\\/\\\/secure.gravatar.com\\\/avatar\\\/a64364ea26392f9b4dd47e017ddaec74ff03aefc073b49e492e847201258f777?s=96&d=mm&r=g\",\"contentUrl\":\"https:\\\/\\\/secure.gravatar.com\\\/avatar\\\/a64364ea26392f9b4dd47e017ddaec74ff03aefc073b49e492e847201258f777?s=96&d=mm&r=g\",\"caption\":\"Bati-journal\"},\"url\":\"https:\\\/\\\/batijournal.com\\\/index.php\\\/author\\\/elodie\\\/\"}]}<\/script>\n<!-- \/ Yoast SEO plugin. -->","yoast_head_json":{"title":"5e Palmar\u00e8s r\u00e9gional de la construction bois Alsace","robots":{"index":"index","follow":"follow","max-snippet":"max-snippet:-1","max-image-preview":"max-image-preview:large","max-video-preview":"max-video-preview:-1"},"canonical":"https:\/\/batijournal.com\/index.php\/5e-palmares-regional-de-la-construction-bois-alsace\/86332\/","og_locale":"fr_FR","og_type":"article","og_title":"5e Palmar\u00e8s r\u00e9gional de la construction bois Alsace","og_description":"Vingt-trois projets d\u2019architectes, de ma\u00eetres d\u2019\u0153uvre et d\u2019entreprises de construction bois ont \u00e9t\u00e9 s\u00e9lectionn\u00e9s pour le Palmar\u00e8s r\u00e9gional de la construction bois avant d&rsquo;\u00eatre expos\u00e9s au salon de l\u2019Habitat, qui s\u2019est tenu du 5 au 8 avril \u00e0 Strasbourg. Le Palmar\u00e8s r\u00e9gional de la construction bois organis\u00e9 par Fibois Alsace, avec le concours de la [&hellip;]","og_url":"https:\/\/batijournal.com\/index.php\/5e-palmares-regional-de-la-construction-bois-alsace\/86332\/","og_site_name":"Batijournal","article_published_time":"2013-04-16T06:00:07+00:00","article_modified_time":"2019-07-15T09:29:00+00:00","og_image":[{"width":600,"height":450,"url":"https:\/\/batijournal.com\/wp-content\/uploads\/2015\/03\/61794905.jpg","type":"image\/jpeg"}],"author":"Bati-journal","twitter_card":"summary_large_image","twitter_creator":"@bati_journal","twitter_site":"@bati_journal","twitter_misc":{"\u00c9crit par":"Bati-journal","Dur\u00e9e de lecture estim\u00e9e":"5 minutes"},"schema":{"@context":"https:\/\/schema.org","@graph":[{"@type":"Article","@id":"https:\/\/batijournal.com\/index.php\/5e-palmares-regional-de-la-construction-bois-alsace\/86332\/#article","isPartOf":{"@id":"https:\/\/batijournal.com\/index.php\/5e-palmares-regional-de-la-construction-bois-alsace\/86332\/"},"author":{"name":"Bati-journal","@id":"https:\/\/batijournal.com\/#\/schema\/person\/6a657e8967569e1b299972574848aa76"},"headline":"5e Palmar\u00e8s r\u00e9gional de la construction bois Alsace","datePublished":"2013-04-16T06:00:07+00:00","dateModified":"2019-07-15T09:29:00+00:00","mainEntityOfPage":{"@id":"https:\/\/batijournal.com\/index.php\/5e-palmares-regional-de-la-construction-bois-alsace\/86332\/"},"wordCount":917,"commentCount":0,"image":{"@id":"https:\/\/batijournal.com\/index.php\/5e-palmares-regional-de-la-construction-bois-alsace\/86332\/#primaryimage"},"thumbnailUrl":"https:\/\/batijournal.com\/wp-content\/uploads\/2015\/03\/61794905.jpg","articleSection":["Architecture &amp; Conception"],"inLanguage":"fr-FR","potentialAction":[{"@type":"CommentAction","name":"Comment","target":["https:\/\/batijournal.com\/index.php\/5e-palmares-regional-de-la-construction-bois-alsace\/86332\/#respond"]}]},{"@type":"WebPage","@id":"https:\/\/batijournal.com\/index.php\/5e-palmares-regional-de-la-construction-bois-alsace\/86332\/","url":"https:\/\/batijournal.com\/index.php\/5e-palmares-regional-de-la-construction-bois-alsace\/86332\/","name":"5e Palmar\u00e8s r\u00e9gional de la construction bois Alsace","isPartOf":{"@id":"https:\/\/batijournal.com\/#website"},"primaryImageOfPage":{"@id":"https:\/\/batijournal.com\/index.php\/5e-palmares-regional-de-la-construction-bois-alsace\/86332\/#primaryimage"},"image":{"@id":"https:\/\/batijournal.com\/index.php\/5e-palmares-regional-de-la-construction-bois-alsace\/86332\/#primaryimage"},"thumbnailUrl":"https:\/\/batijournal.com\/wp-content\/uploads\/2015\/03\/61794905.jpg","datePublished":"2013-04-16T06:00:07+00:00","dateModified":"2019-07-15T09:29:00+00:00","author":{"@id":"https:\/\/batijournal.com\/#\/schema\/person\/6a657e8967569e1b299972574848aa76"},"breadcrumb":{"@id":"https:\/\/batijournal.com\/index.php\/5e-palmares-regional-de-la-construction-bois-alsace\/86332\/#breadcrumb"},"inLanguage":"fr-FR","potentialAction":[{"@type":"ReadAction","target":["https:\/\/batijournal.com\/index.php\/5e-palmares-regional-de-la-construction-bois-alsace\/86332\/"]}]},{"@type":"ImageObject","inLanguage":"fr-FR","@id":"https:\/\/batijournal.com\/index.php\/5e-palmares-regional-de-la-construction-bois-alsace\/86332\/#primaryimage","url":"https:\/\/batijournal.com\/wp-content\/uploads\/2015\/03\/61794905.jpg","contentUrl":"https:\/\/batijournal.com\/wp-content\/uploads\/2015\/03\/61794905.jpg","width":600,"height":450},{"@type":"BreadcrumbList","@id":"https:\/\/batijournal.com\/index.php\/5e-palmares-regional-de-la-construction-bois-alsace\/86332\/#breadcrumb","itemListElement":[{"@type":"ListItem","position":1,"name":"Accueil","item":"https:\/\/batijournal.com\/"},{"@type":"ListItem","position":2,"name":"Actualit\u00e9s","item":"https:\/\/batijournal.com\/index.php\/category\/actualites\/"},{"@type":"ListItem","position":3,"name":"Architecture &amp; Conception","item":"https:\/\/batijournal.com\/index.php\/category\/actualites\/architecture-conception\/"},{"@type":"ListItem","position":4,"name":"5e Palmar\u00e8s r\u00e9gional de la construction bois Alsace"}]},{"@type":"WebSite","@id":"https:\/\/batijournal.com\/#website","url":"https:\/\/batijournal.com\/","name":"Batijournal","description":"L&#039;actualit\u00e9 du b\u00e2timent","potentialAction":[{"@type":"SearchAction","target":{"@type":"EntryPoint","urlTemplate":"https:\/\/batijournal.com\/?s={search_term_string}"},"query-input":{"@type":"PropertyValueSpecification","valueRequired":true,"valueName":"search_term_string"}}],"inLanguage":"fr-FR"},{"@type":"Person","@id":"https:\/\/batijournal.com\/#\/schema\/person\/6a657e8967569e1b299972574848aa76","name":"Bati-journal","image":{"@type":"ImageObject","inLanguage":"fr-FR","@id":"https:\/\/secure.gravatar.com\/avatar\/a64364ea26392f9b4dd47e017ddaec74ff03aefc073b49e492e847201258f777?s=96&d=mm&r=g","url":"https:\/\/secure.gravatar.com\/avatar\/a64364ea26392f9b4dd47e017ddaec74ff03aefc073b49e492e847201258f777?s=96&d=mm&r=g","contentUrl":"https:\/\/secure.gravatar.com\/avatar\/a64364ea26392f9b4dd47e017ddaec74ff03aefc073b49e492e847201258f777?s=96&d=mm&r=g","caption":"Bati-journal"},"url":"https:\/\/batijournal.com\/index.php\/author\/elodie\/"}]}},"_links":{"self":[{"href":"https:\/\/batijournal.com\/index.php\/wp-json\/wp\/v2\/posts\/86332","targetHints":{"allow":["GET"]}}],"collection":[{"href":"https:\/\/batijournal.com\/index.php\/wp-json\/wp\/v2\/posts"}],"about":[{"href":"https:\/\/batijournal.com\/index.php\/wp-json\/wp\/v2\/types\/post"}],"author":[{"embeddable":true,"href":"https:\/\/batijournal.com\/index.php\/wp-json\/wp\/v2\/users\/1"}],"replies":[{"embeddable":true,"href":"https:\/\/batijournal.com\/index.php\/wp-json\/wp\/v2\/comments?post=86332"}],"version-history":[{"count":0,"href":"https:\/\/batijournal.com\/index.php\/wp-json\/wp\/v2\/posts\/86332\/revisions"}],"wp:featuredmedia":[{"embeddable":true,"href":"https:\/\/batijournal.com\/index.php\/wp-json\/wp\/v2\/media\/86333"}],"wp:attachment":[{"href":"https:\/\/batijournal.com\/index.php\/wp-json\/wp\/v2\/media?parent=86332"}],"wp:term":[{"taxonomy":"category","embeddable":true,"href":"https:\/\/batijournal.com\/index.php\/wp-json\/wp\/v2\/categories?post=86332"},{"taxonomy":"post_tag","embeddable":true,"href":"https:\/\/batijournal.com\/index.php\/wp-json\/wp\/v2\/tags?post=86332"}],"curies":[{"name":"wp","href":"https:\/\/api.w.org\/{rel}","templated":true}]}}