{"id":86340,"date":"2012-12-17T17:32:10","date_gmt":"2012-12-17T16:32:10","guid":{"rendered":"http:\/\/b.bati-journal.com\/?p=86340"},"modified":"2015-03-05T17:44:15","modified_gmt":"2015-03-05T16:44:15","slug":"12-finalistes-du-palmares-des-realisation-bois-rhone-alpes-2013","status":"publish","type":"post","link":"https:\/\/batijournal.com\/index.php\/12-finalistes-du-palmares-des-realisation-bois-rhone-alpes-2013\/86340\/","title":{"rendered":"12 finalistes du Palmar\u00e8s des r\u00e9alisation bois Rh\u00f4ne-Alpes 2013"},"content":{"rendered":"<p><span class=\"lettrine\">L<\/span>e Palmar\u00e8s des R\u00e9alisations Bois Rh\u00f4ne-Alpes propose de mettre en lumi\u00e8re tous les 2 ans des b\u00e2timents bois remarquables sur la r\u00e9gion Rh\u00f4ne-Alpes. Pour sa 8\u00e8me \u00e9dition, la qualit\u00e9 des 128 candidatures, t\u00e9moigne du beau succ\u00e8s du concours, de la bonne sant\u00e9 de la construction bois (dans un contexte \u00e9conomique pourtant difficile) et de la performance de ses acteurs. Le jury technique s\u2019est r\u00e9uni le 3 d\u00e9cembre dernier avec la d\u00e9licate mission de s\u00e9lectionner les finalistes en se basant sur 7 crit\u00e8res : qualit\u00e9 architecturale, environnementale, performance \u00e9nerg\u00e9tique, technique, financi\u00e8re, confort et qualit\u00e9 de vie, utilisation de la ressource locale. Le jury a choisi 12 b\u00e2timents bois remarquables : du b\u00e2timent industriel ou commercial \u00e0 la maison individuelle en passant par les b\u00e2timents \u00e9ducatifs ou de loisirs, la s\u00e9lection est une belle d\u00e9monstration de ce que l\u2019on peut faire de mieux avec le mat\u00e9riau bois.<br \/>\nCe concours, cr\u00e9\u00e9 en 1999, est organis\u00e9 par FIBRA, F\u00e9d\u00e9ration for\u00eat-bois Rh\u00f4ne-Alpes et son r\u00e9seau d\u00e9partemental en partenariat avec le CNDB (Comit\u00e9 National pour le D\u00e9veloppement du Bois), le Conseil R\u00e9gional de l\u2019Ordre des Architectes Rh\u00f4ne-Alpes, l\u2019Union R\u00e9gionale des CAUE avec le soutien de la R\u00e9gion Rh\u00f4ne-Alpes, de la DRAAF et de France Bois For\u00eat.<\/p>\n<p><a href=\"http:\/\/b.bati-journal.com\/wp-content\/uploads\/2015\/03\/56086686.jpg\"><img loading=\"lazy\" decoding=\"async\" class=\"aligncenter size-full wp-image-86342\" src=\"http:\/\/b.bati-journal.com\/wp-content\/uploads\/2015\/03\/56086686.jpg\" alt=\"56086686\" width=\"599\" height=\"450\" srcset=\"https:\/\/batijournal.com\/wp-content\/uploads\/2015\/03\/56086686.jpg 599w, https:\/\/batijournal.com\/wp-content\/uploads\/2015\/03\/56086686-300x225.jpg 300w\" sizes=\"(max-width: 599px) 100vw, 599px\" \/><\/a><\/p>\n<p>Construction de 19 logements collectifs et interm\u00e9diaires \u00e0 Bourg en Bresse (01) &#8211; Photo : Marc Dauber Architecte<\/p>\n<p><a href=\"http:\/\/b.bati-journal.com\/wp-content\/uploads\/2015\/03\/56086779.jpg\"><img loading=\"lazy\" decoding=\"async\" class=\"aligncenter size-full wp-image-86343\" src=\"http:\/\/b.bati-journal.com\/wp-content\/uploads\/2015\/03\/56086779.jpg\" alt=\"56086779\" width=\"600\" height=\"400\" srcset=\"https:\/\/batijournal.com\/wp-content\/uploads\/2015\/03\/56086779.jpg 600w, https:\/\/batijournal.com\/wp-content\/uploads\/2015\/03\/56086779-300x200.jpg 300w\" sizes=\"(max-width: 600px) 100vw, 600px\" \/><\/a><\/p>\n<p>R\u00e9sidence Lacustres pour P\u00eacheurs \u00e0 Chanaz (73) &#8211; Photo : Plottier Architectes<\/p>\n<p><a href=\"http:\/\/b.bati-journal.com\/wp-content\/uploads\/2015\/03\/56086823.jpg\"><img loading=\"lazy\" decoding=\"async\" class=\"aligncenter size-full wp-image-86344\" src=\"http:\/\/b.bati-journal.com\/wp-content\/uploads\/2015\/03\/56086823.jpg\" alt=\"56086823\" width=\"600\" height=\"311\" srcset=\"https:\/\/batijournal.com\/wp-content\/uploads\/2015\/03\/56086823.jpg 600w, https:\/\/batijournal.com\/wp-content\/uploads\/2015\/03\/56086823-300x156.jpg 300w\" sizes=\"(max-width: 600px) 100vw, 600px\" \/><\/a><\/p>\n<p>Centre des Finances Publiques \u00e0 Alberville (73) &#8211; Photo : Romain Blanchi<\/p>\n<p><a href=\"http:\/\/b.bati-journal.com\/wp-content\/uploads\/2015\/03\/56086864.jpg\"><img loading=\"lazy\" decoding=\"async\" class=\"aligncenter size-full wp-image-86345\" src=\"http:\/\/b.bati-journal.com\/wp-content\/uploads\/2015\/03\/56086864.jpg\" alt=\"56086864\" width=\"599\" height=\"424\" srcset=\"https:\/\/batijournal.com\/wp-content\/uploads\/2015\/03\/56086864.jpg 599w, https:\/\/batijournal.com\/wp-content\/uploads\/2015\/03\/56086864-300x212.jpg 300w\" sizes=\"(max-width: 599px) 100vw, 599px\" \/><\/a><\/p>\n<p>Biblioth\u00e8que et salle associative avec cin\u00e9ma itin\u00e9rant \u00e0 Duerne (69) &#8211; Photo : Atelier 43<\/p>\n<p><a href=\"http:\/\/b.bati-journal.com\/wp-content\/uploads\/2015\/03\/56086886.jpg\"><img loading=\"lazy\" decoding=\"async\" class=\"aligncenter size-full wp-image-86346\" src=\"http:\/\/b.bati-journal.com\/wp-content\/uploads\/2015\/03\/56086886.jpg\" alt=\"56086886\" width=\"599\" height=\"395\" srcset=\"https:\/\/batijournal.com\/wp-content\/uploads\/2015\/03\/56086886.jpg 599w, https:\/\/batijournal.com\/wp-content\/uploads\/2015\/03\/56086886-300x198.jpg 300w\" sizes=\"(max-width: 599px) 100vw, 599px\" \/><\/a><\/p>\n<p>Refuge du Go\u00fbter \u00e0 Saint Gervais (74) &#8211; Photo : Charpente Concept France<\/p>\n<p><a href=\"http:\/\/b.bati-journal.com\/wp-content\/uploads\/2015\/03\/56086925.jpg\"><img loading=\"lazy\" decoding=\"async\" class=\"aligncenter size-full wp-image-86347\" src=\"http:\/\/b.bati-journal.com\/wp-content\/uploads\/2015\/03\/56086925.jpg\" alt=\"56086925\" width=\"599\" height=\"400\" srcset=\"https:\/\/batijournal.com\/wp-content\/uploads\/2015\/03\/56086925.jpg 599w, https:\/\/batijournal.com\/wp-content\/uploads\/2015\/03\/56086925-300x200.jpg 300w\" sizes=\"(max-width: 599px) 100vw, 599px\" \/><\/a><\/p>\n<p>Maison \u00e9tir\u00e9e \u00e0 Saint Cyr au Mont d&rsquo;or (69) &#8211; Photo : Studio Erick Saillet<\/p>\n<p><a href=\"http:\/\/b.bati-journal.com\/wp-content\/uploads\/2015\/03\/56086958.jpg\"><img loading=\"lazy\" decoding=\"async\" class=\"aligncenter size-full wp-image-86348\" src=\"http:\/\/b.bati-journal.com\/wp-content\/uploads\/2015\/03\/56086958.jpg\" alt=\"56086958\" width=\"599\" height=\"400\" srcset=\"https:\/\/batijournal.com\/wp-content\/uploads\/2015\/03\/56086958.jpg 599w, https:\/\/batijournal.com\/wp-content\/uploads\/2015\/03\/56086958-300x200.jpg 300w\" sizes=\"(max-width: 599px) 100vw, 599px\" \/><\/a><\/p>\n<p>Coll\u00e8ge de Veauche \u00e0 Veauche (42) &#8211; Photo : Dominique Molard<\/p>\n<p><a href=\"http:\/\/b.bati-journal.com\/wp-content\/uploads\/2015\/03\/56086864.jpg\"><br \/>\n<\/a> <a href=\"http:\/\/b.bati-journal.com\/wp-content\/uploads\/2015\/03\/56086977.jpg\"><img loading=\"lazy\" decoding=\"async\" class=\"aligncenter size-full wp-image-86349\" src=\"http:\/\/b.bati-journal.com\/wp-content\/uploads\/2015\/03\/56086977.jpg\" alt=\"56086977\" width=\"599\" height=\"400\" srcset=\"https:\/\/batijournal.com\/wp-content\/uploads\/2015\/03\/56086977.jpg 599w, https:\/\/batijournal.com\/wp-content\/uploads\/2015\/03\/56086977-300x200.jpg 300w\" sizes=\"(max-width: 599px) 100vw, 599px\" \/><\/a><\/p>\n<p>Coll\u00e8ge de Veauche \u00e0 Veauche (42) &#8211; Photo : Dominique Molard<\/p>\n<p><a href=\"http:\/\/b.bati-journal.com\/wp-content\/uploads\/2015\/03\/56087018.jpg\"><img loading=\"lazy\" decoding=\"async\" class=\"aligncenter size-full wp-image-86350\" src=\"http:\/\/b.bati-journal.com\/wp-content\/uploads\/2015\/03\/56087018.jpg\" alt=\"56087018\" width=\"599\" height=\"442\" srcset=\"https:\/\/batijournal.com\/wp-content\/uploads\/2015\/03\/56087018.jpg 599w, https:\/\/batijournal.com\/wp-content\/uploads\/2015\/03\/56087018-300x221.jpg 300w\" sizes=\"(max-width: 599px) 100vw, 599px\" \/><\/a><\/p>\n<p>Si\u00e8ge mondial des skis Rossignol \u00e0 Saint-Jean-de-Moirans (38) &#8211; Photo : Herault Arnod Architectes<\/p>\n<p><a href=\"http:\/\/b.bati-journal.com\/wp-content\/uploads\/2015\/03\/56087090.jpg\"><img loading=\"lazy\" decoding=\"async\" class=\"aligncenter size-full wp-image-86351\" src=\"http:\/\/b.bati-journal.com\/wp-content\/uploads\/2015\/03\/56087090.jpg\" alt=\"56087090\" width=\"599\" height=\"400\" srcset=\"https:\/\/batijournal.com\/wp-content\/uploads\/2015\/03\/56087090.jpg 599w, https:\/\/batijournal.com\/wp-content\/uploads\/2015\/03\/56087090-300x200.jpg 300w\" sizes=\"(max-width: 599px) 100vw, 599px\" \/><\/a><\/p>\n<div id=\"blocnewsdiapo\">Caserne de Bonne \/ Halle bioclimatique du centre commercial \u00e0 Grenoble (38) &#8211; Photo : Luc Boegly<\/div>\n<div><a href=\"http:\/\/b.bati-journal.com\/wp-content\/uploads\/2015\/03\/56087121.jpg\"><img loading=\"lazy\" decoding=\"async\" class=\"aligncenter size-full wp-image-86352\" src=\"http:\/\/b.bati-journal.com\/wp-content\/uploads\/2015\/03\/56087121.jpg\" alt=\"56087121\" width=\"599\" height=\"310\" srcset=\"https:\/\/batijournal.com\/wp-content\/uploads\/2015\/03\/56087121.jpg 599w, https:\/\/batijournal.com\/wp-content\/uploads\/2015\/03\/56087121-300x155.jpg 300w\" sizes=\"(max-width: 599px) 100vw, 599px\" \/><\/a><\/div>\n<div>\n<div id=\"blocnewsdiapo\">Restaurant d\u2019entreprises HPE quartier de la gare deValence TGV \u00e0 Alixan (26) &#8211; Photo : Boyer-Percheron-Assus Architecture<\/div>\n<div id=\"blocnewstexte\"><\/div>\n<div><a href=\"http:\/\/b.bati-journal.com\/wp-content\/uploads\/2015\/03\/56087161.jpg\"><img loading=\"lazy\" decoding=\"async\" class=\"aligncenter size-full wp-image-86353\" src=\"http:\/\/b.bati-journal.com\/wp-content\/uploads\/2015\/03\/56087161.jpg\" alt=\"56087161\" width=\"599\" height=\"393\" srcset=\"https:\/\/batijournal.com\/wp-content\/uploads\/2015\/03\/56087161.jpg 599w, https:\/\/batijournal.com\/wp-content\/uploads\/2015\/03\/56087161-300x197.jpg 300w\" sizes=\"(max-width: 599px) 100vw, 599px\" \/><\/a><\/p>\n<div id=\"blocnewsdiapo\">L\u2019 H\u00e9liotrope \u00e0 Orli\u00e9nas (69) &#8211; Photo : P\u00e9n\u00e9lope Octavio<\/div>\n<div id=\"blocnewstexte\"><\/div>\n<\/div>\n<\/div>\n<div id=\"blocnewstexte\"><\/div>\n","protected":false},"excerpt":{"rendered":"<p>Le Palmar\u00e8s des R\u00e9alisations Bois Rh\u00f4ne-Alpes propose de mettre en lumi\u00e8re tous les 2 ans des b\u00e2timents bois remarquables sur la r\u00e9gion Rh\u00f4ne-Alpes. Pour sa 8\u00e8me \u00e9dition, la qualit\u00e9 des 128 candidatures, t\u00e9moigne du beau succ\u00e8s du concours, de la bonne sant\u00e9 de la construction bois (dans un contexte \u00e9conomique pourtant difficile) et de la [&hellip;]<\/p>\n","protected":false},"author":1,"featured_media":86341,"comment_status":"open","ping_status":"closed","sticky":false,"template":"","format":"standard","meta":{"_et_pb_use_builder":"","_et_pb_old_content":"","_et_gb_content_width":"","footnotes":""},"categories":[9192],"tags":[],"class_list":["post-86340","post","type-post","status-publish","format-standard","has-post-thumbnail","hentry","category-evenements"],"yoast_head":"<!-- This site is optimized with the Yoast SEO plugin v27.4 - https:\/\/yoast.com\/product\/yoast-seo-wordpress\/ -->\n<title>12 finalistes du Palmar\u00e8s des r\u00e9alisation bois Rh\u00f4ne-Alpes 2013<\/title>\n<meta name=\"robots\" content=\"index, follow, max-snippet:-1, max-image-preview:large, max-video-preview:-1\" \/>\n<link rel=\"canonical\" href=\"https:\/\/batijournal.com\/index.php\/12-finalistes-du-palmares-des-realisation-bois-rhone-alpes-2013\/86340\/\" \/>\n<meta property=\"og:locale\" content=\"fr_FR\" \/>\n<meta property=\"og:type\" content=\"article\" \/>\n<meta property=\"og:title\" content=\"12 finalistes du Palmar\u00e8s des r\u00e9alisation bois Rh\u00f4ne-Alpes 2013\" \/>\n<meta property=\"og:description\" content=\"Le Palmar\u00e8s des R\u00e9alisations Bois Rh\u00f4ne-Alpes propose de mettre en lumi\u00e8re tous les 2 ans des b\u00e2timents bois remarquables sur la r\u00e9gion Rh\u00f4ne-Alpes. Pour sa 8\u00e8me \u00e9dition, la qualit\u00e9 des 128 candidatures, t\u00e9moigne du beau succ\u00e8s du concours, de la bonne sant\u00e9 de la construction bois (dans un contexte \u00e9conomique pourtant difficile) et de la [&hellip;]\" \/>\n<meta property=\"og:url\" content=\"https:\/\/batijournal.com\/index.php\/12-finalistes-du-palmares-des-realisation-bois-rhone-alpes-2013\/86340\/\" \/>\n<meta property=\"og:site_name\" content=\"Batijournal\" \/>\n<meta property=\"article:published_time\" content=\"2012-12-17T16:32:10+00:00\" \/>\n<meta property=\"article:modified_time\" content=\"2015-03-05T16:44:15+00:00\" \/>\n<meta property=\"og:image\" content=\"https:\/\/batijournal.com\/wp-content\/uploads\/2015\/03\/56086649.jpg\" \/>\n\t<meta property=\"og:image:width\" content=\"600\" \/>\n\t<meta property=\"og:image:height\" content=\"447\" \/>\n\t<meta property=\"og:image:type\" content=\"image\/jpeg\" \/>\n<meta name=\"author\" content=\"Bati-journal\" \/>\n<meta name=\"twitter:card\" content=\"summary_large_image\" \/>\n<meta name=\"twitter:creator\" content=\"@bati_journal\" \/>\n<meta name=\"twitter:site\" content=\"@bati_journal\" \/>\n<meta name=\"twitter:label1\" content=\"\u00c9crit par\" \/>\n\t<meta name=\"twitter:data1\" content=\"Bati-journal\" \/>\n\t<meta name=\"twitter:label2\" content=\"Dur\u00e9e de lecture estim\u00e9e\" \/>\n\t<meta name=\"twitter:data2\" content=\"2 minutes\" \/>\n<script type=\"application\/ld+json\" class=\"yoast-schema-graph\">{\"@context\":\"https:\\\/\\\/schema.org\",\"@graph\":[{\"@type\":\"Article\",\"@id\":\"https:\\\/\\\/batijournal.com\\\/index.php\\\/12-finalistes-du-palmares-des-realisation-bois-rhone-alpes-2013\\\/86340\\\/#article\",\"isPartOf\":{\"@id\":\"https:\\\/\\\/batijournal.com\\\/index.php\\\/12-finalistes-du-palmares-des-realisation-bois-rhone-alpes-2013\\\/86340\\\/\"},\"author\":{\"name\":\"Bati-journal\",\"@id\":\"https:\\\/\\\/batijournal.com\\\/#\\\/schema\\\/person\\\/6a657e8967569e1b299972574848aa76\"},\"headline\":\"12 finalistes du Palmar\u00e8s des r\u00e9alisation bois Rh\u00f4ne-Alpes 2013\",\"datePublished\":\"2012-12-17T16:32:10+00:00\",\"dateModified\":\"2015-03-05T16:44:15+00:00\",\"mainEntityOfPage\":{\"@id\":\"https:\\\/\\\/batijournal.com\\\/index.php\\\/12-finalistes-du-palmares-des-realisation-bois-rhone-alpes-2013\\\/86340\\\/\"},\"wordCount\":383,\"commentCount\":0,\"image\":{\"@id\":\"https:\\\/\\\/batijournal.com\\\/index.php\\\/12-finalistes-du-palmares-des-realisation-bois-rhone-alpes-2013\\\/86340\\\/#primaryimage\"},\"thumbnailUrl\":\"https:\\\/\\\/batijournal.com\\\/wp-content\\\/uploads\\\/2015\\\/03\\\/56086649.jpg\",\"articleSection\":[\"\u00c9v\u00e9nements\"],\"inLanguage\":\"fr-FR\",\"potentialAction\":[{\"@type\":\"CommentAction\",\"name\":\"Comment\",\"target\":[\"https:\\\/\\\/batijournal.com\\\/index.php\\\/12-finalistes-du-palmares-des-realisation-bois-rhone-alpes-2013\\\/86340\\\/#respond\"]}]},{\"@type\":\"WebPage\",\"@id\":\"https:\\\/\\\/batijournal.com\\\/index.php\\\/12-finalistes-du-palmares-des-realisation-bois-rhone-alpes-2013\\\/86340\\\/\",\"url\":\"https:\\\/\\\/batijournal.com\\\/index.php\\\/12-finalistes-du-palmares-des-realisation-bois-rhone-alpes-2013\\\/86340\\\/\",\"name\":\"12 finalistes du Palmar\u00e8s des r\u00e9alisation bois Rh\u00f4ne-Alpes 2013\",\"isPartOf\":{\"@id\":\"https:\\\/\\\/batijournal.com\\\/#website\"},\"primaryImageOfPage\":{\"@id\":\"https:\\\/\\\/batijournal.com\\\/index.php\\\/12-finalistes-du-palmares-des-realisation-bois-rhone-alpes-2013\\\/86340\\\/#primaryimage\"},\"image\":{\"@id\":\"https:\\\/\\\/batijournal.com\\\/index.php\\\/12-finalistes-du-palmares-des-realisation-bois-rhone-alpes-2013\\\/86340\\\/#primaryimage\"},\"thumbnailUrl\":\"https:\\\/\\\/batijournal.com\\\/wp-content\\\/uploads\\\/2015\\\/03\\\/56086649.jpg\",\"datePublished\":\"2012-12-17T16:32:10+00:00\",\"dateModified\":\"2015-03-05T16:44:15+00:00\",\"author\":{\"@id\":\"https:\\\/\\\/batijournal.com\\\/#\\\/schema\\\/person\\\/6a657e8967569e1b299972574848aa76\"},\"breadcrumb\":{\"@id\":\"https:\\\/\\\/batijournal.com\\\/index.php\\\/12-finalistes-du-palmares-des-realisation-bois-rhone-alpes-2013\\\/86340\\\/#breadcrumb\"},\"inLanguage\":\"fr-FR\",\"potentialAction\":[{\"@type\":\"ReadAction\",\"target\":[\"https:\\\/\\\/batijournal.com\\\/index.php\\\/12-finalistes-du-palmares-des-realisation-bois-rhone-alpes-2013\\\/86340\\\/\"]}]},{\"@type\":\"ImageObject\",\"inLanguage\":\"fr-FR\",\"@id\":\"https:\\\/\\\/batijournal.com\\\/index.php\\\/12-finalistes-du-palmares-des-realisation-bois-rhone-alpes-2013\\\/86340\\\/#primaryimage\",\"url\":\"https:\\\/\\\/batijournal.com\\\/wp-content\\\/uploads\\\/2015\\\/03\\\/56086649.jpg\",\"contentUrl\":\"https:\\\/\\\/batijournal.com\\\/wp-content\\\/uploads\\\/2015\\\/03\\\/56086649.jpg\",\"width\":600,\"height\":447},{\"@type\":\"BreadcrumbList\",\"@id\":\"https:\\\/\\\/batijournal.com\\\/index.php\\\/12-finalistes-du-palmares-des-realisation-bois-rhone-alpes-2013\\\/86340\\\/#breadcrumb\",\"itemListElement\":[{\"@type\":\"ListItem\",\"position\":1,\"name\":\"Accueil\",\"item\":\"https:\\\/\\\/batijournal.com\\\/\"},{\"@type\":\"ListItem\",\"position\":2,\"name\":\"\u00c9v\u00e9nements\",\"item\":\"https:\\\/\\\/batijournal.com\\\/index.php\\\/category\\\/evenements\\\/\"},{\"@type\":\"ListItem\",\"position\":3,\"name\":\"12 finalistes du Palmar\u00e8s des r\u00e9alisation bois Rh\u00f4ne-Alpes 2013\"}]},{\"@type\":\"WebSite\",\"@id\":\"https:\\\/\\\/batijournal.com\\\/#website\",\"url\":\"https:\\\/\\\/batijournal.com\\\/\",\"name\":\"Batijournal\",\"description\":\"L&#039;actualit\u00e9 du b\u00e2timent\",\"potentialAction\":[{\"@type\":\"SearchAction\",\"target\":{\"@type\":\"EntryPoint\",\"urlTemplate\":\"https:\\\/\\\/batijournal.com\\\/?s={search_term_string}\"},\"query-input\":{\"@type\":\"PropertyValueSpecification\",\"valueRequired\":true,\"valueName\":\"search_term_string\"}}],\"inLanguage\":\"fr-FR\"},{\"@type\":\"Person\",\"@id\":\"https:\\\/\\\/batijournal.com\\\/#\\\/schema\\\/person\\\/6a657e8967569e1b299972574848aa76\",\"name\":\"Bati-journal\",\"image\":{\"@type\":\"ImageObject\",\"inLanguage\":\"fr-FR\",\"@id\":\"https:\\\/\\\/secure.gravatar.com\\\/avatar\\\/a64364ea26392f9b4dd47e017ddaec74ff03aefc073b49e492e847201258f777?s=96&d=mm&r=g\",\"url\":\"https:\\\/\\\/secure.gravatar.com\\\/avatar\\\/a64364ea26392f9b4dd47e017ddaec74ff03aefc073b49e492e847201258f777?s=96&d=mm&r=g\",\"contentUrl\":\"https:\\\/\\\/secure.gravatar.com\\\/avatar\\\/a64364ea26392f9b4dd47e017ddaec74ff03aefc073b49e492e847201258f777?s=96&d=mm&r=g\",\"caption\":\"Bati-journal\"},\"url\":\"https:\\\/\\\/batijournal.com\\\/index.php\\\/author\\\/elodie\\\/\"}]}<\/script>\n<!-- \/ Yoast SEO plugin. -->","yoast_head_json":{"title":"12 finalistes du Palmar\u00e8s des r\u00e9alisation bois Rh\u00f4ne-Alpes 2013","robots":{"index":"index","follow":"follow","max-snippet":"max-snippet:-1","max-image-preview":"max-image-preview:large","max-video-preview":"max-video-preview:-1"},"canonical":"https:\/\/batijournal.com\/index.php\/12-finalistes-du-palmares-des-realisation-bois-rhone-alpes-2013\/86340\/","og_locale":"fr_FR","og_type":"article","og_title":"12 finalistes du Palmar\u00e8s des r\u00e9alisation bois Rh\u00f4ne-Alpes 2013","og_description":"Le Palmar\u00e8s des R\u00e9alisations Bois Rh\u00f4ne-Alpes propose de mettre en lumi\u00e8re tous les 2 ans des b\u00e2timents bois remarquables sur la r\u00e9gion Rh\u00f4ne-Alpes. Pour sa 8\u00e8me \u00e9dition, la qualit\u00e9 des 128 candidatures, t\u00e9moigne du beau succ\u00e8s du concours, de la bonne sant\u00e9 de la construction bois (dans un contexte \u00e9conomique pourtant difficile) et de la [&hellip;]","og_url":"https:\/\/batijournal.com\/index.php\/12-finalistes-du-palmares-des-realisation-bois-rhone-alpes-2013\/86340\/","og_site_name":"Batijournal","article_published_time":"2012-12-17T16:32:10+00:00","article_modified_time":"2015-03-05T16:44:15+00:00","og_image":[{"width":600,"height":447,"url":"https:\/\/batijournal.com\/wp-content\/uploads\/2015\/03\/56086649.jpg","type":"image\/jpeg"}],"author":"Bati-journal","twitter_card":"summary_large_image","twitter_creator":"@bati_journal","twitter_site":"@bati_journal","twitter_misc":{"\u00c9crit par":"Bati-journal","Dur\u00e9e de lecture estim\u00e9e":"2 minutes"},"schema":{"@context":"https:\/\/schema.org","@graph":[{"@type":"Article","@id":"https:\/\/batijournal.com\/index.php\/12-finalistes-du-palmares-des-realisation-bois-rhone-alpes-2013\/86340\/#article","isPartOf":{"@id":"https:\/\/batijournal.com\/index.php\/12-finalistes-du-palmares-des-realisation-bois-rhone-alpes-2013\/86340\/"},"author":{"name":"Bati-journal","@id":"https:\/\/batijournal.com\/#\/schema\/person\/6a657e8967569e1b299972574848aa76"},"headline":"12 finalistes du Palmar\u00e8s des r\u00e9alisation bois Rh\u00f4ne-Alpes 2013","datePublished":"2012-12-17T16:32:10+00:00","dateModified":"2015-03-05T16:44:15+00:00","mainEntityOfPage":{"@id":"https:\/\/batijournal.com\/index.php\/12-finalistes-du-palmares-des-realisation-bois-rhone-alpes-2013\/86340\/"},"wordCount":383,"commentCount":0,"image":{"@id":"https:\/\/batijournal.com\/index.php\/12-finalistes-du-palmares-des-realisation-bois-rhone-alpes-2013\/86340\/#primaryimage"},"thumbnailUrl":"https:\/\/batijournal.com\/wp-content\/uploads\/2015\/03\/56086649.jpg","articleSection":["\u00c9v\u00e9nements"],"inLanguage":"fr-FR","potentialAction":[{"@type":"CommentAction","name":"Comment","target":["https:\/\/batijournal.com\/index.php\/12-finalistes-du-palmares-des-realisation-bois-rhone-alpes-2013\/86340\/#respond"]}]},{"@type":"WebPage","@id":"https:\/\/batijournal.com\/index.php\/12-finalistes-du-palmares-des-realisation-bois-rhone-alpes-2013\/86340\/","url":"https:\/\/batijournal.com\/index.php\/12-finalistes-du-palmares-des-realisation-bois-rhone-alpes-2013\/86340\/","name":"12 finalistes du Palmar\u00e8s des r\u00e9alisation bois Rh\u00f4ne-Alpes 2013","isPartOf":{"@id":"https:\/\/batijournal.com\/#website"},"primaryImageOfPage":{"@id":"https:\/\/batijournal.com\/index.php\/12-finalistes-du-palmares-des-realisation-bois-rhone-alpes-2013\/86340\/#primaryimage"},"image":{"@id":"https:\/\/batijournal.com\/index.php\/12-finalistes-du-palmares-des-realisation-bois-rhone-alpes-2013\/86340\/#primaryimage"},"thumbnailUrl":"https:\/\/batijournal.com\/wp-content\/uploads\/2015\/03\/56086649.jpg","datePublished":"2012-12-17T16:32:10+00:00","dateModified":"2015-03-05T16:44:15+00:00","author":{"@id":"https:\/\/batijournal.com\/#\/schema\/person\/6a657e8967569e1b299972574848aa76"},"breadcrumb":{"@id":"https:\/\/batijournal.com\/index.php\/12-finalistes-du-palmares-des-realisation-bois-rhone-alpes-2013\/86340\/#breadcrumb"},"inLanguage":"fr-FR","potentialAction":[{"@type":"ReadAction","target":["https:\/\/batijournal.com\/index.php\/12-finalistes-du-palmares-des-realisation-bois-rhone-alpes-2013\/86340\/"]}]},{"@type":"ImageObject","inLanguage":"fr-FR","@id":"https:\/\/batijournal.com\/index.php\/12-finalistes-du-palmares-des-realisation-bois-rhone-alpes-2013\/86340\/#primaryimage","url":"https:\/\/batijournal.com\/wp-content\/uploads\/2015\/03\/56086649.jpg","contentUrl":"https:\/\/batijournal.com\/wp-content\/uploads\/2015\/03\/56086649.jpg","width":600,"height":447},{"@type":"BreadcrumbList","@id":"https:\/\/batijournal.com\/index.php\/12-finalistes-du-palmares-des-realisation-bois-rhone-alpes-2013\/86340\/#breadcrumb","itemListElement":[{"@type":"ListItem","position":1,"name":"Accueil","item":"https:\/\/batijournal.com\/"},{"@type":"ListItem","position":2,"name":"\u00c9v\u00e9nements","item":"https:\/\/batijournal.com\/index.php\/category\/evenements\/"},{"@type":"ListItem","position":3,"name":"12 finalistes du Palmar\u00e8s des r\u00e9alisation bois Rh\u00f4ne-Alpes 2013"}]},{"@type":"WebSite","@id":"https:\/\/batijournal.com\/#website","url":"https:\/\/batijournal.com\/","name":"Batijournal","description":"L&#039;actualit\u00e9 du b\u00e2timent","potentialAction":[{"@type":"SearchAction","target":{"@type":"EntryPoint","urlTemplate":"https:\/\/batijournal.com\/?s={search_term_string}"},"query-input":{"@type":"PropertyValueSpecification","valueRequired":true,"valueName":"search_term_string"}}],"inLanguage":"fr-FR"},{"@type":"Person","@id":"https:\/\/batijournal.com\/#\/schema\/person\/6a657e8967569e1b299972574848aa76","name":"Bati-journal","image":{"@type":"ImageObject","inLanguage":"fr-FR","@id":"https:\/\/secure.gravatar.com\/avatar\/a64364ea26392f9b4dd47e017ddaec74ff03aefc073b49e492e847201258f777?s=96&d=mm&r=g","url":"https:\/\/secure.gravatar.com\/avatar\/a64364ea26392f9b4dd47e017ddaec74ff03aefc073b49e492e847201258f777?s=96&d=mm&r=g","contentUrl":"https:\/\/secure.gravatar.com\/avatar\/a64364ea26392f9b4dd47e017ddaec74ff03aefc073b49e492e847201258f777?s=96&d=mm&r=g","caption":"Bati-journal"},"url":"https:\/\/batijournal.com\/index.php\/author\/elodie\/"}]}},"_links":{"self":[{"href":"https:\/\/batijournal.com\/index.php\/wp-json\/wp\/v2\/posts\/86340","targetHints":{"allow":["GET"]}}],"collection":[{"href":"https:\/\/batijournal.com\/index.php\/wp-json\/wp\/v2\/posts"}],"about":[{"href":"https:\/\/batijournal.com\/index.php\/wp-json\/wp\/v2\/types\/post"}],"author":[{"embeddable":true,"href":"https:\/\/batijournal.com\/index.php\/wp-json\/wp\/v2\/users\/1"}],"replies":[{"embeddable":true,"href":"https:\/\/batijournal.com\/index.php\/wp-json\/wp\/v2\/comments?post=86340"}],"version-history":[{"count":0,"href":"https:\/\/batijournal.com\/index.php\/wp-json\/wp\/v2\/posts\/86340\/revisions"}],"wp:featuredmedia":[{"embeddable":true,"href":"https:\/\/batijournal.com\/index.php\/wp-json\/wp\/v2\/media\/86341"}],"wp:attachment":[{"href":"https:\/\/batijournal.com\/index.php\/wp-json\/wp\/v2\/media?parent=86340"}],"wp:term":[{"taxonomy":"category","embeddable":true,"href":"https:\/\/batijournal.com\/index.php\/wp-json\/wp\/v2\/categories?post=86340"},{"taxonomy":"post_tag","embeddable":true,"href":"https:\/\/batijournal.com\/index.php\/wp-json\/wp\/v2\/tags?post=86340"}],"curies":[{"name":"wp","href":"https:\/\/api.w.org\/{rel}","templated":true}]}}