{"id":86654,"date":"2015-03-24T13:54:43","date_gmt":"2015-03-24T12:54:43","guid":{"rendered":"http:\/\/b.bati-journal.com\/?p=86654"},"modified":"2019-07-15T12:09:00","modified_gmt":"2019-07-15T10:09:00","slug":"la-foret-affaire-de-tous","status":"publish","type":"post","link":"https:\/\/batijournal.com\/index.php\/la-foret-affaire-de-tous\/86654\/","title":{"rendered":"La for\u00eat, affaire de tous"},"content":{"rendered":"<p><span class=\"lettrine\">A<\/span>l&rsquo;approche de l&rsquo;\u00e9ch\u00e9ance de la Conf\u00e9rence des Nations Unies sur les changements climatiques (Cop21) \u00e0 laquelle PEFC apportera son expertise, l&rsquo;organisme de certification foresti\u00e8re en France et dans le monde appelle \u00e0 une mobilisation de chacun \u00e0 travers une p\u00e9tition en faveur de la gestion durable des for\u00eats. \u00ab\u00a0La gestion durable des for\u00eats ne doit pas \u00eatre un d\u00e9bat d&rsquo;experts car c&rsquo;est aussi gr\u00e2ce \u00e0 la demande des consommateurs en produits durables que nous parviendrons \u00e0 faire bouger les choses. Avec cette p\u00e9tition, nous appelons tous les Fran\u00e7ais \u00e0 prendre part au d\u00e9bat dans la lutte contre le r\u00e9chauffement climatique\u00a0\u00bb, d\u00e9clare Marc-Antoine de S\u00e8ze, pr\u00e9sident de PEFC France. Rappelons que les for\u00eats s\u00e9questrent environ 9,5 gigatonnes \u00e9quivalent CO2, soit \u00e0 peu pr\u00e8s 30% des \u00e9missions de gaz \u00e0 effet de serre mondiales, et que 13 millions d&rsquo;hectares d&rsquo;entre elles sont d\u00e9truits chaque ann\u00e9e.<\/p>\n<p><a href=\"http:\/\/www.pefc-france.org\" target=\"_blank\" rel=\"noopener noreferrer\"><span style=\"font-family: Arial, Helvetica, sans-serif; font-size: small;\">www.pefc-france.org<\/span><\/a><\/p>\n","protected":false},"excerpt":{"rendered":"<p>Al&rsquo;approche de l&rsquo;\u00e9ch\u00e9ance de la Conf\u00e9rence des Nations Unies sur les changements climatiques (Cop21) \u00e0 laquelle PEFC apportera son expertise, l&rsquo;organisme de certification foresti\u00e8re en France et dans le monde appelle \u00e0 une mobilisation de chacun \u00e0 travers une p\u00e9tition en faveur de la gestion durable des for\u00eats. \u00ab\u00a0La gestion durable des for\u00eats ne doit [&hellip;]<\/p>\n","protected":false},"author":1,"featured_media":86655,"comment_status":"open","ping_status":"closed","sticky":false,"template":"","format":"standard","meta":{"_et_pb_use_builder":"","_et_pb_old_content":"","_et_gb_content_width":"","footnotes":""},"categories":[6345],"tags":[772,7104],"class_list":["post-86654","post","type-post","status-publish","format-standard","has-post-thumbnail","hentry","category-economie-marches","tag-foret","tag-pefc-france"],"yoast_head":"<!-- This site is optimized with the Yoast SEO plugin v27.4 - https:\/\/yoast.com\/product\/yoast-seo-wordpress\/ -->\n<title>La for\u00eat, affaire de tous<\/title>\n<meta name=\"robots\" content=\"index, follow, max-snippet:-1, max-image-preview:large, max-video-preview:-1\" \/>\n<link rel=\"canonical\" href=\"https:\/\/batijournal.com\/index.php\/la-foret-affaire-de-tous\/86654\/\" \/>\n<meta property=\"og:locale\" content=\"fr_FR\" \/>\n<meta property=\"og:type\" content=\"article\" \/>\n<meta property=\"og:title\" content=\"La for\u00eat, affaire de tous\" \/>\n<meta property=\"og:description\" content=\"Al&rsquo;approche de l&rsquo;\u00e9ch\u00e9ance de la Conf\u00e9rence des Nations Unies sur les changements climatiques (Cop21) \u00e0 laquelle PEFC apportera son expertise, l&rsquo;organisme de certification foresti\u00e8re en France et dans le monde appelle \u00e0 une mobilisation de chacun \u00e0 travers une p\u00e9tition en faveur de la gestion durable des for\u00eats. \u00ab\u00a0La gestion durable des for\u00eats ne doit [&hellip;]\" \/>\n<meta property=\"og:url\" content=\"https:\/\/batijournal.com\/index.php\/la-foret-affaire-de-tous\/86654\/\" \/>\n<meta property=\"og:site_name\" content=\"Batijournal\" \/>\n<meta property=\"article:published_time\" content=\"2015-03-24T12:54:43+00:00\" \/>\n<meta property=\"article:modified_time\" content=\"2019-07-15T10:09:00+00:00\" \/>\n<meta property=\"og:image\" content=\"https:\/\/batijournal.com\/wp-content\/uploads\/2015\/04\/foret.jpg\" \/>\n\t<meta property=\"og:image:width\" content=\"600\" \/>\n\t<meta property=\"og:image:height\" content=\"400\" \/>\n\t<meta property=\"og:image:type\" content=\"image\/jpeg\" \/>\n<meta name=\"author\" content=\"Bati-journal\" \/>\n<meta name=\"twitter:card\" content=\"summary_large_image\" \/>\n<meta name=\"twitter:creator\" content=\"@bati_journal\" \/>\n<meta name=\"twitter:site\" content=\"@bati_journal\" \/>\n<meta name=\"twitter:label1\" content=\"\u00c9crit par\" \/>\n\t<meta name=\"twitter:data1\" content=\"Bati-journal\" \/>\n\t<meta name=\"twitter:label2\" content=\"Dur\u00e9e de lecture estim\u00e9e\" \/>\n\t<meta name=\"twitter:data2\" content=\"1 minute\" \/>\n<script type=\"application\/ld+json\" class=\"yoast-schema-graph\">{\"@context\":\"https:\\\/\\\/schema.org\",\"@graph\":[{\"@type\":\"Article\",\"@id\":\"https:\\\/\\\/batijournal.com\\\/index.php\\\/la-foret-affaire-de-tous\\\/86654\\\/#article\",\"isPartOf\":{\"@id\":\"https:\\\/\\\/batijournal.com\\\/index.php\\\/la-foret-affaire-de-tous\\\/86654\\\/\"},\"author\":{\"name\":\"Bati-journal\",\"@id\":\"https:\\\/\\\/batijournal.com\\\/#\\\/schema\\\/person\\\/6a657e8967569e1b299972574848aa76\"},\"headline\":\"La for\u00eat, affaire de tous\",\"datePublished\":\"2015-03-24T12:54:43+00:00\",\"dateModified\":\"2019-07-15T10:09:00+00:00\",\"mainEntityOfPage\":{\"@id\":\"https:\\\/\\\/batijournal.com\\\/index.php\\\/la-foret-affaire-de-tous\\\/86654\\\/\"},\"wordCount\":168,\"commentCount\":0,\"image\":{\"@id\":\"https:\\\/\\\/batijournal.com\\\/index.php\\\/la-foret-affaire-de-tous\\\/86654\\\/#primaryimage\"},\"thumbnailUrl\":\"https:\\\/\\\/batijournal.com\\\/wp-content\\\/uploads\\\/2015\\\/04\\\/foret.jpg\",\"keywords\":[\"for\u00eat\",\"pefc france\"],\"articleSection\":[\"\u00c9conomie &amp; March\u00e9s\"],\"inLanguage\":\"fr-FR\",\"potentialAction\":[{\"@type\":\"CommentAction\",\"name\":\"Comment\",\"target\":[\"https:\\\/\\\/batijournal.com\\\/index.php\\\/la-foret-affaire-de-tous\\\/86654\\\/#respond\"]}]},{\"@type\":\"WebPage\",\"@id\":\"https:\\\/\\\/batijournal.com\\\/index.php\\\/la-foret-affaire-de-tous\\\/86654\\\/\",\"url\":\"https:\\\/\\\/batijournal.com\\\/index.php\\\/la-foret-affaire-de-tous\\\/86654\\\/\",\"name\":\"La for\u00eat, affaire de tous\",\"isPartOf\":{\"@id\":\"https:\\\/\\\/batijournal.com\\\/#website\"},\"primaryImageOfPage\":{\"@id\":\"https:\\\/\\\/batijournal.com\\\/index.php\\\/la-foret-affaire-de-tous\\\/86654\\\/#primaryimage\"},\"image\":{\"@id\":\"https:\\\/\\\/batijournal.com\\\/index.php\\\/la-foret-affaire-de-tous\\\/86654\\\/#primaryimage\"},\"thumbnailUrl\":\"https:\\\/\\\/batijournal.com\\\/wp-content\\\/uploads\\\/2015\\\/04\\\/foret.jpg\",\"datePublished\":\"2015-03-24T12:54:43+00:00\",\"dateModified\":\"2019-07-15T10:09:00+00:00\",\"author\":{\"@id\":\"https:\\\/\\\/batijournal.com\\\/#\\\/schema\\\/person\\\/6a657e8967569e1b299972574848aa76\"},\"breadcrumb\":{\"@id\":\"https:\\\/\\\/batijournal.com\\\/index.php\\\/la-foret-affaire-de-tous\\\/86654\\\/#breadcrumb\"},\"inLanguage\":\"fr-FR\",\"potentialAction\":[{\"@type\":\"ReadAction\",\"target\":[\"https:\\\/\\\/batijournal.com\\\/index.php\\\/la-foret-affaire-de-tous\\\/86654\\\/\"]}]},{\"@type\":\"ImageObject\",\"inLanguage\":\"fr-FR\",\"@id\":\"https:\\\/\\\/batijournal.com\\\/index.php\\\/la-foret-affaire-de-tous\\\/86654\\\/#primaryimage\",\"url\":\"https:\\\/\\\/batijournal.com\\\/wp-content\\\/uploads\\\/2015\\\/04\\\/foret.jpg\",\"contentUrl\":\"https:\\\/\\\/batijournal.com\\\/wp-content\\\/uploads\\\/2015\\\/04\\\/foret.jpg\",\"width\":600,\"height\":400,\"caption\":\"foret\"},{\"@type\":\"BreadcrumbList\",\"@id\":\"https:\\\/\\\/batijournal.com\\\/index.php\\\/la-foret-affaire-de-tous\\\/86654\\\/#breadcrumb\",\"itemListElement\":[{\"@type\":\"ListItem\",\"position\":1,\"name\":\"Accueil\",\"item\":\"https:\\\/\\\/batijournal.com\\\/\"},{\"@type\":\"ListItem\",\"position\":2,\"name\":\"Actualit\u00e9s\",\"item\":\"https:\\\/\\\/batijournal.com\\\/index.php\\\/category\\\/actualites\\\/\"},{\"@type\":\"ListItem\",\"position\":3,\"name\":\"\u00c9conomie &amp; March\u00e9s\",\"item\":\"https:\\\/\\\/batijournal.com\\\/index.php\\\/category\\\/actualites\\\/economie-marches\\\/\"},{\"@type\":\"ListItem\",\"position\":4,\"name\":\"La for\u00eat, affaire de tous\"}]},{\"@type\":\"WebSite\",\"@id\":\"https:\\\/\\\/batijournal.com\\\/#website\",\"url\":\"https:\\\/\\\/batijournal.com\\\/\",\"name\":\"Batijournal\",\"description\":\"L&#039;actualit\u00e9 du b\u00e2timent\",\"potentialAction\":[{\"@type\":\"SearchAction\",\"target\":{\"@type\":\"EntryPoint\",\"urlTemplate\":\"https:\\\/\\\/batijournal.com\\\/?s={search_term_string}\"},\"query-input\":{\"@type\":\"PropertyValueSpecification\",\"valueRequired\":true,\"valueName\":\"search_term_string\"}}],\"inLanguage\":\"fr-FR\"},{\"@type\":\"Person\",\"@id\":\"https:\\\/\\\/batijournal.com\\\/#\\\/schema\\\/person\\\/6a657e8967569e1b299972574848aa76\",\"name\":\"Bati-journal\",\"image\":{\"@type\":\"ImageObject\",\"inLanguage\":\"fr-FR\",\"@id\":\"https:\\\/\\\/secure.gravatar.com\\\/avatar\\\/a64364ea26392f9b4dd47e017ddaec74ff03aefc073b49e492e847201258f777?s=96&d=mm&r=g\",\"url\":\"https:\\\/\\\/secure.gravatar.com\\\/avatar\\\/a64364ea26392f9b4dd47e017ddaec74ff03aefc073b49e492e847201258f777?s=96&d=mm&r=g\",\"contentUrl\":\"https:\\\/\\\/secure.gravatar.com\\\/avatar\\\/a64364ea26392f9b4dd47e017ddaec74ff03aefc073b49e492e847201258f777?s=96&d=mm&r=g\",\"caption\":\"Bati-journal\"},\"url\":\"https:\\\/\\\/batijournal.com\\\/index.php\\\/author\\\/elodie\\\/\"}]}<\/script>\n<!-- \/ Yoast SEO plugin. -->","yoast_head_json":{"title":"La for\u00eat, affaire de tous","robots":{"index":"index","follow":"follow","max-snippet":"max-snippet:-1","max-image-preview":"max-image-preview:large","max-video-preview":"max-video-preview:-1"},"canonical":"https:\/\/batijournal.com\/index.php\/la-foret-affaire-de-tous\/86654\/","og_locale":"fr_FR","og_type":"article","og_title":"La for\u00eat, affaire de tous","og_description":"Al&rsquo;approche de l&rsquo;\u00e9ch\u00e9ance de la Conf\u00e9rence des Nations Unies sur les changements climatiques (Cop21) \u00e0 laquelle PEFC apportera son expertise, l&rsquo;organisme de certification foresti\u00e8re en France et dans le monde appelle \u00e0 une mobilisation de chacun \u00e0 travers une p\u00e9tition en faveur de la gestion durable des for\u00eats. \u00ab\u00a0La gestion durable des for\u00eats ne doit [&hellip;]","og_url":"https:\/\/batijournal.com\/index.php\/la-foret-affaire-de-tous\/86654\/","og_site_name":"Batijournal","article_published_time":"2015-03-24T12:54:43+00:00","article_modified_time":"2019-07-15T10:09:00+00:00","og_image":[{"width":600,"height":400,"url":"https:\/\/batijournal.com\/wp-content\/uploads\/2015\/04\/foret.jpg","type":"image\/jpeg"}],"author":"Bati-journal","twitter_card":"summary_large_image","twitter_creator":"@bati_journal","twitter_site":"@bati_journal","twitter_misc":{"\u00c9crit par":"Bati-journal","Dur\u00e9e de lecture estim\u00e9e":"1 minute"},"schema":{"@context":"https:\/\/schema.org","@graph":[{"@type":"Article","@id":"https:\/\/batijournal.com\/index.php\/la-foret-affaire-de-tous\/86654\/#article","isPartOf":{"@id":"https:\/\/batijournal.com\/index.php\/la-foret-affaire-de-tous\/86654\/"},"author":{"name":"Bati-journal","@id":"https:\/\/batijournal.com\/#\/schema\/person\/6a657e8967569e1b299972574848aa76"},"headline":"La for\u00eat, affaire de tous","datePublished":"2015-03-24T12:54:43+00:00","dateModified":"2019-07-15T10:09:00+00:00","mainEntityOfPage":{"@id":"https:\/\/batijournal.com\/index.php\/la-foret-affaire-de-tous\/86654\/"},"wordCount":168,"commentCount":0,"image":{"@id":"https:\/\/batijournal.com\/index.php\/la-foret-affaire-de-tous\/86654\/#primaryimage"},"thumbnailUrl":"https:\/\/batijournal.com\/wp-content\/uploads\/2015\/04\/foret.jpg","keywords":["for\u00eat","pefc france"],"articleSection":["\u00c9conomie &amp; March\u00e9s"],"inLanguage":"fr-FR","potentialAction":[{"@type":"CommentAction","name":"Comment","target":["https:\/\/batijournal.com\/index.php\/la-foret-affaire-de-tous\/86654\/#respond"]}]},{"@type":"WebPage","@id":"https:\/\/batijournal.com\/index.php\/la-foret-affaire-de-tous\/86654\/","url":"https:\/\/batijournal.com\/index.php\/la-foret-affaire-de-tous\/86654\/","name":"La for\u00eat, affaire de tous","isPartOf":{"@id":"https:\/\/batijournal.com\/#website"},"primaryImageOfPage":{"@id":"https:\/\/batijournal.com\/index.php\/la-foret-affaire-de-tous\/86654\/#primaryimage"},"image":{"@id":"https:\/\/batijournal.com\/index.php\/la-foret-affaire-de-tous\/86654\/#primaryimage"},"thumbnailUrl":"https:\/\/batijournal.com\/wp-content\/uploads\/2015\/04\/foret.jpg","datePublished":"2015-03-24T12:54:43+00:00","dateModified":"2019-07-15T10:09:00+00:00","author":{"@id":"https:\/\/batijournal.com\/#\/schema\/person\/6a657e8967569e1b299972574848aa76"},"breadcrumb":{"@id":"https:\/\/batijournal.com\/index.php\/la-foret-affaire-de-tous\/86654\/#breadcrumb"},"inLanguage":"fr-FR","potentialAction":[{"@type":"ReadAction","target":["https:\/\/batijournal.com\/index.php\/la-foret-affaire-de-tous\/86654\/"]}]},{"@type":"ImageObject","inLanguage":"fr-FR","@id":"https:\/\/batijournal.com\/index.php\/la-foret-affaire-de-tous\/86654\/#primaryimage","url":"https:\/\/batijournal.com\/wp-content\/uploads\/2015\/04\/foret.jpg","contentUrl":"https:\/\/batijournal.com\/wp-content\/uploads\/2015\/04\/foret.jpg","width":600,"height":400,"caption":"foret"},{"@type":"BreadcrumbList","@id":"https:\/\/batijournal.com\/index.php\/la-foret-affaire-de-tous\/86654\/#breadcrumb","itemListElement":[{"@type":"ListItem","position":1,"name":"Accueil","item":"https:\/\/batijournal.com\/"},{"@type":"ListItem","position":2,"name":"Actualit\u00e9s","item":"https:\/\/batijournal.com\/index.php\/category\/actualites\/"},{"@type":"ListItem","position":3,"name":"\u00c9conomie &amp; March\u00e9s","item":"https:\/\/batijournal.com\/index.php\/category\/actualites\/economie-marches\/"},{"@type":"ListItem","position":4,"name":"La for\u00eat, affaire de tous"}]},{"@type":"WebSite","@id":"https:\/\/batijournal.com\/#website","url":"https:\/\/batijournal.com\/","name":"Batijournal","description":"L&#039;actualit\u00e9 du b\u00e2timent","potentialAction":[{"@type":"SearchAction","target":{"@type":"EntryPoint","urlTemplate":"https:\/\/batijournal.com\/?s={search_term_string}"},"query-input":{"@type":"PropertyValueSpecification","valueRequired":true,"valueName":"search_term_string"}}],"inLanguage":"fr-FR"},{"@type":"Person","@id":"https:\/\/batijournal.com\/#\/schema\/person\/6a657e8967569e1b299972574848aa76","name":"Bati-journal","image":{"@type":"ImageObject","inLanguage":"fr-FR","@id":"https:\/\/secure.gravatar.com\/avatar\/a64364ea26392f9b4dd47e017ddaec74ff03aefc073b49e492e847201258f777?s=96&d=mm&r=g","url":"https:\/\/secure.gravatar.com\/avatar\/a64364ea26392f9b4dd47e017ddaec74ff03aefc073b49e492e847201258f777?s=96&d=mm&r=g","contentUrl":"https:\/\/secure.gravatar.com\/avatar\/a64364ea26392f9b4dd47e017ddaec74ff03aefc073b49e492e847201258f777?s=96&d=mm&r=g","caption":"Bati-journal"},"url":"https:\/\/batijournal.com\/index.php\/author\/elodie\/"}]}},"_links":{"self":[{"href":"https:\/\/batijournal.com\/index.php\/wp-json\/wp\/v2\/posts\/86654","targetHints":{"allow":["GET"]}}],"collection":[{"href":"https:\/\/batijournal.com\/index.php\/wp-json\/wp\/v2\/posts"}],"about":[{"href":"https:\/\/batijournal.com\/index.php\/wp-json\/wp\/v2\/types\/post"}],"author":[{"embeddable":true,"href":"https:\/\/batijournal.com\/index.php\/wp-json\/wp\/v2\/users\/1"}],"replies":[{"embeddable":true,"href":"https:\/\/batijournal.com\/index.php\/wp-json\/wp\/v2\/comments?post=86654"}],"version-history":[{"count":0,"href":"https:\/\/batijournal.com\/index.php\/wp-json\/wp\/v2\/posts\/86654\/revisions"}],"wp:featuredmedia":[{"embeddable":true,"href":"https:\/\/batijournal.com\/index.php\/wp-json\/wp\/v2\/media\/86655"}],"wp:attachment":[{"href":"https:\/\/batijournal.com\/index.php\/wp-json\/wp\/v2\/media?parent=86654"}],"wp:term":[{"taxonomy":"category","embeddable":true,"href":"https:\/\/batijournal.com\/index.php\/wp-json\/wp\/v2\/categories?post=86654"},{"taxonomy":"post_tag","embeddable":true,"href":"https:\/\/batijournal.com\/index.php\/wp-json\/wp\/v2\/tags?post=86654"}],"curies":[{"name":"wp","href":"https:\/\/api.w.org\/{rel}","templated":true}]}}