{"id":87078,"date":"2015-05-06T09:51:39","date_gmt":"2015-05-06T07:51:39","guid":{"rendered":"http:\/\/b.bati-journal.com\/?p=87078"},"modified":"2019-07-15T11:28:11","modified_gmt":"2019-07-15T09:28:11","slug":"facades-en-ciment-naturel-quels-enjeux-pour-marseille","status":"publish","type":"post","link":"https:\/\/batijournal.com\/index.php\/facades-en-ciment-naturel-quels-enjeux-pour-marseille\/87078\/","title":{"rendered":"Fa\u00e7ades en ciment naturel : quels enjeux pour Marseille ?"},"content":{"rendered":"<p><span class=\"lettrine\">E<\/span>n partenariat avec le groupe Vicat, le Cercle des Partenaires du Patrimoine organise une journ\u00e9e d&rsquo;information sur les enduits en ciment naturel \u00e0 Marseille le 21 mai 2015 au mus\u00e9e d&rsquo;Histoire de Marseille. Cet \u00e9v\u00e9nement sera l&rsquo;occasion de communiquer sur les avanc\u00e9es scientifiques et techniques aupr\u00e8s des professionnels et des gestionnaires du patrimoine urbain marseillais. Parmi les nombreux intervenants \u00e0 ces int\u00e9ressantes rencontres, on note la pr\u00e9sence de Xavier Daumalin (professeur d&rsquo;histoire contemporaine \u00e0 l&rsquo;Universit\u00e9 Aix-Marseille), Elisabeth Marie-Victoire (Laboratoire de Recherche des Monuments Historiques), Claire Valageas et Philippe Bromblet (Centre interdisciplinaire de conservation et restauration du patrimoine), Myriam Bouichou (Cercle des partenaires du patrimoine), Denis Sommain (responsable d\u00e9veloppement produits Vicat), etc. Renseignements et inscriptions sur le site internet ci-dessous.<\/p>\n<p><a href=\"http:\/\/www.ciment-vicat.fr\" target=\"_blank\" rel=\"noopener noreferrer\"><span style=\"font-family: Arial, Helvetica, sans-serif; font-size: small;\">www.ciment-vicat.fr<\/span><\/a><\/p>\n","protected":false},"excerpt":{"rendered":"<p>En partenariat avec le groupe Vicat, le Cercle des Partenaires du Patrimoine organise une journ\u00e9e d&rsquo;information sur les enduits en ciment naturel \u00e0 Marseille le 21 mai 2015 au mus\u00e9e d&rsquo;Histoire de Marseille. Cet \u00e9v\u00e9nement sera l&rsquo;occasion de communiquer sur les avanc\u00e9es scientifiques et techniques aupr\u00e8s des professionnels et des gestionnaires du patrimoine urbain marseillais. [&hellip;]<\/p>\n","protected":false},"author":1,"featured_media":87079,"comment_status":"open","ping_status":"closed","sticky":false,"template":"","format":"standard","meta":{"_et_pb_use_builder":"","_et_pb_old_content":"","_et_gb_content_width":"","footnotes":""},"categories":[6340],"tags":[126,3592],"class_list":["post-87078","post","type-post","status-publish","format-standard","has-post-thumbnail","hentry","category-architecture-conception","tag-facade","tag-marseille"],"yoast_head":"<!-- This site is optimized with the Yoast SEO plugin v27.4 - https:\/\/yoast.com\/product\/yoast-seo-wordpress\/ -->\n<title>Fa\u00e7ades en ciment naturel : quels enjeux pour Marseille ?<\/title>\n<meta name=\"robots\" content=\"index, follow, max-snippet:-1, max-image-preview:large, max-video-preview:-1\" \/>\n<link rel=\"canonical\" href=\"https:\/\/batijournal.com\/index.php\/facades-en-ciment-naturel-quels-enjeux-pour-marseille\/87078\/\" \/>\n<meta property=\"og:locale\" content=\"fr_FR\" \/>\n<meta property=\"og:type\" content=\"article\" \/>\n<meta property=\"og:title\" content=\"Fa\u00e7ades en ciment naturel : quels enjeux pour Marseille ?\" \/>\n<meta property=\"og:description\" content=\"En partenariat avec le groupe Vicat, le Cercle des Partenaires du Patrimoine organise une journ\u00e9e d&rsquo;information sur les enduits en ciment naturel \u00e0 Marseille le 21 mai 2015 au mus\u00e9e d&rsquo;Histoire de Marseille. Cet \u00e9v\u00e9nement sera l&rsquo;occasion de communiquer sur les avanc\u00e9es scientifiques et techniques aupr\u00e8s des professionnels et des gestionnaires du patrimoine urbain marseillais. [&hellip;]\" \/>\n<meta property=\"og:url\" content=\"https:\/\/batijournal.com\/index.php\/facades-en-ciment-naturel-quels-enjeux-pour-marseille\/87078\/\" \/>\n<meta property=\"og:site_name\" content=\"Batijournal\" \/>\n<meta property=\"article:published_time\" content=\"2015-05-06T07:51:39+00:00\" \/>\n<meta property=\"article:modified_time\" content=\"2019-07-15T09:28:11+00:00\" \/>\n<meta property=\"og:image\" content=\"https:\/\/batijournal.com\/wp-content\/uploads\/2015\/05\/99179486.jpg\" \/>\n\t<meta property=\"og:image:width\" content=\"600\" \/>\n\t<meta property=\"og:image:height\" content=\"388\" \/>\n\t<meta property=\"og:image:type\" content=\"image\/jpeg\" \/>\n<meta name=\"author\" content=\"Bati-journal\" \/>\n<meta name=\"twitter:card\" content=\"summary_large_image\" \/>\n<meta name=\"twitter:creator\" content=\"@bati_journal\" \/>\n<meta name=\"twitter:site\" content=\"@bati_journal\" \/>\n<meta name=\"twitter:label1\" content=\"\u00c9crit par\" \/>\n\t<meta name=\"twitter:data1\" content=\"Bati-journal\" \/>\n\t<meta name=\"twitter:label2\" content=\"Dur\u00e9e de lecture estim\u00e9e\" \/>\n\t<meta name=\"twitter:data2\" content=\"1 minute\" \/>\n<script type=\"application\/ld+json\" class=\"yoast-schema-graph\">{\"@context\":\"https:\\\/\\\/schema.org\",\"@graph\":[{\"@type\":\"Article\",\"@id\":\"https:\\\/\\\/batijournal.com\\\/index.php\\\/facades-en-ciment-naturel-quels-enjeux-pour-marseille\\\/87078\\\/#article\",\"isPartOf\":{\"@id\":\"https:\\\/\\\/batijournal.com\\\/index.php\\\/facades-en-ciment-naturel-quels-enjeux-pour-marseille\\\/87078\\\/\"},\"author\":{\"name\":\"Bati-journal\",\"@id\":\"https:\\\/\\\/batijournal.com\\\/#\\\/schema\\\/person\\\/6a657e8967569e1b299972574848aa76\"},\"headline\":\"Fa\u00e7ades en ciment naturel : quels enjeux pour Marseille ?\",\"datePublished\":\"2015-05-06T07:51:39+00:00\",\"dateModified\":\"2019-07-15T09:28:11+00:00\",\"mainEntityOfPage\":{\"@id\":\"https:\\\/\\\/batijournal.com\\\/index.php\\\/facades-en-ciment-naturel-quels-enjeux-pour-marseille\\\/87078\\\/\"},\"wordCount\":139,\"commentCount\":0,\"image\":{\"@id\":\"https:\\\/\\\/batijournal.com\\\/index.php\\\/facades-en-ciment-naturel-quels-enjeux-pour-marseille\\\/87078\\\/#primaryimage\"},\"thumbnailUrl\":\"https:\\\/\\\/batijournal.com\\\/wp-content\\\/uploads\\\/2015\\\/05\\\/99179486.jpg\",\"keywords\":[\"fa\u00e7ade\",\"Marseille\"],\"articleSection\":[\"Architecture &amp; Conception\"],\"inLanguage\":\"fr-FR\",\"potentialAction\":[{\"@type\":\"CommentAction\",\"name\":\"Comment\",\"target\":[\"https:\\\/\\\/batijournal.com\\\/index.php\\\/facades-en-ciment-naturel-quels-enjeux-pour-marseille\\\/87078\\\/#respond\"]}]},{\"@type\":\"WebPage\",\"@id\":\"https:\\\/\\\/batijournal.com\\\/index.php\\\/facades-en-ciment-naturel-quels-enjeux-pour-marseille\\\/87078\\\/\",\"url\":\"https:\\\/\\\/batijournal.com\\\/index.php\\\/facades-en-ciment-naturel-quels-enjeux-pour-marseille\\\/87078\\\/\",\"name\":\"Fa\u00e7ades en ciment naturel : quels enjeux pour Marseille ?\",\"isPartOf\":{\"@id\":\"https:\\\/\\\/batijournal.com\\\/#website\"},\"primaryImageOfPage\":{\"@id\":\"https:\\\/\\\/batijournal.com\\\/index.php\\\/facades-en-ciment-naturel-quels-enjeux-pour-marseille\\\/87078\\\/#primaryimage\"},\"image\":{\"@id\":\"https:\\\/\\\/batijournal.com\\\/index.php\\\/facades-en-ciment-naturel-quels-enjeux-pour-marseille\\\/87078\\\/#primaryimage\"},\"thumbnailUrl\":\"https:\\\/\\\/batijournal.com\\\/wp-content\\\/uploads\\\/2015\\\/05\\\/99179486.jpg\",\"datePublished\":\"2015-05-06T07:51:39+00:00\",\"dateModified\":\"2019-07-15T09:28:11+00:00\",\"author\":{\"@id\":\"https:\\\/\\\/batijournal.com\\\/#\\\/schema\\\/person\\\/6a657e8967569e1b299972574848aa76\"},\"breadcrumb\":{\"@id\":\"https:\\\/\\\/batijournal.com\\\/index.php\\\/facades-en-ciment-naturel-quels-enjeux-pour-marseille\\\/87078\\\/#breadcrumb\"},\"inLanguage\":\"fr-FR\",\"potentialAction\":[{\"@type\":\"ReadAction\",\"target\":[\"https:\\\/\\\/batijournal.com\\\/index.php\\\/facades-en-ciment-naturel-quels-enjeux-pour-marseille\\\/87078\\\/\"]}]},{\"@type\":\"ImageObject\",\"inLanguage\":\"fr-FR\",\"@id\":\"https:\\\/\\\/batijournal.com\\\/index.php\\\/facades-en-ciment-naturel-quels-enjeux-pour-marseille\\\/87078\\\/#primaryimage\",\"url\":\"https:\\\/\\\/batijournal.com\\\/wp-content\\\/uploads\\\/2015\\\/05\\\/99179486.jpg\",\"contentUrl\":\"https:\\\/\\\/batijournal.com\\\/wp-content\\\/uploads\\\/2015\\\/05\\\/99179486.jpg\",\"width\":600,\"height\":388,\"caption\":\"Marseille\"},{\"@type\":\"BreadcrumbList\",\"@id\":\"https:\\\/\\\/batijournal.com\\\/index.php\\\/facades-en-ciment-naturel-quels-enjeux-pour-marseille\\\/87078\\\/#breadcrumb\",\"itemListElement\":[{\"@type\":\"ListItem\",\"position\":1,\"name\":\"Accueil\",\"item\":\"https:\\\/\\\/batijournal.com\\\/\"},{\"@type\":\"ListItem\",\"position\":2,\"name\":\"Actualit\u00e9s\",\"item\":\"https:\\\/\\\/batijournal.com\\\/index.php\\\/category\\\/actualites\\\/\"},{\"@type\":\"ListItem\",\"position\":3,\"name\":\"Architecture &amp; Conception\",\"item\":\"https:\\\/\\\/batijournal.com\\\/index.php\\\/category\\\/actualites\\\/architecture-conception\\\/\"},{\"@type\":\"ListItem\",\"position\":4,\"name\":\"Fa\u00e7ades en ciment naturel : quels enjeux pour Marseille ?\"}]},{\"@type\":\"WebSite\",\"@id\":\"https:\\\/\\\/batijournal.com\\\/#website\",\"url\":\"https:\\\/\\\/batijournal.com\\\/\",\"name\":\"Batijournal\",\"description\":\"L&#039;actualit\u00e9 du b\u00e2timent\",\"potentialAction\":[{\"@type\":\"SearchAction\",\"target\":{\"@type\":\"EntryPoint\",\"urlTemplate\":\"https:\\\/\\\/batijournal.com\\\/?s={search_term_string}\"},\"query-input\":{\"@type\":\"PropertyValueSpecification\",\"valueRequired\":true,\"valueName\":\"search_term_string\"}}],\"inLanguage\":\"fr-FR\"},{\"@type\":\"Person\",\"@id\":\"https:\\\/\\\/batijournal.com\\\/#\\\/schema\\\/person\\\/6a657e8967569e1b299972574848aa76\",\"name\":\"Bati-journal\",\"image\":{\"@type\":\"ImageObject\",\"inLanguage\":\"fr-FR\",\"@id\":\"https:\\\/\\\/secure.gravatar.com\\\/avatar\\\/a64364ea26392f9b4dd47e017ddaec74ff03aefc073b49e492e847201258f777?s=96&d=mm&r=g\",\"url\":\"https:\\\/\\\/secure.gravatar.com\\\/avatar\\\/a64364ea26392f9b4dd47e017ddaec74ff03aefc073b49e492e847201258f777?s=96&d=mm&r=g\",\"contentUrl\":\"https:\\\/\\\/secure.gravatar.com\\\/avatar\\\/a64364ea26392f9b4dd47e017ddaec74ff03aefc073b49e492e847201258f777?s=96&d=mm&r=g\",\"caption\":\"Bati-journal\"},\"url\":\"https:\\\/\\\/batijournal.com\\\/index.php\\\/author\\\/elodie\\\/\"}]}<\/script>\n<!-- \/ Yoast SEO plugin. -->","yoast_head_json":{"title":"Fa\u00e7ades en ciment naturel : quels enjeux pour Marseille ?","robots":{"index":"index","follow":"follow","max-snippet":"max-snippet:-1","max-image-preview":"max-image-preview:large","max-video-preview":"max-video-preview:-1"},"canonical":"https:\/\/batijournal.com\/index.php\/facades-en-ciment-naturel-quels-enjeux-pour-marseille\/87078\/","og_locale":"fr_FR","og_type":"article","og_title":"Fa\u00e7ades en ciment naturel : quels enjeux pour Marseille ?","og_description":"En partenariat avec le groupe Vicat, le Cercle des Partenaires du Patrimoine organise une journ\u00e9e d&rsquo;information sur les enduits en ciment naturel \u00e0 Marseille le 21 mai 2015 au mus\u00e9e d&rsquo;Histoire de Marseille. Cet \u00e9v\u00e9nement sera l&rsquo;occasion de communiquer sur les avanc\u00e9es scientifiques et techniques aupr\u00e8s des professionnels et des gestionnaires du patrimoine urbain marseillais. [&hellip;]","og_url":"https:\/\/batijournal.com\/index.php\/facades-en-ciment-naturel-quels-enjeux-pour-marseille\/87078\/","og_site_name":"Batijournal","article_published_time":"2015-05-06T07:51:39+00:00","article_modified_time":"2019-07-15T09:28:11+00:00","og_image":[{"width":600,"height":388,"url":"https:\/\/batijournal.com\/wp-content\/uploads\/2015\/05\/99179486.jpg","type":"image\/jpeg"}],"author":"Bati-journal","twitter_card":"summary_large_image","twitter_creator":"@bati_journal","twitter_site":"@bati_journal","twitter_misc":{"\u00c9crit par":"Bati-journal","Dur\u00e9e de lecture estim\u00e9e":"1 minute"},"schema":{"@context":"https:\/\/schema.org","@graph":[{"@type":"Article","@id":"https:\/\/batijournal.com\/index.php\/facades-en-ciment-naturel-quels-enjeux-pour-marseille\/87078\/#article","isPartOf":{"@id":"https:\/\/batijournal.com\/index.php\/facades-en-ciment-naturel-quels-enjeux-pour-marseille\/87078\/"},"author":{"name":"Bati-journal","@id":"https:\/\/batijournal.com\/#\/schema\/person\/6a657e8967569e1b299972574848aa76"},"headline":"Fa\u00e7ades en ciment naturel : quels enjeux pour Marseille ?","datePublished":"2015-05-06T07:51:39+00:00","dateModified":"2019-07-15T09:28:11+00:00","mainEntityOfPage":{"@id":"https:\/\/batijournal.com\/index.php\/facades-en-ciment-naturel-quels-enjeux-pour-marseille\/87078\/"},"wordCount":139,"commentCount":0,"image":{"@id":"https:\/\/batijournal.com\/index.php\/facades-en-ciment-naturel-quels-enjeux-pour-marseille\/87078\/#primaryimage"},"thumbnailUrl":"https:\/\/batijournal.com\/wp-content\/uploads\/2015\/05\/99179486.jpg","keywords":["fa\u00e7ade","Marseille"],"articleSection":["Architecture &amp; Conception"],"inLanguage":"fr-FR","potentialAction":[{"@type":"CommentAction","name":"Comment","target":["https:\/\/batijournal.com\/index.php\/facades-en-ciment-naturel-quels-enjeux-pour-marseille\/87078\/#respond"]}]},{"@type":"WebPage","@id":"https:\/\/batijournal.com\/index.php\/facades-en-ciment-naturel-quels-enjeux-pour-marseille\/87078\/","url":"https:\/\/batijournal.com\/index.php\/facades-en-ciment-naturel-quels-enjeux-pour-marseille\/87078\/","name":"Fa\u00e7ades en ciment naturel : quels enjeux pour Marseille ?","isPartOf":{"@id":"https:\/\/batijournal.com\/#website"},"primaryImageOfPage":{"@id":"https:\/\/batijournal.com\/index.php\/facades-en-ciment-naturel-quels-enjeux-pour-marseille\/87078\/#primaryimage"},"image":{"@id":"https:\/\/batijournal.com\/index.php\/facades-en-ciment-naturel-quels-enjeux-pour-marseille\/87078\/#primaryimage"},"thumbnailUrl":"https:\/\/batijournal.com\/wp-content\/uploads\/2015\/05\/99179486.jpg","datePublished":"2015-05-06T07:51:39+00:00","dateModified":"2019-07-15T09:28:11+00:00","author":{"@id":"https:\/\/batijournal.com\/#\/schema\/person\/6a657e8967569e1b299972574848aa76"},"breadcrumb":{"@id":"https:\/\/batijournal.com\/index.php\/facades-en-ciment-naturel-quels-enjeux-pour-marseille\/87078\/#breadcrumb"},"inLanguage":"fr-FR","potentialAction":[{"@type":"ReadAction","target":["https:\/\/batijournal.com\/index.php\/facades-en-ciment-naturel-quels-enjeux-pour-marseille\/87078\/"]}]},{"@type":"ImageObject","inLanguage":"fr-FR","@id":"https:\/\/batijournal.com\/index.php\/facades-en-ciment-naturel-quels-enjeux-pour-marseille\/87078\/#primaryimage","url":"https:\/\/batijournal.com\/wp-content\/uploads\/2015\/05\/99179486.jpg","contentUrl":"https:\/\/batijournal.com\/wp-content\/uploads\/2015\/05\/99179486.jpg","width":600,"height":388,"caption":"Marseille"},{"@type":"BreadcrumbList","@id":"https:\/\/batijournal.com\/index.php\/facades-en-ciment-naturel-quels-enjeux-pour-marseille\/87078\/#breadcrumb","itemListElement":[{"@type":"ListItem","position":1,"name":"Accueil","item":"https:\/\/batijournal.com\/"},{"@type":"ListItem","position":2,"name":"Actualit\u00e9s","item":"https:\/\/batijournal.com\/index.php\/category\/actualites\/"},{"@type":"ListItem","position":3,"name":"Architecture &amp; Conception","item":"https:\/\/batijournal.com\/index.php\/category\/actualites\/architecture-conception\/"},{"@type":"ListItem","position":4,"name":"Fa\u00e7ades en ciment naturel : quels enjeux pour Marseille ?"}]},{"@type":"WebSite","@id":"https:\/\/batijournal.com\/#website","url":"https:\/\/batijournal.com\/","name":"Batijournal","description":"L&#039;actualit\u00e9 du b\u00e2timent","potentialAction":[{"@type":"SearchAction","target":{"@type":"EntryPoint","urlTemplate":"https:\/\/batijournal.com\/?s={search_term_string}"},"query-input":{"@type":"PropertyValueSpecification","valueRequired":true,"valueName":"search_term_string"}}],"inLanguage":"fr-FR"},{"@type":"Person","@id":"https:\/\/batijournal.com\/#\/schema\/person\/6a657e8967569e1b299972574848aa76","name":"Bati-journal","image":{"@type":"ImageObject","inLanguage":"fr-FR","@id":"https:\/\/secure.gravatar.com\/avatar\/a64364ea26392f9b4dd47e017ddaec74ff03aefc073b49e492e847201258f777?s=96&d=mm&r=g","url":"https:\/\/secure.gravatar.com\/avatar\/a64364ea26392f9b4dd47e017ddaec74ff03aefc073b49e492e847201258f777?s=96&d=mm&r=g","contentUrl":"https:\/\/secure.gravatar.com\/avatar\/a64364ea26392f9b4dd47e017ddaec74ff03aefc073b49e492e847201258f777?s=96&d=mm&r=g","caption":"Bati-journal"},"url":"https:\/\/batijournal.com\/index.php\/author\/elodie\/"}]}},"_links":{"self":[{"href":"https:\/\/batijournal.com\/index.php\/wp-json\/wp\/v2\/posts\/87078","targetHints":{"allow":["GET"]}}],"collection":[{"href":"https:\/\/batijournal.com\/index.php\/wp-json\/wp\/v2\/posts"}],"about":[{"href":"https:\/\/batijournal.com\/index.php\/wp-json\/wp\/v2\/types\/post"}],"author":[{"embeddable":true,"href":"https:\/\/batijournal.com\/index.php\/wp-json\/wp\/v2\/users\/1"}],"replies":[{"embeddable":true,"href":"https:\/\/batijournal.com\/index.php\/wp-json\/wp\/v2\/comments?post=87078"}],"version-history":[{"count":0,"href":"https:\/\/batijournal.com\/index.php\/wp-json\/wp\/v2\/posts\/87078\/revisions"}],"wp:featuredmedia":[{"embeddable":true,"href":"https:\/\/batijournal.com\/index.php\/wp-json\/wp\/v2\/media\/87079"}],"wp:attachment":[{"href":"https:\/\/batijournal.com\/index.php\/wp-json\/wp\/v2\/media?parent=87078"}],"wp:term":[{"taxonomy":"category","embeddable":true,"href":"https:\/\/batijournal.com\/index.php\/wp-json\/wp\/v2\/categories?post=87078"},{"taxonomy":"post_tag","embeddable":true,"href":"https:\/\/batijournal.com\/index.php\/wp-json\/wp\/v2\/tags?post=87078"}],"curies":[{"name":"wp","href":"https:\/\/api.w.org\/{rel}","templated":true}]}}