{"id":87324,"date":"2015-05-26T11:02:35","date_gmt":"2015-05-26T09:02:35","guid":{"rendered":"http:\/\/b.bati-journal.com\/?p=87324"},"modified":"2019-07-15T11:28:09","modified_gmt":"2019-07-15T09:28:09","slug":"premier-complexe-commercial-francais-en-bois","status":"publish","type":"post","link":"https:\/\/batijournal.com\/index.php\/premier-complexe-commercial-francais-en-bois\/87324\/","title":{"rendered":"Premier complexe commercial fran\u00e7ais en bois"},"content":{"rendered":"<p><img loading=\"lazy\" decoding=\"async\" class=\"alignleft wp-image-87325 size-medium\" src=\"http:\/\/b.bati-journal.com\/wp-content\/uploads\/2015\/05\/100034111-300x205.jpg\" alt=\"Marques Avenue\" width=\"300\" height=\"205\" srcset=\"https:\/\/batijournal.com\/wp-content\/uploads\/2015\/05\/100034111-300x205.jpg 300w, https:\/\/batijournal.com\/wp-content\/uploads\/2015\/05\/100034111-75x52.jpg 75w, https:\/\/batijournal.com\/wp-content\/uploads\/2015\/05\/100034111.jpg 599w\" sizes=\"(max-width: 300px) 100vw, 300px\" \/>Le premier complexe commercial fran\u00e7ais r\u00e9alis\u00e9 avec du bois massif\/CLT Woodeum a \u00e9t\u00e9 inaugur\u00e9 par ses promoteurs Altarea-Cogedim et Marques Avenue.<\/p>\n<p>V\u00e9ritable pi\u00e8ge \u00e0 carbone, cette op\u00e9ration de 20 000 m&amp;sup2;, dessin\u00e9e par Saguez &amp; Partners et construite par Mathis, annonce une nouvelle g\u00e9n\u00e9ration de grand projets immobiliers, o\u00f9 la d\u00e9marche environnementale commence par le choix des mat\u00e9riaux et du mode constructif. Son concept est bas\u00e9 sur un espace paysager qui privil\u00e9gie le confort d\u2019une promenade \u00e0 ciel ouvert. Dans un esprit loft, compos\u00e9 de hauts volumes, le \u00ab tout bois \u00bb est bien le parti-pris du projet. La structure est faite de CLT (Cross Laminated Timber \/ Bois Massif Lamell\u00e9 Crois\u00e9), pour les refends entre boutiques, de lamell\u00e9-coll\u00e9 pour les structures les plus complexes et d\u2019ossature bois pour les fa\u00e7ades. Tout bois \u00e9galement pour ce qui concerne les parements de fa\u00e7ades qui se d\u00e9clinent en bardages horizontaux ou verticaux, \u00e0 emboitement, \u00e0 recouvrement ou \u00e0 claire voie. Le choix du bois s\u2019est aussi naturellement impos\u00e9 pour sa rapidit\u00e9 de mise en \u0153uvre par la pr\u00e9fabrication en ateliers.<\/p>\n<p>Le gain carbone pour ce programme est estim\u00e9 \u00e0 715 tonnes, soit 155 tours de la Terre en voiture. S\u00e9lectionn\u00e9 par l\u2019Association BBCA pour devenir l\u2019un des b\u00e2timents pilotes du futur label fran\u00e7ais \u00ab\u00a0B\u00e2timent Bas Carbone\u00a0\u00bb, il illustre le formidable potentiel du bois massif pour construire la ville de demain, sans nuisance et plus vite. Mathis, Woodeum et Altarea Cogedim font partie des membres fondateurs de l\u2019association BBCA, dont l\u2019objectif est de faire reconna\u00eetre les vertus des b\u00e2timents bas carbone.<\/p>\n<p>Marques Avenue A13 est aussi le 1er village de Marques de France certifi\u00e9 BREEAM International 2013 au niveau \u00ab Excellent \u00bb, attestant d l\u2019excellente performance du projet et de la ma\u00eetrise de son impact en termes d\u2019\u00e9conomie d\u2019\u00e9nergie, d\u2019eau, de confort et de sant\u00e9.<\/p>\n","protected":false},"excerpt":{"rendered":"<p>Le premier complexe commercial fran\u00e7ais r\u00e9alis\u00e9 avec du bois massif\/CLT Woodeum a \u00e9t\u00e9 inaugur\u00e9 par ses promoteurs Altarea-Cogedim et Marques Avenue. V\u00e9ritable pi\u00e8ge \u00e0 carbone, cette op\u00e9ration de 20 000 m&amp;sup2;, dessin\u00e9e par Saguez &amp; Partners et construite par Mathis, annonce une nouvelle g\u00e9n\u00e9ration de grand projets immobiliers, o\u00f9 la d\u00e9marche environnementale commence par le [&hellip;]<\/p>\n","protected":false},"author":1,"featured_media":87336,"comment_status":"open","ping_status":"closed","sticky":false,"template":"","format":"standard","meta":{"_et_pb_use_builder":"","_et_pb_old_content":"","_et_gb_content_width":"","footnotes":""},"categories":[6340],"tags":[44,2613],"class_list":["post-87324","post","type-post","status-publish","format-standard","has-post-thumbnail","hentry","category-architecture-conception","tag-bois","tag-woodeum"],"yoast_head":"<!-- This site is optimized with the Yoast SEO plugin v27.4 - https:\/\/yoast.com\/product\/yoast-seo-wordpress\/ -->\n<title>Premier complexe commercial fran\u00e7ais en bois<\/title>\n<meta name=\"robots\" content=\"index, follow, max-snippet:-1, max-image-preview:large, max-video-preview:-1\" \/>\n<link rel=\"canonical\" href=\"https:\/\/batijournal.com\/index.php\/premier-complexe-commercial-francais-en-bois\/87324\/\" \/>\n<meta property=\"og:locale\" content=\"fr_FR\" \/>\n<meta property=\"og:type\" content=\"article\" \/>\n<meta property=\"og:title\" content=\"Premier complexe commercial fran\u00e7ais en bois\" \/>\n<meta property=\"og:description\" content=\"Le premier complexe commercial fran\u00e7ais r\u00e9alis\u00e9 avec du bois massif\/CLT Woodeum a \u00e9t\u00e9 inaugur\u00e9 par ses promoteurs Altarea-Cogedim et Marques Avenue. V\u00e9ritable pi\u00e8ge \u00e0 carbone, cette op\u00e9ration de 20 000 m&amp;sup2;, dessin\u00e9e par Saguez &amp; Partners et construite par Mathis, annonce une nouvelle g\u00e9n\u00e9ration de grand projets immobiliers, o\u00f9 la d\u00e9marche environnementale commence par le [&hellip;]\" \/>\n<meta property=\"og:url\" content=\"https:\/\/batijournal.com\/index.php\/premier-complexe-commercial-francais-en-bois\/87324\/\" \/>\n<meta property=\"og:site_name\" content=\"Batijournal\" \/>\n<meta property=\"article:published_time\" content=\"2015-05-26T09:02:35+00:00\" \/>\n<meta property=\"article:modified_time\" content=\"2019-07-15T09:28:09+00:00\" \/>\n<meta property=\"og:image\" content=\"https:\/\/batijournal.com\/wp-content\/uploads\/2015\/05\/P5210099.jpeg\" \/>\n\t<meta property=\"og:image:width\" content=\"837\" \/>\n\t<meta property=\"og:image:height\" content=\"628\" \/>\n\t<meta property=\"og:image:type\" content=\"image\/jpeg\" \/>\n<meta name=\"author\" content=\"Bati-journal\" \/>\n<meta name=\"twitter:card\" content=\"summary_large_image\" \/>\n<meta name=\"twitter:creator\" content=\"@bati_journal\" \/>\n<meta name=\"twitter:site\" content=\"@bati_journal\" \/>\n<meta name=\"twitter:label1\" content=\"\u00c9crit par\" \/>\n\t<meta name=\"twitter:data1\" content=\"Bati-journal\" \/>\n\t<meta name=\"twitter:label2\" content=\"Dur\u00e9e de lecture estim\u00e9e\" \/>\n\t<meta name=\"twitter:data2\" content=\"2 minutes\" \/>\n<script type=\"application\/ld+json\" class=\"yoast-schema-graph\">{\"@context\":\"https:\\\/\\\/schema.org\",\"@graph\":[{\"@type\":\"Article\",\"@id\":\"https:\\\/\\\/batijournal.com\\\/index.php\\\/premier-complexe-commercial-francais-en-bois\\\/87324\\\/#article\",\"isPartOf\":{\"@id\":\"https:\\\/\\\/batijournal.com\\\/index.php\\\/premier-complexe-commercial-francais-en-bois\\\/87324\\\/\"},\"author\":{\"name\":\"Bati-journal\",\"@id\":\"https:\\\/\\\/batijournal.com\\\/#\\\/schema\\\/person\\\/6a657e8967569e1b299972574848aa76\"},\"headline\":\"Premier complexe commercial fran\u00e7ais en bois\",\"datePublished\":\"2015-05-26T09:02:35+00:00\",\"dateModified\":\"2019-07-15T09:28:09+00:00\",\"mainEntityOfPage\":{\"@id\":\"https:\\\/\\\/batijournal.com\\\/index.php\\\/premier-complexe-commercial-francais-en-bois\\\/87324\\\/\"},\"wordCount\":330,\"commentCount\":0,\"image\":{\"@id\":\"https:\\\/\\\/batijournal.com\\\/index.php\\\/premier-complexe-commercial-francais-en-bois\\\/87324\\\/#primaryimage\"},\"thumbnailUrl\":\"https:\\\/\\\/batijournal.com\\\/wp-content\\\/uploads\\\/2015\\\/05\\\/P5210099.jpeg\",\"keywords\":[\"bois\",\"Woodeum\"],\"articleSection\":[\"Architecture &amp; Conception\"],\"inLanguage\":\"fr-FR\",\"potentialAction\":[{\"@type\":\"CommentAction\",\"name\":\"Comment\",\"target\":[\"https:\\\/\\\/batijournal.com\\\/index.php\\\/premier-complexe-commercial-francais-en-bois\\\/87324\\\/#respond\"]}]},{\"@type\":\"WebPage\",\"@id\":\"https:\\\/\\\/batijournal.com\\\/index.php\\\/premier-complexe-commercial-francais-en-bois\\\/87324\\\/\",\"url\":\"https:\\\/\\\/batijournal.com\\\/index.php\\\/premier-complexe-commercial-francais-en-bois\\\/87324\\\/\",\"name\":\"Premier complexe commercial fran\u00e7ais en bois\",\"isPartOf\":{\"@id\":\"https:\\\/\\\/batijournal.com\\\/#website\"},\"primaryImageOfPage\":{\"@id\":\"https:\\\/\\\/batijournal.com\\\/index.php\\\/premier-complexe-commercial-francais-en-bois\\\/87324\\\/#primaryimage\"},\"image\":{\"@id\":\"https:\\\/\\\/batijournal.com\\\/index.php\\\/premier-complexe-commercial-francais-en-bois\\\/87324\\\/#primaryimage\"},\"thumbnailUrl\":\"https:\\\/\\\/batijournal.com\\\/wp-content\\\/uploads\\\/2015\\\/05\\\/P5210099.jpeg\",\"datePublished\":\"2015-05-26T09:02:35+00:00\",\"dateModified\":\"2019-07-15T09:28:09+00:00\",\"author\":{\"@id\":\"https:\\\/\\\/batijournal.com\\\/#\\\/schema\\\/person\\\/6a657e8967569e1b299972574848aa76\"},\"breadcrumb\":{\"@id\":\"https:\\\/\\\/batijournal.com\\\/index.php\\\/premier-complexe-commercial-francais-en-bois\\\/87324\\\/#breadcrumb\"},\"inLanguage\":\"fr-FR\",\"potentialAction\":[{\"@type\":\"ReadAction\",\"target\":[\"https:\\\/\\\/batijournal.com\\\/index.php\\\/premier-complexe-commercial-francais-en-bois\\\/87324\\\/\"]}]},{\"@type\":\"ImageObject\",\"inLanguage\":\"fr-FR\",\"@id\":\"https:\\\/\\\/batijournal.com\\\/index.php\\\/premier-complexe-commercial-francais-en-bois\\\/87324\\\/#primaryimage\",\"url\":\"https:\\\/\\\/batijournal.com\\\/wp-content\\\/uploads\\\/2015\\\/05\\\/P5210099.jpeg\",\"contentUrl\":\"https:\\\/\\\/batijournal.com\\\/wp-content\\\/uploads\\\/2015\\\/05\\\/P5210099.jpeg\",\"width\":837,\"height\":628},{\"@type\":\"BreadcrumbList\",\"@id\":\"https:\\\/\\\/batijournal.com\\\/index.php\\\/premier-complexe-commercial-francais-en-bois\\\/87324\\\/#breadcrumb\",\"itemListElement\":[{\"@type\":\"ListItem\",\"position\":1,\"name\":\"Accueil\",\"item\":\"https:\\\/\\\/batijournal.com\\\/\"},{\"@type\":\"ListItem\",\"position\":2,\"name\":\"Actualit\u00e9s\",\"item\":\"https:\\\/\\\/batijournal.com\\\/index.php\\\/category\\\/actualites\\\/\"},{\"@type\":\"ListItem\",\"position\":3,\"name\":\"Architecture &amp; Conception\",\"item\":\"https:\\\/\\\/batijournal.com\\\/index.php\\\/category\\\/actualites\\\/architecture-conception\\\/\"},{\"@type\":\"ListItem\",\"position\":4,\"name\":\"Premier complexe commercial fran\u00e7ais en bois\"}]},{\"@type\":\"WebSite\",\"@id\":\"https:\\\/\\\/batijournal.com\\\/#website\",\"url\":\"https:\\\/\\\/batijournal.com\\\/\",\"name\":\"Batijournal\",\"description\":\"L&#039;actualit\u00e9 du b\u00e2timent\",\"potentialAction\":[{\"@type\":\"SearchAction\",\"target\":{\"@type\":\"EntryPoint\",\"urlTemplate\":\"https:\\\/\\\/batijournal.com\\\/?s={search_term_string}\"},\"query-input\":{\"@type\":\"PropertyValueSpecification\",\"valueRequired\":true,\"valueName\":\"search_term_string\"}}],\"inLanguage\":\"fr-FR\"},{\"@type\":\"Person\",\"@id\":\"https:\\\/\\\/batijournal.com\\\/#\\\/schema\\\/person\\\/6a657e8967569e1b299972574848aa76\",\"name\":\"Bati-journal\",\"image\":{\"@type\":\"ImageObject\",\"inLanguage\":\"fr-FR\",\"@id\":\"https:\\\/\\\/secure.gravatar.com\\\/avatar\\\/a64364ea26392f9b4dd47e017ddaec74ff03aefc073b49e492e847201258f777?s=96&d=mm&r=g\",\"url\":\"https:\\\/\\\/secure.gravatar.com\\\/avatar\\\/a64364ea26392f9b4dd47e017ddaec74ff03aefc073b49e492e847201258f777?s=96&d=mm&r=g\",\"contentUrl\":\"https:\\\/\\\/secure.gravatar.com\\\/avatar\\\/a64364ea26392f9b4dd47e017ddaec74ff03aefc073b49e492e847201258f777?s=96&d=mm&r=g\",\"caption\":\"Bati-journal\"},\"url\":\"https:\\\/\\\/batijournal.com\\\/index.php\\\/author\\\/elodie\\\/\"}]}<\/script>\n<!-- \/ Yoast SEO plugin. -->","yoast_head_json":{"title":"Premier complexe commercial fran\u00e7ais en bois","robots":{"index":"index","follow":"follow","max-snippet":"max-snippet:-1","max-image-preview":"max-image-preview:large","max-video-preview":"max-video-preview:-1"},"canonical":"https:\/\/batijournal.com\/index.php\/premier-complexe-commercial-francais-en-bois\/87324\/","og_locale":"fr_FR","og_type":"article","og_title":"Premier complexe commercial fran\u00e7ais en bois","og_description":"Le premier complexe commercial fran\u00e7ais r\u00e9alis\u00e9 avec du bois massif\/CLT Woodeum a \u00e9t\u00e9 inaugur\u00e9 par ses promoteurs Altarea-Cogedim et Marques Avenue. V\u00e9ritable pi\u00e8ge \u00e0 carbone, cette op\u00e9ration de 20 000 m&amp;sup2;, dessin\u00e9e par Saguez &amp; Partners et construite par Mathis, annonce une nouvelle g\u00e9n\u00e9ration de grand projets immobiliers, o\u00f9 la d\u00e9marche environnementale commence par le [&hellip;]","og_url":"https:\/\/batijournal.com\/index.php\/premier-complexe-commercial-francais-en-bois\/87324\/","og_site_name":"Batijournal","article_published_time":"2015-05-26T09:02:35+00:00","article_modified_time":"2019-07-15T09:28:09+00:00","og_image":[{"width":837,"height":628,"url":"https:\/\/batijournal.com\/wp-content\/uploads\/2015\/05\/P5210099.jpeg","type":"image\/jpeg"}],"author":"Bati-journal","twitter_card":"summary_large_image","twitter_creator":"@bati_journal","twitter_site":"@bati_journal","twitter_misc":{"\u00c9crit par":"Bati-journal","Dur\u00e9e de lecture estim\u00e9e":"2 minutes"},"schema":{"@context":"https:\/\/schema.org","@graph":[{"@type":"Article","@id":"https:\/\/batijournal.com\/index.php\/premier-complexe-commercial-francais-en-bois\/87324\/#article","isPartOf":{"@id":"https:\/\/batijournal.com\/index.php\/premier-complexe-commercial-francais-en-bois\/87324\/"},"author":{"name":"Bati-journal","@id":"https:\/\/batijournal.com\/#\/schema\/person\/6a657e8967569e1b299972574848aa76"},"headline":"Premier complexe commercial fran\u00e7ais en bois","datePublished":"2015-05-26T09:02:35+00:00","dateModified":"2019-07-15T09:28:09+00:00","mainEntityOfPage":{"@id":"https:\/\/batijournal.com\/index.php\/premier-complexe-commercial-francais-en-bois\/87324\/"},"wordCount":330,"commentCount":0,"image":{"@id":"https:\/\/batijournal.com\/index.php\/premier-complexe-commercial-francais-en-bois\/87324\/#primaryimage"},"thumbnailUrl":"https:\/\/batijournal.com\/wp-content\/uploads\/2015\/05\/P5210099.jpeg","keywords":["bois","Woodeum"],"articleSection":["Architecture &amp; Conception"],"inLanguage":"fr-FR","potentialAction":[{"@type":"CommentAction","name":"Comment","target":["https:\/\/batijournal.com\/index.php\/premier-complexe-commercial-francais-en-bois\/87324\/#respond"]}]},{"@type":"WebPage","@id":"https:\/\/batijournal.com\/index.php\/premier-complexe-commercial-francais-en-bois\/87324\/","url":"https:\/\/batijournal.com\/index.php\/premier-complexe-commercial-francais-en-bois\/87324\/","name":"Premier complexe commercial fran\u00e7ais en bois","isPartOf":{"@id":"https:\/\/batijournal.com\/#website"},"primaryImageOfPage":{"@id":"https:\/\/batijournal.com\/index.php\/premier-complexe-commercial-francais-en-bois\/87324\/#primaryimage"},"image":{"@id":"https:\/\/batijournal.com\/index.php\/premier-complexe-commercial-francais-en-bois\/87324\/#primaryimage"},"thumbnailUrl":"https:\/\/batijournal.com\/wp-content\/uploads\/2015\/05\/P5210099.jpeg","datePublished":"2015-05-26T09:02:35+00:00","dateModified":"2019-07-15T09:28:09+00:00","author":{"@id":"https:\/\/batijournal.com\/#\/schema\/person\/6a657e8967569e1b299972574848aa76"},"breadcrumb":{"@id":"https:\/\/batijournal.com\/index.php\/premier-complexe-commercial-francais-en-bois\/87324\/#breadcrumb"},"inLanguage":"fr-FR","potentialAction":[{"@type":"ReadAction","target":["https:\/\/batijournal.com\/index.php\/premier-complexe-commercial-francais-en-bois\/87324\/"]}]},{"@type":"ImageObject","inLanguage":"fr-FR","@id":"https:\/\/batijournal.com\/index.php\/premier-complexe-commercial-francais-en-bois\/87324\/#primaryimage","url":"https:\/\/batijournal.com\/wp-content\/uploads\/2015\/05\/P5210099.jpeg","contentUrl":"https:\/\/batijournal.com\/wp-content\/uploads\/2015\/05\/P5210099.jpeg","width":837,"height":628},{"@type":"BreadcrumbList","@id":"https:\/\/batijournal.com\/index.php\/premier-complexe-commercial-francais-en-bois\/87324\/#breadcrumb","itemListElement":[{"@type":"ListItem","position":1,"name":"Accueil","item":"https:\/\/batijournal.com\/"},{"@type":"ListItem","position":2,"name":"Actualit\u00e9s","item":"https:\/\/batijournal.com\/index.php\/category\/actualites\/"},{"@type":"ListItem","position":3,"name":"Architecture &amp; Conception","item":"https:\/\/batijournal.com\/index.php\/category\/actualites\/architecture-conception\/"},{"@type":"ListItem","position":4,"name":"Premier complexe commercial fran\u00e7ais en bois"}]},{"@type":"WebSite","@id":"https:\/\/batijournal.com\/#website","url":"https:\/\/batijournal.com\/","name":"Batijournal","description":"L&#039;actualit\u00e9 du b\u00e2timent","potentialAction":[{"@type":"SearchAction","target":{"@type":"EntryPoint","urlTemplate":"https:\/\/batijournal.com\/?s={search_term_string}"},"query-input":{"@type":"PropertyValueSpecification","valueRequired":true,"valueName":"search_term_string"}}],"inLanguage":"fr-FR"},{"@type":"Person","@id":"https:\/\/batijournal.com\/#\/schema\/person\/6a657e8967569e1b299972574848aa76","name":"Bati-journal","image":{"@type":"ImageObject","inLanguage":"fr-FR","@id":"https:\/\/secure.gravatar.com\/avatar\/a64364ea26392f9b4dd47e017ddaec74ff03aefc073b49e492e847201258f777?s=96&d=mm&r=g","url":"https:\/\/secure.gravatar.com\/avatar\/a64364ea26392f9b4dd47e017ddaec74ff03aefc073b49e492e847201258f777?s=96&d=mm&r=g","contentUrl":"https:\/\/secure.gravatar.com\/avatar\/a64364ea26392f9b4dd47e017ddaec74ff03aefc073b49e492e847201258f777?s=96&d=mm&r=g","caption":"Bati-journal"},"url":"https:\/\/batijournal.com\/index.php\/author\/elodie\/"}]}},"_links":{"self":[{"href":"https:\/\/batijournal.com\/index.php\/wp-json\/wp\/v2\/posts\/87324","targetHints":{"allow":["GET"]}}],"collection":[{"href":"https:\/\/batijournal.com\/index.php\/wp-json\/wp\/v2\/posts"}],"about":[{"href":"https:\/\/batijournal.com\/index.php\/wp-json\/wp\/v2\/types\/post"}],"author":[{"embeddable":true,"href":"https:\/\/batijournal.com\/index.php\/wp-json\/wp\/v2\/users\/1"}],"replies":[{"embeddable":true,"href":"https:\/\/batijournal.com\/index.php\/wp-json\/wp\/v2\/comments?post=87324"}],"version-history":[{"count":0,"href":"https:\/\/batijournal.com\/index.php\/wp-json\/wp\/v2\/posts\/87324\/revisions"}],"wp:featuredmedia":[{"embeddable":true,"href":"https:\/\/batijournal.com\/index.php\/wp-json\/wp\/v2\/media\/87336"}],"wp:attachment":[{"href":"https:\/\/batijournal.com\/index.php\/wp-json\/wp\/v2\/media?parent=87324"}],"wp:term":[{"taxonomy":"category","embeddable":true,"href":"https:\/\/batijournal.com\/index.php\/wp-json\/wp\/v2\/categories?post=87324"},{"taxonomy":"post_tag","embeddable":true,"href":"https:\/\/batijournal.com\/index.php\/wp-json\/wp\/v2\/tags?post=87324"}],"curies":[{"name":"wp","href":"https:\/\/api.w.org\/{rel}","templated":true}]}}