{"id":87834,"date":"2015-06-17T09:30:23","date_gmt":"2015-06-17T07:30:23","guid":{"rendered":"http:\/\/batijournal.com\/?p=87834"},"modified":"2019-07-15T11:34:17","modified_gmt":"2019-07-15T09:34:17","slug":"journee-technique","status":"publish","type":"post","link":"https:\/\/batijournal.com\/index.php\/journee-technique\/87834\/","title":{"rendered":"Journ\u00e9e technique"},"content":{"rendered":"<p><span style=\"font-family: Arial, sans-serif;\"><span style=\"font-size: medium;\"><span lang=\"fr-FR\">Le Cerib (Centre d\u2019\u00e9tude et de recherche de l\u2019industrie du b\u00e9ton) organise sa premi\u00e8re journ\u00e9e \u00ab\u00a0Expertise &amp; Construction\u00a0\u00bb, le 7 juillet prochain, sur son site d\u2019\u00c9pernon dans l\u2019Eure-et-Loir (28). Ouverte \u00e0 l\u2019ensemble des acteurs de la fili\u00e8re, cette journ\u00e9e sera pour eux l\u2019occasion de visiter les \u00e9quipements et laboratoires, d\u2019\u00e9changer avec les experts du Cerib qui pr\u00e9senteront leurs activit\u00e9s, de visiter \u00ab\u00a0<\/span><\/span><\/span><span style=\"font-family: Arial, sans-serif;\"><span style=\"font-size: medium;\"><span lang=\"fr-FR\">le village\u00a0\u00bb o\u00f9 seront expos\u00e9es les derni\u00e8res innovations des industriels et partenaires de l\u2019industrie du b\u00e9ton et d\u2019assister \u00e0 la dizaine de miniconf\u00e9rences pr\u00e9vues sur le site. Cinq th\u00e9matiques y seront abord\u00e9es : b\u00e2timent, travaux publics\/g\u00e9nie civil, mat\u00e9riaux, comportement au feu et sant\u00e9\/s\u00e9curit\u00e9 au travail. C<\/span><\/span><\/span><span style=\"font-family: Arial, sans-serif;\"><span style=\"font-size: medium;\"><span lang=\"fr-FR\">onf\u00e9rences anim\u00e9es par St\u00e9phane Miget, r\u00e9dacteur en chef de <\/span><\/span><\/span><span style=\"font-family: Arial, sans-serif;\"><span style=\"font-size: medium;\"><span lang=\"fr-FR\"><i>5fa\u00e7ades <\/i><\/span><\/span><\/span><span style=\"font-family: Arial, sans-serif;\"><span style=\"font-size: medium;\"><span lang=\"fr-FR\">et de<\/span><\/span><\/span><span style=\"font-family: Arial, sans-serif;\"><span style=\"font-size: medium;\"><span lang=\"fr-FR\"><i> Plan\u00e8te B\u00e2timent.<\/i><\/span><\/span><\/span><\/p>\n<p><span style=\"color: #000000;\"><span style=\"font-family: Arial, sans-serif;\"><span style=\"font-size: medium;\">Ouvert \u00e0 tous les acteurs du secteur du b\u00e2timent et de la construction sur inscription, sur le site d\u00e9di\u00e9 tout simplement\u00a0!<\/span><\/span><\/span><\/p>\n<p><span style=\"color: #000000;\"><span style=\"font-family: Arial, sans-serif;\"><span style=\"font-size: medium;\"><span lang=\"fr-FR\"><a href=\"http:\/\/www.expertise-et-construction.fr\" target=\"_blank\" rel=\"noopener noreferrer\">www.expertise-et-construction.fr<\/a><\/span><\/span><\/span><\/span><\/p>\n<p>&nbsp;<\/p>\n<p>&nbsp;<\/p>\n","protected":false},"excerpt":{"rendered":"<p>Le Cerib (Centre d\u2019\u00e9tude et de recherche de l\u2019industrie du b\u00e9ton) organise sa premi\u00e8re journ\u00e9e \u00ab\u00a0Expertise &amp; Construction\u00a0\u00bb, le 7 juillet prochain, sur son site d\u2019\u00c9pernon dans l\u2019Eure-et-Loir (28). Ouverte \u00e0 l\u2019ensemble des acteurs de la fili\u00e8re, cette journ\u00e9e sera pour eux l\u2019occasion de visiter les \u00e9quipements et laboratoires, d\u2019\u00e9changer avec les experts du Cerib [&hellip;]<\/p>\n","protected":false},"author":17,"featured_media":87835,"comment_status":"closed","ping_status":"closed","sticky":false,"template":"","format":"standard","meta":{"_et_pb_use_builder":"","_et_pb_old_content":"","_et_gb_content_width":"","footnotes":""},"categories":[10530,6345,9192,10771],"tags":[2802,53,2417],"class_list":["post-87834","post","type-post","status-publish","format-standard","has-post-thumbnail","hentry","category-actualites","category-economie-marches","category-evenements","category-5facades","tag-cerib","tag-construction","tag-journee"],"yoast_head":"<!-- This site is optimized with the Yoast SEO plugin v27.4 - https:\/\/yoast.com\/product\/yoast-seo-wordpress\/ -->\n<title>Journ\u00e9e technique<\/title>\n<meta name=\"robots\" content=\"index, follow, max-snippet:-1, max-image-preview:large, max-video-preview:-1\" \/>\n<link rel=\"canonical\" href=\"https:\/\/batijournal.com\/index.php\/journee-technique\/87834\/\" \/>\n<meta property=\"og:locale\" content=\"fr_FR\" \/>\n<meta property=\"og:type\" content=\"article\" \/>\n<meta property=\"og:title\" content=\"Journ\u00e9e technique\" \/>\n<meta property=\"og:description\" content=\"Le Cerib (Centre d\u2019\u00e9tude et de recherche de l\u2019industrie du b\u00e9ton) organise sa premi\u00e8re journ\u00e9e \u00ab\u00a0Expertise &amp; Construction\u00a0\u00bb, le 7 juillet prochain, sur son site d\u2019\u00c9pernon dans l\u2019Eure-et-Loir (28). Ouverte \u00e0 l\u2019ensemble des acteurs de la fili\u00e8re, cette journ\u00e9e sera pour eux l\u2019occasion de visiter les \u00e9quipements et laboratoires, d\u2019\u00e9changer avec les experts du Cerib [&hellip;]\" \/>\n<meta property=\"og:url\" content=\"https:\/\/batijournal.com\/index.php\/journee-technique\/87834\/\" \/>\n<meta property=\"og:site_name\" content=\"Batijournal\" \/>\n<meta property=\"article:published_time\" content=\"2015-06-17T07:30:23+00:00\" \/>\n<meta property=\"article:modified_time\" content=\"2019-07-15T09:34:17+00:00\" \/>\n<meta property=\"og:image\" content=\"https:\/\/batijournal.com\/wp-content\/uploads\/2015\/06\/ACTU-CERIB-.jpg\" \/>\n\t<meta property=\"og:image:width\" content=\"1024\" \/>\n\t<meta property=\"og:image:height\" content=\"186\" \/>\n\t<meta property=\"og:image:type\" content=\"image\/jpeg\" \/>\n<meta name=\"author\" content=\"St\u00e9phane Miget\" \/>\n<meta name=\"twitter:card\" content=\"summary_large_image\" \/>\n<meta name=\"twitter:creator\" content=\"@bati_journal\" \/>\n<meta name=\"twitter:site\" content=\"@bati_journal\" \/>\n<meta name=\"twitter:label1\" content=\"\u00c9crit par\" \/>\n\t<meta name=\"twitter:data1\" content=\"St\u00e9phane Miget\" \/>\n\t<meta name=\"twitter:label2\" content=\"Dur\u00e9e de lecture estim\u00e9e\" \/>\n\t<meta name=\"twitter:data2\" content=\"1 minute\" \/>\n<script type=\"application\/ld+json\" class=\"yoast-schema-graph\">{\"@context\":\"https:\\\/\\\/schema.org\",\"@graph\":[{\"@type\":\"Article\",\"@id\":\"https:\\\/\\\/batijournal.com\\\/index.php\\\/journee-technique\\\/87834\\\/#article\",\"isPartOf\":{\"@id\":\"https:\\\/\\\/batijournal.com\\\/index.php\\\/journee-technique\\\/87834\\\/\"},\"author\":{\"name\":\"St\u00e9phane Miget\",\"@id\":\"https:\\\/\\\/batijournal.com\\\/#\\\/schema\\\/person\\\/1dc96ec6957aa1ccb25ebe78bb19f100\"},\"headline\":\"Journ\u00e9e technique\",\"datePublished\":\"2015-06-17T07:30:23+00:00\",\"dateModified\":\"2019-07-15T09:34:17+00:00\",\"mainEntityOfPage\":{\"@id\":\"https:\\\/\\\/batijournal.com\\\/index.php\\\/journee-technique\\\/87834\\\/\"},\"wordCount\":182,\"image\":{\"@id\":\"https:\\\/\\\/batijournal.com\\\/index.php\\\/journee-technique\\\/87834\\\/#primaryimage\"},\"thumbnailUrl\":\"https:\\\/\\\/batijournal.com\\\/wp-content\\\/uploads\\\/2015\\\/06\\\/ACTU-CERIB-.jpg\",\"keywords\":[\"CERIB\",\"construction\",\"journ\u00e9e\"],\"articleSection\":[\"Actualit\u00e9s\",\"\u00c9conomie &amp; March\u00e9s\",\"\u00c9v\u00e9nements\",\"zz_5fa\u00e7ades\"],\"inLanguage\":\"fr-FR\"},{\"@type\":\"WebPage\",\"@id\":\"https:\\\/\\\/batijournal.com\\\/index.php\\\/journee-technique\\\/87834\\\/\",\"url\":\"https:\\\/\\\/batijournal.com\\\/index.php\\\/journee-technique\\\/87834\\\/\",\"name\":\"Journ\u00e9e technique\",\"isPartOf\":{\"@id\":\"https:\\\/\\\/batijournal.com\\\/#website\"},\"primaryImageOfPage\":{\"@id\":\"https:\\\/\\\/batijournal.com\\\/index.php\\\/journee-technique\\\/87834\\\/#primaryimage\"},\"image\":{\"@id\":\"https:\\\/\\\/batijournal.com\\\/index.php\\\/journee-technique\\\/87834\\\/#primaryimage\"},\"thumbnailUrl\":\"https:\\\/\\\/batijournal.com\\\/wp-content\\\/uploads\\\/2015\\\/06\\\/ACTU-CERIB-.jpg\",\"datePublished\":\"2015-06-17T07:30:23+00:00\",\"dateModified\":\"2019-07-15T09:34:17+00:00\",\"author\":{\"@id\":\"https:\\\/\\\/batijournal.com\\\/#\\\/schema\\\/person\\\/1dc96ec6957aa1ccb25ebe78bb19f100\"},\"breadcrumb\":{\"@id\":\"https:\\\/\\\/batijournal.com\\\/index.php\\\/journee-technique\\\/87834\\\/#breadcrumb\"},\"inLanguage\":\"fr-FR\",\"potentialAction\":[{\"@type\":\"ReadAction\",\"target\":[\"https:\\\/\\\/batijournal.com\\\/index.php\\\/journee-technique\\\/87834\\\/\"]}]},{\"@type\":\"ImageObject\",\"inLanguage\":\"fr-FR\",\"@id\":\"https:\\\/\\\/batijournal.com\\\/index.php\\\/journee-technique\\\/87834\\\/#primaryimage\",\"url\":\"https:\\\/\\\/batijournal.com\\\/wp-content\\\/uploads\\\/2015\\\/06\\\/ACTU-CERIB-.jpg\",\"contentUrl\":\"https:\\\/\\\/batijournal.com\\\/wp-content\\\/uploads\\\/2015\\\/06\\\/ACTU-CERIB-.jpg\",\"width\":1024,\"height\":186},{\"@type\":\"BreadcrumbList\",\"@id\":\"https:\\\/\\\/batijournal.com\\\/index.php\\\/journee-technique\\\/87834\\\/#breadcrumb\",\"itemListElement\":[{\"@type\":\"ListItem\",\"position\":1,\"name\":\"Accueil\",\"item\":\"https:\\\/\\\/batijournal.com\\\/\"},{\"@type\":\"ListItem\",\"position\":2,\"name\":\"Actualit\u00e9s\",\"item\":\"https:\\\/\\\/batijournal.com\\\/index.php\\\/category\\\/actualites\\\/\"},{\"@type\":\"ListItem\",\"position\":3,\"name\":\"\u00c9conomie &amp; March\u00e9s\",\"item\":\"https:\\\/\\\/batijournal.com\\\/index.php\\\/category\\\/actualites\\\/economie-marches\\\/\"},{\"@type\":\"ListItem\",\"position\":4,\"name\":\"Journ\u00e9e technique\"}]},{\"@type\":\"WebSite\",\"@id\":\"https:\\\/\\\/batijournal.com\\\/#website\",\"url\":\"https:\\\/\\\/batijournal.com\\\/\",\"name\":\"Batijournal\",\"description\":\"L&#039;actualit\u00e9 du b\u00e2timent\",\"potentialAction\":[{\"@type\":\"SearchAction\",\"target\":{\"@type\":\"EntryPoint\",\"urlTemplate\":\"https:\\\/\\\/batijournal.com\\\/?s={search_term_string}\"},\"query-input\":{\"@type\":\"PropertyValueSpecification\",\"valueRequired\":true,\"valueName\":\"search_term_string\"}}],\"inLanguage\":\"fr-FR\"},{\"@type\":\"Person\",\"@id\":\"https:\\\/\\\/batijournal.com\\\/#\\\/schema\\\/person\\\/1dc96ec6957aa1ccb25ebe78bb19f100\",\"name\":\"St\u00e9phane Miget\",\"image\":{\"@type\":\"ImageObject\",\"inLanguage\":\"fr-FR\",\"@id\":\"https:\\\/\\\/secure.gravatar.com\\\/avatar\\\/89915563d925342126b8ef0281b93d9d7fc337043e8df017f780908eb9644451?s=96&d=mm&r=g\",\"url\":\"https:\\\/\\\/secure.gravatar.com\\\/avatar\\\/89915563d925342126b8ef0281b93d9d7fc337043e8df017f780908eb9644451?s=96&d=mm&r=g\",\"contentUrl\":\"https:\\\/\\\/secure.gravatar.com\\\/avatar\\\/89915563d925342126b8ef0281b93d9d7fc337043e8df017f780908eb9644451?s=96&d=mm&r=g\",\"caption\":\"St\u00e9phane Miget\"},\"url\":\"https:\\\/\\\/batijournal.com\\\/index.php\\\/author\\\/stephane\\\/\"}]}<\/script>\n<!-- \/ Yoast SEO plugin. -->","yoast_head_json":{"title":"Journ\u00e9e technique","robots":{"index":"index","follow":"follow","max-snippet":"max-snippet:-1","max-image-preview":"max-image-preview:large","max-video-preview":"max-video-preview:-1"},"canonical":"https:\/\/batijournal.com\/index.php\/journee-technique\/87834\/","og_locale":"fr_FR","og_type":"article","og_title":"Journ\u00e9e technique","og_description":"Le Cerib (Centre d\u2019\u00e9tude et de recherche de l\u2019industrie du b\u00e9ton) organise sa premi\u00e8re journ\u00e9e \u00ab\u00a0Expertise &amp; Construction\u00a0\u00bb, le 7 juillet prochain, sur son site d\u2019\u00c9pernon dans l\u2019Eure-et-Loir (28). Ouverte \u00e0 l\u2019ensemble des acteurs de la fili\u00e8re, cette journ\u00e9e sera pour eux l\u2019occasion de visiter les \u00e9quipements et laboratoires, d\u2019\u00e9changer avec les experts du Cerib [&hellip;]","og_url":"https:\/\/batijournal.com\/index.php\/journee-technique\/87834\/","og_site_name":"Batijournal","article_published_time":"2015-06-17T07:30:23+00:00","article_modified_time":"2019-07-15T09:34:17+00:00","og_image":[{"width":1024,"height":186,"url":"https:\/\/batijournal.com\/wp-content\/uploads\/2015\/06\/ACTU-CERIB-.jpg","type":"image\/jpeg"}],"author":"St\u00e9phane Miget","twitter_card":"summary_large_image","twitter_creator":"@bati_journal","twitter_site":"@bati_journal","twitter_misc":{"\u00c9crit par":"St\u00e9phane Miget","Dur\u00e9e de lecture estim\u00e9e":"1 minute"},"schema":{"@context":"https:\/\/schema.org","@graph":[{"@type":"Article","@id":"https:\/\/batijournal.com\/index.php\/journee-technique\/87834\/#article","isPartOf":{"@id":"https:\/\/batijournal.com\/index.php\/journee-technique\/87834\/"},"author":{"name":"St\u00e9phane Miget","@id":"https:\/\/batijournal.com\/#\/schema\/person\/1dc96ec6957aa1ccb25ebe78bb19f100"},"headline":"Journ\u00e9e technique","datePublished":"2015-06-17T07:30:23+00:00","dateModified":"2019-07-15T09:34:17+00:00","mainEntityOfPage":{"@id":"https:\/\/batijournal.com\/index.php\/journee-technique\/87834\/"},"wordCount":182,"image":{"@id":"https:\/\/batijournal.com\/index.php\/journee-technique\/87834\/#primaryimage"},"thumbnailUrl":"https:\/\/batijournal.com\/wp-content\/uploads\/2015\/06\/ACTU-CERIB-.jpg","keywords":["CERIB","construction","journ\u00e9e"],"articleSection":["Actualit\u00e9s","\u00c9conomie &amp; March\u00e9s","\u00c9v\u00e9nements","zz_5fa\u00e7ades"],"inLanguage":"fr-FR"},{"@type":"WebPage","@id":"https:\/\/batijournal.com\/index.php\/journee-technique\/87834\/","url":"https:\/\/batijournal.com\/index.php\/journee-technique\/87834\/","name":"Journ\u00e9e technique","isPartOf":{"@id":"https:\/\/batijournal.com\/#website"},"primaryImageOfPage":{"@id":"https:\/\/batijournal.com\/index.php\/journee-technique\/87834\/#primaryimage"},"image":{"@id":"https:\/\/batijournal.com\/index.php\/journee-technique\/87834\/#primaryimage"},"thumbnailUrl":"https:\/\/batijournal.com\/wp-content\/uploads\/2015\/06\/ACTU-CERIB-.jpg","datePublished":"2015-06-17T07:30:23+00:00","dateModified":"2019-07-15T09:34:17+00:00","author":{"@id":"https:\/\/batijournal.com\/#\/schema\/person\/1dc96ec6957aa1ccb25ebe78bb19f100"},"breadcrumb":{"@id":"https:\/\/batijournal.com\/index.php\/journee-technique\/87834\/#breadcrumb"},"inLanguage":"fr-FR","potentialAction":[{"@type":"ReadAction","target":["https:\/\/batijournal.com\/index.php\/journee-technique\/87834\/"]}]},{"@type":"ImageObject","inLanguage":"fr-FR","@id":"https:\/\/batijournal.com\/index.php\/journee-technique\/87834\/#primaryimage","url":"https:\/\/batijournal.com\/wp-content\/uploads\/2015\/06\/ACTU-CERIB-.jpg","contentUrl":"https:\/\/batijournal.com\/wp-content\/uploads\/2015\/06\/ACTU-CERIB-.jpg","width":1024,"height":186},{"@type":"BreadcrumbList","@id":"https:\/\/batijournal.com\/index.php\/journee-technique\/87834\/#breadcrumb","itemListElement":[{"@type":"ListItem","position":1,"name":"Accueil","item":"https:\/\/batijournal.com\/"},{"@type":"ListItem","position":2,"name":"Actualit\u00e9s","item":"https:\/\/batijournal.com\/index.php\/category\/actualites\/"},{"@type":"ListItem","position":3,"name":"\u00c9conomie &amp; March\u00e9s","item":"https:\/\/batijournal.com\/index.php\/category\/actualites\/economie-marches\/"},{"@type":"ListItem","position":4,"name":"Journ\u00e9e technique"}]},{"@type":"WebSite","@id":"https:\/\/batijournal.com\/#website","url":"https:\/\/batijournal.com\/","name":"Batijournal","description":"L&#039;actualit\u00e9 du b\u00e2timent","potentialAction":[{"@type":"SearchAction","target":{"@type":"EntryPoint","urlTemplate":"https:\/\/batijournal.com\/?s={search_term_string}"},"query-input":{"@type":"PropertyValueSpecification","valueRequired":true,"valueName":"search_term_string"}}],"inLanguage":"fr-FR"},{"@type":"Person","@id":"https:\/\/batijournal.com\/#\/schema\/person\/1dc96ec6957aa1ccb25ebe78bb19f100","name":"St\u00e9phane Miget","image":{"@type":"ImageObject","inLanguage":"fr-FR","@id":"https:\/\/secure.gravatar.com\/avatar\/89915563d925342126b8ef0281b93d9d7fc337043e8df017f780908eb9644451?s=96&d=mm&r=g","url":"https:\/\/secure.gravatar.com\/avatar\/89915563d925342126b8ef0281b93d9d7fc337043e8df017f780908eb9644451?s=96&d=mm&r=g","contentUrl":"https:\/\/secure.gravatar.com\/avatar\/89915563d925342126b8ef0281b93d9d7fc337043e8df017f780908eb9644451?s=96&d=mm&r=g","caption":"St\u00e9phane Miget"},"url":"https:\/\/batijournal.com\/index.php\/author\/stephane\/"}]}},"_links":{"self":[{"href":"https:\/\/batijournal.com\/index.php\/wp-json\/wp\/v2\/posts\/87834","targetHints":{"allow":["GET"]}}],"collection":[{"href":"https:\/\/batijournal.com\/index.php\/wp-json\/wp\/v2\/posts"}],"about":[{"href":"https:\/\/batijournal.com\/index.php\/wp-json\/wp\/v2\/types\/post"}],"author":[{"embeddable":true,"href":"https:\/\/batijournal.com\/index.php\/wp-json\/wp\/v2\/users\/17"}],"replies":[{"embeddable":true,"href":"https:\/\/batijournal.com\/index.php\/wp-json\/wp\/v2\/comments?post=87834"}],"version-history":[{"count":0,"href":"https:\/\/batijournal.com\/index.php\/wp-json\/wp\/v2\/posts\/87834\/revisions"}],"wp:featuredmedia":[{"embeddable":true,"href":"https:\/\/batijournal.com\/index.php\/wp-json\/wp\/v2\/media\/87835"}],"wp:attachment":[{"href":"https:\/\/batijournal.com\/index.php\/wp-json\/wp\/v2\/media?parent=87834"}],"wp:term":[{"taxonomy":"category","embeddable":true,"href":"https:\/\/batijournal.com\/index.php\/wp-json\/wp\/v2\/categories?post=87834"},{"taxonomy":"post_tag","embeddable":true,"href":"https:\/\/batijournal.com\/index.php\/wp-json\/wp\/v2\/tags?post=87834"}],"curies":[{"name":"wp","href":"https:\/\/api.w.org\/{rel}","templated":true}]}}