{"id":88163,"date":"2015-07-01T10:20:07","date_gmt":"2015-07-01T08:20:07","guid":{"rendered":"http:\/\/batijournal.com\/?p=88163"},"modified":"2019-07-15T12:34:50","modified_gmt":"2019-07-15T10:34:50","slug":"terreal-lance-sa-nouvelle-tuile-flamande-pv","status":"publish","type":"post","link":"https:\/\/batijournal.com\/index.php\/terreal-lance-sa-nouvelle-tuile-flamande-pv\/88163\/","title":{"rendered":"Terreal lance sa nouvelle tuile Flamande PV"},"content":{"rendered":"<p>Terreal, le sp\u00e9cialiste de l&rsquo;enveloppe globale du b\u00e2timent, enrichit sa gamme de tuiles Grand Moule du Nord avec le lancement de sa nouvelle Flamande PV. Facile \u00e0 poser sur tous les types de charpentes, elle allie parfaitement la performance d&rsquo;une tuile moderne \u00e0 l&rsquo;\u00e9l\u00e9gance d&rsquo;une vieille panne de tradition pour des toitures fid\u00e8les \u00e0 l&rsquo;architecture des pays de Flandres.Unique sur le march\u00e9 gr\u00e2ce \u00e0 son profil en S typique des vieilles pannes flamandes et son nez en finesse, cette tuile habille tous les types de toitures en leur apportant \u00e9l\u00e9gance, esth\u00e9tisme et authenticit\u00e9.<br \/>\nSon effet d&rsquo;onde joue avec les lumi\u00e8res et ses 4 coloris redonnent une \u00e2me aux b\u00e2tis. Seule tuile panne \u00e0 pureau variable, avec 25.5 cm, la nouvelle Flamande PV est \u00e9galement la premi\u00e8re tuile du march\u00e9 de type Flamande \u00e0 disposer de deux trous de clouage pour faciliter le traitement des points singuliers. Fiable avec son double embo\u00eetement, son double recouvrement et ses canaux d&rsquo;\u00e9coulement sp\u00e9cialement \u00e9tudi\u00e9s, elle est ainsi \u00e9tanche m\u00eame \u00e0 faible pente (jusqu&rsquo;\u00e0 30 %). Sp\u00e9cialement adapt\u00e9e \u00e0 la vari\u00e9t\u00e9 des climats du Nord et de la Belgique, la Flamande PV s&rsquo;accompagne \u00e9galement d&rsquo;une large gamme d&rsquo;accessoires de fa\u00eetage et d&rsquo;ar\u00eatiers communs.<\/p>\n<p><a href=\"http:\/\/www.terreal.com\" target=\"_blank\" rel=\"noopener noreferrer\">www.terreal.com<\/a><\/p>\n","protected":false},"excerpt":{"rendered":"<p>Terreal, le sp\u00e9cialiste de l&rsquo;enveloppe globale du b\u00e2timent, enrichit sa gamme de tuiles Grand Moule du Nord avec le lancement de sa nouvelle Flamande PV. Facile \u00e0 poser sur tous les types de charpentes, elle allie parfaitement la performance d&rsquo;une tuile moderne \u00e0 l&rsquo;\u00e9l\u00e9gance d&rsquo;une vieille panne de tradition pour des toitures fid\u00e8les \u00e0 l&rsquo;architecture [&hellip;]<\/p>\n","protected":false},"author":1,"featured_media":88164,"comment_status":"open","ping_status":"closed","sticky":false,"template":"","format":"standard","meta":{"_et_pb_use_builder":"","_et_pb_old_content":"","_et_gb_content_width":"","footnotes":""},"categories":[6356],"tags":[11044,940],"class_list":["post-88163","post","type-post","status-publish","format-standard","has-post-thumbnail","hentry","category-produits-solutions-techniques","tag-terreal","tag-tuile"],"yoast_head":"<!-- This site is optimized with the Yoast SEO plugin v27.4 - https:\/\/yoast.com\/product\/yoast-seo-wordpress\/ -->\n<title>Terreal lance sa nouvelle tuile Flamande PV<\/title>\n<meta name=\"robots\" content=\"index, follow, max-snippet:-1, max-image-preview:large, max-video-preview:-1\" \/>\n<link rel=\"canonical\" href=\"https:\/\/batijournal.com\/index.php\/terreal-lance-sa-nouvelle-tuile-flamande-pv\/88163\/\" \/>\n<meta property=\"og:locale\" content=\"fr_FR\" \/>\n<meta property=\"og:type\" content=\"article\" \/>\n<meta property=\"og:title\" content=\"Terreal lance sa nouvelle tuile Flamande PV\" \/>\n<meta property=\"og:description\" content=\"Terreal, le sp\u00e9cialiste de l&rsquo;enveloppe globale du b\u00e2timent, enrichit sa gamme de tuiles Grand Moule du Nord avec le lancement de sa nouvelle Flamande PV. Facile \u00e0 poser sur tous les types de charpentes, elle allie parfaitement la performance d&rsquo;une tuile moderne \u00e0 l&rsquo;\u00e9l\u00e9gance d&rsquo;une vieille panne de tradition pour des toitures fid\u00e8les \u00e0 l&rsquo;architecture [&hellip;]\" \/>\n<meta property=\"og:url\" content=\"https:\/\/batijournal.com\/index.php\/terreal-lance-sa-nouvelle-tuile-flamande-pv\/88163\/\" \/>\n<meta property=\"og:site_name\" content=\"Batijournal\" \/>\n<meta property=\"article:published_time\" content=\"2015-07-01T08:20:07+00:00\" \/>\n<meta property=\"article:modified_time\" content=\"2019-07-15T10:34:50+00:00\" \/>\n<meta property=\"og:image\" content=\"https:\/\/batijournal.com\/wp-content\/uploads\/2015\/07\/101196707.jpg\" \/>\n\t<meta property=\"og:image:width\" content=\"600\" \/>\n\t<meta property=\"og:image:height\" content=\"399\" \/>\n\t<meta property=\"og:image:type\" content=\"image\/jpeg\" \/>\n<meta name=\"author\" content=\"Bati-journal\" \/>\n<meta name=\"twitter:card\" content=\"summary_large_image\" \/>\n<meta name=\"twitter:creator\" content=\"@bati_journal\" \/>\n<meta name=\"twitter:site\" content=\"@bati_journal\" \/>\n<meta name=\"twitter:label1\" content=\"\u00c9crit par\" \/>\n\t<meta name=\"twitter:data1\" content=\"Bati-journal\" \/>\n\t<meta name=\"twitter:label2\" content=\"Dur\u00e9e de lecture estim\u00e9e\" \/>\n\t<meta name=\"twitter:data2\" content=\"1 minute\" \/>\n<script type=\"application\/ld+json\" class=\"yoast-schema-graph\">{\"@context\":\"https:\\\/\\\/schema.org\",\"@graph\":[{\"@type\":\"Article\",\"@id\":\"https:\\\/\\\/batijournal.com\\\/index.php\\\/terreal-lance-sa-nouvelle-tuile-flamande-pv\\\/88163\\\/#article\",\"isPartOf\":{\"@id\":\"https:\\\/\\\/batijournal.com\\\/index.php\\\/terreal-lance-sa-nouvelle-tuile-flamande-pv\\\/88163\\\/\"},\"author\":{\"name\":\"Bati-journal\",\"@id\":\"https:\\\/\\\/batijournal.com\\\/#\\\/schema\\\/person\\\/6a657e8967569e1b299972574848aa76\"},\"headline\":\"Terreal lance sa nouvelle tuile Flamande PV\",\"datePublished\":\"2015-07-01T08:20:07+00:00\",\"dateModified\":\"2019-07-15T10:34:50+00:00\",\"mainEntityOfPage\":{\"@id\":\"https:\\\/\\\/batijournal.com\\\/index.php\\\/terreal-lance-sa-nouvelle-tuile-flamande-pv\\\/88163\\\/\"},\"wordCount\":227,\"commentCount\":1,\"image\":{\"@id\":\"https:\\\/\\\/batijournal.com\\\/index.php\\\/terreal-lance-sa-nouvelle-tuile-flamande-pv\\\/88163\\\/#primaryimage\"},\"thumbnailUrl\":\"https:\\\/\\\/batijournal.com\\\/wp-content\\\/uploads\\\/2015\\\/07\\\/101196707.jpg\",\"keywords\":[\"Terreal\",\"tuile\"],\"articleSection\":[\"Produits &amp; Solutions techniques\"],\"inLanguage\":\"fr-FR\",\"potentialAction\":[{\"@type\":\"CommentAction\",\"name\":\"Comment\",\"target\":[\"https:\\\/\\\/batijournal.com\\\/index.php\\\/terreal-lance-sa-nouvelle-tuile-flamande-pv\\\/88163\\\/#respond\"]}]},{\"@type\":\"WebPage\",\"@id\":\"https:\\\/\\\/batijournal.com\\\/index.php\\\/terreal-lance-sa-nouvelle-tuile-flamande-pv\\\/88163\\\/\",\"url\":\"https:\\\/\\\/batijournal.com\\\/index.php\\\/terreal-lance-sa-nouvelle-tuile-flamande-pv\\\/88163\\\/\",\"name\":\"Terreal lance sa nouvelle tuile Flamande PV\",\"isPartOf\":{\"@id\":\"https:\\\/\\\/batijournal.com\\\/#website\"},\"primaryImageOfPage\":{\"@id\":\"https:\\\/\\\/batijournal.com\\\/index.php\\\/terreal-lance-sa-nouvelle-tuile-flamande-pv\\\/88163\\\/#primaryimage\"},\"image\":{\"@id\":\"https:\\\/\\\/batijournal.com\\\/index.php\\\/terreal-lance-sa-nouvelle-tuile-flamande-pv\\\/88163\\\/#primaryimage\"},\"thumbnailUrl\":\"https:\\\/\\\/batijournal.com\\\/wp-content\\\/uploads\\\/2015\\\/07\\\/101196707.jpg\",\"datePublished\":\"2015-07-01T08:20:07+00:00\",\"dateModified\":\"2019-07-15T10:34:50+00:00\",\"author\":{\"@id\":\"https:\\\/\\\/batijournal.com\\\/#\\\/schema\\\/person\\\/6a657e8967569e1b299972574848aa76\"},\"breadcrumb\":{\"@id\":\"https:\\\/\\\/batijournal.com\\\/index.php\\\/terreal-lance-sa-nouvelle-tuile-flamande-pv\\\/88163\\\/#breadcrumb\"},\"inLanguage\":\"fr-FR\",\"potentialAction\":[{\"@type\":\"ReadAction\",\"target\":[\"https:\\\/\\\/batijournal.com\\\/index.php\\\/terreal-lance-sa-nouvelle-tuile-flamande-pv\\\/88163\\\/\"]}]},{\"@type\":\"ImageObject\",\"inLanguage\":\"fr-FR\",\"@id\":\"https:\\\/\\\/batijournal.com\\\/index.php\\\/terreal-lance-sa-nouvelle-tuile-flamande-pv\\\/88163\\\/#primaryimage\",\"url\":\"https:\\\/\\\/batijournal.com\\\/wp-content\\\/uploads\\\/2015\\\/07\\\/101196707.jpg\",\"contentUrl\":\"https:\\\/\\\/batijournal.com\\\/wp-content\\\/uploads\\\/2015\\\/07\\\/101196707.jpg\",\"width\":600,\"height\":399,\"caption\":\"tuile flamande Terreal\"},{\"@type\":\"BreadcrumbList\",\"@id\":\"https:\\\/\\\/batijournal.com\\\/index.php\\\/terreal-lance-sa-nouvelle-tuile-flamande-pv\\\/88163\\\/#breadcrumb\",\"itemListElement\":[{\"@type\":\"ListItem\",\"position\":1,\"name\":\"Accueil\",\"item\":\"https:\\\/\\\/batijournal.com\\\/\"},{\"@type\":\"ListItem\",\"position\":2,\"name\":\"Produits &amp; Solutions techniques\",\"item\":\"https:\\\/\\\/batijournal.com\\\/index.php\\\/category\\\/produits-solutions-techniques\\\/\"},{\"@type\":\"ListItem\",\"position\":3,\"name\":\"Terreal lance sa nouvelle tuile Flamande PV\"}]},{\"@type\":\"WebSite\",\"@id\":\"https:\\\/\\\/batijournal.com\\\/#website\",\"url\":\"https:\\\/\\\/batijournal.com\\\/\",\"name\":\"Batijournal\",\"description\":\"L&#039;actualit\u00e9 du b\u00e2timent\",\"potentialAction\":[{\"@type\":\"SearchAction\",\"target\":{\"@type\":\"EntryPoint\",\"urlTemplate\":\"https:\\\/\\\/batijournal.com\\\/?s={search_term_string}\"},\"query-input\":{\"@type\":\"PropertyValueSpecification\",\"valueRequired\":true,\"valueName\":\"search_term_string\"}}],\"inLanguage\":\"fr-FR\"},{\"@type\":\"Person\",\"@id\":\"https:\\\/\\\/batijournal.com\\\/#\\\/schema\\\/person\\\/6a657e8967569e1b299972574848aa76\",\"name\":\"Bati-journal\",\"image\":{\"@type\":\"ImageObject\",\"inLanguage\":\"fr-FR\",\"@id\":\"https:\\\/\\\/secure.gravatar.com\\\/avatar\\\/a64364ea26392f9b4dd47e017ddaec74ff03aefc073b49e492e847201258f777?s=96&d=mm&r=g\",\"url\":\"https:\\\/\\\/secure.gravatar.com\\\/avatar\\\/a64364ea26392f9b4dd47e017ddaec74ff03aefc073b49e492e847201258f777?s=96&d=mm&r=g\",\"contentUrl\":\"https:\\\/\\\/secure.gravatar.com\\\/avatar\\\/a64364ea26392f9b4dd47e017ddaec74ff03aefc073b49e492e847201258f777?s=96&d=mm&r=g\",\"caption\":\"Bati-journal\"},\"url\":\"https:\\\/\\\/batijournal.com\\\/index.php\\\/author\\\/elodie\\\/\"}]}<\/script>\n<!-- \/ Yoast SEO plugin. -->","yoast_head_json":{"title":"Terreal lance sa nouvelle tuile Flamande PV","robots":{"index":"index","follow":"follow","max-snippet":"max-snippet:-1","max-image-preview":"max-image-preview:large","max-video-preview":"max-video-preview:-1"},"canonical":"https:\/\/batijournal.com\/index.php\/terreal-lance-sa-nouvelle-tuile-flamande-pv\/88163\/","og_locale":"fr_FR","og_type":"article","og_title":"Terreal lance sa nouvelle tuile Flamande PV","og_description":"Terreal, le sp\u00e9cialiste de l&rsquo;enveloppe globale du b\u00e2timent, enrichit sa gamme de tuiles Grand Moule du Nord avec le lancement de sa nouvelle Flamande PV. Facile \u00e0 poser sur tous les types de charpentes, elle allie parfaitement la performance d&rsquo;une tuile moderne \u00e0 l&rsquo;\u00e9l\u00e9gance d&rsquo;une vieille panne de tradition pour des toitures fid\u00e8les \u00e0 l&rsquo;architecture [&hellip;]","og_url":"https:\/\/batijournal.com\/index.php\/terreal-lance-sa-nouvelle-tuile-flamande-pv\/88163\/","og_site_name":"Batijournal","article_published_time":"2015-07-01T08:20:07+00:00","article_modified_time":"2019-07-15T10:34:50+00:00","og_image":[{"width":600,"height":399,"url":"https:\/\/batijournal.com\/wp-content\/uploads\/2015\/07\/101196707.jpg","type":"image\/jpeg"}],"author":"Bati-journal","twitter_card":"summary_large_image","twitter_creator":"@bati_journal","twitter_site":"@bati_journal","twitter_misc":{"\u00c9crit par":"Bati-journal","Dur\u00e9e de lecture estim\u00e9e":"1 minute"},"schema":{"@context":"https:\/\/schema.org","@graph":[{"@type":"Article","@id":"https:\/\/batijournal.com\/index.php\/terreal-lance-sa-nouvelle-tuile-flamande-pv\/88163\/#article","isPartOf":{"@id":"https:\/\/batijournal.com\/index.php\/terreal-lance-sa-nouvelle-tuile-flamande-pv\/88163\/"},"author":{"name":"Bati-journal","@id":"https:\/\/batijournal.com\/#\/schema\/person\/6a657e8967569e1b299972574848aa76"},"headline":"Terreal lance sa nouvelle tuile Flamande PV","datePublished":"2015-07-01T08:20:07+00:00","dateModified":"2019-07-15T10:34:50+00:00","mainEntityOfPage":{"@id":"https:\/\/batijournal.com\/index.php\/terreal-lance-sa-nouvelle-tuile-flamande-pv\/88163\/"},"wordCount":227,"commentCount":1,"image":{"@id":"https:\/\/batijournal.com\/index.php\/terreal-lance-sa-nouvelle-tuile-flamande-pv\/88163\/#primaryimage"},"thumbnailUrl":"https:\/\/batijournal.com\/wp-content\/uploads\/2015\/07\/101196707.jpg","keywords":["Terreal","tuile"],"articleSection":["Produits &amp; Solutions techniques"],"inLanguage":"fr-FR","potentialAction":[{"@type":"CommentAction","name":"Comment","target":["https:\/\/batijournal.com\/index.php\/terreal-lance-sa-nouvelle-tuile-flamande-pv\/88163\/#respond"]}]},{"@type":"WebPage","@id":"https:\/\/batijournal.com\/index.php\/terreal-lance-sa-nouvelle-tuile-flamande-pv\/88163\/","url":"https:\/\/batijournal.com\/index.php\/terreal-lance-sa-nouvelle-tuile-flamande-pv\/88163\/","name":"Terreal lance sa nouvelle tuile Flamande PV","isPartOf":{"@id":"https:\/\/batijournal.com\/#website"},"primaryImageOfPage":{"@id":"https:\/\/batijournal.com\/index.php\/terreal-lance-sa-nouvelle-tuile-flamande-pv\/88163\/#primaryimage"},"image":{"@id":"https:\/\/batijournal.com\/index.php\/terreal-lance-sa-nouvelle-tuile-flamande-pv\/88163\/#primaryimage"},"thumbnailUrl":"https:\/\/batijournal.com\/wp-content\/uploads\/2015\/07\/101196707.jpg","datePublished":"2015-07-01T08:20:07+00:00","dateModified":"2019-07-15T10:34:50+00:00","author":{"@id":"https:\/\/batijournal.com\/#\/schema\/person\/6a657e8967569e1b299972574848aa76"},"breadcrumb":{"@id":"https:\/\/batijournal.com\/index.php\/terreal-lance-sa-nouvelle-tuile-flamande-pv\/88163\/#breadcrumb"},"inLanguage":"fr-FR","potentialAction":[{"@type":"ReadAction","target":["https:\/\/batijournal.com\/index.php\/terreal-lance-sa-nouvelle-tuile-flamande-pv\/88163\/"]}]},{"@type":"ImageObject","inLanguage":"fr-FR","@id":"https:\/\/batijournal.com\/index.php\/terreal-lance-sa-nouvelle-tuile-flamande-pv\/88163\/#primaryimage","url":"https:\/\/batijournal.com\/wp-content\/uploads\/2015\/07\/101196707.jpg","contentUrl":"https:\/\/batijournal.com\/wp-content\/uploads\/2015\/07\/101196707.jpg","width":600,"height":399,"caption":"tuile flamande Terreal"},{"@type":"BreadcrumbList","@id":"https:\/\/batijournal.com\/index.php\/terreal-lance-sa-nouvelle-tuile-flamande-pv\/88163\/#breadcrumb","itemListElement":[{"@type":"ListItem","position":1,"name":"Accueil","item":"https:\/\/batijournal.com\/"},{"@type":"ListItem","position":2,"name":"Produits &amp; Solutions techniques","item":"https:\/\/batijournal.com\/index.php\/category\/produits-solutions-techniques\/"},{"@type":"ListItem","position":3,"name":"Terreal lance sa nouvelle tuile Flamande PV"}]},{"@type":"WebSite","@id":"https:\/\/batijournal.com\/#website","url":"https:\/\/batijournal.com\/","name":"Batijournal","description":"L&#039;actualit\u00e9 du b\u00e2timent","potentialAction":[{"@type":"SearchAction","target":{"@type":"EntryPoint","urlTemplate":"https:\/\/batijournal.com\/?s={search_term_string}"},"query-input":{"@type":"PropertyValueSpecification","valueRequired":true,"valueName":"search_term_string"}}],"inLanguage":"fr-FR"},{"@type":"Person","@id":"https:\/\/batijournal.com\/#\/schema\/person\/6a657e8967569e1b299972574848aa76","name":"Bati-journal","image":{"@type":"ImageObject","inLanguage":"fr-FR","@id":"https:\/\/secure.gravatar.com\/avatar\/a64364ea26392f9b4dd47e017ddaec74ff03aefc073b49e492e847201258f777?s=96&d=mm&r=g","url":"https:\/\/secure.gravatar.com\/avatar\/a64364ea26392f9b4dd47e017ddaec74ff03aefc073b49e492e847201258f777?s=96&d=mm&r=g","contentUrl":"https:\/\/secure.gravatar.com\/avatar\/a64364ea26392f9b4dd47e017ddaec74ff03aefc073b49e492e847201258f777?s=96&d=mm&r=g","caption":"Bati-journal"},"url":"https:\/\/batijournal.com\/index.php\/author\/elodie\/"}]}},"_links":{"self":[{"href":"https:\/\/batijournal.com\/index.php\/wp-json\/wp\/v2\/posts\/88163","targetHints":{"allow":["GET"]}}],"collection":[{"href":"https:\/\/batijournal.com\/index.php\/wp-json\/wp\/v2\/posts"}],"about":[{"href":"https:\/\/batijournal.com\/index.php\/wp-json\/wp\/v2\/types\/post"}],"author":[{"embeddable":true,"href":"https:\/\/batijournal.com\/index.php\/wp-json\/wp\/v2\/users\/1"}],"replies":[{"embeddable":true,"href":"https:\/\/batijournal.com\/index.php\/wp-json\/wp\/v2\/comments?post=88163"}],"version-history":[{"count":0,"href":"https:\/\/batijournal.com\/index.php\/wp-json\/wp\/v2\/posts\/88163\/revisions"}],"wp:featuredmedia":[{"embeddable":true,"href":"https:\/\/batijournal.com\/index.php\/wp-json\/wp\/v2\/media\/88164"}],"wp:attachment":[{"href":"https:\/\/batijournal.com\/index.php\/wp-json\/wp\/v2\/media?parent=88163"}],"wp:term":[{"taxonomy":"category","embeddable":true,"href":"https:\/\/batijournal.com\/index.php\/wp-json\/wp\/v2\/categories?post=88163"},{"taxonomy":"post_tag","embeddable":true,"href":"https:\/\/batijournal.com\/index.php\/wp-json\/wp\/v2\/tags?post=88163"}],"curies":[{"name":"wp","href":"https:\/\/api.w.org\/{rel}","templated":true}]}}