{"id":88287,"date":"2010-03-04T10:57:45","date_gmt":"2010-03-04T09:57:45","guid":{"rendered":"http:\/\/batijournal.com\/?p=88287"},"modified":"2015-07-03T10:59:54","modified_gmt":"2015-07-03T08:59:54","slug":"concours-darchitecture-europeen-sweet-eco-home-de-sabine-2","status":"publish","type":"post","link":"https:\/\/batijournal.com\/index.php\/concours-darchitecture-europeen-sweet-eco-home-de-sabine-2\/88287\/","title":{"rendered":"Concours d&rsquo;architecture europ\u00e9en \u00ab\u00a0Sweet Eco Home\u00a0\u00bb de Sabine"},"content":{"rendered":"<p><span class=\"lettrine\">L<\/span>a deuxi\u00e8me \u00e9dition du salon Sabine (salon du b\u00e2timent innovant du Nord-Est) qui s&rsquo;est d\u00e9roul\u00e9 \u00e0 Reims du 3 au 5 f\u00e9vrier dernier, a proclam\u00e9 les r\u00e9sultats de son concours d&rsquo;architecture europ\u00e9en organis\u00e9 en partenariat avec le groupe Plurial, acteur majeur du logement en Champagne-Ardenne, et a r\u00e9compens\u00e9 l&rsquo;audace architecturale. Avec 47 candidats, 3 projets prim\u00e9s parmi 17 pr\u00e9sent\u00e9s, le concours \u00ab\u00a0Sweet Eco Home\u00a0\u00bb, plac\u00e9 sous le th\u00e8me de la \u00ab\u00a0maison basse consommation de 2020\u00a0\u00bb, a remport\u00e9 un franc succ\u00e8s aupr\u00e8s des \u00e9tudiants des \u00e9coles d&rsquo;architecture europ\u00e9ennes \u00e0 qui il est r\u00e9serv\u00e9. Son but est de r\u00e9compenser la qualit\u00e9 architecturale d\u2019un projet dans le respect des normes environnementales, le choix et la pertinence d\u2019utilisation de mat\u00e9riaux sains, la capacit\u00e9 du b\u00e2ti \u00e0 g\u00e9n\u00e9rer des \u00e9conomies d\u2019\u00e9nergie tout en tenant compte des contraintes<br \/>\ntopographiques du terrain. Pla\u00e7ant l\u2019architecture au service de l\u2019environnement, le projet de la maison basse consommation de 2020 doit s\u2019inscrire sur une parcelle situ\u00e9e \u00e0 Fagni\u00e8res (51), au sein d\u2019un programme d\u2019am\u00e9nagement.<br \/>\nApr\u00e8s d\u00e9lib\u00e9ration, le jury, pr\u00e9sid\u00e9 par Lipa Goldstein, architecte parisien renomm\u00e9 pour l\u2019originalit\u00e9 de ses projets et la transformation de quartiers \u00e0 Reims (immeuble Goldorak\u2026), et M. Alain Niboyet, architecte du groupe Plurial, M. Olivier Lemont, architecte repr\u00e9sentant le CROA (Ordre des architectes de Champagne-Ardenne) et Mme Annabelle Royer, architecte-urbaniste au sein de l\u2019Arcad (Agence r\u00e9gionale de la construction et de l\u2019am\u00e9nagement durable), a attribu\u00e9 les prix suivants :<\/p>\n<div id=\"attachment_88290\" style=\"width: 610px\" class=\"wp-caption aligncenter\"><a href=\"https:\/\/batijournal.com\/wp-content\/uploads\/2015\/07\/09967679.jpg\"><img loading=\"lazy\" decoding=\"async\" aria-describedby=\"caption-attachment-88290\" class=\"size-full wp-image-88290\" src=\"https:\/\/batijournal.com\/wp-content\/uploads\/2015\/07\/09967679.jpg\" alt=\"Premier Prix : Fr\u00e9d\u00e9rique Barchelard et Cl\u00e9ment Lobbens - Ecole nationale sup\u00e9rieure d'architecture de Paris La Villette - &quot;Pitch House&quot;\" width=\"600\" height=\"359\" srcset=\"https:\/\/batijournal.com\/wp-content\/uploads\/2015\/07\/09967679.jpg 600w, https:\/\/batijournal.com\/wp-content\/uploads\/2015\/07\/09967679-150x90.jpg 150w, https:\/\/batijournal.com\/wp-content\/uploads\/2015\/07\/09967679-300x180.jpg 300w\" sizes=\"(max-width: 600px) 100vw, 600px\" \/><\/a><p id=\"caption-attachment-88290\" class=\"wp-caption-text\">Premier Prix : Fr\u00e9d\u00e9rique Barchelard et Cl\u00e9ment Lobbens &#8211; Ecole nationale sup\u00e9rieure d&rsquo;architecture de Paris La Villette &#8211; \u00ab\u00a0Pitch House\u00a0\u00bb<\/p><\/div>\n<div id=\"attachment_88291\" style=\"width: 610px\" class=\"wp-caption aligncenter\"><a href=\"https:\/\/batijournal.com\/wp-content\/uploads\/2015\/07\/09967693.jpg\"><img loading=\"lazy\" decoding=\"async\" aria-describedby=\"caption-attachment-88291\" class=\"size-full wp-image-88291\" src=\"https:\/\/batijournal.com\/wp-content\/uploads\/2015\/07\/09967693.jpg\" alt=\"Deuxi\u00e8me Prix : Julien Lecointre et Timoth\u00e9e Poisblaud \u2013 Ecole nationale sup\u00e9rieure d'architecture de Normandie \u2013 &quot;Cadre modulable&quot;\" width=\"600\" height=\"411\" srcset=\"https:\/\/batijournal.com\/wp-content\/uploads\/2015\/07\/09967693.jpg 600w, https:\/\/batijournal.com\/wp-content\/uploads\/2015\/07\/09967693-150x103.jpg 150w, https:\/\/batijournal.com\/wp-content\/uploads\/2015\/07\/09967693-300x206.jpg 300w\" sizes=\"(max-width: 600px) 100vw, 600px\" \/><\/a><p id=\"caption-attachment-88291\" class=\"wp-caption-text\">Deuxi\u00e8me Prix : Julien Lecointre et Timoth\u00e9e Poisblaud \u2013 Ecole nationale sup\u00e9rieure d&rsquo;architecture de Normandie \u2013 \u00ab\u00a0Cadre modulable\u00a0\u00bb<\/p><\/div>\n<div id=\"attachment_88292\" style=\"width: 610px\" class=\"wp-caption aligncenter\"><a href=\"https:\/\/batijournal.com\/wp-content\/uploads\/2015\/07\/09967704.jpg\"><img loading=\"lazy\" decoding=\"async\" aria-describedby=\"caption-attachment-88292\" class=\"size-full wp-image-88292\" src=\"https:\/\/batijournal.com\/wp-content\/uploads\/2015\/07\/09967704.jpg\" alt=\"Troisi\u00e8me Prix : Alice Decoq \u2013 Ecole nationale sup\u00e9rieure d'architecture de Toulouse \u2013 &quot;Home Sweet Home&quot; \" width=\"600\" height=\"389\" srcset=\"https:\/\/batijournal.com\/wp-content\/uploads\/2015\/07\/09967704.jpg 600w, https:\/\/batijournal.com\/wp-content\/uploads\/2015\/07\/09967704-150x97.jpg 150w, https:\/\/batijournal.com\/wp-content\/uploads\/2015\/07\/09967704-300x195.jpg 300w\" sizes=\"(max-width: 600px) 100vw, 600px\" \/><\/a><p id=\"caption-attachment-88292\" class=\"wp-caption-text\">Troisi\u00e8me Prix : Alice Decoq \u2013 Ecole nationale sup\u00e9rieure d&rsquo;architecture de Toulouse \u2013 \u00ab\u00a0Home Sweet Home\u00a0\u00bb<\/p><\/div>\n","protected":false},"excerpt":{"rendered":"<p>La deuxi\u00e8me \u00e9dition du salon Sabine (salon du b\u00e2timent innovant du Nord-Est) qui s&rsquo;est d\u00e9roul\u00e9 \u00e0 Reims du 3 au 5 f\u00e9vrier dernier, a proclam\u00e9 les r\u00e9sultats de son concours d&rsquo;architecture europ\u00e9en organis\u00e9 en partenariat avec le groupe Plurial, acteur majeur du logement en Champagne-Ardenne, et a r\u00e9compens\u00e9 l&rsquo;audace architecturale. Avec 47 candidats, 3 projets [&hellip;]<\/p>\n","protected":false},"author":1,"featured_media":88289,"comment_status":"open","ping_status":"closed","sticky":false,"template":"","format":"standard","meta":{"_et_pb_use_builder":"","_et_pb_old_content":"","_et_gb_content_width":"","footnotes":""},"categories":[10530],"tags":[],"class_list":["post-88287","post","type-post","status-publish","format-standard","has-post-thumbnail","hentry","category-actualites"],"yoast_head":"<!-- This site is optimized with the Yoast SEO plugin v27.4 - https:\/\/yoast.com\/product\/yoast-seo-wordpress\/ -->\n<title>Concours d&#039;architecture europ\u00e9en &quot;Sweet Eco Home&quot; de Sabine<\/title>\n<meta name=\"robots\" content=\"index, follow, max-snippet:-1, max-image-preview:large, max-video-preview:-1\" \/>\n<link rel=\"canonical\" href=\"https:\/\/batijournal.com\/index.php\/concours-darchitecture-europeen-sweet-eco-home-de-sabine-2\/88287\/\" \/>\n<meta property=\"og:locale\" content=\"fr_FR\" \/>\n<meta property=\"og:type\" content=\"article\" \/>\n<meta property=\"og:title\" content=\"Concours d&#039;architecture europ\u00e9en &quot;Sweet Eco Home&quot; de Sabine\" \/>\n<meta property=\"og:description\" content=\"La deuxi\u00e8me \u00e9dition du salon Sabine (salon du b\u00e2timent innovant du Nord-Est) qui s&rsquo;est d\u00e9roul\u00e9 \u00e0 Reims du 3 au 5 f\u00e9vrier dernier, a proclam\u00e9 les r\u00e9sultats de son concours d&rsquo;architecture europ\u00e9en organis\u00e9 en partenariat avec le groupe Plurial, acteur majeur du logement en Champagne-Ardenne, et a r\u00e9compens\u00e9 l&rsquo;audace architecturale. Avec 47 candidats, 3 projets [&hellip;]\" \/>\n<meta property=\"og:url\" content=\"https:\/\/batijournal.com\/index.php\/concours-darchitecture-europeen-sweet-eco-home-de-sabine-2\/88287\/\" \/>\n<meta property=\"og:site_name\" content=\"Batijournal\" \/>\n<meta property=\"article:published_time\" content=\"2010-03-04T09:57:45+00:00\" \/>\n<meta property=\"article:modified_time\" content=\"2015-07-03T08:59:54+00:00\" \/>\n<meta property=\"og:image\" content=\"https:\/\/batijournal.com\/wp-content\/uploads\/2015\/07\/09930454.jpg\" \/>\n\t<meta property=\"og:image:width\" content=\"600\" \/>\n\t<meta property=\"og:image:height\" content=\"417\" \/>\n\t<meta property=\"og:image:type\" content=\"image\/jpeg\" \/>\n<meta name=\"author\" content=\"Bati-journal\" \/>\n<meta name=\"twitter:card\" content=\"summary_large_image\" \/>\n<meta name=\"twitter:creator\" content=\"@bati_journal\" \/>\n<meta name=\"twitter:site\" content=\"@bati_journal\" \/>\n<meta name=\"twitter:label1\" content=\"\u00c9crit par\" \/>\n\t<meta name=\"twitter:data1\" content=\"Bati-journal\" \/>\n\t<meta name=\"twitter:label2\" content=\"Dur\u00e9e de lecture estim\u00e9e\" \/>\n\t<meta name=\"twitter:data2\" content=\"2 minutes\" \/>\n<script type=\"application\/ld+json\" class=\"yoast-schema-graph\">{\"@context\":\"https:\\\/\\\/schema.org\",\"@graph\":[{\"@type\":\"Article\",\"@id\":\"https:\\\/\\\/batijournal.com\\\/index.php\\\/concours-darchitecture-europeen-sweet-eco-home-de-sabine-2\\\/88287\\\/#article\",\"isPartOf\":{\"@id\":\"https:\\\/\\\/batijournal.com\\\/index.php\\\/concours-darchitecture-europeen-sweet-eco-home-de-sabine-2\\\/88287\\\/\"},\"author\":{\"name\":\"Bati-journal\",\"@id\":\"https:\\\/\\\/batijournal.com\\\/#\\\/schema\\\/person\\\/6a657e8967569e1b299972574848aa76\"},\"headline\":\"Concours d&rsquo;architecture europ\u00e9en \u00ab\u00a0Sweet Eco Home\u00a0\u00bb de Sabine\",\"datePublished\":\"2010-03-04T09:57:45+00:00\",\"dateModified\":\"2015-07-03T08:59:54+00:00\",\"mainEntityOfPage\":{\"@id\":\"https:\\\/\\\/batijournal.com\\\/index.php\\\/concours-darchitecture-europeen-sweet-eco-home-de-sabine-2\\\/88287\\\/\"},\"wordCount\":355,\"commentCount\":0,\"image\":{\"@id\":\"https:\\\/\\\/batijournal.com\\\/index.php\\\/concours-darchitecture-europeen-sweet-eco-home-de-sabine-2\\\/88287\\\/#primaryimage\"},\"thumbnailUrl\":\"https:\\\/\\\/batijournal.com\\\/wp-content\\\/uploads\\\/2015\\\/07\\\/09930454.jpg\",\"articleSection\":[\"Actualit\u00e9s\"],\"inLanguage\":\"fr-FR\",\"potentialAction\":[{\"@type\":\"CommentAction\",\"name\":\"Comment\",\"target\":[\"https:\\\/\\\/batijournal.com\\\/index.php\\\/concours-darchitecture-europeen-sweet-eco-home-de-sabine-2\\\/88287\\\/#respond\"]}]},{\"@type\":\"WebPage\",\"@id\":\"https:\\\/\\\/batijournal.com\\\/index.php\\\/concours-darchitecture-europeen-sweet-eco-home-de-sabine-2\\\/88287\\\/\",\"url\":\"https:\\\/\\\/batijournal.com\\\/index.php\\\/concours-darchitecture-europeen-sweet-eco-home-de-sabine-2\\\/88287\\\/\",\"name\":\"Concours d'architecture europ\u00e9en \\\"Sweet Eco Home\\\" de Sabine\",\"isPartOf\":{\"@id\":\"https:\\\/\\\/batijournal.com\\\/#website\"},\"primaryImageOfPage\":{\"@id\":\"https:\\\/\\\/batijournal.com\\\/index.php\\\/concours-darchitecture-europeen-sweet-eco-home-de-sabine-2\\\/88287\\\/#primaryimage\"},\"image\":{\"@id\":\"https:\\\/\\\/batijournal.com\\\/index.php\\\/concours-darchitecture-europeen-sweet-eco-home-de-sabine-2\\\/88287\\\/#primaryimage\"},\"thumbnailUrl\":\"https:\\\/\\\/batijournal.com\\\/wp-content\\\/uploads\\\/2015\\\/07\\\/09930454.jpg\",\"datePublished\":\"2010-03-04T09:57:45+00:00\",\"dateModified\":\"2015-07-03T08:59:54+00:00\",\"author\":{\"@id\":\"https:\\\/\\\/batijournal.com\\\/#\\\/schema\\\/person\\\/6a657e8967569e1b299972574848aa76\"},\"breadcrumb\":{\"@id\":\"https:\\\/\\\/batijournal.com\\\/index.php\\\/concours-darchitecture-europeen-sweet-eco-home-de-sabine-2\\\/88287\\\/#breadcrumb\"},\"inLanguage\":\"fr-FR\",\"potentialAction\":[{\"@type\":\"ReadAction\",\"target\":[\"https:\\\/\\\/batijournal.com\\\/index.php\\\/concours-darchitecture-europeen-sweet-eco-home-de-sabine-2\\\/88287\\\/\"]}]},{\"@type\":\"ImageObject\",\"inLanguage\":\"fr-FR\",\"@id\":\"https:\\\/\\\/batijournal.com\\\/index.php\\\/concours-darchitecture-europeen-sweet-eco-home-de-sabine-2\\\/88287\\\/#primaryimage\",\"url\":\"https:\\\/\\\/batijournal.com\\\/wp-content\\\/uploads\\\/2015\\\/07\\\/09930454.jpg\",\"contentUrl\":\"https:\\\/\\\/batijournal.com\\\/wp-content\\\/uploads\\\/2015\\\/07\\\/09930454.jpg\",\"width\":600,\"height\":417,\"caption\":\"Tous les laur\u00e9ats du concours d'architecture europ\u00e9en \\\"Sweet Eco Home\\\" de Sabine\"},{\"@type\":\"BreadcrumbList\",\"@id\":\"https:\\\/\\\/batijournal.com\\\/index.php\\\/concours-darchitecture-europeen-sweet-eco-home-de-sabine-2\\\/88287\\\/#breadcrumb\",\"itemListElement\":[{\"@type\":\"ListItem\",\"position\":1,\"name\":\"Accueil\",\"item\":\"https:\\\/\\\/batijournal.com\\\/\"},{\"@type\":\"ListItem\",\"position\":2,\"name\":\"Actualit\u00e9s\",\"item\":\"https:\\\/\\\/batijournal.com\\\/index.php\\\/category\\\/actualites\\\/\"},{\"@type\":\"ListItem\",\"position\":3,\"name\":\"Concours d&rsquo;architecture europ\u00e9en \u00ab\u00a0Sweet Eco Home\u00a0\u00bb de Sabine\"}]},{\"@type\":\"WebSite\",\"@id\":\"https:\\\/\\\/batijournal.com\\\/#website\",\"url\":\"https:\\\/\\\/batijournal.com\\\/\",\"name\":\"Batijournal\",\"description\":\"L&#039;actualit\u00e9 du b\u00e2timent\",\"potentialAction\":[{\"@type\":\"SearchAction\",\"target\":{\"@type\":\"EntryPoint\",\"urlTemplate\":\"https:\\\/\\\/batijournal.com\\\/?s={search_term_string}\"},\"query-input\":{\"@type\":\"PropertyValueSpecification\",\"valueRequired\":true,\"valueName\":\"search_term_string\"}}],\"inLanguage\":\"fr-FR\"},{\"@type\":\"Person\",\"@id\":\"https:\\\/\\\/batijournal.com\\\/#\\\/schema\\\/person\\\/6a657e8967569e1b299972574848aa76\",\"name\":\"Bati-journal\",\"image\":{\"@type\":\"ImageObject\",\"inLanguage\":\"fr-FR\",\"@id\":\"https:\\\/\\\/secure.gravatar.com\\\/avatar\\\/a64364ea26392f9b4dd47e017ddaec74ff03aefc073b49e492e847201258f777?s=96&d=mm&r=g\",\"url\":\"https:\\\/\\\/secure.gravatar.com\\\/avatar\\\/a64364ea26392f9b4dd47e017ddaec74ff03aefc073b49e492e847201258f777?s=96&d=mm&r=g\",\"contentUrl\":\"https:\\\/\\\/secure.gravatar.com\\\/avatar\\\/a64364ea26392f9b4dd47e017ddaec74ff03aefc073b49e492e847201258f777?s=96&d=mm&r=g\",\"caption\":\"Bati-journal\"},\"url\":\"https:\\\/\\\/batijournal.com\\\/index.php\\\/author\\\/elodie\\\/\"}]}<\/script>\n<!-- \/ Yoast SEO plugin. -->","yoast_head_json":{"title":"Concours d'architecture europ\u00e9en \"Sweet Eco Home\" de Sabine","robots":{"index":"index","follow":"follow","max-snippet":"max-snippet:-1","max-image-preview":"max-image-preview:large","max-video-preview":"max-video-preview:-1"},"canonical":"https:\/\/batijournal.com\/index.php\/concours-darchitecture-europeen-sweet-eco-home-de-sabine-2\/88287\/","og_locale":"fr_FR","og_type":"article","og_title":"Concours d'architecture europ\u00e9en \"Sweet Eco Home\" de Sabine","og_description":"La deuxi\u00e8me \u00e9dition du salon Sabine (salon du b\u00e2timent innovant du Nord-Est) qui s&rsquo;est d\u00e9roul\u00e9 \u00e0 Reims du 3 au 5 f\u00e9vrier dernier, a proclam\u00e9 les r\u00e9sultats de son concours d&rsquo;architecture europ\u00e9en organis\u00e9 en partenariat avec le groupe Plurial, acteur majeur du logement en Champagne-Ardenne, et a r\u00e9compens\u00e9 l&rsquo;audace architecturale. Avec 47 candidats, 3 projets [&hellip;]","og_url":"https:\/\/batijournal.com\/index.php\/concours-darchitecture-europeen-sweet-eco-home-de-sabine-2\/88287\/","og_site_name":"Batijournal","article_published_time":"2010-03-04T09:57:45+00:00","article_modified_time":"2015-07-03T08:59:54+00:00","og_image":[{"width":600,"height":417,"url":"https:\/\/batijournal.com\/wp-content\/uploads\/2015\/07\/09930454.jpg","type":"image\/jpeg"}],"author":"Bati-journal","twitter_card":"summary_large_image","twitter_creator":"@bati_journal","twitter_site":"@bati_journal","twitter_misc":{"\u00c9crit par":"Bati-journal","Dur\u00e9e de lecture estim\u00e9e":"2 minutes"},"schema":{"@context":"https:\/\/schema.org","@graph":[{"@type":"Article","@id":"https:\/\/batijournal.com\/index.php\/concours-darchitecture-europeen-sweet-eco-home-de-sabine-2\/88287\/#article","isPartOf":{"@id":"https:\/\/batijournal.com\/index.php\/concours-darchitecture-europeen-sweet-eco-home-de-sabine-2\/88287\/"},"author":{"name":"Bati-journal","@id":"https:\/\/batijournal.com\/#\/schema\/person\/6a657e8967569e1b299972574848aa76"},"headline":"Concours d&rsquo;architecture europ\u00e9en \u00ab\u00a0Sweet Eco Home\u00a0\u00bb de Sabine","datePublished":"2010-03-04T09:57:45+00:00","dateModified":"2015-07-03T08:59:54+00:00","mainEntityOfPage":{"@id":"https:\/\/batijournal.com\/index.php\/concours-darchitecture-europeen-sweet-eco-home-de-sabine-2\/88287\/"},"wordCount":355,"commentCount":0,"image":{"@id":"https:\/\/batijournal.com\/index.php\/concours-darchitecture-europeen-sweet-eco-home-de-sabine-2\/88287\/#primaryimage"},"thumbnailUrl":"https:\/\/batijournal.com\/wp-content\/uploads\/2015\/07\/09930454.jpg","articleSection":["Actualit\u00e9s"],"inLanguage":"fr-FR","potentialAction":[{"@type":"CommentAction","name":"Comment","target":["https:\/\/batijournal.com\/index.php\/concours-darchitecture-europeen-sweet-eco-home-de-sabine-2\/88287\/#respond"]}]},{"@type":"WebPage","@id":"https:\/\/batijournal.com\/index.php\/concours-darchitecture-europeen-sweet-eco-home-de-sabine-2\/88287\/","url":"https:\/\/batijournal.com\/index.php\/concours-darchitecture-europeen-sweet-eco-home-de-sabine-2\/88287\/","name":"Concours d'architecture europ\u00e9en \"Sweet Eco Home\" de Sabine","isPartOf":{"@id":"https:\/\/batijournal.com\/#website"},"primaryImageOfPage":{"@id":"https:\/\/batijournal.com\/index.php\/concours-darchitecture-europeen-sweet-eco-home-de-sabine-2\/88287\/#primaryimage"},"image":{"@id":"https:\/\/batijournal.com\/index.php\/concours-darchitecture-europeen-sweet-eco-home-de-sabine-2\/88287\/#primaryimage"},"thumbnailUrl":"https:\/\/batijournal.com\/wp-content\/uploads\/2015\/07\/09930454.jpg","datePublished":"2010-03-04T09:57:45+00:00","dateModified":"2015-07-03T08:59:54+00:00","author":{"@id":"https:\/\/batijournal.com\/#\/schema\/person\/6a657e8967569e1b299972574848aa76"},"breadcrumb":{"@id":"https:\/\/batijournal.com\/index.php\/concours-darchitecture-europeen-sweet-eco-home-de-sabine-2\/88287\/#breadcrumb"},"inLanguage":"fr-FR","potentialAction":[{"@type":"ReadAction","target":["https:\/\/batijournal.com\/index.php\/concours-darchitecture-europeen-sweet-eco-home-de-sabine-2\/88287\/"]}]},{"@type":"ImageObject","inLanguage":"fr-FR","@id":"https:\/\/batijournal.com\/index.php\/concours-darchitecture-europeen-sweet-eco-home-de-sabine-2\/88287\/#primaryimage","url":"https:\/\/batijournal.com\/wp-content\/uploads\/2015\/07\/09930454.jpg","contentUrl":"https:\/\/batijournal.com\/wp-content\/uploads\/2015\/07\/09930454.jpg","width":600,"height":417,"caption":"Tous les laur\u00e9ats du concours d'architecture europ\u00e9en \"Sweet Eco Home\" de Sabine"},{"@type":"BreadcrumbList","@id":"https:\/\/batijournal.com\/index.php\/concours-darchitecture-europeen-sweet-eco-home-de-sabine-2\/88287\/#breadcrumb","itemListElement":[{"@type":"ListItem","position":1,"name":"Accueil","item":"https:\/\/batijournal.com\/"},{"@type":"ListItem","position":2,"name":"Actualit\u00e9s","item":"https:\/\/batijournal.com\/index.php\/category\/actualites\/"},{"@type":"ListItem","position":3,"name":"Concours d&rsquo;architecture europ\u00e9en \u00ab\u00a0Sweet Eco Home\u00a0\u00bb de Sabine"}]},{"@type":"WebSite","@id":"https:\/\/batijournal.com\/#website","url":"https:\/\/batijournal.com\/","name":"Batijournal","description":"L&#039;actualit\u00e9 du b\u00e2timent","potentialAction":[{"@type":"SearchAction","target":{"@type":"EntryPoint","urlTemplate":"https:\/\/batijournal.com\/?s={search_term_string}"},"query-input":{"@type":"PropertyValueSpecification","valueRequired":true,"valueName":"search_term_string"}}],"inLanguage":"fr-FR"},{"@type":"Person","@id":"https:\/\/batijournal.com\/#\/schema\/person\/6a657e8967569e1b299972574848aa76","name":"Bati-journal","image":{"@type":"ImageObject","inLanguage":"fr-FR","@id":"https:\/\/secure.gravatar.com\/avatar\/a64364ea26392f9b4dd47e017ddaec74ff03aefc073b49e492e847201258f777?s=96&d=mm&r=g","url":"https:\/\/secure.gravatar.com\/avatar\/a64364ea26392f9b4dd47e017ddaec74ff03aefc073b49e492e847201258f777?s=96&d=mm&r=g","contentUrl":"https:\/\/secure.gravatar.com\/avatar\/a64364ea26392f9b4dd47e017ddaec74ff03aefc073b49e492e847201258f777?s=96&d=mm&r=g","caption":"Bati-journal"},"url":"https:\/\/batijournal.com\/index.php\/author\/elodie\/"}]}},"_links":{"self":[{"href":"https:\/\/batijournal.com\/index.php\/wp-json\/wp\/v2\/posts\/88287","targetHints":{"allow":["GET"]}}],"collection":[{"href":"https:\/\/batijournal.com\/index.php\/wp-json\/wp\/v2\/posts"}],"about":[{"href":"https:\/\/batijournal.com\/index.php\/wp-json\/wp\/v2\/types\/post"}],"author":[{"embeddable":true,"href":"https:\/\/batijournal.com\/index.php\/wp-json\/wp\/v2\/users\/1"}],"replies":[{"embeddable":true,"href":"https:\/\/batijournal.com\/index.php\/wp-json\/wp\/v2\/comments?post=88287"}],"version-history":[{"count":0,"href":"https:\/\/batijournal.com\/index.php\/wp-json\/wp\/v2\/posts\/88287\/revisions"}],"wp:featuredmedia":[{"embeddable":true,"href":"https:\/\/batijournal.com\/index.php\/wp-json\/wp\/v2\/media\/88289"}],"wp:attachment":[{"href":"https:\/\/batijournal.com\/index.php\/wp-json\/wp\/v2\/media?parent=88287"}],"wp:term":[{"taxonomy":"category","embeddable":true,"href":"https:\/\/batijournal.com\/index.php\/wp-json\/wp\/v2\/categories?post=88287"},{"taxonomy":"post_tag","embeddable":true,"href":"https:\/\/batijournal.com\/index.php\/wp-json\/wp\/v2\/tags?post=88287"}],"curies":[{"name":"wp","href":"https:\/\/api.w.org\/{rel}","templated":true}]}}