{"id":88327,"date":"2012-02-17T11:44:11","date_gmt":"2012-02-17T10:44:11","guid":{"rendered":"http:\/\/batijournal.com\/?p=88327"},"modified":"2019-07-15T11:29:20","modified_gmt":"2019-07-15T09:29:20","slug":"esprit-chalet-pour-un-gite-ecologique","status":"publish","type":"post","link":"https:\/\/batijournal.com\/index.php\/esprit-chalet-pour-un-gite-ecologique\/88327\/","title":{"rendered":"Esprit chalet pour un g\u00eete \u00e9cologique"},"content":{"rendered":"<p>Dans l&rsquo;hypercentre de Niort (Deux-S\u00e8vres), suspendue entre deux c\u00e8dres et un marronnier, une construction atypique nomm\u00e9e\u00a0<i>Kabane 49<\/i>\u00a0ne laisse pas indiff\u00e9rent. De l&rsquo;ext\u00e9rieur, le g\u00eete touristique\u00a0<i>Kabane 49<\/i>\u00a0a l&rsquo;allure de ces cabanes de p\u00eacheurs juch\u00e9es sur de grands pilotis qui ornent le paysage littoral de Charente-Maritime. A l&rsquo;int\u00e9rieur, la d\u00e9coration fait plut\u00f4t penser \u00e0 la chaleur \u00ab\u00a0cosy\u00a0\u00bb d&rsquo;un chalet nordique. L&rsquo;auteur de cette r\u00e9alisation, Brice Kohler, architecte amoureux du bois et de la nature, a imagin\u00e9 de cr\u00e9er un g\u00eete \u00e9cologique en duplex de 60 m<sup>2<\/sup>, \u00e0 destination des touristes d&rsquo;affaires de passage dans la ville. Une cabane BBC ? De la conception architecturale \u00e0 l&rsquo;am\u00e9nagement int\u00e9rieur, tout \u00e0 \u00e9t\u00e9 pens\u00e9 pour le confort de l&rsquo;h\u00f4te. Objectif : une construction \u00e9cologique, un confort maximal. Pour cela, Brice Kohler s&rsquo;est rapproch\u00e9 du groupe Millet, partenaire fid\u00e8le avec lequel il partage un fort engagement en faveur du d\u00e9veloppement durable. L&rsquo;architecte et l&rsquo;entreprise ont d&rsquo;ailleurs collabor\u00e9 en 2010 dans le cadre d&rsquo;un projet d&rsquo;habitat social BBC \u00e0 Aiffres (79) qui a aujourd&rsquo;hui valeur d&rsquo;exemple pour la r\u00e9gion.\u00a0<i>Kabane 49<\/i>, par sa conception, pourrait y pr\u00e9tendre. Un mur-manteau en bois L&rsquo;ensemble de la structure a \u00e9t\u00e9 r\u00e9alis\u00e9 par Millet sur son site de fabrication, \u00e0 Br\u00e9tignolles, dans les Deux-S\u00e8vres. Elle est compos\u00e9e d&rsquo;un syst\u00e8me de murs pr\u00e9fabriqu\u00e9s Sybois, int\u00e9grant des menuiseries mixtes respirantes. Dans le d\u00e9tail, ce mur-manteau combine une structure de murs ossature bois, les \u00e9l\u00e9ments d&rsquo;\u00e9tanch\u00e9it\u00e9 \u00e0 base de cellulose et de fibres de bois, ainsi qu&rsquo;un bardage bois en lames (douglas) pour finition. Lors de la fabrication, les menuiseries mixtes bois \u00e0 l&rsquo;int\u00e9rieur, aluminium noir \u00e0 l&rsquo;ext\u00e9rieur, ont \u00e9t\u00e9 ench\u00e2ss\u00e9es dans la structure afin d&rsquo;\u00e9radiquer les ponts thermiques entre le mur et les fen\u00eatres. A la cl\u00e9 : un assemblage sur site qui a dur\u00e9 \u00e0 peine une semaine, et une habitation autonome et confortable. Des stores v\u00e9nitiens gris galet ont \u00e9t\u00e9 ins\u00e9r\u00e9s entre les vitrages (dans la lame d&rsquo;air) des menuiseries. Une VMC double flux assure le recyclage des calories internes au b\u00e2timent. Int\u00e9rieur \u00ab\u00a0cosy\u00a0\u00bb A l&rsquo;int\u00e9rieur du g\u00eete, la chaleur du bois c\u00f4toie un style d&rsquo;am\u00e9nagement tr\u00e8s contemporain : grande hauteur sous plafond, dominance des tons gris, habillage des murs int\u00e9rieurs et de l&rsquo;escalier en Kerto (Lamibois)&#8230; tout traduit une atmosph\u00e8re apaisante. Ambiance qui anime \u00e9galement l&rsquo;\u00e9tage sup\u00e9rieur, compos\u00e9 d&rsquo;une chambre et de sa salle de bains. D\u00e9barrass\u00e9e des tumultes qui nagu\u00e8re envahissaient le site sur lequel elle a \u00e9t\u00e9 construite (un ancien site industriel fabricant des munitions, puis de la serrurerie),\u00a0<i>Kabane 49<\/i>\u00a0se dresse \u00e0 hauteur des arbres comme pour rappeler la sensation de libert\u00e9 que nous procuraient les cabanes de notre enfance&#8230;<\/p>\n<div id=\"attachment_88329\" style=\"width: 428px\" class=\"wp-caption aligncenter\"><a href=\"https:\/\/batijournal.com\/wp-content\/uploads\/2015\/07\/39842456_1.jpg\"><img loading=\"lazy\" decoding=\"async\" aria-describedby=\"caption-attachment-88329\" class=\"size-full wp-image-88329\" src=\"https:\/\/batijournal.com\/wp-content\/uploads\/2015\/07\/39842456_1.jpg\" alt=\"Un int\u00e9rieur lumineux gr\u00e2ce aux grandes baies vitr\u00e9es. Photo Groupe Millet\" width=\"418\" height=\"599\" srcset=\"https:\/\/batijournal.com\/wp-content\/uploads\/2015\/07\/39842456_1.jpg 418w, https:\/\/batijournal.com\/wp-content\/uploads\/2015\/07\/39842456_1-105x150.jpg 105w, https:\/\/batijournal.com\/wp-content\/uploads\/2015\/07\/39842456_1-209x300.jpg 209w\" sizes=\"(max-width: 418px) 100vw, 418px\" \/><\/a><p id=\"caption-attachment-88329\" class=\"wp-caption-text\">Un int\u00e9rieur lumineux gr\u00e2ce aux grandes baies vitr\u00e9es.<br \/>Photo Groupe Millet<\/p><\/div>\n<div id=\"attachment_88330\" style=\"width: 421px\" class=\"wp-caption aligncenter\"><a href=\"https:\/\/batijournal.com\/wp-content\/uploads\/2015\/07\/39842456_3.jpg\"><img loading=\"lazy\" decoding=\"async\" aria-describedby=\"caption-attachment-88330\" class=\"wp-image-88330 size-full\" src=\"https:\/\/batijournal.com\/wp-content\/uploads\/2015\/07\/39842456_3.jpg\" alt=\"39842456_3\" width=\"411\" height=\"600\" srcset=\"https:\/\/batijournal.com\/wp-content\/uploads\/2015\/07\/39842456_3.jpg 411w, https:\/\/batijournal.com\/wp-content\/uploads\/2015\/07\/39842456_3-103x150.jpg 103w, https:\/\/batijournal.com\/wp-content\/uploads\/2015\/07\/39842456_3-206x300.jpg 206w\" sizes=\"(max-width: 411px) 100vw, 411px\" \/><\/a><p id=\"caption-attachment-88330\" class=\"wp-caption-text\">Le syst\u00e8me de murs pr\u00e9fabriqu\u00e9s int\u00e8gre des menuiseries mixtes bois-aluminium respirantes. Photo Groupe Millet<\/p><\/div>\n<div id=\"attachment_88331\" style=\"width: 610px\" class=\"wp-caption aligncenter\"><a href=\"https:\/\/batijournal.com\/wp-content\/uploads\/2015\/07\/39842456_4.jpg\"><img loading=\"lazy\" decoding=\"async\" aria-describedby=\"caption-attachment-88331\" class=\"wp-image-88331 size-full\" src=\"https:\/\/batijournal.com\/wp-content\/uploads\/2015\/07\/39842456_4.jpg\" alt=\"39842456_4\" width=\"600\" height=\"400\" srcset=\"https:\/\/batijournal.com\/wp-content\/uploads\/2015\/07\/39842456_4.jpg 600w, https:\/\/batijournal.com\/wp-content\/uploads\/2015\/07\/39842456_4-150x100.jpg 150w, https:\/\/batijournal.com\/wp-content\/uploads\/2015\/07\/39842456_4-300x200.jpg 300w\" sizes=\"(max-width: 600px) 100vw, 600px\" \/><\/a><p id=\"caption-attachment-88331\" class=\"wp-caption-text\">Int\u00e9rieur tout bois dans la chambre situ\u00e9e \u00e0 l&rsquo;\u00e9tage. Photo Groupe Millet<\/p><\/div>\n","protected":false},"excerpt":{"rendered":"<p>Dans l&rsquo;hypercentre de Niort (Deux-S\u00e8vres), suspendue entre deux c\u00e8dres et un marronnier, une construction atypique nomm\u00e9e\u00a0Kabane 49\u00a0ne laisse pas indiff\u00e9rent. De l&rsquo;ext\u00e9rieur, le g\u00eete touristique\u00a0Kabane 49\u00a0a l&rsquo;allure de ces cabanes de p\u00eacheurs juch\u00e9es sur de grands pilotis qui ornent le paysage littoral de Charente-Maritime. A l&rsquo;int\u00e9rieur, la d\u00e9coration fait plut\u00f4t penser \u00e0 la chaleur \u00ab\u00a0cosy\u00a0\u00bb [&hellip;]<\/p>\n","protected":false},"author":1,"featured_media":88328,"comment_status":"open","ping_status":"closed","sticky":false,"template":"","format":"standard","meta":{"_et_pb_use_builder":"","_et_pb_old_content":"","_et_gb_content_width":"","footnotes":""},"categories":[6340],"tags":[],"class_list":["post-88327","post","type-post","status-publish","format-standard","has-post-thumbnail","hentry","category-architecture-conception"],"yoast_head":"<!-- This site is optimized with the Yoast SEO plugin v27.4 - https:\/\/yoast.com\/product\/yoast-seo-wordpress\/ -->\n<title>Esprit chalet pour un g\u00eete \u00e9cologique<\/title>\n<meta name=\"robots\" content=\"index, follow, max-snippet:-1, max-image-preview:large, max-video-preview:-1\" \/>\n<link rel=\"canonical\" href=\"https:\/\/batijournal.com\/index.php\/esprit-chalet-pour-un-gite-ecologique\/88327\/\" \/>\n<meta property=\"og:locale\" content=\"fr_FR\" \/>\n<meta property=\"og:type\" content=\"article\" \/>\n<meta property=\"og:title\" content=\"Esprit chalet pour un g\u00eete \u00e9cologique\" \/>\n<meta property=\"og:description\" content=\"Dans l&rsquo;hypercentre de Niort (Deux-S\u00e8vres), suspendue entre deux c\u00e8dres et un marronnier, une construction atypique nomm\u00e9e\u00a0Kabane 49\u00a0ne laisse pas indiff\u00e9rent. De l&rsquo;ext\u00e9rieur, le g\u00eete touristique\u00a0Kabane 49\u00a0a l&rsquo;allure de ces cabanes de p\u00eacheurs juch\u00e9es sur de grands pilotis qui ornent le paysage littoral de Charente-Maritime. A l&rsquo;int\u00e9rieur, la d\u00e9coration fait plut\u00f4t penser \u00e0 la chaleur \u00ab\u00a0cosy\u00a0\u00bb [&hellip;]\" \/>\n<meta property=\"og:url\" content=\"https:\/\/batijournal.com\/index.php\/esprit-chalet-pour-un-gite-ecologique\/88327\/\" \/>\n<meta property=\"og:site_name\" content=\"Batijournal\" \/>\n<meta property=\"article:published_time\" content=\"2012-02-17T10:44:11+00:00\" \/>\n<meta property=\"article:modified_time\" content=\"2019-07-15T09:29:20+00:00\" \/>\n<meta property=\"og:image\" content=\"https:\/\/batijournal.com\/wp-content\/uploads\/2015\/07\/39842456.jpg\" \/>\n\t<meta property=\"og:image:width\" content=\"586\" \/>\n\t<meta property=\"og:image:height\" content=\"600\" \/>\n\t<meta property=\"og:image:type\" content=\"image\/jpeg\" \/>\n<meta name=\"author\" content=\"Bati-journal\" \/>\n<meta name=\"twitter:card\" content=\"summary_large_image\" \/>\n<meta name=\"twitter:creator\" content=\"@bati_journal\" \/>\n<meta name=\"twitter:site\" content=\"@bati_journal\" \/>\n<meta name=\"twitter:label1\" content=\"\u00c9crit par\" \/>\n\t<meta name=\"twitter:data1\" content=\"Bati-journal\" \/>\n\t<meta name=\"twitter:label2\" content=\"Dur\u00e9e de lecture estim\u00e9e\" \/>\n\t<meta name=\"twitter:data2\" content=\"3 minutes\" \/>\n<script type=\"application\/ld+json\" class=\"yoast-schema-graph\">{\"@context\":\"https:\\\/\\\/schema.org\",\"@graph\":[{\"@type\":\"Article\",\"@id\":\"https:\\\/\\\/batijournal.com\\\/index.php\\\/esprit-chalet-pour-un-gite-ecologique\\\/88327\\\/#article\",\"isPartOf\":{\"@id\":\"https:\\\/\\\/batijournal.com\\\/index.php\\\/esprit-chalet-pour-un-gite-ecologique\\\/88327\\\/\"},\"author\":{\"name\":\"Bati-journal\",\"@id\":\"https:\\\/\\\/batijournal.com\\\/#\\\/schema\\\/person\\\/6a657e8967569e1b299972574848aa76\"},\"headline\":\"Esprit chalet pour un g\u00eete \u00e9cologique\",\"datePublished\":\"2012-02-17T10:44:11+00:00\",\"dateModified\":\"2019-07-15T09:29:20+00:00\",\"mainEntityOfPage\":{\"@id\":\"https:\\\/\\\/batijournal.com\\\/index.php\\\/esprit-chalet-pour-un-gite-ecologique\\\/88327\\\/\"},\"wordCount\":573,\"commentCount\":0,\"image\":{\"@id\":\"https:\\\/\\\/batijournal.com\\\/index.php\\\/esprit-chalet-pour-un-gite-ecologique\\\/88327\\\/#primaryimage\"},\"thumbnailUrl\":\"https:\\\/\\\/batijournal.com\\\/wp-content\\\/uploads\\\/2015\\\/07\\\/39842456.jpg\",\"articleSection\":[\"Architecture &amp; Conception\"],\"inLanguage\":\"fr-FR\",\"potentialAction\":[{\"@type\":\"CommentAction\",\"name\":\"Comment\",\"target\":[\"https:\\\/\\\/batijournal.com\\\/index.php\\\/esprit-chalet-pour-un-gite-ecologique\\\/88327\\\/#respond\"]}]},{\"@type\":\"WebPage\",\"@id\":\"https:\\\/\\\/batijournal.com\\\/index.php\\\/esprit-chalet-pour-un-gite-ecologique\\\/88327\\\/\",\"url\":\"https:\\\/\\\/batijournal.com\\\/index.php\\\/esprit-chalet-pour-un-gite-ecologique\\\/88327\\\/\",\"name\":\"Esprit chalet pour un g\u00eete \u00e9cologique\",\"isPartOf\":{\"@id\":\"https:\\\/\\\/batijournal.com\\\/#website\"},\"primaryImageOfPage\":{\"@id\":\"https:\\\/\\\/batijournal.com\\\/index.php\\\/esprit-chalet-pour-un-gite-ecologique\\\/88327\\\/#primaryimage\"},\"image\":{\"@id\":\"https:\\\/\\\/batijournal.com\\\/index.php\\\/esprit-chalet-pour-un-gite-ecologique\\\/88327\\\/#primaryimage\"},\"thumbnailUrl\":\"https:\\\/\\\/batijournal.com\\\/wp-content\\\/uploads\\\/2015\\\/07\\\/39842456.jpg\",\"datePublished\":\"2012-02-17T10:44:11+00:00\",\"dateModified\":\"2019-07-15T09:29:20+00:00\",\"author\":{\"@id\":\"https:\\\/\\\/batijournal.com\\\/#\\\/schema\\\/person\\\/6a657e8967569e1b299972574848aa76\"},\"breadcrumb\":{\"@id\":\"https:\\\/\\\/batijournal.com\\\/index.php\\\/esprit-chalet-pour-un-gite-ecologique\\\/88327\\\/#breadcrumb\"},\"inLanguage\":\"fr-FR\",\"potentialAction\":[{\"@type\":\"ReadAction\",\"target\":[\"https:\\\/\\\/batijournal.com\\\/index.php\\\/esprit-chalet-pour-un-gite-ecologique\\\/88327\\\/\"]}]},{\"@type\":\"ImageObject\",\"inLanguage\":\"fr-FR\",\"@id\":\"https:\\\/\\\/batijournal.com\\\/index.php\\\/esprit-chalet-pour-un-gite-ecologique\\\/88327\\\/#primaryimage\",\"url\":\"https:\\\/\\\/batijournal.com\\\/wp-content\\\/uploads\\\/2015\\\/07\\\/39842456.jpg\",\"contentUrl\":\"https:\\\/\\\/batijournal.com\\\/wp-content\\\/uploads\\\/2015\\\/07\\\/39842456.jpg\",\"width\":586,\"height\":600,\"caption\":\"Photo Groupe Millet\"},{\"@type\":\"BreadcrumbList\",\"@id\":\"https:\\\/\\\/batijournal.com\\\/index.php\\\/esprit-chalet-pour-un-gite-ecologique\\\/88327\\\/#breadcrumb\",\"itemListElement\":[{\"@type\":\"ListItem\",\"position\":1,\"name\":\"Accueil\",\"item\":\"https:\\\/\\\/batijournal.com\\\/\"},{\"@type\":\"ListItem\",\"position\":2,\"name\":\"Actualit\u00e9s\",\"item\":\"https:\\\/\\\/batijournal.com\\\/index.php\\\/category\\\/actualites\\\/\"},{\"@type\":\"ListItem\",\"position\":3,\"name\":\"Architecture &amp; Conception\",\"item\":\"https:\\\/\\\/batijournal.com\\\/index.php\\\/category\\\/actualites\\\/architecture-conception\\\/\"},{\"@type\":\"ListItem\",\"position\":4,\"name\":\"Esprit chalet pour un g\u00eete \u00e9cologique\"}]},{\"@type\":\"WebSite\",\"@id\":\"https:\\\/\\\/batijournal.com\\\/#website\",\"url\":\"https:\\\/\\\/batijournal.com\\\/\",\"name\":\"Batijournal\",\"description\":\"L&#039;actualit\u00e9 du b\u00e2timent\",\"potentialAction\":[{\"@type\":\"SearchAction\",\"target\":{\"@type\":\"EntryPoint\",\"urlTemplate\":\"https:\\\/\\\/batijournal.com\\\/?s={search_term_string}\"},\"query-input\":{\"@type\":\"PropertyValueSpecification\",\"valueRequired\":true,\"valueName\":\"search_term_string\"}}],\"inLanguage\":\"fr-FR\"},{\"@type\":\"Person\",\"@id\":\"https:\\\/\\\/batijournal.com\\\/#\\\/schema\\\/person\\\/6a657e8967569e1b299972574848aa76\",\"name\":\"Bati-journal\",\"image\":{\"@type\":\"ImageObject\",\"inLanguage\":\"fr-FR\",\"@id\":\"https:\\\/\\\/secure.gravatar.com\\\/avatar\\\/a64364ea26392f9b4dd47e017ddaec74ff03aefc073b49e492e847201258f777?s=96&d=mm&r=g\",\"url\":\"https:\\\/\\\/secure.gravatar.com\\\/avatar\\\/a64364ea26392f9b4dd47e017ddaec74ff03aefc073b49e492e847201258f777?s=96&d=mm&r=g\",\"contentUrl\":\"https:\\\/\\\/secure.gravatar.com\\\/avatar\\\/a64364ea26392f9b4dd47e017ddaec74ff03aefc073b49e492e847201258f777?s=96&d=mm&r=g\",\"caption\":\"Bati-journal\"},\"url\":\"https:\\\/\\\/batijournal.com\\\/index.php\\\/author\\\/elodie\\\/\"}]}<\/script>\n<!-- \/ Yoast SEO plugin. -->","yoast_head_json":{"title":"Esprit chalet pour un g\u00eete \u00e9cologique","robots":{"index":"index","follow":"follow","max-snippet":"max-snippet:-1","max-image-preview":"max-image-preview:large","max-video-preview":"max-video-preview:-1"},"canonical":"https:\/\/batijournal.com\/index.php\/esprit-chalet-pour-un-gite-ecologique\/88327\/","og_locale":"fr_FR","og_type":"article","og_title":"Esprit chalet pour un g\u00eete \u00e9cologique","og_description":"Dans l&rsquo;hypercentre de Niort (Deux-S\u00e8vres), suspendue entre deux c\u00e8dres et un marronnier, une construction atypique nomm\u00e9e\u00a0Kabane 49\u00a0ne laisse pas indiff\u00e9rent. De l&rsquo;ext\u00e9rieur, le g\u00eete touristique\u00a0Kabane 49\u00a0a l&rsquo;allure de ces cabanes de p\u00eacheurs juch\u00e9es sur de grands pilotis qui ornent le paysage littoral de Charente-Maritime. A l&rsquo;int\u00e9rieur, la d\u00e9coration fait plut\u00f4t penser \u00e0 la chaleur \u00ab\u00a0cosy\u00a0\u00bb [&hellip;]","og_url":"https:\/\/batijournal.com\/index.php\/esprit-chalet-pour-un-gite-ecologique\/88327\/","og_site_name":"Batijournal","article_published_time":"2012-02-17T10:44:11+00:00","article_modified_time":"2019-07-15T09:29:20+00:00","og_image":[{"width":586,"height":600,"url":"https:\/\/batijournal.com\/wp-content\/uploads\/2015\/07\/39842456.jpg","type":"image\/jpeg"}],"author":"Bati-journal","twitter_card":"summary_large_image","twitter_creator":"@bati_journal","twitter_site":"@bati_journal","twitter_misc":{"\u00c9crit par":"Bati-journal","Dur\u00e9e de lecture estim\u00e9e":"3 minutes"},"schema":{"@context":"https:\/\/schema.org","@graph":[{"@type":"Article","@id":"https:\/\/batijournal.com\/index.php\/esprit-chalet-pour-un-gite-ecologique\/88327\/#article","isPartOf":{"@id":"https:\/\/batijournal.com\/index.php\/esprit-chalet-pour-un-gite-ecologique\/88327\/"},"author":{"name":"Bati-journal","@id":"https:\/\/batijournal.com\/#\/schema\/person\/6a657e8967569e1b299972574848aa76"},"headline":"Esprit chalet pour un g\u00eete \u00e9cologique","datePublished":"2012-02-17T10:44:11+00:00","dateModified":"2019-07-15T09:29:20+00:00","mainEntityOfPage":{"@id":"https:\/\/batijournal.com\/index.php\/esprit-chalet-pour-un-gite-ecologique\/88327\/"},"wordCount":573,"commentCount":0,"image":{"@id":"https:\/\/batijournal.com\/index.php\/esprit-chalet-pour-un-gite-ecologique\/88327\/#primaryimage"},"thumbnailUrl":"https:\/\/batijournal.com\/wp-content\/uploads\/2015\/07\/39842456.jpg","articleSection":["Architecture &amp; Conception"],"inLanguage":"fr-FR","potentialAction":[{"@type":"CommentAction","name":"Comment","target":["https:\/\/batijournal.com\/index.php\/esprit-chalet-pour-un-gite-ecologique\/88327\/#respond"]}]},{"@type":"WebPage","@id":"https:\/\/batijournal.com\/index.php\/esprit-chalet-pour-un-gite-ecologique\/88327\/","url":"https:\/\/batijournal.com\/index.php\/esprit-chalet-pour-un-gite-ecologique\/88327\/","name":"Esprit chalet pour un g\u00eete \u00e9cologique","isPartOf":{"@id":"https:\/\/batijournal.com\/#website"},"primaryImageOfPage":{"@id":"https:\/\/batijournal.com\/index.php\/esprit-chalet-pour-un-gite-ecologique\/88327\/#primaryimage"},"image":{"@id":"https:\/\/batijournal.com\/index.php\/esprit-chalet-pour-un-gite-ecologique\/88327\/#primaryimage"},"thumbnailUrl":"https:\/\/batijournal.com\/wp-content\/uploads\/2015\/07\/39842456.jpg","datePublished":"2012-02-17T10:44:11+00:00","dateModified":"2019-07-15T09:29:20+00:00","author":{"@id":"https:\/\/batijournal.com\/#\/schema\/person\/6a657e8967569e1b299972574848aa76"},"breadcrumb":{"@id":"https:\/\/batijournal.com\/index.php\/esprit-chalet-pour-un-gite-ecologique\/88327\/#breadcrumb"},"inLanguage":"fr-FR","potentialAction":[{"@type":"ReadAction","target":["https:\/\/batijournal.com\/index.php\/esprit-chalet-pour-un-gite-ecologique\/88327\/"]}]},{"@type":"ImageObject","inLanguage":"fr-FR","@id":"https:\/\/batijournal.com\/index.php\/esprit-chalet-pour-un-gite-ecologique\/88327\/#primaryimage","url":"https:\/\/batijournal.com\/wp-content\/uploads\/2015\/07\/39842456.jpg","contentUrl":"https:\/\/batijournal.com\/wp-content\/uploads\/2015\/07\/39842456.jpg","width":586,"height":600,"caption":"Photo Groupe Millet"},{"@type":"BreadcrumbList","@id":"https:\/\/batijournal.com\/index.php\/esprit-chalet-pour-un-gite-ecologique\/88327\/#breadcrumb","itemListElement":[{"@type":"ListItem","position":1,"name":"Accueil","item":"https:\/\/batijournal.com\/"},{"@type":"ListItem","position":2,"name":"Actualit\u00e9s","item":"https:\/\/batijournal.com\/index.php\/category\/actualites\/"},{"@type":"ListItem","position":3,"name":"Architecture &amp; Conception","item":"https:\/\/batijournal.com\/index.php\/category\/actualites\/architecture-conception\/"},{"@type":"ListItem","position":4,"name":"Esprit chalet pour un g\u00eete \u00e9cologique"}]},{"@type":"WebSite","@id":"https:\/\/batijournal.com\/#website","url":"https:\/\/batijournal.com\/","name":"Batijournal","description":"L&#039;actualit\u00e9 du b\u00e2timent","potentialAction":[{"@type":"SearchAction","target":{"@type":"EntryPoint","urlTemplate":"https:\/\/batijournal.com\/?s={search_term_string}"},"query-input":{"@type":"PropertyValueSpecification","valueRequired":true,"valueName":"search_term_string"}}],"inLanguage":"fr-FR"},{"@type":"Person","@id":"https:\/\/batijournal.com\/#\/schema\/person\/6a657e8967569e1b299972574848aa76","name":"Bati-journal","image":{"@type":"ImageObject","inLanguage":"fr-FR","@id":"https:\/\/secure.gravatar.com\/avatar\/a64364ea26392f9b4dd47e017ddaec74ff03aefc073b49e492e847201258f777?s=96&d=mm&r=g","url":"https:\/\/secure.gravatar.com\/avatar\/a64364ea26392f9b4dd47e017ddaec74ff03aefc073b49e492e847201258f777?s=96&d=mm&r=g","contentUrl":"https:\/\/secure.gravatar.com\/avatar\/a64364ea26392f9b4dd47e017ddaec74ff03aefc073b49e492e847201258f777?s=96&d=mm&r=g","caption":"Bati-journal"},"url":"https:\/\/batijournal.com\/index.php\/author\/elodie\/"}]}},"_links":{"self":[{"href":"https:\/\/batijournal.com\/index.php\/wp-json\/wp\/v2\/posts\/88327","targetHints":{"allow":["GET"]}}],"collection":[{"href":"https:\/\/batijournal.com\/index.php\/wp-json\/wp\/v2\/posts"}],"about":[{"href":"https:\/\/batijournal.com\/index.php\/wp-json\/wp\/v2\/types\/post"}],"author":[{"embeddable":true,"href":"https:\/\/batijournal.com\/index.php\/wp-json\/wp\/v2\/users\/1"}],"replies":[{"embeddable":true,"href":"https:\/\/batijournal.com\/index.php\/wp-json\/wp\/v2\/comments?post=88327"}],"version-history":[{"count":0,"href":"https:\/\/batijournal.com\/index.php\/wp-json\/wp\/v2\/posts\/88327\/revisions"}],"wp:featuredmedia":[{"embeddable":true,"href":"https:\/\/batijournal.com\/index.php\/wp-json\/wp\/v2\/media\/88328"}],"wp:attachment":[{"href":"https:\/\/batijournal.com\/index.php\/wp-json\/wp\/v2\/media?parent=88327"}],"wp:term":[{"taxonomy":"category","embeddable":true,"href":"https:\/\/batijournal.com\/index.php\/wp-json\/wp\/v2\/categories?post=88327"},{"taxonomy":"post_tag","embeddable":true,"href":"https:\/\/batijournal.com\/index.php\/wp-json\/wp\/v2\/tags?post=88327"}],"curies":[{"name":"wp","href":"https:\/\/api.w.org\/{rel}","templated":true}]}}