{"id":88359,"date":"2010-12-09T12:47:04","date_gmt":"2010-12-09T11:47:04","guid":{"rendered":"http:\/\/batijournal.com\/?p=88359"},"modified":"2015-07-03T12:50:36","modified_gmt":"2015-07-03T10:50:36","slug":"les-employes-de-quiksilver-ont-leurs-cabanes-au-fond-des-bois","status":"publish","type":"post","link":"https:\/\/batijournal.com\/index.php\/les-employes-de-quiksilver-ont-leurs-cabanes-au-fond-des-bois\/88359\/","title":{"rendered":"Les employ\u00e9s de Quiksilver ont leurs cabanes au fond des bois"},"content":{"rendered":"<p><span class=\"lettrine\">V<\/span>enant de recevoir le prix AMO Lieux de travail Architecture Environnement, le Campus Quiksilver \u00e0 Saint-Jean-de-Luz a \u00e9t\u00e9 inaugur\u00e9 en 2010. Quiksilver d\u00e9cide de doubler la superficie de son si\u00e8ge social en 2008 afin de r\u00e9unir l\u2019ensemble des marques : Quiksilver, Roxy, DC et Lib Tech Gnu et ses 500 employ\u00e9s sur un m\u00eame site de 11 hectares.<br \/>\nL&rsquo;architecte Patrick Arotcharen a imagin\u00e9 un espace adapt\u00e9 au mode de vie de Quiksilver qui r\u00e9unit les diff\u00e9rentes marques du groupe sous un m\u00eame \u00ab toit \u00bb, tout en pr\u00e9servant leur identit\u00e9 et leur singularit\u00e9.<br \/>\nAu milieu d\u2019un espace bois\u00e9, \u00e0 flanc de colline, se dressent cinq satellites connect\u00e9s entre eux par des passerelles et une art\u00e8re int\u00e9rieure. Un ensemble organis\u00e9 en arc de cercle autour d\u2019un b\u00e2timent central, l\u2019Agora. Cette derni\u00e8re est amarr\u00e9e \u00e0 l\u2019ancien b\u00e2timent, marquant ainsi la fusion entre l\u2019ancien et le nouveau campus qui ne forment plus qu\u2019un.<br \/>\nInscrit dans une d\u00e9marche de haute qualit\u00e9 environnementale, ce b\u00e2timent a particuli\u00e8rement soign\u00e9 sa relation harmonieuse avec l&rsquo;environnement. Six cents arbres ont \u00e9t\u00e9 replant\u00e9s, et un verger compos\u00e9 de vari\u00e9t\u00e9s anciennes a \u00e9t\u00e9 int\u00e9gr\u00e9.<br \/>\nPeu \u00e9metteur de CO2 lors de son fonctionnement : 3 kg de CO2 EP\/m\u00b2\/an, ce b\u00e2timent devrait avoir une consommation \u00e9nerg\u00e9tique de 85 kWh\/m\u00b2\/an.<br \/>\nCe projet se chiffre \u00e0 environ 24 millions d\u2019euros et b\u00e9n\u00e9ficie du soutien financier de l\u2019Etat, du conseil r\u00e9gional et du conseil g\u00e9n\u00e9ral.<\/p>\n<div id=\"attachment_88361\" style=\"width: 435px\" class=\"wp-caption aligncenter\"><a href=\"https:\/\/batijournal.com\/wp-content\/uploads\/2015\/07\/17855594.jpg\"><img loading=\"lazy\" decoding=\"async\" aria-describedby=\"caption-attachment-88361\" class=\"size-full wp-image-88361\" src=\"https:\/\/batijournal.com\/wp-content\/uploads\/2015\/07\/17855594.jpg\" alt=\"Centre n\u00e9vralgique du campus, l'Agora est un \u00e9difice plus massif, aux lignes plus g\u00e9om\u00e9triques. Perpendiculaire au premier b\u00e2timent, elle est connect\u00e9e \u00e0 l\u2019ensemble des cabanes nich\u00e9es dans la for\u00eat et repr\u00e9sente le lien entre l\u2019ancien et le nouveau campus.\" width=\"425\" height=\"600\" srcset=\"https:\/\/batijournal.com\/wp-content\/uploads\/2015\/07\/17855594.jpg 425w, https:\/\/batijournal.com\/wp-content\/uploads\/2015\/07\/17855594-106x150.jpg 106w, https:\/\/batijournal.com\/wp-content\/uploads\/2015\/07\/17855594-213x300.jpg 213w\" sizes=\"(max-width: 425px) 100vw, 425px\" \/><\/a><p id=\"caption-attachment-88361\" class=\"wp-caption-text\">Centre n\u00e9vralgique du campus, l&rsquo;Agora est un \u00e9difice plus massif, aux lignes plus g\u00e9om\u00e9triques. Perpendiculaire au premier b\u00e2timent, elle est connect\u00e9e \u00e0 l\u2019ensemble des cabanes nich\u00e9es dans la for\u00eat et repr\u00e9sente le lien entre l\u2019ancien et le nouveau campus.<\/p><\/div>\n<div id=\"attachment_88362\" style=\"width: 435px\" class=\"wp-caption aligncenter\"><a href=\"https:\/\/batijournal.com\/wp-content\/uploads\/2015\/07\/17855829.jpg\"><img loading=\"lazy\" decoding=\"async\" aria-describedby=\"caption-attachment-88362\" class=\"size-full wp-image-88362\" src=\"https:\/\/batijournal.com\/wp-content\/uploads\/2015\/07\/17855829.jpg\" alt=\"Cinq cabanes en bois accueillent chacune une marque ou un d\u00e9partement. L\u2019architecte a mis\u00e9 sur la clart\u00e9 et la l\u00e9g\u00e8ret\u00e9 en privil\u00e9giant les armatures en bois et en verre, sur une base en b\u00e9ton \u00e0 peine perceptible.\" width=\"425\" height=\"600\" srcset=\"https:\/\/batijournal.com\/wp-content\/uploads\/2015\/07\/17855829.jpg 425w, https:\/\/batijournal.com\/wp-content\/uploads\/2015\/07\/17855829-106x150.jpg 106w, https:\/\/batijournal.com\/wp-content\/uploads\/2015\/07\/17855829-213x300.jpg 213w\" sizes=\"(max-width: 425px) 100vw, 425px\" \/><\/a><p id=\"caption-attachment-88362\" class=\"wp-caption-text\">Cinq cabanes en bois accueillent chacune une marque ou un d\u00e9partement. L\u2019architecte a mis\u00e9 sur la clart\u00e9 et la l\u00e9g\u00e8ret\u00e9 en privil\u00e9giant les armatures en bois et en verre, sur une base en b\u00e9ton \u00e0 peine perceptible.<\/p><\/div>\n<div id=\"attachment_88363\" style=\"width: 435px\" class=\"wp-caption aligncenter\"><a href=\"https:\/\/batijournal.com\/wp-content\/uploads\/2015\/07\/17855833.jpg\"><img loading=\"lazy\" decoding=\"async\" aria-describedby=\"caption-attachment-88363\" class=\"size-full wp-image-88363\" src=\"https:\/\/batijournal.com\/wp-content\/uploads\/2015\/07\/17855833.jpg\" alt=\"Jouant sur l\u2019imaginaire de la for\u00eat, l'architecte a travaill\u00e9 les poteaux des structures comme des troncs d\u2019arbres\" width=\"425\" height=\"600\" srcset=\"https:\/\/batijournal.com\/wp-content\/uploads\/2015\/07\/17855833.jpg 425w, https:\/\/batijournal.com\/wp-content\/uploads\/2015\/07\/17855833-106x150.jpg 106w, https:\/\/batijournal.com\/wp-content\/uploads\/2015\/07\/17855833-213x300.jpg 213w\" sizes=\"(max-width: 425px) 100vw, 425px\" \/><\/a><p id=\"caption-attachment-88363\" class=\"wp-caption-text\">Jouant sur l\u2019imaginaire de la for\u00eat, l&rsquo;architecte a travaill\u00e9 les poteaux des structures comme des troncs d\u2019arbres<\/p><\/div>\n<div id=\"attachment_88364\" style=\"width: 435px\" class=\"wp-caption aligncenter\"><a href=\"https:\/\/batijournal.com\/wp-content\/uploads\/2015\/07\/17855845.jpg\"><img loading=\"lazy\" decoding=\"async\" aria-describedby=\"caption-attachment-88364\" class=\"size-full wp-image-88364\" src=\"https:\/\/batijournal.com\/wp-content\/uploads\/2015\/07\/17855845.jpg\" alt=\"Pour assurer une circulation fluide entre les diff\u00e9rents modules, un long tube de verre et de b\u00e9ton en arc de cercle, ouvert sur la for\u00eat et sur les showrooms, traverse l\u2019Agora et relie les sous-sols des satellites.\" width=\"425\" height=\"600\" srcset=\"https:\/\/batijournal.com\/wp-content\/uploads\/2015\/07\/17855845.jpg 425w, https:\/\/batijournal.com\/wp-content\/uploads\/2015\/07\/17855845-106x150.jpg 106w, https:\/\/batijournal.com\/wp-content\/uploads\/2015\/07\/17855845-213x300.jpg 213w\" sizes=\"(max-width: 425px) 100vw, 425px\" \/><\/a><p id=\"caption-attachment-88364\" class=\"wp-caption-text\">Pour assurer une circulation fluide entre les diff\u00e9rents modules, un long tube de verre et de b\u00e9ton en arc de cercle, ouvert sur la for\u00eat et sur les showrooms, traverse l\u2019Agora et relie les sous-sols des satellites.<\/p><\/div>\n<div id=\"attachment_88365\" style=\"width: 435px\" class=\"wp-caption aligncenter\"><a href=\"https:\/\/batijournal.com\/wp-content\/uploads\/2015\/07\/17855876.jpg\"><img loading=\"lazy\" decoding=\"async\" aria-describedby=\"caption-attachment-88365\" class=\"size-full wp-image-88365\" src=\"https:\/\/batijournal.com\/wp-content\/uploads\/2015\/07\/17855876.jpg\" alt=\"La construction utilisant du pin Douglas provenant d\u2019un massif forestier europ\u00e9en g\u00e9r\u00e9 durablement et renouvel\u00e9.\" width=\"425\" height=\"600\" srcset=\"https:\/\/batijournal.com\/wp-content\/uploads\/2015\/07\/17855876.jpg 425w, https:\/\/batijournal.com\/wp-content\/uploads\/2015\/07\/17855876-106x150.jpg 106w, https:\/\/batijournal.com\/wp-content\/uploads\/2015\/07\/17855876-213x300.jpg 213w\" sizes=\"(max-width: 425px) 100vw, 425px\" \/><\/a><p id=\"caption-attachment-88365\" class=\"wp-caption-text\">La construction utilisant du pin Douglas provenant d\u2019un massif forestier europ\u00e9en g\u00e9r\u00e9 durablement et renouvel\u00e9.<\/p><\/div>\n<p>&nbsp;<\/p>\n","protected":false},"excerpt":{"rendered":"<p>Venant de recevoir le prix AMO Lieux de travail Architecture Environnement, le Campus Quiksilver \u00e0 Saint-Jean-de-Luz a \u00e9t\u00e9 inaugur\u00e9 en 2010. Quiksilver d\u00e9cide de doubler la superficie de son si\u00e8ge social en 2008 afin de r\u00e9unir l\u2019ensemble des marques : Quiksilver, Roxy, DC et Lib Tech Gnu et ses 500 employ\u00e9s sur un m\u00eame site [&hellip;]<\/p>\n","protected":false},"author":1,"featured_media":88360,"comment_status":"open","ping_status":"closed","sticky":false,"template":"","format":"standard","meta":{"_et_pb_use_builder":"","_et_pb_old_content":"","_et_gb_content_width":"","footnotes":""},"categories":[10530],"tags":[],"class_list":["post-88359","post","type-post","status-publish","format-standard","has-post-thumbnail","hentry","category-actualites"],"yoast_head":"<!-- This site is optimized with the Yoast SEO plugin v27.4 - https:\/\/yoast.com\/product\/yoast-seo-wordpress\/ -->\n<title>Les employ\u00e9s de Quiksilver ont leurs cabanes au fond des bois<\/title>\n<meta name=\"robots\" content=\"index, follow, max-snippet:-1, max-image-preview:large, max-video-preview:-1\" \/>\n<link rel=\"canonical\" href=\"https:\/\/batijournal.com\/index.php\/les-employes-de-quiksilver-ont-leurs-cabanes-au-fond-des-bois\/88359\/\" \/>\n<meta property=\"og:locale\" content=\"fr_FR\" \/>\n<meta property=\"og:type\" content=\"article\" \/>\n<meta property=\"og:title\" content=\"Les employ\u00e9s de Quiksilver ont leurs cabanes au fond des bois\" \/>\n<meta property=\"og:description\" content=\"Venant de recevoir le prix AMO Lieux de travail Architecture Environnement, le Campus Quiksilver \u00e0 Saint-Jean-de-Luz a \u00e9t\u00e9 inaugur\u00e9 en 2010. Quiksilver d\u00e9cide de doubler la superficie de son si\u00e8ge social en 2008 afin de r\u00e9unir l\u2019ensemble des marques : Quiksilver, Roxy, DC et Lib Tech Gnu et ses 500 employ\u00e9s sur un m\u00eame site [&hellip;]\" \/>\n<meta property=\"og:url\" content=\"https:\/\/batijournal.com\/index.php\/les-employes-de-quiksilver-ont-leurs-cabanes-au-fond-des-bois\/88359\/\" \/>\n<meta property=\"og:site_name\" content=\"Batijournal\" \/>\n<meta property=\"article:published_time\" content=\"2010-12-09T11:47:04+00:00\" \/>\n<meta property=\"article:modified_time\" content=\"2015-07-03T10:50:36+00:00\" \/>\n<meta property=\"og:image\" content=\"https:\/\/batijournal.com\/wp-content\/uploads\/2015\/07\/17855580.jpg\" \/>\n\t<meta property=\"og:image:width\" content=\"425\" \/>\n\t<meta property=\"og:image:height\" content=\"600\" \/>\n\t<meta property=\"og:image:type\" content=\"image\/jpeg\" \/>\n<meta name=\"author\" content=\"Bati-journal\" \/>\n<meta name=\"twitter:card\" content=\"summary_large_image\" \/>\n<meta name=\"twitter:creator\" content=\"@bati_journal\" \/>\n<meta name=\"twitter:site\" content=\"@bati_journal\" \/>\n<meta name=\"twitter:label1\" content=\"\u00c9crit par\" \/>\n\t<meta name=\"twitter:data1\" content=\"Bati-journal\" \/>\n\t<meta name=\"twitter:label2\" content=\"Dur\u00e9e de lecture estim\u00e9e\" \/>\n\t<meta name=\"twitter:data2\" content=\"2 minutes\" \/>\n<script type=\"application\/ld+json\" class=\"yoast-schema-graph\">{\"@context\":\"https:\\\/\\\/schema.org\",\"@graph\":[{\"@type\":\"Article\",\"@id\":\"https:\\\/\\\/batijournal.com\\\/index.php\\\/les-employes-de-quiksilver-ont-leurs-cabanes-au-fond-des-bois\\\/88359\\\/#article\",\"isPartOf\":{\"@id\":\"https:\\\/\\\/batijournal.com\\\/index.php\\\/les-employes-de-quiksilver-ont-leurs-cabanes-au-fond-des-bois\\\/88359\\\/\"},\"author\":{\"name\":\"Bati-journal\",\"@id\":\"https:\\\/\\\/batijournal.com\\\/#\\\/schema\\\/person\\\/6a657e8967569e1b299972574848aa76\"},\"headline\":\"Les employ\u00e9s de Quiksilver ont leurs cabanes au fond des bois\",\"datePublished\":\"2010-12-09T11:47:04+00:00\",\"dateModified\":\"2015-07-03T10:50:36+00:00\",\"mainEntityOfPage\":{\"@id\":\"https:\\\/\\\/batijournal.com\\\/index.php\\\/les-employes-de-quiksilver-ont-leurs-cabanes-au-fond-des-bois\\\/88359\\\/\"},\"wordCount\":480,\"commentCount\":0,\"image\":{\"@id\":\"https:\\\/\\\/batijournal.com\\\/index.php\\\/les-employes-de-quiksilver-ont-leurs-cabanes-au-fond-des-bois\\\/88359\\\/#primaryimage\"},\"thumbnailUrl\":\"https:\\\/\\\/batijournal.com\\\/wp-content\\\/uploads\\\/2015\\\/07\\\/17855580.jpg\",\"articleSection\":[\"Actualit\u00e9s\"],\"inLanguage\":\"fr-FR\",\"potentialAction\":[{\"@type\":\"CommentAction\",\"name\":\"Comment\",\"target\":[\"https:\\\/\\\/batijournal.com\\\/index.php\\\/les-employes-de-quiksilver-ont-leurs-cabanes-au-fond-des-bois\\\/88359\\\/#respond\"]}]},{\"@type\":\"WebPage\",\"@id\":\"https:\\\/\\\/batijournal.com\\\/index.php\\\/les-employes-de-quiksilver-ont-leurs-cabanes-au-fond-des-bois\\\/88359\\\/\",\"url\":\"https:\\\/\\\/batijournal.com\\\/index.php\\\/les-employes-de-quiksilver-ont-leurs-cabanes-au-fond-des-bois\\\/88359\\\/\",\"name\":\"Les employ\u00e9s de Quiksilver ont leurs cabanes au fond des bois\",\"isPartOf\":{\"@id\":\"https:\\\/\\\/batijournal.com\\\/#website\"},\"primaryImageOfPage\":{\"@id\":\"https:\\\/\\\/batijournal.com\\\/index.php\\\/les-employes-de-quiksilver-ont-leurs-cabanes-au-fond-des-bois\\\/88359\\\/#primaryimage\"},\"image\":{\"@id\":\"https:\\\/\\\/batijournal.com\\\/index.php\\\/les-employes-de-quiksilver-ont-leurs-cabanes-au-fond-des-bois\\\/88359\\\/#primaryimage\"},\"thumbnailUrl\":\"https:\\\/\\\/batijournal.com\\\/wp-content\\\/uploads\\\/2015\\\/07\\\/17855580.jpg\",\"datePublished\":\"2010-12-09T11:47:04+00:00\",\"dateModified\":\"2015-07-03T10:50:36+00:00\",\"author\":{\"@id\":\"https:\\\/\\\/batijournal.com\\\/#\\\/schema\\\/person\\\/6a657e8967569e1b299972574848aa76\"},\"breadcrumb\":{\"@id\":\"https:\\\/\\\/batijournal.com\\\/index.php\\\/les-employes-de-quiksilver-ont-leurs-cabanes-au-fond-des-bois\\\/88359\\\/#breadcrumb\"},\"inLanguage\":\"fr-FR\",\"potentialAction\":[{\"@type\":\"ReadAction\",\"target\":[\"https:\\\/\\\/batijournal.com\\\/index.php\\\/les-employes-de-quiksilver-ont-leurs-cabanes-au-fond-des-bois\\\/88359\\\/\"]}]},{\"@type\":\"ImageObject\",\"inLanguage\":\"fr-FR\",\"@id\":\"https:\\\/\\\/batijournal.com\\\/index.php\\\/les-employes-de-quiksilver-ont-leurs-cabanes-au-fond-des-bois\\\/88359\\\/#primaryimage\",\"url\":\"https:\\\/\\\/batijournal.com\\\/wp-content\\\/uploads\\\/2015\\\/07\\\/17855580.jpg\",\"contentUrl\":\"https:\\\/\\\/batijournal.com\\\/wp-content\\\/uploads\\\/2015\\\/07\\\/17855580.jpg\",\"width\":425,\"height\":600,\"caption\":\"Campus Quiksilver \u00e0 Saint-Jean-de-Luz\"},{\"@type\":\"BreadcrumbList\",\"@id\":\"https:\\\/\\\/batijournal.com\\\/index.php\\\/les-employes-de-quiksilver-ont-leurs-cabanes-au-fond-des-bois\\\/88359\\\/#breadcrumb\",\"itemListElement\":[{\"@type\":\"ListItem\",\"position\":1,\"name\":\"Accueil\",\"item\":\"https:\\\/\\\/batijournal.com\\\/\"},{\"@type\":\"ListItem\",\"position\":2,\"name\":\"Actualit\u00e9s\",\"item\":\"https:\\\/\\\/batijournal.com\\\/index.php\\\/category\\\/actualites\\\/\"},{\"@type\":\"ListItem\",\"position\":3,\"name\":\"Les employ\u00e9s de Quiksilver ont leurs cabanes au fond des bois\"}]},{\"@type\":\"WebSite\",\"@id\":\"https:\\\/\\\/batijournal.com\\\/#website\",\"url\":\"https:\\\/\\\/batijournal.com\\\/\",\"name\":\"Batijournal\",\"description\":\"L&#039;actualit\u00e9 du b\u00e2timent\",\"potentialAction\":[{\"@type\":\"SearchAction\",\"target\":{\"@type\":\"EntryPoint\",\"urlTemplate\":\"https:\\\/\\\/batijournal.com\\\/?s={search_term_string}\"},\"query-input\":{\"@type\":\"PropertyValueSpecification\",\"valueRequired\":true,\"valueName\":\"search_term_string\"}}],\"inLanguage\":\"fr-FR\"},{\"@type\":\"Person\",\"@id\":\"https:\\\/\\\/batijournal.com\\\/#\\\/schema\\\/person\\\/6a657e8967569e1b299972574848aa76\",\"name\":\"Bati-journal\",\"image\":{\"@type\":\"ImageObject\",\"inLanguage\":\"fr-FR\",\"@id\":\"https:\\\/\\\/secure.gravatar.com\\\/avatar\\\/a64364ea26392f9b4dd47e017ddaec74ff03aefc073b49e492e847201258f777?s=96&d=mm&r=g\",\"url\":\"https:\\\/\\\/secure.gravatar.com\\\/avatar\\\/a64364ea26392f9b4dd47e017ddaec74ff03aefc073b49e492e847201258f777?s=96&d=mm&r=g\",\"contentUrl\":\"https:\\\/\\\/secure.gravatar.com\\\/avatar\\\/a64364ea26392f9b4dd47e017ddaec74ff03aefc073b49e492e847201258f777?s=96&d=mm&r=g\",\"caption\":\"Bati-journal\"},\"url\":\"https:\\\/\\\/batijournal.com\\\/index.php\\\/author\\\/elodie\\\/\"}]}<\/script>\n<!-- \/ Yoast SEO plugin. -->","yoast_head_json":{"title":"Les employ\u00e9s de Quiksilver ont leurs cabanes au fond des bois","robots":{"index":"index","follow":"follow","max-snippet":"max-snippet:-1","max-image-preview":"max-image-preview:large","max-video-preview":"max-video-preview:-1"},"canonical":"https:\/\/batijournal.com\/index.php\/les-employes-de-quiksilver-ont-leurs-cabanes-au-fond-des-bois\/88359\/","og_locale":"fr_FR","og_type":"article","og_title":"Les employ\u00e9s de Quiksilver ont leurs cabanes au fond des bois","og_description":"Venant de recevoir le prix AMO Lieux de travail Architecture Environnement, le Campus Quiksilver \u00e0 Saint-Jean-de-Luz a \u00e9t\u00e9 inaugur\u00e9 en 2010. Quiksilver d\u00e9cide de doubler la superficie de son si\u00e8ge social en 2008 afin de r\u00e9unir l\u2019ensemble des marques : Quiksilver, Roxy, DC et Lib Tech Gnu et ses 500 employ\u00e9s sur un m\u00eame site [&hellip;]","og_url":"https:\/\/batijournal.com\/index.php\/les-employes-de-quiksilver-ont-leurs-cabanes-au-fond-des-bois\/88359\/","og_site_name":"Batijournal","article_published_time":"2010-12-09T11:47:04+00:00","article_modified_time":"2015-07-03T10:50:36+00:00","og_image":[{"width":425,"height":600,"url":"https:\/\/batijournal.com\/wp-content\/uploads\/2015\/07\/17855580.jpg","type":"image\/jpeg"}],"author":"Bati-journal","twitter_card":"summary_large_image","twitter_creator":"@bati_journal","twitter_site":"@bati_journal","twitter_misc":{"\u00c9crit par":"Bati-journal","Dur\u00e9e de lecture estim\u00e9e":"2 minutes"},"schema":{"@context":"https:\/\/schema.org","@graph":[{"@type":"Article","@id":"https:\/\/batijournal.com\/index.php\/les-employes-de-quiksilver-ont-leurs-cabanes-au-fond-des-bois\/88359\/#article","isPartOf":{"@id":"https:\/\/batijournal.com\/index.php\/les-employes-de-quiksilver-ont-leurs-cabanes-au-fond-des-bois\/88359\/"},"author":{"name":"Bati-journal","@id":"https:\/\/batijournal.com\/#\/schema\/person\/6a657e8967569e1b299972574848aa76"},"headline":"Les employ\u00e9s de Quiksilver ont leurs cabanes au fond des bois","datePublished":"2010-12-09T11:47:04+00:00","dateModified":"2015-07-03T10:50:36+00:00","mainEntityOfPage":{"@id":"https:\/\/batijournal.com\/index.php\/les-employes-de-quiksilver-ont-leurs-cabanes-au-fond-des-bois\/88359\/"},"wordCount":480,"commentCount":0,"image":{"@id":"https:\/\/batijournal.com\/index.php\/les-employes-de-quiksilver-ont-leurs-cabanes-au-fond-des-bois\/88359\/#primaryimage"},"thumbnailUrl":"https:\/\/batijournal.com\/wp-content\/uploads\/2015\/07\/17855580.jpg","articleSection":["Actualit\u00e9s"],"inLanguage":"fr-FR","potentialAction":[{"@type":"CommentAction","name":"Comment","target":["https:\/\/batijournal.com\/index.php\/les-employes-de-quiksilver-ont-leurs-cabanes-au-fond-des-bois\/88359\/#respond"]}]},{"@type":"WebPage","@id":"https:\/\/batijournal.com\/index.php\/les-employes-de-quiksilver-ont-leurs-cabanes-au-fond-des-bois\/88359\/","url":"https:\/\/batijournal.com\/index.php\/les-employes-de-quiksilver-ont-leurs-cabanes-au-fond-des-bois\/88359\/","name":"Les employ\u00e9s de Quiksilver ont leurs cabanes au fond des bois","isPartOf":{"@id":"https:\/\/batijournal.com\/#website"},"primaryImageOfPage":{"@id":"https:\/\/batijournal.com\/index.php\/les-employes-de-quiksilver-ont-leurs-cabanes-au-fond-des-bois\/88359\/#primaryimage"},"image":{"@id":"https:\/\/batijournal.com\/index.php\/les-employes-de-quiksilver-ont-leurs-cabanes-au-fond-des-bois\/88359\/#primaryimage"},"thumbnailUrl":"https:\/\/batijournal.com\/wp-content\/uploads\/2015\/07\/17855580.jpg","datePublished":"2010-12-09T11:47:04+00:00","dateModified":"2015-07-03T10:50:36+00:00","author":{"@id":"https:\/\/batijournal.com\/#\/schema\/person\/6a657e8967569e1b299972574848aa76"},"breadcrumb":{"@id":"https:\/\/batijournal.com\/index.php\/les-employes-de-quiksilver-ont-leurs-cabanes-au-fond-des-bois\/88359\/#breadcrumb"},"inLanguage":"fr-FR","potentialAction":[{"@type":"ReadAction","target":["https:\/\/batijournal.com\/index.php\/les-employes-de-quiksilver-ont-leurs-cabanes-au-fond-des-bois\/88359\/"]}]},{"@type":"ImageObject","inLanguage":"fr-FR","@id":"https:\/\/batijournal.com\/index.php\/les-employes-de-quiksilver-ont-leurs-cabanes-au-fond-des-bois\/88359\/#primaryimage","url":"https:\/\/batijournal.com\/wp-content\/uploads\/2015\/07\/17855580.jpg","contentUrl":"https:\/\/batijournal.com\/wp-content\/uploads\/2015\/07\/17855580.jpg","width":425,"height":600,"caption":"Campus Quiksilver \u00e0 Saint-Jean-de-Luz"},{"@type":"BreadcrumbList","@id":"https:\/\/batijournal.com\/index.php\/les-employes-de-quiksilver-ont-leurs-cabanes-au-fond-des-bois\/88359\/#breadcrumb","itemListElement":[{"@type":"ListItem","position":1,"name":"Accueil","item":"https:\/\/batijournal.com\/"},{"@type":"ListItem","position":2,"name":"Actualit\u00e9s","item":"https:\/\/batijournal.com\/index.php\/category\/actualites\/"},{"@type":"ListItem","position":3,"name":"Les employ\u00e9s de Quiksilver ont leurs cabanes au fond des bois"}]},{"@type":"WebSite","@id":"https:\/\/batijournal.com\/#website","url":"https:\/\/batijournal.com\/","name":"Batijournal","description":"L&#039;actualit\u00e9 du b\u00e2timent","potentialAction":[{"@type":"SearchAction","target":{"@type":"EntryPoint","urlTemplate":"https:\/\/batijournal.com\/?s={search_term_string}"},"query-input":{"@type":"PropertyValueSpecification","valueRequired":true,"valueName":"search_term_string"}}],"inLanguage":"fr-FR"},{"@type":"Person","@id":"https:\/\/batijournal.com\/#\/schema\/person\/6a657e8967569e1b299972574848aa76","name":"Bati-journal","image":{"@type":"ImageObject","inLanguage":"fr-FR","@id":"https:\/\/secure.gravatar.com\/avatar\/a64364ea26392f9b4dd47e017ddaec74ff03aefc073b49e492e847201258f777?s=96&d=mm&r=g","url":"https:\/\/secure.gravatar.com\/avatar\/a64364ea26392f9b4dd47e017ddaec74ff03aefc073b49e492e847201258f777?s=96&d=mm&r=g","contentUrl":"https:\/\/secure.gravatar.com\/avatar\/a64364ea26392f9b4dd47e017ddaec74ff03aefc073b49e492e847201258f777?s=96&d=mm&r=g","caption":"Bati-journal"},"url":"https:\/\/batijournal.com\/index.php\/author\/elodie\/"}]}},"_links":{"self":[{"href":"https:\/\/batijournal.com\/index.php\/wp-json\/wp\/v2\/posts\/88359","targetHints":{"allow":["GET"]}}],"collection":[{"href":"https:\/\/batijournal.com\/index.php\/wp-json\/wp\/v2\/posts"}],"about":[{"href":"https:\/\/batijournal.com\/index.php\/wp-json\/wp\/v2\/types\/post"}],"author":[{"embeddable":true,"href":"https:\/\/batijournal.com\/index.php\/wp-json\/wp\/v2\/users\/1"}],"replies":[{"embeddable":true,"href":"https:\/\/batijournal.com\/index.php\/wp-json\/wp\/v2\/comments?post=88359"}],"version-history":[{"count":0,"href":"https:\/\/batijournal.com\/index.php\/wp-json\/wp\/v2\/posts\/88359\/revisions"}],"wp:featuredmedia":[{"embeddable":true,"href":"https:\/\/batijournal.com\/index.php\/wp-json\/wp\/v2\/media\/88360"}],"wp:attachment":[{"href":"https:\/\/batijournal.com\/index.php\/wp-json\/wp\/v2\/media?parent=88359"}],"wp:term":[{"taxonomy":"category","embeddable":true,"href":"https:\/\/batijournal.com\/index.php\/wp-json\/wp\/v2\/categories?post=88359"},{"taxonomy":"post_tag","embeddable":true,"href":"https:\/\/batijournal.com\/index.php\/wp-json\/wp\/v2\/tags?post=88359"}],"curies":[{"name":"wp","href":"https:\/\/api.w.org\/{rel}","templated":true}]}}