{"id":88367,"date":"2012-01-02T14:02:13","date_gmt":"2012-01-02T13:02:13","guid":{"rendered":"http:\/\/batijournal.com\/?p=88367"},"modified":"2019-07-15T12:05:28","modified_gmt":"2019-07-15T10:05:28","slug":"2012-ce-quil-reste-des-aides-pour-la-construction","status":"publish","type":"post","link":"https:\/\/batijournal.com\/index.php\/2012-ce-quil-reste-des-aides-pour-la-construction\/88367\/","title":{"rendered":"2012 : ce qu&rsquo;il reste des aides pour la construction"},"content":{"rendered":"<p><b>La loi de finances rectificative a \u00e9t\u00e9 publi\u00e9e fin d\u00e9cembre 2011, elle ent\u00e9rine les diff\u00e9rentes mesures de baisses des aides et les coups de rabot annonc\u00e9s. Voici donc, un r\u00e9sum\u00e9 des aides et de leurs montants pour 2012.<\/b><\/p>\n<p><b>PTZ+<\/b><br \/>\nA compter du 1er janvier 2012, l&rsquo;octroi du PTZ+ aid\u00e9 par l&rsquo;Etat est r\u00e9serv\u00e9 aux emprunteurs personnes physiques qui satisfont \u00e0 des conditions de ressources dont le plafond va \u00eatre fix\u00e9 par un d\u00e9cret \u00e0 para\u00eetre. En fonction de la localisation du logement, ce plafond ne peut \u00eatre sup\u00e9rieur \u00e0 43 500 euros pour une personne en zone A, ni inf\u00e9rieur \u00e0 26 500 euros pour une personne en zone C. Le PTZ+ peut \u00eatre accord\u00e9 pour financer une r\u00e9sidence principale neuve. La condition de performance \u00e9nerg\u00e9tique ne sera exig\u00e9e qu&rsquo;en 2013. Le PTZ+ peut financer aussi un logement ancien lorsqu&rsquo;il s&rsquo;agit d&rsquo;un logement HLM vendu \u00e0 ses occupants.<\/p>\n<p><b>Eco-pr\u00eat \u00e0 taux z\u00e9ro et cr\u00e9dit d&rsquo;imp\u00f4t \u00ab\u00a0d\u00e9veloppement durable\u00a0\u00bb\u00a0<\/b><br \/>\nLa dur\u00e9e de l&rsquo;\u00e9co-pr\u00eat peut \u00eatre prolong\u00e9e de dix \u00e0 quinze ans pour les r\u00e9novations les plus importantes (remplacement des syst\u00e8mes de chauffage, installations d&rsquo;\u00e9quipements utilisant une source d&rsquo;\u00e9nergie renouvelable&#8230;)<br \/>\nPour les travaux importants, il est possible de cumuler l&rsquo;\u00e9co-pr\u00eat et le cr\u00e9dit d&rsquo;imp\u00f4t \u00ab\u00a0d\u00e9veloppement durable\u00a0\u00bb, si le montant des revenus du foyer fiscal n&rsquo;exc\u00e8de pas un plafond, fix\u00e9 par d\u00e9cret, dans la limite de 30 000 euros au lieu de 45 000 euros auparavant.<br \/>\nPour les d\u00e9penses pay\u00e9es \u00e0 compter du 1er janvier 2012, les taux du cr\u00e9dit d&rsquo;imp\u00f4t sont major\u00e9s de dix points pour un logement achev\u00e9 depuis plus de deux ans, si le contribuable r\u00e9alise dans la m\u00eame ann\u00e9e des d\u00e9penses de mat\u00e9riaux d&rsquo;isolation thermique des parois vitr\u00e9es ou opaques, des murs, des toitures, l&rsquo;acquisition de chaudi\u00e8res ou d&rsquo;\u00e9quipements de chauffage ou de production d&rsquo;eau chaude fonctionnant au bois ou autres biomasses, utilisant une source d&rsquo;\u00e9nergie renouvelable ou de chaudi\u00e8res \u00e0 condensation, de chaudi\u00e8res \u00e0 micro-cog\u00e9n\u00e9ration gaz et d&rsquo;\u00e9quipements de production d&rsquo;\u00e9nergie utilisant une source d&rsquo;\u00e9nergie renouvelable ou de pompes \u00e0 chaleur.<\/p>\n<p>Le taux diminue, il passe de 13 % \u00e0 10 % pour les d\u00e9penses aff\u00e9rentes aux chaudi\u00e8res \u00e0 condensation et aux mat\u00e9riaux d&rsquo;isolation thermique des parois vitr\u00e9es, des volets isolants ou de portes d&rsquo;entr\u00e9e donnant sur l&rsquo;ext\u00e9rieur ; de 22 % \u00e0 15 % pour les d\u00e9penses d&rsquo;acquisition et de pose de mat\u00e9riaux d&rsquo;isolation thermique des parois opaques, ainsi que celle relatives aux appareils de r\u00e9gulation de chauffage, pour les d\u00e9penses d&rsquo;\u00e9quipement de raccordement \u00e0 un r\u00e9seau de chaleur, aliment\u00e9 majoritairement par des \u00e9nergies renouvelables ou par une installation de cog\u00e9n\u00e9ration, ainsi que celles relatives aux \u00e9quipements de r\u00e9cup\u00e9ration et de traitement des eaux pluviales, pour les pompes \u00e0 chaleur (autres que air\/air) dont la finalit\u00e9 essentielle est la production de chaleur, \u00e0 l&rsquo;exception des pompes \u00e0 chaleur g\u00e9othermiques ; de 22 % \u00e0 11 % pour les \u00e9quipements de production d&rsquo;\u00e9lectricit\u00e9 utilisant l&rsquo;\u00e9nergie du soleil ; de 36 % \u00e0 26 % pour les pompes \u00e0 chaleur g\u00e9othermiques dont la finalit\u00e9 essentielle est la production de chaleur, les pompes \u00e0 chaleur (autres que air\/air) thermodynamiques d\u00e9di\u00e9es \u00e0 la production d&rsquo;eau chaude sanitaire, pour la pose de l&rsquo;\u00e9changeur de chaleur souterrain des pompes \u00e0 chaleur g\u00e9othermiques ; de 45 % \u00e0 32 % pour la r\u00e9alisation d&rsquo;un DPE non obligatoire.<br \/>\nLe co\u00fbt des \u00e9quipements de production d&rsquo;\u00e9nergie utilisant l&rsquo;\u00e9nergie solaire sera d\u00e9sormais retenu dans la limite d&rsquo;un plafond fix\u00e9 par arr\u00eat\u00e9 et d\u00e9termin\u00e9 par kilowatt-cr\u00eate pour les panneaux photovolta\u00efque et par m\u00b2 pour les \u00e9quipements de production solaire thermique.<\/p>\n<p>Des crit\u00e8res de qualification des installateurs ou de qualit\u00e9 des installations seront demand\u00e9s et fix\u00e9s par d\u00e9cret.<\/p>\n<p><b>Eco-pr\u00eat \u00e0 taux z\u00e9ro collectif\u00a0<\/b><br \/>\nA partir du du 1er avril 2012, un \u00e9co-pr\u00eat \u00e0 taux z\u00e9ro collectif sera cr\u00e9\u00e9 pour les syndicats de copropri\u00e9taires. Il permettra de financer les travaux sur les parties et \u00e9quipements communs de l&rsquo;immeuble, ainsi que les travaux d&rsquo;int\u00e9r\u00eat collectif r\u00e9alis\u00e9s sur les parties privatives et aux frais du copropri\u00e9taire du lot concern\u00e9, sauf si ce dernier apporte la preuve de la r\u00e9alisation de travaux \u00e9quivalents dans les dix ann\u00e9es pr\u00e9c\u00e9dentes. Le montant du pr\u00eat ne pourra \u00eatre sup\u00e9rieur \u00e0 30 000 euros par logement affect\u00e9 \u00e0 l&rsquo;usage d&rsquo;habitation et utilis\u00e9 en tant que r\u00e9sidence principale.<\/p>\n<p><b>Taux r\u00e9duit de TVA<\/b><br \/>\nLa loi de finances rectificative pour 2011 fixe le taux r\u00e9duit de TVA qui passe de 5,5 % passe \u00e0 7 % pour les travaux d&rsquo;am\u00e9lioration, de transformation, d&rsquo;am\u00e9nagement et d&rsquo;entretien portant sur les locaux \u00e0 usage d&rsquo;habitation achev\u00e9s depuis plus de 2 ans et les op\u00e9rations d&rsquo;accession sociale. Le nouveau taux est applicable aux op\u00e9rations pour lesquelles la taxe sur la valeur ajout\u00e9e (TVA) est exigible \u00e0 compter du 1er janvier 2012 mais le taux de 5,5 % reste applicable aux travaux qui ont fait l&rsquo;objet d&rsquo;un devis dat\u00e9 et accept\u00e9 par les deux parties avant le 20 d\u00e9cembre 2011 et d&rsquo;un acompte encaiss\u00e9 avant cette date.<\/p>\n<p><b>Dispositif Scellier\u00a0<\/b><br \/>\nLe dispositif Scellier n&rsquo;est plus r\u00e9serv\u00e9 qu&rsquo;aux logements BBC. Pour les logements acquis ou construits en 2012, le taux de la r\u00e9duction passe de 18 % \u00e0 16 %, auquel il faut ajouter le coup de rabot fiscal, soit au final : 13 %. Un r\u00e9gime transitoire est pr\u00e9vu qui permet b\u00e9n\u00e9ficier du taux en vigueur au 31 d\u00e9cembre 2011 (22 %) applicable pour les logements acquis ou construits en 2011. Pour les investissements r\u00e9alis\u00e9s \u00e0 compter de 2012, le prix de revient sera soumis \u00e0 un plafond par m\u00b2 de surface habitable fix\u00e9 par d\u00e9cret.<\/p>\n","protected":false},"excerpt":{"rendered":"<p>La loi de finances rectificative a \u00e9t\u00e9 publi\u00e9e fin d\u00e9cembre 2011, elle ent\u00e9rine les diff\u00e9rentes mesures de baisses des aides et les coups de rabot annonc\u00e9s. Voici donc, un r\u00e9sum\u00e9 des aides et de leurs montants pour 2012. PTZ+ A compter du 1er janvier 2012, l&rsquo;octroi du PTZ+ aid\u00e9 par l&rsquo;Etat est r\u00e9serv\u00e9 aux emprunteurs [&hellip;]<\/p>\n","protected":false},"author":1,"featured_media":88368,"comment_status":"open","ping_status":"closed","sticky":false,"template":"","format":"standard","meta":{"_et_pb_use_builder":"","_et_pb_old_content":"","_et_gb_content_width":"","footnotes":""},"categories":[6345],"tags":[],"class_list":["post-88367","post","type-post","status-publish","format-standard","has-post-thumbnail","hentry","category-economie-marches"],"yoast_head":"<!-- This site is optimized with the Yoast SEO plugin v27.4 - https:\/\/yoast.com\/product\/yoast-seo-wordpress\/ -->\n<title>2012 : ce qu&#039;il reste des aides pour la construction<\/title>\n<meta name=\"robots\" content=\"index, follow, max-snippet:-1, max-image-preview:large, max-video-preview:-1\" \/>\n<link rel=\"canonical\" href=\"https:\/\/batijournal.com\/index.php\/2012-ce-quil-reste-des-aides-pour-la-construction\/88367\/\" \/>\n<meta property=\"og:locale\" content=\"fr_FR\" \/>\n<meta property=\"og:type\" content=\"article\" \/>\n<meta property=\"og:title\" content=\"2012 : ce qu&#039;il reste des aides pour la construction\" \/>\n<meta property=\"og:description\" content=\"La loi de finances rectificative a \u00e9t\u00e9 publi\u00e9e fin d\u00e9cembre 2011, elle ent\u00e9rine les diff\u00e9rentes mesures de baisses des aides et les coups de rabot annonc\u00e9s. Voici donc, un r\u00e9sum\u00e9 des aides et de leurs montants pour 2012. PTZ+ A compter du 1er janvier 2012, l&rsquo;octroi du PTZ+ aid\u00e9 par l&rsquo;Etat est r\u00e9serv\u00e9 aux emprunteurs [&hellip;]\" \/>\n<meta property=\"og:url\" content=\"https:\/\/batijournal.com\/index.php\/2012-ce-quil-reste-des-aides-pour-la-construction\/88367\/\" \/>\n<meta property=\"og:site_name\" content=\"Batijournal\" \/>\n<meta property=\"article:published_time\" content=\"2012-01-02T13:02:13+00:00\" \/>\n<meta property=\"article:modified_time\" content=\"2019-07-15T10:05:28+00:00\" \/>\n<meta property=\"og:image\" content=\"https:\/\/batijournal.com\/wp-content\/uploads\/2015\/07\/37081883.jpg\" \/>\n\t<meta property=\"og:image:width\" content=\"600\" \/>\n\t<meta property=\"og:image:height\" content=\"399\" \/>\n\t<meta property=\"og:image:type\" content=\"image\/jpeg\" \/>\n<meta name=\"author\" content=\"Bati-journal\" \/>\n<meta name=\"twitter:card\" content=\"summary_large_image\" \/>\n<meta name=\"twitter:creator\" content=\"@bati_journal\" \/>\n<meta name=\"twitter:site\" content=\"@bati_journal\" \/>\n<meta name=\"twitter:label1\" content=\"\u00c9crit par\" \/>\n\t<meta name=\"twitter:data1\" content=\"Bati-journal\" \/>\n\t<meta name=\"twitter:label2\" content=\"Dur\u00e9e de lecture estim\u00e9e\" \/>\n\t<meta name=\"twitter:data2\" content=\"5 minutes\" \/>\n<script type=\"application\/ld+json\" class=\"yoast-schema-graph\">{\"@context\":\"https:\\\/\\\/schema.org\",\"@graph\":[{\"@type\":\"Article\",\"@id\":\"https:\\\/\\\/batijournal.com\\\/index.php\\\/2012-ce-quil-reste-des-aides-pour-la-construction\\\/88367\\\/#article\",\"isPartOf\":{\"@id\":\"https:\\\/\\\/batijournal.com\\\/index.php\\\/2012-ce-quil-reste-des-aides-pour-la-construction\\\/88367\\\/\"},\"author\":{\"name\":\"Bati-journal\",\"@id\":\"https:\\\/\\\/batijournal.com\\\/#\\\/schema\\\/person\\\/6a657e8967569e1b299972574848aa76\"},\"headline\":\"2012 : ce qu&rsquo;il reste des aides pour la construction\",\"datePublished\":\"2012-01-02T13:02:13+00:00\",\"dateModified\":\"2019-07-15T10:05:28+00:00\",\"mainEntityOfPage\":{\"@id\":\"https:\\\/\\\/batijournal.com\\\/index.php\\\/2012-ce-quil-reste-des-aides-pour-la-construction\\\/88367\\\/\"},\"wordCount\":985,\"commentCount\":0,\"image\":{\"@id\":\"https:\\\/\\\/batijournal.com\\\/index.php\\\/2012-ce-quil-reste-des-aides-pour-la-construction\\\/88367\\\/#primaryimage\"},\"thumbnailUrl\":\"https:\\\/\\\/batijournal.com\\\/wp-content\\\/uploads\\\/2015\\\/07\\\/37081883.jpg\",\"articleSection\":[\"\u00c9conomie &amp; March\u00e9s\"],\"inLanguage\":\"fr-FR\",\"potentialAction\":[{\"@type\":\"CommentAction\",\"name\":\"Comment\",\"target\":[\"https:\\\/\\\/batijournal.com\\\/index.php\\\/2012-ce-quil-reste-des-aides-pour-la-construction\\\/88367\\\/#respond\"]}]},{\"@type\":\"WebPage\",\"@id\":\"https:\\\/\\\/batijournal.com\\\/index.php\\\/2012-ce-quil-reste-des-aides-pour-la-construction\\\/88367\\\/\",\"url\":\"https:\\\/\\\/batijournal.com\\\/index.php\\\/2012-ce-quil-reste-des-aides-pour-la-construction\\\/88367\\\/\",\"name\":\"2012 : ce qu'il reste des aides pour la construction\",\"isPartOf\":{\"@id\":\"https:\\\/\\\/batijournal.com\\\/#website\"},\"primaryImageOfPage\":{\"@id\":\"https:\\\/\\\/batijournal.com\\\/index.php\\\/2012-ce-quil-reste-des-aides-pour-la-construction\\\/88367\\\/#primaryimage\"},\"image\":{\"@id\":\"https:\\\/\\\/batijournal.com\\\/index.php\\\/2012-ce-quil-reste-des-aides-pour-la-construction\\\/88367\\\/#primaryimage\"},\"thumbnailUrl\":\"https:\\\/\\\/batijournal.com\\\/wp-content\\\/uploads\\\/2015\\\/07\\\/37081883.jpg\",\"datePublished\":\"2012-01-02T13:02:13+00:00\",\"dateModified\":\"2019-07-15T10:05:28+00:00\",\"author\":{\"@id\":\"https:\\\/\\\/batijournal.com\\\/#\\\/schema\\\/person\\\/6a657e8967569e1b299972574848aa76\"},\"breadcrumb\":{\"@id\":\"https:\\\/\\\/batijournal.com\\\/index.php\\\/2012-ce-quil-reste-des-aides-pour-la-construction\\\/88367\\\/#breadcrumb\"},\"inLanguage\":\"fr-FR\",\"potentialAction\":[{\"@type\":\"ReadAction\",\"target\":[\"https:\\\/\\\/batijournal.com\\\/index.php\\\/2012-ce-quil-reste-des-aides-pour-la-construction\\\/88367\\\/\"]}]},{\"@type\":\"ImageObject\",\"inLanguage\":\"fr-FR\",\"@id\":\"https:\\\/\\\/batijournal.com\\\/index.php\\\/2012-ce-quil-reste-des-aides-pour-la-construction\\\/88367\\\/#primaryimage\",\"url\":\"https:\\\/\\\/batijournal.com\\\/wp-content\\\/uploads\\\/2015\\\/07\\\/37081883.jpg\",\"contentUrl\":\"https:\\\/\\\/batijournal.com\\\/wp-content\\\/uploads\\\/2015\\\/07\\\/37081883.jpg\",\"width\":600,\"height\":399},{\"@type\":\"BreadcrumbList\",\"@id\":\"https:\\\/\\\/batijournal.com\\\/index.php\\\/2012-ce-quil-reste-des-aides-pour-la-construction\\\/88367\\\/#breadcrumb\",\"itemListElement\":[{\"@type\":\"ListItem\",\"position\":1,\"name\":\"Accueil\",\"item\":\"https:\\\/\\\/batijournal.com\\\/\"},{\"@type\":\"ListItem\",\"position\":2,\"name\":\"Actualit\u00e9s\",\"item\":\"https:\\\/\\\/batijournal.com\\\/index.php\\\/category\\\/actualites\\\/\"},{\"@type\":\"ListItem\",\"position\":3,\"name\":\"\u00c9conomie &amp; March\u00e9s\",\"item\":\"https:\\\/\\\/batijournal.com\\\/index.php\\\/category\\\/actualites\\\/economie-marches\\\/\"},{\"@type\":\"ListItem\",\"position\":4,\"name\":\"2012 : ce qu&rsquo;il reste des aides pour la construction\"}]},{\"@type\":\"WebSite\",\"@id\":\"https:\\\/\\\/batijournal.com\\\/#website\",\"url\":\"https:\\\/\\\/batijournal.com\\\/\",\"name\":\"Batijournal\",\"description\":\"L&#039;actualit\u00e9 du b\u00e2timent\",\"potentialAction\":[{\"@type\":\"SearchAction\",\"target\":{\"@type\":\"EntryPoint\",\"urlTemplate\":\"https:\\\/\\\/batijournal.com\\\/?s={search_term_string}\"},\"query-input\":{\"@type\":\"PropertyValueSpecification\",\"valueRequired\":true,\"valueName\":\"search_term_string\"}}],\"inLanguage\":\"fr-FR\"},{\"@type\":\"Person\",\"@id\":\"https:\\\/\\\/batijournal.com\\\/#\\\/schema\\\/person\\\/6a657e8967569e1b299972574848aa76\",\"name\":\"Bati-journal\",\"image\":{\"@type\":\"ImageObject\",\"inLanguage\":\"fr-FR\",\"@id\":\"https:\\\/\\\/secure.gravatar.com\\\/avatar\\\/a64364ea26392f9b4dd47e017ddaec74ff03aefc073b49e492e847201258f777?s=96&d=mm&r=g\",\"url\":\"https:\\\/\\\/secure.gravatar.com\\\/avatar\\\/a64364ea26392f9b4dd47e017ddaec74ff03aefc073b49e492e847201258f777?s=96&d=mm&r=g\",\"contentUrl\":\"https:\\\/\\\/secure.gravatar.com\\\/avatar\\\/a64364ea26392f9b4dd47e017ddaec74ff03aefc073b49e492e847201258f777?s=96&d=mm&r=g\",\"caption\":\"Bati-journal\"},\"url\":\"https:\\\/\\\/batijournal.com\\\/index.php\\\/author\\\/elodie\\\/\"}]}<\/script>\n<!-- \/ Yoast SEO plugin. -->","yoast_head_json":{"title":"2012 : ce qu'il reste des aides pour la construction","robots":{"index":"index","follow":"follow","max-snippet":"max-snippet:-1","max-image-preview":"max-image-preview:large","max-video-preview":"max-video-preview:-1"},"canonical":"https:\/\/batijournal.com\/index.php\/2012-ce-quil-reste-des-aides-pour-la-construction\/88367\/","og_locale":"fr_FR","og_type":"article","og_title":"2012 : ce qu'il reste des aides pour la construction","og_description":"La loi de finances rectificative a \u00e9t\u00e9 publi\u00e9e fin d\u00e9cembre 2011, elle ent\u00e9rine les diff\u00e9rentes mesures de baisses des aides et les coups de rabot annonc\u00e9s. Voici donc, un r\u00e9sum\u00e9 des aides et de leurs montants pour 2012. PTZ+ A compter du 1er janvier 2012, l&rsquo;octroi du PTZ+ aid\u00e9 par l&rsquo;Etat est r\u00e9serv\u00e9 aux emprunteurs [&hellip;]","og_url":"https:\/\/batijournal.com\/index.php\/2012-ce-quil-reste-des-aides-pour-la-construction\/88367\/","og_site_name":"Batijournal","article_published_time":"2012-01-02T13:02:13+00:00","article_modified_time":"2019-07-15T10:05:28+00:00","og_image":[{"width":600,"height":399,"url":"https:\/\/batijournal.com\/wp-content\/uploads\/2015\/07\/37081883.jpg","type":"image\/jpeg"}],"author":"Bati-journal","twitter_card":"summary_large_image","twitter_creator":"@bati_journal","twitter_site":"@bati_journal","twitter_misc":{"\u00c9crit par":"Bati-journal","Dur\u00e9e de lecture estim\u00e9e":"5 minutes"},"schema":{"@context":"https:\/\/schema.org","@graph":[{"@type":"Article","@id":"https:\/\/batijournal.com\/index.php\/2012-ce-quil-reste-des-aides-pour-la-construction\/88367\/#article","isPartOf":{"@id":"https:\/\/batijournal.com\/index.php\/2012-ce-quil-reste-des-aides-pour-la-construction\/88367\/"},"author":{"name":"Bati-journal","@id":"https:\/\/batijournal.com\/#\/schema\/person\/6a657e8967569e1b299972574848aa76"},"headline":"2012 : ce qu&rsquo;il reste des aides pour la construction","datePublished":"2012-01-02T13:02:13+00:00","dateModified":"2019-07-15T10:05:28+00:00","mainEntityOfPage":{"@id":"https:\/\/batijournal.com\/index.php\/2012-ce-quil-reste-des-aides-pour-la-construction\/88367\/"},"wordCount":985,"commentCount":0,"image":{"@id":"https:\/\/batijournal.com\/index.php\/2012-ce-quil-reste-des-aides-pour-la-construction\/88367\/#primaryimage"},"thumbnailUrl":"https:\/\/batijournal.com\/wp-content\/uploads\/2015\/07\/37081883.jpg","articleSection":["\u00c9conomie &amp; March\u00e9s"],"inLanguage":"fr-FR","potentialAction":[{"@type":"CommentAction","name":"Comment","target":["https:\/\/batijournal.com\/index.php\/2012-ce-quil-reste-des-aides-pour-la-construction\/88367\/#respond"]}]},{"@type":"WebPage","@id":"https:\/\/batijournal.com\/index.php\/2012-ce-quil-reste-des-aides-pour-la-construction\/88367\/","url":"https:\/\/batijournal.com\/index.php\/2012-ce-quil-reste-des-aides-pour-la-construction\/88367\/","name":"2012 : ce qu'il reste des aides pour la construction","isPartOf":{"@id":"https:\/\/batijournal.com\/#website"},"primaryImageOfPage":{"@id":"https:\/\/batijournal.com\/index.php\/2012-ce-quil-reste-des-aides-pour-la-construction\/88367\/#primaryimage"},"image":{"@id":"https:\/\/batijournal.com\/index.php\/2012-ce-quil-reste-des-aides-pour-la-construction\/88367\/#primaryimage"},"thumbnailUrl":"https:\/\/batijournal.com\/wp-content\/uploads\/2015\/07\/37081883.jpg","datePublished":"2012-01-02T13:02:13+00:00","dateModified":"2019-07-15T10:05:28+00:00","author":{"@id":"https:\/\/batijournal.com\/#\/schema\/person\/6a657e8967569e1b299972574848aa76"},"breadcrumb":{"@id":"https:\/\/batijournal.com\/index.php\/2012-ce-quil-reste-des-aides-pour-la-construction\/88367\/#breadcrumb"},"inLanguage":"fr-FR","potentialAction":[{"@type":"ReadAction","target":["https:\/\/batijournal.com\/index.php\/2012-ce-quil-reste-des-aides-pour-la-construction\/88367\/"]}]},{"@type":"ImageObject","inLanguage":"fr-FR","@id":"https:\/\/batijournal.com\/index.php\/2012-ce-quil-reste-des-aides-pour-la-construction\/88367\/#primaryimage","url":"https:\/\/batijournal.com\/wp-content\/uploads\/2015\/07\/37081883.jpg","contentUrl":"https:\/\/batijournal.com\/wp-content\/uploads\/2015\/07\/37081883.jpg","width":600,"height":399},{"@type":"BreadcrumbList","@id":"https:\/\/batijournal.com\/index.php\/2012-ce-quil-reste-des-aides-pour-la-construction\/88367\/#breadcrumb","itemListElement":[{"@type":"ListItem","position":1,"name":"Accueil","item":"https:\/\/batijournal.com\/"},{"@type":"ListItem","position":2,"name":"Actualit\u00e9s","item":"https:\/\/batijournal.com\/index.php\/category\/actualites\/"},{"@type":"ListItem","position":3,"name":"\u00c9conomie &amp; March\u00e9s","item":"https:\/\/batijournal.com\/index.php\/category\/actualites\/economie-marches\/"},{"@type":"ListItem","position":4,"name":"2012 : ce qu&rsquo;il reste des aides pour la construction"}]},{"@type":"WebSite","@id":"https:\/\/batijournal.com\/#website","url":"https:\/\/batijournal.com\/","name":"Batijournal","description":"L&#039;actualit\u00e9 du b\u00e2timent","potentialAction":[{"@type":"SearchAction","target":{"@type":"EntryPoint","urlTemplate":"https:\/\/batijournal.com\/?s={search_term_string}"},"query-input":{"@type":"PropertyValueSpecification","valueRequired":true,"valueName":"search_term_string"}}],"inLanguage":"fr-FR"},{"@type":"Person","@id":"https:\/\/batijournal.com\/#\/schema\/person\/6a657e8967569e1b299972574848aa76","name":"Bati-journal","image":{"@type":"ImageObject","inLanguage":"fr-FR","@id":"https:\/\/secure.gravatar.com\/avatar\/a64364ea26392f9b4dd47e017ddaec74ff03aefc073b49e492e847201258f777?s=96&d=mm&r=g","url":"https:\/\/secure.gravatar.com\/avatar\/a64364ea26392f9b4dd47e017ddaec74ff03aefc073b49e492e847201258f777?s=96&d=mm&r=g","contentUrl":"https:\/\/secure.gravatar.com\/avatar\/a64364ea26392f9b4dd47e017ddaec74ff03aefc073b49e492e847201258f777?s=96&d=mm&r=g","caption":"Bati-journal"},"url":"https:\/\/batijournal.com\/index.php\/author\/elodie\/"}]}},"_links":{"self":[{"href":"https:\/\/batijournal.com\/index.php\/wp-json\/wp\/v2\/posts\/88367","targetHints":{"allow":["GET"]}}],"collection":[{"href":"https:\/\/batijournal.com\/index.php\/wp-json\/wp\/v2\/posts"}],"about":[{"href":"https:\/\/batijournal.com\/index.php\/wp-json\/wp\/v2\/types\/post"}],"author":[{"embeddable":true,"href":"https:\/\/batijournal.com\/index.php\/wp-json\/wp\/v2\/users\/1"}],"replies":[{"embeddable":true,"href":"https:\/\/batijournal.com\/index.php\/wp-json\/wp\/v2\/comments?post=88367"}],"version-history":[{"count":0,"href":"https:\/\/batijournal.com\/index.php\/wp-json\/wp\/v2\/posts\/88367\/revisions"}],"wp:featuredmedia":[{"embeddable":true,"href":"https:\/\/batijournal.com\/index.php\/wp-json\/wp\/v2\/media\/88368"}],"wp:attachment":[{"href":"https:\/\/batijournal.com\/index.php\/wp-json\/wp\/v2\/media?parent=88367"}],"wp:term":[{"taxonomy":"category","embeddable":true,"href":"https:\/\/batijournal.com\/index.php\/wp-json\/wp\/v2\/categories?post=88367"},{"taxonomy":"post_tag","embeddable":true,"href":"https:\/\/batijournal.com\/index.php\/wp-json\/wp\/v2\/tags?post=88367"}],"curies":[{"name":"wp","href":"https:\/\/api.w.org\/{rel}","templated":true}]}}