{"id":88385,"date":"2013-01-24T14:21:50","date_gmt":"2013-01-24T13:21:50","guid":{"rendered":"http:\/\/batijournal.com\/?p=88385"},"modified":"2015-07-03T14:22:53","modified_gmt":"2015-07-03T12:22:53","slug":"ecobat-2013-la-ville-et-le-batiment-durable-a-lhonneur","status":"publish","type":"post","link":"https:\/\/batijournal.com\/index.php\/ecobat-2013-la-ville-et-le-batiment-durable-a-lhonneur\/88385\/","title":{"rendered":"Ecobat 2013 : la ville et le b\u00e2timent durable \u00e0 l&rsquo;honneur"},"content":{"rendered":"<p><span class=\"lettrine\">L<\/span>a dixi\u00e8me \u00e9dition du salon \u00e9cobat se d\u00e9roulera du 20 au 22 mars 2013, \u00e0 la porte de Versailles, et r\u00e9unira 200 exposants. Ce rendez-vous 100 % professionnel sera organis\u00e9 autour de quatre grands secteurs d&rsquo;exposition : \u00ab Mat\u00e9riaux et syst\u00e8mes constructifs \u00bb, \u00ab Bois et b\u00e2ti \u00bb, \u00ab Energie et performance \u00bb et \u00ab \u00e9cobat city, la ville durable \u00bb. Les organisateurs annoncent plusieurs nouveaut\u00e9s, parmi lesquelles : le parcours m\u00e9tiers d\u00e9clin\u00e9 selon les six typologies principales de visiteurs et\/ou activit\u00e9s ; l&rsquo;exposition \u00ab Mati\u00e8res \u00e0 cultiver \u00bb con\u00e7ue par FCBA et Innovath\u00e8que ; le module Maison 100 % v\u00e9g\u00e9tale&#8230; Durant les trois jours du salon seront organis\u00e9es de nombreuses conf\u00e9rences anim\u00e9es par des experts et professionnels du secteur. Parall\u00e8lement se tiendra, les mercredi 20 et jeudi 21 mars, la deuxi\u00e8me \u00e9dition du Congr\u00e8s \u00e9cobat Sciences &amp; Techniques, d\u00e9di\u00e9 \u00e0 la R&amp;D dans le b\u00e2timent.<\/p>\n<p><a href=\"http:\/\/www.salon-ecobat.com\" target=\"_blank\"><span style=\"font-family: Arial, Helvetica, sans-serif; font-size: small;\">www.salon-ecobat.com<\/span><\/a><\/p>\n","protected":false},"excerpt":{"rendered":"<p>La dixi\u00e8me \u00e9dition du salon \u00e9cobat se d\u00e9roulera du 20 au 22 mars 2013, \u00e0 la porte de Versailles, et r\u00e9unira 200 exposants. Ce rendez-vous 100 % professionnel sera organis\u00e9 autour de quatre grands secteurs d&rsquo;exposition : \u00ab Mat\u00e9riaux et syst\u00e8mes constructifs \u00bb, \u00ab Bois et b\u00e2ti \u00bb, \u00ab Energie et performance \u00bb et \u00ab [&hellip;]<\/p>\n","protected":false},"author":1,"featured_media":88386,"comment_status":"open","ping_status":"closed","sticky":false,"template":"","format":"standard","meta":{"_et_pb_use_builder":"","_et_pb_old_content":"","_et_gb_content_width":"","footnotes":""},"categories":[9192],"tags":[],"class_list":["post-88385","post","type-post","status-publish","format-standard","has-post-thumbnail","hentry","category-evenements"],"yoast_head":"<!-- This site is optimized with the Yoast SEO plugin v27.4 - https:\/\/yoast.com\/product\/yoast-seo-wordpress\/ -->\n<title>Ecobat 2013 : la ville et le b\u00e2timent durable \u00e0 l&#039;honneur<\/title>\n<meta name=\"robots\" content=\"index, follow, max-snippet:-1, max-image-preview:large, max-video-preview:-1\" \/>\n<link rel=\"canonical\" href=\"https:\/\/batijournal.com\/index.php\/ecobat-2013-la-ville-et-le-batiment-durable-a-lhonneur\/88385\/\" \/>\n<meta property=\"og:locale\" content=\"fr_FR\" \/>\n<meta property=\"og:type\" content=\"article\" \/>\n<meta property=\"og:title\" content=\"Ecobat 2013 : la ville et le b\u00e2timent durable \u00e0 l&#039;honneur\" \/>\n<meta property=\"og:description\" content=\"La dixi\u00e8me \u00e9dition du salon \u00e9cobat se d\u00e9roulera du 20 au 22 mars 2013, \u00e0 la porte de Versailles, et r\u00e9unira 200 exposants. Ce rendez-vous 100 % professionnel sera organis\u00e9 autour de quatre grands secteurs d&rsquo;exposition : \u00ab Mat\u00e9riaux et syst\u00e8mes constructifs \u00bb, \u00ab Bois et b\u00e2ti \u00bb, \u00ab Energie et performance \u00bb et \u00ab [&hellip;]\" \/>\n<meta property=\"og:url\" content=\"https:\/\/batijournal.com\/index.php\/ecobat-2013-la-ville-et-le-batiment-durable-a-lhonneur\/88385\/\" \/>\n<meta property=\"og:site_name\" content=\"Batijournal\" \/>\n<meta property=\"article:published_time\" content=\"2013-01-24T13:21:50+00:00\" \/>\n<meta property=\"article:modified_time\" content=\"2015-07-03T12:22:53+00:00\" \/>\n<meta property=\"og:image\" content=\"https:\/\/batijournal.com\/wp-content\/uploads\/2015\/07\/57759961.jpg\" \/>\n\t<meta property=\"og:image:width\" content=\"599\" \/>\n\t<meta property=\"og:image:height\" content=\"399\" \/>\n\t<meta property=\"og:image:type\" content=\"image\/jpeg\" \/>\n<meta name=\"author\" content=\"Bati-journal\" \/>\n<meta name=\"twitter:card\" content=\"summary_large_image\" \/>\n<meta name=\"twitter:creator\" content=\"@bati_journal\" \/>\n<meta name=\"twitter:site\" content=\"@bati_journal\" \/>\n<meta name=\"twitter:label1\" content=\"\u00c9crit par\" \/>\n\t<meta name=\"twitter:data1\" content=\"Bati-journal\" \/>\n\t<meta name=\"twitter:label2\" content=\"Dur\u00e9e de lecture estim\u00e9e\" \/>\n\t<meta name=\"twitter:data2\" content=\"1 minute\" \/>\n<script type=\"application\/ld+json\" class=\"yoast-schema-graph\">{\"@context\":\"https:\\\/\\\/schema.org\",\"@graph\":[{\"@type\":\"Article\",\"@id\":\"https:\\\/\\\/batijournal.com\\\/index.php\\\/ecobat-2013-la-ville-et-le-batiment-durable-a-lhonneur\\\/88385\\\/#article\",\"isPartOf\":{\"@id\":\"https:\\\/\\\/batijournal.com\\\/index.php\\\/ecobat-2013-la-ville-et-le-batiment-durable-a-lhonneur\\\/88385\\\/\"},\"author\":{\"name\":\"Bati-journal\",\"@id\":\"https:\\\/\\\/batijournal.com\\\/#\\\/schema\\\/person\\\/6a657e8967569e1b299972574848aa76\"},\"headline\":\"Ecobat 2013 : la ville et le b\u00e2timent durable \u00e0 l&rsquo;honneur\",\"datePublished\":\"2013-01-24T13:21:50+00:00\",\"dateModified\":\"2015-07-03T12:22:53+00:00\",\"mainEntityOfPage\":{\"@id\":\"https:\\\/\\\/batijournal.com\\\/index.php\\\/ecobat-2013-la-ville-et-le-batiment-durable-a-lhonneur\\\/88385\\\/\"},\"wordCount\":160,\"commentCount\":0,\"image\":{\"@id\":\"https:\\\/\\\/batijournal.com\\\/index.php\\\/ecobat-2013-la-ville-et-le-batiment-durable-a-lhonneur\\\/88385\\\/#primaryimage\"},\"thumbnailUrl\":\"https:\\\/\\\/batijournal.com\\\/wp-content\\\/uploads\\\/2015\\\/07\\\/57759961.jpg\",\"articleSection\":[\"\u00c9v\u00e9nements\"],\"inLanguage\":\"fr-FR\",\"potentialAction\":[{\"@type\":\"CommentAction\",\"name\":\"Comment\",\"target\":[\"https:\\\/\\\/batijournal.com\\\/index.php\\\/ecobat-2013-la-ville-et-le-batiment-durable-a-lhonneur\\\/88385\\\/#respond\"]}]},{\"@type\":\"WebPage\",\"@id\":\"https:\\\/\\\/batijournal.com\\\/index.php\\\/ecobat-2013-la-ville-et-le-batiment-durable-a-lhonneur\\\/88385\\\/\",\"url\":\"https:\\\/\\\/batijournal.com\\\/index.php\\\/ecobat-2013-la-ville-et-le-batiment-durable-a-lhonneur\\\/88385\\\/\",\"name\":\"Ecobat 2013 : la ville et le b\u00e2timent durable \u00e0 l'honneur\",\"isPartOf\":{\"@id\":\"https:\\\/\\\/batijournal.com\\\/#website\"},\"primaryImageOfPage\":{\"@id\":\"https:\\\/\\\/batijournal.com\\\/index.php\\\/ecobat-2013-la-ville-et-le-batiment-durable-a-lhonneur\\\/88385\\\/#primaryimage\"},\"image\":{\"@id\":\"https:\\\/\\\/batijournal.com\\\/index.php\\\/ecobat-2013-la-ville-et-le-batiment-durable-a-lhonneur\\\/88385\\\/#primaryimage\"},\"thumbnailUrl\":\"https:\\\/\\\/batijournal.com\\\/wp-content\\\/uploads\\\/2015\\\/07\\\/57759961.jpg\",\"datePublished\":\"2013-01-24T13:21:50+00:00\",\"dateModified\":\"2015-07-03T12:22:53+00:00\",\"author\":{\"@id\":\"https:\\\/\\\/batijournal.com\\\/#\\\/schema\\\/person\\\/6a657e8967569e1b299972574848aa76\"},\"breadcrumb\":{\"@id\":\"https:\\\/\\\/batijournal.com\\\/index.php\\\/ecobat-2013-la-ville-et-le-batiment-durable-a-lhonneur\\\/88385\\\/#breadcrumb\"},\"inLanguage\":\"fr-FR\",\"potentialAction\":[{\"@type\":\"ReadAction\",\"target\":[\"https:\\\/\\\/batijournal.com\\\/index.php\\\/ecobat-2013-la-ville-et-le-batiment-durable-a-lhonneur\\\/88385\\\/\"]}]},{\"@type\":\"ImageObject\",\"inLanguage\":\"fr-FR\",\"@id\":\"https:\\\/\\\/batijournal.com\\\/index.php\\\/ecobat-2013-la-ville-et-le-batiment-durable-a-lhonneur\\\/88385\\\/#primaryimage\",\"url\":\"https:\\\/\\\/batijournal.com\\\/wp-content\\\/uploads\\\/2015\\\/07\\\/57759961.jpg\",\"contentUrl\":\"https:\\\/\\\/batijournal.com\\\/wp-content\\\/uploads\\\/2015\\\/07\\\/57759961.jpg\",\"width\":599,\"height\":399,\"caption\":\"Ecobat\"},{\"@type\":\"BreadcrumbList\",\"@id\":\"https:\\\/\\\/batijournal.com\\\/index.php\\\/ecobat-2013-la-ville-et-le-batiment-durable-a-lhonneur\\\/88385\\\/#breadcrumb\",\"itemListElement\":[{\"@type\":\"ListItem\",\"position\":1,\"name\":\"Accueil\",\"item\":\"https:\\\/\\\/batijournal.com\\\/\"},{\"@type\":\"ListItem\",\"position\":2,\"name\":\"\u00c9v\u00e9nements\",\"item\":\"https:\\\/\\\/batijournal.com\\\/index.php\\\/category\\\/evenements\\\/\"},{\"@type\":\"ListItem\",\"position\":3,\"name\":\"Ecobat 2013 : la ville et le b\u00e2timent durable \u00e0 l&rsquo;honneur\"}]},{\"@type\":\"WebSite\",\"@id\":\"https:\\\/\\\/batijournal.com\\\/#website\",\"url\":\"https:\\\/\\\/batijournal.com\\\/\",\"name\":\"Batijournal\",\"description\":\"L&#039;actualit\u00e9 du b\u00e2timent\",\"potentialAction\":[{\"@type\":\"SearchAction\",\"target\":{\"@type\":\"EntryPoint\",\"urlTemplate\":\"https:\\\/\\\/batijournal.com\\\/?s={search_term_string}\"},\"query-input\":{\"@type\":\"PropertyValueSpecification\",\"valueRequired\":true,\"valueName\":\"search_term_string\"}}],\"inLanguage\":\"fr-FR\"},{\"@type\":\"Person\",\"@id\":\"https:\\\/\\\/batijournal.com\\\/#\\\/schema\\\/person\\\/6a657e8967569e1b299972574848aa76\",\"name\":\"Bati-journal\",\"image\":{\"@type\":\"ImageObject\",\"inLanguage\":\"fr-FR\",\"@id\":\"https:\\\/\\\/secure.gravatar.com\\\/avatar\\\/a64364ea26392f9b4dd47e017ddaec74ff03aefc073b49e492e847201258f777?s=96&d=mm&r=g\",\"url\":\"https:\\\/\\\/secure.gravatar.com\\\/avatar\\\/a64364ea26392f9b4dd47e017ddaec74ff03aefc073b49e492e847201258f777?s=96&d=mm&r=g\",\"contentUrl\":\"https:\\\/\\\/secure.gravatar.com\\\/avatar\\\/a64364ea26392f9b4dd47e017ddaec74ff03aefc073b49e492e847201258f777?s=96&d=mm&r=g\",\"caption\":\"Bati-journal\"},\"url\":\"https:\\\/\\\/batijournal.com\\\/index.php\\\/author\\\/elodie\\\/\"}]}<\/script>\n<!-- \/ Yoast SEO plugin. -->","yoast_head_json":{"title":"Ecobat 2013 : la ville et le b\u00e2timent durable \u00e0 l'honneur","robots":{"index":"index","follow":"follow","max-snippet":"max-snippet:-1","max-image-preview":"max-image-preview:large","max-video-preview":"max-video-preview:-1"},"canonical":"https:\/\/batijournal.com\/index.php\/ecobat-2013-la-ville-et-le-batiment-durable-a-lhonneur\/88385\/","og_locale":"fr_FR","og_type":"article","og_title":"Ecobat 2013 : la ville et le b\u00e2timent durable \u00e0 l'honneur","og_description":"La dixi\u00e8me \u00e9dition du salon \u00e9cobat se d\u00e9roulera du 20 au 22 mars 2013, \u00e0 la porte de Versailles, et r\u00e9unira 200 exposants. Ce rendez-vous 100 % professionnel sera organis\u00e9 autour de quatre grands secteurs d&rsquo;exposition : \u00ab Mat\u00e9riaux et syst\u00e8mes constructifs \u00bb, \u00ab Bois et b\u00e2ti \u00bb, \u00ab Energie et performance \u00bb et \u00ab [&hellip;]","og_url":"https:\/\/batijournal.com\/index.php\/ecobat-2013-la-ville-et-le-batiment-durable-a-lhonneur\/88385\/","og_site_name":"Batijournal","article_published_time":"2013-01-24T13:21:50+00:00","article_modified_time":"2015-07-03T12:22:53+00:00","og_image":[{"width":599,"height":399,"url":"https:\/\/batijournal.com\/wp-content\/uploads\/2015\/07\/57759961.jpg","type":"image\/jpeg"}],"author":"Bati-journal","twitter_card":"summary_large_image","twitter_creator":"@bati_journal","twitter_site":"@bati_journal","twitter_misc":{"\u00c9crit par":"Bati-journal","Dur\u00e9e de lecture estim\u00e9e":"1 minute"},"schema":{"@context":"https:\/\/schema.org","@graph":[{"@type":"Article","@id":"https:\/\/batijournal.com\/index.php\/ecobat-2013-la-ville-et-le-batiment-durable-a-lhonneur\/88385\/#article","isPartOf":{"@id":"https:\/\/batijournal.com\/index.php\/ecobat-2013-la-ville-et-le-batiment-durable-a-lhonneur\/88385\/"},"author":{"name":"Bati-journal","@id":"https:\/\/batijournal.com\/#\/schema\/person\/6a657e8967569e1b299972574848aa76"},"headline":"Ecobat 2013 : la ville et le b\u00e2timent durable \u00e0 l&rsquo;honneur","datePublished":"2013-01-24T13:21:50+00:00","dateModified":"2015-07-03T12:22:53+00:00","mainEntityOfPage":{"@id":"https:\/\/batijournal.com\/index.php\/ecobat-2013-la-ville-et-le-batiment-durable-a-lhonneur\/88385\/"},"wordCount":160,"commentCount":0,"image":{"@id":"https:\/\/batijournal.com\/index.php\/ecobat-2013-la-ville-et-le-batiment-durable-a-lhonneur\/88385\/#primaryimage"},"thumbnailUrl":"https:\/\/batijournal.com\/wp-content\/uploads\/2015\/07\/57759961.jpg","articleSection":["\u00c9v\u00e9nements"],"inLanguage":"fr-FR","potentialAction":[{"@type":"CommentAction","name":"Comment","target":["https:\/\/batijournal.com\/index.php\/ecobat-2013-la-ville-et-le-batiment-durable-a-lhonneur\/88385\/#respond"]}]},{"@type":"WebPage","@id":"https:\/\/batijournal.com\/index.php\/ecobat-2013-la-ville-et-le-batiment-durable-a-lhonneur\/88385\/","url":"https:\/\/batijournal.com\/index.php\/ecobat-2013-la-ville-et-le-batiment-durable-a-lhonneur\/88385\/","name":"Ecobat 2013 : la ville et le b\u00e2timent durable \u00e0 l'honneur","isPartOf":{"@id":"https:\/\/batijournal.com\/#website"},"primaryImageOfPage":{"@id":"https:\/\/batijournal.com\/index.php\/ecobat-2013-la-ville-et-le-batiment-durable-a-lhonneur\/88385\/#primaryimage"},"image":{"@id":"https:\/\/batijournal.com\/index.php\/ecobat-2013-la-ville-et-le-batiment-durable-a-lhonneur\/88385\/#primaryimage"},"thumbnailUrl":"https:\/\/batijournal.com\/wp-content\/uploads\/2015\/07\/57759961.jpg","datePublished":"2013-01-24T13:21:50+00:00","dateModified":"2015-07-03T12:22:53+00:00","author":{"@id":"https:\/\/batijournal.com\/#\/schema\/person\/6a657e8967569e1b299972574848aa76"},"breadcrumb":{"@id":"https:\/\/batijournal.com\/index.php\/ecobat-2013-la-ville-et-le-batiment-durable-a-lhonneur\/88385\/#breadcrumb"},"inLanguage":"fr-FR","potentialAction":[{"@type":"ReadAction","target":["https:\/\/batijournal.com\/index.php\/ecobat-2013-la-ville-et-le-batiment-durable-a-lhonneur\/88385\/"]}]},{"@type":"ImageObject","inLanguage":"fr-FR","@id":"https:\/\/batijournal.com\/index.php\/ecobat-2013-la-ville-et-le-batiment-durable-a-lhonneur\/88385\/#primaryimage","url":"https:\/\/batijournal.com\/wp-content\/uploads\/2015\/07\/57759961.jpg","contentUrl":"https:\/\/batijournal.com\/wp-content\/uploads\/2015\/07\/57759961.jpg","width":599,"height":399,"caption":"Ecobat"},{"@type":"BreadcrumbList","@id":"https:\/\/batijournal.com\/index.php\/ecobat-2013-la-ville-et-le-batiment-durable-a-lhonneur\/88385\/#breadcrumb","itemListElement":[{"@type":"ListItem","position":1,"name":"Accueil","item":"https:\/\/batijournal.com\/"},{"@type":"ListItem","position":2,"name":"\u00c9v\u00e9nements","item":"https:\/\/batijournal.com\/index.php\/category\/evenements\/"},{"@type":"ListItem","position":3,"name":"Ecobat 2013 : la ville et le b\u00e2timent durable \u00e0 l&rsquo;honneur"}]},{"@type":"WebSite","@id":"https:\/\/batijournal.com\/#website","url":"https:\/\/batijournal.com\/","name":"Batijournal","description":"L&#039;actualit\u00e9 du b\u00e2timent","potentialAction":[{"@type":"SearchAction","target":{"@type":"EntryPoint","urlTemplate":"https:\/\/batijournal.com\/?s={search_term_string}"},"query-input":{"@type":"PropertyValueSpecification","valueRequired":true,"valueName":"search_term_string"}}],"inLanguage":"fr-FR"},{"@type":"Person","@id":"https:\/\/batijournal.com\/#\/schema\/person\/6a657e8967569e1b299972574848aa76","name":"Bati-journal","image":{"@type":"ImageObject","inLanguage":"fr-FR","@id":"https:\/\/secure.gravatar.com\/avatar\/a64364ea26392f9b4dd47e017ddaec74ff03aefc073b49e492e847201258f777?s=96&d=mm&r=g","url":"https:\/\/secure.gravatar.com\/avatar\/a64364ea26392f9b4dd47e017ddaec74ff03aefc073b49e492e847201258f777?s=96&d=mm&r=g","contentUrl":"https:\/\/secure.gravatar.com\/avatar\/a64364ea26392f9b4dd47e017ddaec74ff03aefc073b49e492e847201258f777?s=96&d=mm&r=g","caption":"Bati-journal"},"url":"https:\/\/batijournal.com\/index.php\/author\/elodie\/"}]}},"_links":{"self":[{"href":"https:\/\/batijournal.com\/index.php\/wp-json\/wp\/v2\/posts\/88385","targetHints":{"allow":["GET"]}}],"collection":[{"href":"https:\/\/batijournal.com\/index.php\/wp-json\/wp\/v2\/posts"}],"about":[{"href":"https:\/\/batijournal.com\/index.php\/wp-json\/wp\/v2\/types\/post"}],"author":[{"embeddable":true,"href":"https:\/\/batijournal.com\/index.php\/wp-json\/wp\/v2\/users\/1"}],"replies":[{"embeddable":true,"href":"https:\/\/batijournal.com\/index.php\/wp-json\/wp\/v2\/comments?post=88385"}],"version-history":[{"count":0,"href":"https:\/\/batijournal.com\/index.php\/wp-json\/wp\/v2\/posts\/88385\/revisions"}],"wp:featuredmedia":[{"embeddable":true,"href":"https:\/\/batijournal.com\/index.php\/wp-json\/wp\/v2\/media\/88386"}],"wp:attachment":[{"href":"https:\/\/batijournal.com\/index.php\/wp-json\/wp\/v2\/media?parent=88385"}],"wp:term":[{"taxonomy":"category","embeddable":true,"href":"https:\/\/batijournal.com\/index.php\/wp-json\/wp\/v2\/categories?post=88385"},{"taxonomy":"post_tag","embeddable":true,"href":"https:\/\/batijournal.com\/index.php\/wp-json\/wp\/v2\/tags?post=88385"}],"curies":[{"name":"wp","href":"https:\/\/api.w.org\/{rel}","templated":true}]}}