{"id":88481,"date":"2015-07-09T07:00:12","date_gmt":"2015-07-09T05:00:12","guid":{"rendered":"http:\/\/batijournal.com\/?p=88481"},"modified":"2019-07-15T11:28:06","modified_gmt":"2019-07-15T09:28:06","slug":"facades-grande-portee","status":"publish","type":"post","link":"https:\/\/batijournal.com\/index.php\/facades-grande-portee\/88481\/","title":{"rendered":"Fa\u00e7ades grande port\u00e9e"},"content":{"rendered":"<p>Coiff\u00e9 d&rsquo;une toiture facett\u00e9e en triangles et l\u00e9g\u00e8rement \u00e9tir\u00e9e qui sert, sur deux faces, de protection solaire, le restaurant d&rsquo;entreprises du p\u00f4le de comp\u00e9titivit\u00e9 Mov&rsquo;eo \u00e0 Satory (78) pr\u00e9sente quatre fa\u00e7ades, toutes r\u00e9alis\u00e9es en mur-rideau. Deux sont panoramiques et compos\u00e9es de vitrages de 2,10\u00a0m de largeur et 3,80\u00a0m de hauteur, pour les plus grands, joints par des profil\u00e9s d&rsquo;angle en aluminium renforc\u00e9s. La plus longue de ces deux faces, trap\u00e9zo\u00efdale, sans appuis interm\u00e9diaires, mesure 38\u00a0m de largeur et 7\u00a0m de hauteur dans la pointe du b\u00e2timent. Des ch\u00e2ssis de d\u00e9senfumage sont int\u00e9gr\u00e9s en partie haute, laquelle accueille aussi un habillage int\u00e9rieur qui op\u00e8re la jonction visuelle entre charpente bois et fa\u00e7ade. Les deux autres c\u00f4t\u00e9s sont rev\u00eatus de panneaux opaques isolants. <span style=\"font-family: 'Times New Roman', sans-serif;\"><span style=\"font-size: medium;\"><span style=\"color: #000000;\"><span style=\"font-family: Arial, sans-serif;\">L\u00e9g\u00e8rement sur\u00e9lev\u00e9, le b\u00e2timent comprend une\u00a0partie basse en b\u00e9ton\u00a0et un\u00a0niveau sup\u00e9rieur \u00e0 structure bois.\u00a0<\/span><\/span><\/span><\/span>C\u2019est l\u2019entreprise Ducloux, appartenant au groupement Arbonis, qui a \u00e9t\u00e9 charg\u00e9e de la structure bois du restaurant. Celle-ci est compos\u00e9e des poteaux en lamell\u00e9-coll\u00e9 constituant le support de la charpente et du mur-rideau en aluminium. Les parties opaques de la fa\u00e7ade ont \u00e9t\u00e9 r\u00e9alis\u00e9es en murs ossature bois et rev\u00eatues d\u2019un bardage en m\u00e9l\u00e8ze. La toiture met en \u0153uvre des dalles en bois massif tourillonn\u00e9, proc\u00e9d\u00e9 que les architectes avaient d\u00e9couvert dans le Vorarlberg en Autriche. De 60\u00a0cm de largeur et de 20 \u00e0 26\u00a0cm d\u2019\u00e9paisseur, les dalles, constitu\u00e9es de lamelles en \u00e9pic\u00e9a massif, offrent de grandes port\u00e9es pouvant aller jusqu\u2019\u00e0 16\u00a0m. Elles\u00a0sont assembl\u00e9es entre elles par des tourillons pos\u00e9s en biais, sans colle et\u00a0recouvertes d\u2019un isolant en laine de roche de 10\u00a0cm d\u2019\u00e9paisseur et d\u2019une membrane d\u2019\u00e9tanch\u00e9it\u00e9 en PVC.<\/p>\n<p><span style=\"color: #000000;\"><span style=\"font-family: ArialMT, sans-serif;\"><span style=\"font-size: small;\">Ma\u00eetre d&rsquo;ouvrage\u00a0: Nexter Systems \u2022 Ma\u00eetre d&rsquo;\u0153uvre\u00a0: Patrick Charoin et Marina Donda Architectes \u2022 Solutions Kawneer\u00a0: mur-rideau AA110 Trusswall, ch\u00e2ssis Kalory, porte d&rsquo;entr\u00e9e Kanada \u2022 Structure bois : Ducloux (groupement Arbonis)<\/span><\/span><\/span><\/p>\n<p>&nbsp;<\/p>\n<p><span style=\"color: #262626;\"><span style=\"font-family: Arial, sans-serif;\"><span style=\"font-size: medium;\">Photos\u00a0: Xavier Boymond\/Kawneer <\/span><\/span><\/span><\/p>\n","protected":false},"excerpt":{"rendered":"<p>Coiff\u00e9 d&rsquo;une toiture facett\u00e9e en triangles et l\u00e9g\u00e8rement \u00e9tir\u00e9e qui sert, sur deux faces, de protection solaire, le restaurant d&rsquo;entreprises du p\u00f4le de comp\u00e9titivit\u00e9 Mov&rsquo;eo \u00e0 Satory (78) pr\u00e9sente quatre fa\u00e7ades, toutes r\u00e9alis\u00e9es en mur-rideau. Deux sont panoramiques et compos\u00e9es de vitrages de 2,10\u00a0m de largeur et 3,80\u00a0m de hauteur, pour les plus grands, joints [&hellip;]<\/p>\n","protected":false},"author":17,"featured_media":88482,"comment_status":"closed","ping_status":"closed","sticky":false,"template":"","format":"standard","meta":{"_et_pb_use_builder":"","_et_pb_old_content":"","_et_gb_content_width":"","footnotes":""},"categories":[10530,6340],"tags":[126],"class_list":["post-88481","post","type-post","status-publish","format-standard","has-post-thumbnail","hentry","category-actualites","category-architecture-conception","tag-facade"],"yoast_head":"<!-- This site is optimized with the Yoast SEO plugin v27.4 - https:\/\/yoast.com\/product\/yoast-seo-wordpress\/ -->\n<title>Fa\u00e7ades grande port\u00e9e<\/title>\n<meta name=\"robots\" content=\"index, follow, max-snippet:-1, max-image-preview:large, max-video-preview:-1\" \/>\n<link rel=\"canonical\" href=\"https:\/\/batijournal.com\/index.php\/facades-grande-portee\/88481\/\" \/>\n<meta property=\"og:locale\" content=\"fr_FR\" \/>\n<meta property=\"og:type\" content=\"article\" \/>\n<meta property=\"og:title\" content=\"Fa\u00e7ades grande port\u00e9e\" \/>\n<meta property=\"og:description\" content=\"Coiff\u00e9 d&rsquo;une toiture facett\u00e9e en triangles et l\u00e9g\u00e8rement \u00e9tir\u00e9e qui sert, sur deux faces, de protection solaire, le restaurant d&rsquo;entreprises du p\u00f4le de comp\u00e9titivit\u00e9 Mov&rsquo;eo \u00e0 Satory (78) pr\u00e9sente quatre fa\u00e7ades, toutes r\u00e9alis\u00e9es en mur-rideau. Deux sont panoramiques et compos\u00e9es de vitrages de 2,10\u00a0m de largeur et 3,80\u00a0m de hauteur, pour les plus grands, joints [&hellip;]\" \/>\n<meta property=\"og:url\" content=\"https:\/\/batijournal.com\/index.php\/facades-grande-portee\/88481\/\" \/>\n<meta property=\"og:site_name\" content=\"Batijournal\" \/>\n<meta property=\"article:published_time\" content=\"2015-07-09T05:00:12+00:00\" \/>\n<meta property=\"article:modified_time\" content=\"2019-07-15T09:28:06+00:00\" \/>\n<meta property=\"og:image\" content=\"https:\/\/batijournal.com\/wp-content\/uploads\/2015\/07\/moveo.jpg\" \/>\n\t<meta property=\"og:image:width\" content=\"1024\" \/>\n\t<meta property=\"og:image:height\" content=\"611\" \/>\n\t<meta property=\"og:image:type\" content=\"image\/jpeg\" \/>\n<meta name=\"author\" content=\"St\u00e9phane Miget\" \/>\n<meta name=\"twitter:card\" content=\"summary_large_image\" \/>\n<meta name=\"twitter:creator\" content=\"@bati_journal\" \/>\n<meta name=\"twitter:site\" content=\"@bati_journal\" \/>\n<meta name=\"twitter:label1\" content=\"\u00c9crit par\" \/>\n\t<meta name=\"twitter:data1\" content=\"St\u00e9phane Miget\" \/>\n\t<meta name=\"twitter:label2\" content=\"Dur\u00e9e de lecture estim\u00e9e\" \/>\n\t<meta name=\"twitter:data2\" content=\"2 minutes\" \/>\n<script type=\"application\/ld+json\" class=\"yoast-schema-graph\">{\"@context\":\"https:\\\/\\\/schema.org\",\"@graph\":[{\"@type\":\"Article\",\"@id\":\"https:\\\/\\\/batijournal.com\\\/index.php\\\/facades-grande-portee\\\/88481\\\/#article\",\"isPartOf\":{\"@id\":\"https:\\\/\\\/batijournal.com\\\/index.php\\\/facades-grande-portee\\\/88481\\\/\"},\"author\":{\"name\":\"St\u00e9phane Miget\",\"@id\":\"https:\\\/\\\/batijournal.com\\\/#\\\/schema\\\/person\\\/1dc96ec6957aa1ccb25ebe78bb19f100\"},\"headline\":\"Fa\u00e7ades grande port\u00e9e\",\"datePublished\":\"2015-07-09T05:00:12+00:00\",\"dateModified\":\"2019-07-15T09:28:06+00:00\",\"mainEntityOfPage\":{\"@id\":\"https:\\\/\\\/batijournal.com\\\/index.php\\\/facades-grande-portee\\\/88481\\\/\"},\"wordCount\":371,\"image\":{\"@id\":\"https:\\\/\\\/batijournal.com\\\/index.php\\\/facades-grande-portee\\\/88481\\\/#primaryimage\"},\"thumbnailUrl\":\"https:\\\/\\\/batijournal.com\\\/wp-content\\\/uploads\\\/2015\\\/07\\\/moveo.jpg\",\"keywords\":[\"fa\u00e7ade\"],\"articleSection\":[\"Actualit\u00e9s\",\"Architecture &amp; Conception\"],\"inLanguage\":\"fr-FR\"},{\"@type\":\"WebPage\",\"@id\":\"https:\\\/\\\/batijournal.com\\\/index.php\\\/facades-grande-portee\\\/88481\\\/\",\"url\":\"https:\\\/\\\/batijournal.com\\\/index.php\\\/facades-grande-portee\\\/88481\\\/\",\"name\":\"Fa\u00e7ades grande port\u00e9e\",\"isPartOf\":{\"@id\":\"https:\\\/\\\/batijournal.com\\\/#website\"},\"primaryImageOfPage\":{\"@id\":\"https:\\\/\\\/batijournal.com\\\/index.php\\\/facades-grande-portee\\\/88481\\\/#primaryimage\"},\"image\":{\"@id\":\"https:\\\/\\\/batijournal.com\\\/index.php\\\/facades-grande-portee\\\/88481\\\/#primaryimage\"},\"thumbnailUrl\":\"https:\\\/\\\/batijournal.com\\\/wp-content\\\/uploads\\\/2015\\\/07\\\/moveo.jpg\",\"datePublished\":\"2015-07-09T05:00:12+00:00\",\"dateModified\":\"2019-07-15T09:28:06+00:00\",\"author\":{\"@id\":\"https:\\\/\\\/batijournal.com\\\/#\\\/schema\\\/person\\\/1dc96ec6957aa1ccb25ebe78bb19f100\"},\"breadcrumb\":{\"@id\":\"https:\\\/\\\/batijournal.com\\\/index.php\\\/facades-grande-portee\\\/88481\\\/#breadcrumb\"},\"inLanguage\":\"fr-FR\",\"potentialAction\":[{\"@type\":\"ReadAction\",\"target\":[\"https:\\\/\\\/batijournal.com\\\/index.php\\\/facades-grande-portee\\\/88481\\\/\"]}]},{\"@type\":\"ImageObject\",\"inLanguage\":\"fr-FR\",\"@id\":\"https:\\\/\\\/batijournal.com\\\/index.php\\\/facades-grande-portee\\\/88481\\\/#primaryimage\",\"url\":\"https:\\\/\\\/batijournal.com\\\/wp-content\\\/uploads\\\/2015\\\/07\\\/moveo.jpg\",\"contentUrl\":\"https:\\\/\\\/batijournal.com\\\/wp-content\\\/uploads\\\/2015\\\/07\\\/moveo.jpg\",\"width\":1024,\"height\":611,\"caption\":\"Mov'eo, Kawneer\"},{\"@type\":\"BreadcrumbList\",\"@id\":\"https:\\\/\\\/batijournal.com\\\/index.php\\\/facades-grande-portee\\\/88481\\\/#breadcrumb\",\"itemListElement\":[{\"@type\":\"ListItem\",\"position\":1,\"name\":\"Accueil\",\"item\":\"https:\\\/\\\/batijournal.com\\\/\"},{\"@type\":\"ListItem\",\"position\":2,\"name\":\"Actualit\u00e9s\",\"item\":\"https:\\\/\\\/batijournal.com\\\/index.php\\\/category\\\/actualites\\\/\"},{\"@type\":\"ListItem\",\"position\":3,\"name\":\"Architecture &amp; Conception\",\"item\":\"https:\\\/\\\/batijournal.com\\\/index.php\\\/category\\\/actualites\\\/architecture-conception\\\/\"},{\"@type\":\"ListItem\",\"position\":4,\"name\":\"Fa\u00e7ades grande port\u00e9e\"}]},{\"@type\":\"WebSite\",\"@id\":\"https:\\\/\\\/batijournal.com\\\/#website\",\"url\":\"https:\\\/\\\/batijournal.com\\\/\",\"name\":\"Batijournal\",\"description\":\"L&#039;actualit\u00e9 du b\u00e2timent\",\"potentialAction\":[{\"@type\":\"SearchAction\",\"target\":{\"@type\":\"EntryPoint\",\"urlTemplate\":\"https:\\\/\\\/batijournal.com\\\/?s={search_term_string}\"},\"query-input\":{\"@type\":\"PropertyValueSpecification\",\"valueRequired\":true,\"valueName\":\"search_term_string\"}}],\"inLanguage\":\"fr-FR\"},{\"@type\":\"Person\",\"@id\":\"https:\\\/\\\/batijournal.com\\\/#\\\/schema\\\/person\\\/1dc96ec6957aa1ccb25ebe78bb19f100\",\"name\":\"St\u00e9phane Miget\",\"image\":{\"@type\":\"ImageObject\",\"inLanguage\":\"fr-FR\",\"@id\":\"https:\\\/\\\/secure.gravatar.com\\\/avatar\\\/89915563d925342126b8ef0281b93d9d7fc337043e8df017f780908eb9644451?s=96&d=mm&r=g\",\"url\":\"https:\\\/\\\/secure.gravatar.com\\\/avatar\\\/89915563d925342126b8ef0281b93d9d7fc337043e8df017f780908eb9644451?s=96&d=mm&r=g\",\"contentUrl\":\"https:\\\/\\\/secure.gravatar.com\\\/avatar\\\/89915563d925342126b8ef0281b93d9d7fc337043e8df017f780908eb9644451?s=96&d=mm&r=g\",\"caption\":\"St\u00e9phane Miget\"},\"url\":\"https:\\\/\\\/batijournal.com\\\/index.php\\\/author\\\/stephane\\\/\"}]}<\/script>\n<!-- \/ Yoast SEO plugin. -->","yoast_head_json":{"title":"Fa\u00e7ades grande port\u00e9e","robots":{"index":"index","follow":"follow","max-snippet":"max-snippet:-1","max-image-preview":"max-image-preview:large","max-video-preview":"max-video-preview:-1"},"canonical":"https:\/\/batijournal.com\/index.php\/facades-grande-portee\/88481\/","og_locale":"fr_FR","og_type":"article","og_title":"Fa\u00e7ades grande port\u00e9e","og_description":"Coiff\u00e9 d&rsquo;une toiture facett\u00e9e en triangles et l\u00e9g\u00e8rement \u00e9tir\u00e9e qui sert, sur deux faces, de protection solaire, le restaurant d&rsquo;entreprises du p\u00f4le de comp\u00e9titivit\u00e9 Mov&rsquo;eo \u00e0 Satory (78) pr\u00e9sente quatre fa\u00e7ades, toutes r\u00e9alis\u00e9es en mur-rideau. Deux sont panoramiques et compos\u00e9es de vitrages de 2,10\u00a0m de largeur et 3,80\u00a0m de hauteur, pour les plus grands, joints [&hellip;]","og_url":"https:\/\/batijournal.com\/index.php\/facades-grande-portee\/88481\/","og_site_name":"Batijournal","article_published_time":"2015-07-09T05:00:12+00:00","article_modified_time":"2019-07-15T09:28:06+00:00","og_image":[{"width":1024,"height":611,"url":"https:\/\/batijournal.com\/wp-content\/uploads\/2015\/07\/moveo.jpg","type":"image\/jpeg"}],"author":"St\u00e9phane Miget","twitter_card":"summary_large_image","twitter_creator":"@bati_journal","twitter_site":"@bati_journal","twitter_misc":{"\u00c9crit par":"St\u00e9phane Miget","Dur\u00e9e de lecture estim\u00e9e":"2 minutes"},"schema":{"@context":"https:\/\/schema.org","@graph":[{"@type":"Article","@id":"https:\/\/batijournal.com\/index.php\/facades-grande-portee\/88481\/#article","isPartOf":{"@id":"https:\/\/batijournal.com\/index.php\/facades-grande-portee\/88481\/"},"author":{"name":"St\u00e9phane Miget","@id":"https:\/\/batijournal.com\/#\/schema\/person\/1dc96ec6957aa1ccb25ebe78bb19f100"},"headline":"Fa\u00e7ades grande port\u00e9e","datePublished":"2015-07-09T05:00:12+00:00","dateModified":"2019-07-15T09:28:06+00:00","mainEntityOfPage":{"@id":"https:\/\/batijournal.com\/index.php\/facades-grande-portee\/88481\/"},"wordCount":371,"image":{"@id":"https:\/\/batijournal.com\/index.php\/facades-grande-portee\/88481\/#primaryimage"},"thumbnailUrl":"https:\/\/batijournal.com\/wp-content\/uploads\/2015\/07\/moveo.jpg","keywords":["fa\u00e7ade"],"articleSection":["Actualit\u00e9s","Architecture &amp; Conception"],"inLanguage":"fr-FR"},{"@type":"WebPage","@id":"https:\/\/batijournal.com\/index.php\/facades-grande-portee\/88481\/","url":"https:\/\/batijournal.com\/index.php\/facades-grande-portee\/88481\/","name":"Fa\u00e7ades grande port\u00e9e","isPartOf":{"@id":"https:\/\/batijournal.com\/#website"},"primaryImageOfPage":{"@id":"https:\/\/batijournal.com\/index.php\/facades-grande-portee\/88481\/#primaryimage"},"image":{"@id":"https:\/\/batijournal.com\/index.php\/facades-grande-portee\/88481\/#primaryimage"},"thumbnailUrl":"https:\/\/batijournal.com\/wp-content\/uploads\/2015\/07\/moveo.jpg","datePublished":"2015-07-09T05:00:12+00:00","dateModified":"2019-07-15T09:28:06+00:00","author":{"@id":"https:\/\/batijournal.com\/#\/schema\/person\/1dc96ec6957aa1ccb25ebe78bb19f100"},"breadcrumb":{"@id":"https:\/\/batijournal.com\/index.php\/facades-grande-portee\/88481\/#breadcrumb"},"inLanguage":"fr-FR","potentialAction":[{"@type":"ReadAction","target":["https:\/\/batijournal.com\/index.php\/facades-grande-portee\/88481\/"]}]},{"@type":"ImageObject","inLanguage":"fr-FR","@id":"https:\/\/batijournal.com\/index.php\/facades-grande-portee\/88481\/#primaryimage","url":"https:\/\/batijournal.com\/wp-content\/uploads\/2015\/07\/moveo.jpg","contentUrl":"https:\/\/batijournal.com\/wp-content\/uploads\/2015\/07\/moveo.jpg","width":1024,"height":611,"caption":"Mov'eo, Kawneer"},{"@type":"BreadcrumbList","@id":"https:\/\/batijournal.com\/index.php\/facades-grande-portee\/88481\/#breadcrumb","itemListElement":[{"@type":"ListItem","position":1,"name":"Accueil","item":"https:\/\/batijournal.com\/"},{"@type":"ListItem","position":2,"name":"Actualit\u00e9s","item":"https:\/\/batijournal.com\/index.php\/category\/actualites\/"},{"@type":"ListItem","position":3,"name":"Architecture &amp; Conception","item":"https:\/\/batijournal.com\/index.php\/category\/actualites\/architecture-conception\/"},{"@type":"ListItem","position":4,"name":"Fa\u00e7ades grande port\u00e9e"}]},{"@type":"WebSite","@id":"https:\/\/batijournal.com\/#website","url":"https:\/\/batijournal.com\/","name":"Batijournal","description":"L&#039;actualit\u00e9 du b\u00e2timent","potentialAction":[{"@type":"SearchAction","target":{"@type":"EntryPoint","urlTemplate":"https:\/\/batijournal.com\/?s={search_term_string}"},"query-input":{"@type":"PropertyValueSpecification","valueRequired":true,"valueName":"search_term_string"}}],"inLanguage":"fr-FR"},{"@type":"Person","@id":"https:\/\/batijournal.com\/#\/schema\/person\/1dc96ec6957aa1ccb25ebe78bb19f100","name":"St\u00e9phane Miget","image":{"@type":"ImageObject","inLanguage":"fr-FR","@id":"https:\/\/secure.gravatar.com\/avatar\/89915563d925342126b8ef0281b93d9d7fc337043e8df017f780908eb9644451?s=96&d=mm&r=g","url":"https:\/\/secure.gravatar.com\/avatar\/89915563d925342126b8ef0281b93d9d7fc337043e8df017f780908eb9644451?s=96&d=mm&r=g","contentUrl":"https:\/\/secure.gravatar.com\/avatar\/89915563d925342126b8ef0281b93d9d7fc337043e8df017f780908eb9644451?s=96&d=mm&r=g","caption":"St\u00e9phane Miget"},"url":"https:\/\/batijournal.com\/index.php\/author\/stephane\/"}]}},"_links":{"self":[{"href":"https:\/\/batijournal.com\/index.php\/wp-json\/wp\/v2\/posts\/88481","targetHints":{"allow":["GET"]}}],"collection":[{"href":"https:\/\/batijournal.com\/index.php\/wp-json\/wp\/v2\/posts"}],"about":[{"href":"https:\/\/batijournal.com\/index.php\/wp-json\/wp\/v2\/types\/post"}],"author":[{"embeddable":true,"href":"https:\/\/batijournal.com\/index.php\/wp-json\/wp\/v2\/users\/17"}],"replies":[{"embeddable":true,"href":"https:\/\/batijournal.com\/index.php\/wp-json\/wp\/v2\/comments?post=88481"}],"version-history":[{"count":0,"href":"https:\/\/batijournal.com\/index.php\/wp-json\/wp\/v2\/posts\/88481\/revisions"}],"wp:featuredmedia":[{"embeddable":true,"href":"https:\/\/batijournal.com\/index.php\/wp-json\/wp\/v2\/media\/88482"}],"wp:attachment":[{"href":"https:\/\/batijournal.com\/index.php\/wp-json\/wp\/v2\/media?parent=88481"}],"wp:term":[{"taxonomy":"category","embeddable":true,"href":"https:\/\/batijournal.com\/index.php\/wp-json\/wp\/v2\/categories?post=88481"},{"taxonomy":"post_tag","embeddable":true,"href":"https:\/\/batijournal.com\/index.php\/wp-json\/wp\/v2\/tags?post=88481"}],"curies":[{"name":"wp","href":"https:\/\/api.w.org\/{rel}","templated":true}]}}