{"id":88526,"date":"2015-07-17T07:00:43","date_gmt":"2015-07-17T05:00:43","guid":{"rendered":"http:\/\/batijournal.com\/?p=88526"},"modified":"2017-04-25T11:05:10","modified_gmt":"2017-04-25T09:05:10","slug":"tuile-terre-cuite","status":"publish","type":"post","link":"https:\/\/batijournal.com\/index.php\/tuile-terre-cuite\/88526\/","title":{"rendered":"Tuile terre cuite"},"content":{"rendered":"<p>D\u00e9j\u00e0 disponible en ardois\u00e9e, amarante rustique, noir brillant\u2026 la gamme de tuiles Panne H2 s&rsquo;enrichit d&rsquo;une r\u00e9f\u00e9rence aux teintes brunes et rouges, trait\u00e9e brillant, pour r\u00e9pondre aux besoins de l&rsquo;Est de la France. Pose \u00e0 joint droit. Dimensions hors tout\u00a0: L\u00a0432\u00a0mm\u00a0x\u00a0l\u00a0255\u00a0mm\u00a0; pureau\u00a0: 360\u00a0mm\u00a0; poids unitaire\u00a0: 44,8\u00a0kg\u00a0; 14 tuiles au m\u00e8tre carr\u00e9.<\/p>\n<p><span style=\"color: #000000;\"><span style=\"font-family: Arial, sans-serif;\"><span style=\"font-size: medium;\">www.imerys-toiture.com<\/span><\/span><\/span><\/p>\n","protected":false},"excerpt":{"rendered":"<p>D\u00e9j\u00e0 disponible en ardois\u00e9e, amarante rustique, noir brillant\u2026 la gamme de tuiles Panne H2 s&rsquo;enrichit d&rsquo;une r\u00e9f\u00e9rence aux teintes brunes et rouges, trait\u00e9e brillant, pour r\u00e9pondre aux besoins de l&rsquo;Est de la France. Pose \u00e0 joint droit. Dimensions hors tout\u00a0: L\u00a0432\u00a0mm\u00a0x\u00a0l\u00a0255\u00a0mm\u00a0; pureau\u00a0: 360\u00a0mm\u00a0; poids unitaire\u00a0: 44,8\u00a0kg\u00a0; 14 tuiles au m\u00e8tre carr\u00e9. www.imerys-toiture.com<\/p>\n","protected":false},"author":17,"featured_media":88527,"comment_status":"open","ping_status":"closed","sticky":false,"template":"","format":"standard","meta":{"_et_pb_use_builder":"","_et_pb_old_content":"","_et_gb_content_width":"","footnotes":""},"categories":[10774],"tags":[4261,925],"class_list":["post-88526","post","type-post","status-publish","format-standard","has-post-thumbnail","hentry","category-produits-5facades","tag-imerys-toiture","tag-tuiles"],"yoast_head":"<!-- This site is optimized with the Yoast SEO plugin v27.4 - https:\/\/yoast.com\/product\/yoast-seo-wordpress\/ -->\n<title>Tuile terre cuite<\/title>\n<meta name=\"robots\" content=\"index, follow, max-snippet:-1, max-image-preview:large, max-video-preview:-1\" \/>\n<link rel=\"canonical\" href=\"https:\/\/batijournal.com\/index.php\/tuile-terre-cuite\/88526\/\" \/>\n<meta property=\"og:locale\" content=\"fr_FR\" \/>\n<meta property=\"og:type\" content=\"article\" \/>\n<meta property=\"og:title\" content=\"Tuile terre cuite\" \/>\n<meta property=\"og:description\" content=\"D\u00e9j\u00e0 disponible en ardois\u00e9e, amarante rustique, noir brillant\u2026 la gamme de tuiles Panne H2 s&rsquo;enrichit d&rsquo;une r\u00e9f\u00e9rence aux teintes brunes et rouges, trait\u00e9e brillant, pour r\u00e9pondre aux besoins de l&rsquo;Est de la France. Pose \u00e0 joint droit. Dimensions hors tout\u00a0: L\u00a0432\u00a0mm\u00a0x\u00a0l\u00a0255\u00a0mm\u00a0; pureau\u00a0: 360\u00a0mm\u00a0; poids unitaire\u00a0: 44,8\u00a0kg\u00a0; 14 tuiles au m\u00e8tre carr\u00e9. www.imerys-toiture.com\" \/>\n<meta property=\"og:url\" content=\"https:\/\/batijournal.com\/index.php\/tuile-terre-cuite\/88526\/\" \/>\n<meta property=\"og:site_name\" content=\"Batijournal\" \/>\n<meta property=\"article:published_time\" content=\"2015-07-17T05:00:43+00:00\" \/>\n<meta property=\"article:modified_time\" content=\"2017-04-25T09:05:10+00:00\" \/>\n<meta property=\"og:image\" content=\"https:\/\/batijournal.com\/wp-content\/uploads\/2015\/07\/PANNE-H2-semois.jpg\" \/>\n\t<meta property=\"og:image:width\" content=\"683\" \/>\n\t<meta property=\"og:image:height\" content=\"1024\" \/>\n\t<meta property=\"og:image:type\" content=\"image\/jpeg\" \/>\n<meta name=\"author\" content=\"St\u00e9phane Miget\" \/>\n<meta name=\"twitter:card\" content=\"summary_large_image\" \/>\n<meta name=\"twitter:creator\" content=\"@bati_journal\" \/>\n<meta name=\"twitter:site\" content=\"@bati_journal\" \/>\n<meta name=\"twitter:label1\" content=\"\u00c9crit par\" \/>\n\t<meta name=\"twitter:data1\" content=\"St\u00e9phane Miget\" \/>\n<script type=\"application\/ld+json\" class=\"yoast-schema-graph\">{\"@context\":\"https:\\\/\\\/schema.org\",\"@graph\":[{\"@type\":\"Article\",\"@id\":\"https:\\\/\\\/batijournal.com\\\/index.php\\\/tuile-terre-cuite\\\/88526\\\/#article\",\"isPartOf\":{\"@id\":\"https:\\\/\\\/batijournal.com\\\/index.php\\\/tuile-terre-cuite\\\/88526\\\/\"},\"author\":{\"name\":\"St\u00e9phane Miget\",\"@id\":\"https:\\\/\\\/batijournal.com\\\/#\\\/schema\\\/person\\\/1dc96ec6957aa1ccb25ebe78bb19f100\"},\"headline\":\"Tuile terre cuite\",\"datePublished\":\"2015-07-17T05:00:43+00:00\",\"dateModified\":\"2017-04-25T09:05:10+00:00\",\"mainEntityOfPage\":{\"@id\":\"https:\\\/\\\/batijournal.com\\\/index.php\\\/tuile-terre-cuite\\\/88526\\\/\"},\"wordCount\":69,\"commentCount\":0,\"image\":{\"@id\":\"https:\\\/\\\/batijournal.com\\\/index.php\\\/tuile-terre-cuite\\\/88526\\\/#primaryimage\"},\"thumbnailUrl\":\"https:\\\/\\\/batijournal.com\\\/wp-content\\\/uploads\\\/2015\\\/07\\\/PANNE-H2-semois.jpg\",\"keywords\":[\"Imerys Toiture\",\"tuiles\"],\"articleSection\":[\"zz_Nouveaut\u00e9s Produits - 5fa\u00e7ades\"],\"inLanguage\":\"fr-FR\",\"potentialAction\":[{\"@type\":\"CommentAction\",\"name\":\"Comment\",\"target\":[\"https:\\\/\\\/batijournal.com\\\/index.php\\\/tuile-terre-cuite\\\/88526\\\/#respond\"]}]},{\"@type\":\"WebPage\",\"@id\":\"https:\\\/\\\/batijournal.com\\\/index.php\\\/tuile-terre-cuite\\\/88526\\\/\",\"url\":\"https:\\\/\\\/batijournal.com\\\/index.php\\\/tuile-terre-cuite\\\/88526\\\/\",\"name\":\"Tuile terre cuite\",\"isPartOf\":{\"@id\":\"https:\\\/\\\/batijournal.com\\\/#website\"},\"primaryImageOfPage\":{\"@id\":\"https:\\\/\\\/batijournal.com\\\/index.php\\\/tuile-terre-cuite\\\/88526\\\/#primaryimage\"},\"image\":{\"@id\":\"https:\\\/\\\/batijournal.com\\\/index.php\\\/tuile-terre-cuite\\\/88526\\\/#primaryimage\"},\"thumbnailUrl\":\"https:\\\/\\\/batijournal.com\\\/wp-content\\\/uploads\\\/2015\\\/07\\\/PANNE-H2-semois.jpg\",\"datePublished\":\"2015-07-17T05:00:43+00:00\",\"dateModified\":\"2017-04-25T09:05:10+00:00\",\"author\":{\"@id\":\"https:\\\/\\\/batijournal.com\\\/#\\\/schema\\\/person\\\/1dc96ec6957aa1ccb25ebe78bb19f100\"},\"breadcrumb\":{\"@id\":\"https:\\\/\\\/batijournal.com\\\/index.php\\\/tuile-terre-cuite\\\/88526\\\/#breadcrumb\"},\"inLanguage\":\"fr-FR\",\"potentialAction\":[{\"@type\":\"ReadAction\",\"target\":[\"https:\\\/\\\/batijournal.com\\\/index.php\\\/tuile-terre-cuite\\\/88526\\\/\"]}]},{\"@type\":\"ImageObject\",\"inLanguage\":\"fr-FR\",\"@id\":\"https:\\\/\\\/batijournal.com\\\/index.php\\\/tuile-terre-cuite\\\/88526\\\/#primaryimage\",\"url\":\"https:\\\/\\\/batijournal.com\\\/wp-content\\\/uploads\\\/2015\\\/07\\\/PANNE-H2-semois.jpg\",\"contentUrl\":\"https:\\\/\\\/batijournal.com\\\/wp-content\\\/uploads\\\/2015\\\/07\\\/PANNE-H2-semois.jpg\",\"width\":683,\"height\":1024,\"caption\":\"Tuile, PAnne, H2, Imerys, Toiture\"},{\"@type\":\"BreadcrumbList\",\"@id\":\"https:\\\/\\\/batijournal.com\\\/index.php\\\/tuile-terre-cuite\\\/88526\\\/#breadcrumb\",\"itemListElement\":[{\"@type\":\"ListItem\",\"position\":1,\"name\":\"Accueil\",\"item\":\"https:\\\/\\\/batijournal.com\\\/\"},{\"@type\":\"ListItem\",\"position\":2,\"name\":\"zz_5fa\u00e7ades\",\"item\":\"https:\\\/\\\/batijournal.com\\\/index.php\\\/category\\\/5facades\\\/\"},{\"@type\":\"ListItem\",\"position\":3,\"name\":\"zz_Nouveaut\u00e9s Produits - 5fa\u00e7ades\",\"item\":\"https:\\\/\\\/batijournal.com\\\/index.php\\\/category\\\/5facades\\\/produits-5facades\\\/\"},{\"@type\":\"ListItem\",\"position\":4,\"name\":\"Tuile terre cuite\"}]},{\"@type\":\"WebSite\",\"@id\":\"https:\\\/\\\/batijournal.com\\\/#website\",\"url\":\"https:\\\/\\\/batijournal.com\\\/\",\"name\":\"Batijournal\",\"description\":\"L&#039;actualit\u00e9 du b\u00e2timent\",\"potentialAction\":[{\"@type\":\"SearchAction\",\"target\":{\"@type\":\"EntryPoint\",\"urlTemplate\":\"https:\\\/\\\/batijournal.com\\\/?s={search_term_string}\"},\"query-input\":{\"@type\":\"PropertyValueSpecification\",\"valueRequired\":true,\"valueName\":\"search_term_string\"}}],\"inLanguage\":\"fr-FR\"},{\"@type\":\"Person\",\"@id\":\"https:\\\/\\\/batijournal.com\\\/#\\\/schema\\\/person\\\/1dc96ec6957aa1ccb25ebe78bb19f100\",\"name\":\"St\u00e9phane Miget\",\"image\":{\"@type\":\"ImageObject\",\"inLanguage\":\"fr-FR\",\"@id\":\"https:\\\/\\\/secure.gravatar.com\\\/avatar\\\/89915563d925342126b8ef0281b93d9d7fc337043e8df017f780908eb9644451?s=96&d=mm&r=g\",\"url\":\"https:\\\/\\\/secure.gravatar.com\\\/avatar\\\/89915563d925342126b8ef0281b93d9d7fc337043e8df017f780908eb9644451?s=96&d=mm&r=g\",\"contentUrl\":\"https:\\\/\\\/secure.gravatar.com\\\/avatar\\\/89915563d925342126b8ef0281b93d9d7fc337043e8df017f780908eb9644451?s=96&d=mm&r=g\",\"caption\":\"St\u00e9phane Miget\"},\"url\":\"https:\\\/\\\/batijournal.com\\\/index.php\\\/author\\\/stephane\\\/\"}]}<\/script>\n<!-- \/ Yoast SEO plugin. -->","yoast_head_json":{"title":"Tuile terre cuite","robots":{"index":"index","follow":"follow","max-snippet":"max-snippet:-1","max-image-preview":"max-image-preview:large","max-video-preview":"max-video-preview:-1"},"canonical":"https:\/\/batijournal.com\/index.php\/tuile-terre-cuite\/88526\/","og_locale":"fr_FR","og_type":"article","og_title":"Tuile terre cuite","og_description":"D\u00e9j\u00e0 disponible en ardois\u00e9e, amarante rustique, noir brillant\u2026 la gamme de tuiles Panne H2 s&rsquo;enrichit d&rsquo;une r\u00e9f\u00e9rence aux teintes brunes et rouges, trait\u00e9e brillant, pour r\u00e9pondre aux besoins de l&rsquo;Est de la France. Pose \u00e0 joint droit. Dimensions hors tout\u00a0: L\u00a0432\u00a0mm\u00a0x\u00a0l\u00a0255\u00a0mm\u00a0; pureau\u00a0: 360\u00a0mm\u00a0; poids unitaire\u00a0: 44,8\u00a0kg\u00a0; 14 tuiles au m\u00e8tre carr\u00e9. www.imerys-toiture.com","og_url":"https:\/\/batijournal.com\/index.php\/tuile-terre-cuite\/88526\/","og_site_name":"Batijournal","article_published_time":"2015-07-17T05:00:43+00:00","article_modified_time":"2017-04-25T09:05:10+00:00","og_image":[{"width":683,"height":1024,"url":"https:\/\/batijournal.com\/wp-content\/uploads\/2015\/07\/PANNE-H2-semois.jpg","type":"image\/jpeg"}],"author":"St\u00e9phane Miget","twitter_card":"summary_large_image","twitter_creator":"@bati_journal","twitter_site":"@bati_journal","twitter_misc":{"\u00c9crit par":"St\u00e9phane Miget"},"schema":{"@context":"https:\/\/schema.org","@graph":[{"@type":"Article","@id":"https:\/\/batijournal.com\/index.php\/tuile-terre-cuite\/88526\/#article","isPartOf":{"@id":"https:\/\/batijournal.com\/index.php\/tuile-terre-cuite\/88526\/"},"author":{"name":"St\u00e9phane Miget","@id":"https:\/\/batijournal.com\/#\/schema\/person\/1dc96ec6957aa1ccb25ebe78bb19f100"},"headline":"Tuile terre cuite","datePublished":"2015-07-17T05:00:43+00:00","dateModified":"2017-04-25T09:05:10+00:00","mainEntityOfPage":{"@id":"https:\/\/batijournal.com\/index.php\/tuile-terre-cuite\/88526\/"},"wordCount":69,"commentCount":0,"image":{"@id":"https:\/\/batijournal.com\/index.php\/tuile-terre-cuite\/88526\/#primaryimage"},"thumbnailUrl":"https:\/\/batijournal.com\/wp-content\/uploads\/2015\/07\/PANNE-H2-semois.jpg","keywords":["Imerys Toiture","tuiles"],"articleSection":["zz_Nouveaut\u00e9s Produits - 5fa\u00e7ades"],"inLanguage":"fr-FR","potentialAction":[{"@type":"CommentAction","name":"Comment","target":["https:\/\/batijournal.com\/index.php\/tuile-terre-cuite\/88526\/#respond"]}]},{"@type":"WebPage","@id":"https:\/\/batijournal.com\/index.php\/tuile-terre-cuite\/88526\/","url":"https:\/\/batijournal.com\/index.php\/tuile-terre-cuite\/88526\/","name":"Tuile terre cuite","isPartOf":{"@id":"https:\/\/batijournal.com\/#website"},"primaryImageOfPage":{"@id":"https:\/\/batijournal.com\/index.php\/tuile-terre-cuite\/88526\/#primaryimage"},"image":{"@id":"https:\/\/batijournal.com\/index.php\/tuile-terre-cuite\/88526\/#primaryimage"},"thumbnailUrl":"https:\/\/batijournal.com\/wp-content\/uploads\/2015\/07\/PANNE-H2-semois.jpg","datePublished":"2015-07-17T05:00:43+00:00","dateModified":"2017-04-25T09:05:10+00:00","author":{"@id":"https:\/\/batijournal.com\/#\/schema\/person\/1dc96ec6957aa1ccb25ebe78bb19f100"},"breadcrumb":{"@id":"https:\/\/batijournal.com\/index.php\/tuile-terre-cuite\/88526\/#breadcrumb"},"inLanguage":"fr-FR","potentialAction":[{"@type":"ReadAction","target":["https:\/\/batijournal.com\/index.php\/tuile-terre-cuite\/88526\/"]}]},{"@type":"ImageObject","inLanguage":"fr-FR","@id":"https:\/\/batijournal.com\/index.php\/tuile-terre-cuite\/88526\/#primaryimage","url":"https:\/\/batijournal.com\/wp-content\/uploads\/2015\/07\/PANNE-H2-semois.jpg","contentUrl":"https:\/\/batijournal.com\/wp-content\/uploads\/2015\/07\/PANNE-H2-semois.jpg","width":683,"height":1024,"caption":"Tuile, PAnne, H2, Imerys, Toiture"},{"@type":"BreadcrumbList","@id":"https:\/\/batijournal.com\/index.php\/tuile-terre-cuite\/88526\/#breadcrumb","itemListElement":[{"@type":"ListItem","position":1,"name":"Accueil","item":"https:\/\/batijournal.com\/"},{"@type":"ListItem","position":2,"name":"zz_5fa\u00e7ades","item":"https:\/\/batijournal.com\/index.php\/category\/5facades\/"},{"@type":"ListItem","position":3,"name":"zz_Nouveaut\u00e9s Produits - 5fa\u00e7ades","item":"https:\/\/batijournal.com\/index.php\/category\/5facades\/produits-5facades\/"},{"@type":"ListItem","position":4,"name":"Tuile terre cuite"}]},{"@type":"WebSite","@id":"https:\/\/batijournal.com\/#website","url":"https:\/\/batijournal.com\/","name":"Batijournal","description":"L&#039;actualit\u00e9 du b\u00e2timent","potentialAction":[{"@type":"SearchAction","target":{"@type":"EntryPoint","urlTemplate":"https:\/\/batijournal.com\/?s={search_term_string}"},"query-input":{"@type":"PropertyValueSpecification","valueRequired":true,"valueName":"search_term_string"}}],"inLanguage":"fr-FR"},{"@type":"Person","@id":"https:\/\/batijournal.com\/#\/schema\/person\/1dc96ec6957aa1ccb25ebe78bb19f100","name":"St\u00e9phane Miget","image":{"@type":"ImageObject","inLanguage":"fr-FR","@id":"https:\/\/secure.gravatar.com\/avatar\/89915563d925342126b8ef0281b93d9d7fc337043e8df017f780908eb9644451?s=96&d=mm&r=g","url":"https:\/\/secure.gravatar.com\/avatar\/89915563d925342126b8ef0281b93d9d7fc337043e8df017f780908eb9644451?s=96&d=mm&r=g","contentUrl":"https:\/\/secure.gravatar.com\/avatar\/89915563d925342126b8ef0281b93d9d7fc337043e8df017f780908eb9644451?s=96&d=mm&r=g","caption":"St\u00e9phane Miget"},"url":"https:\/\/batijournal.com\/index.php\/author\/stephane\/"}]}},"_links":{"self":[{"href":"https:\/\/batijournal.com\/index.php\/wp-json\/wp\/v2\/posts\/88526","targetHints":{"allow":["GET"]}}],"collection":[{"href":"https:\/\/batijournal.com\/index.php\/wp-json\/wp\/v2\/posts"}],"about":[{"href":"https:\/\/batijournal.com\/index.php\/wp-json\/wp\/v2\/types\/post"}],"author":[{"embeddable":true,"href":"https:\/\/batijournal.com\/index.php\/wp-json\/wp\/v2\/users\/17"}],"replies":[{"embeddable":true,"href":"https:\/\/batijournal.com\/index.php\/wp-json\/wp\/v2\/comments?post=88526"}],"version-history":[{"count":0,"href":"https:\/\/batijournal.com\/index.php\/wp-json\/wp\/v2\/posts\/88526\/revisions"}],"wp:featuredmedia":[{"embeddable":true,"href":"https:\/\/batijournal.com\/index.php\/wp-json\/wp\/v2\/media\/88527"}],"wp:attachment":[{"href":"https:\/\/batijournal.com\/index.php\/wp-json\/wp\/v2\/media?parent=88526"}],"wp:term":[{"taxonomy":"category","embeddable":true,"href":"https:\/\/batijournal.com\/index.php\/wp-json\/wp\/v2\/categories?post=88526"},{"taxonomy":"post_tag","embeddable":true,"href":"https:\/\/batijournal.com\/index.php\/wp-json\/wp\/v2\/tags?post=88526"}],"curies":[{"name":"wp","href":"https:\/\/api.w.org\/{rel}","templated":true}]}}