{"id":89017,"date":"2015-09-02T10:08:34","date_gmt":"2015-09-02T08:08:34","guid":{"rendered":"http:\/\/batijournal.com\/?p=89017"},"modified":"2019-07-15T11:28:03","modified_gmt":"2019-07-15T09:28:03","slug":"renovation-des-facades-de-la-residence-ancre-a-courbevoie","status":"publish","type":"post","link":"https:\/\/batijournal.com\/index.php\/renovation-des-facades-de-la-residence-ancre-a-courbevoie\/89017\/","title":{"rendered":"R\u00e9novation des fa\u00e7ades de la R\u00e9sidence Ancre \u00e0 Courbevoie"},"content":{"rendered":"<p>Ce quadrilat\u00e8re de logements sociaux, 90 appartements r\u00e9partis sur sept niveaux, donne de la couleur \u00e0 la place des Saisons \u00e0 Courbevoie sur les marges du quartier de la D\u00e9fense. L&rsquo;op\u00e9ration de restructuration de la r\u00e9sidence a port\u00e9 en particulier sur la r\u00e9novation totale des fa\u00e7ades qui n\u00e9cessitaient une r\u00e9habilitation. Habill\u00e9 de terre cuite chaude et lumineuse, le b\u00e2timent offre un superbe contraste avec les tours de bureaux en verre bleut\u00e9.<\/p>\n<div id=\"attachment_89018\" style=\"width: 970px\" class=\"wp-caption aligncenter\"><img loading=\"lazy\" decoding=\"async\" aria-describedby=\"caption-attachment-89018\" class=\"size-large wp-image-89018\" src=\"https:\/\/batijournal.com\/wp-content\/uploads\/2015\/09\/vcsPRAsset_2777061_129773_ee670053-334c-4531-99a6-1cf57cb41433_0-1024x681.jpeg\" alt=\"Terreal - Courbevoie-Nanterre-Residence ancre\" width=\"960\" height=\"638\" srcset=\"https:\/\/batijournal.com\/wp-content\/uploads\/2015\/09\/vcsPRAsset_2777061_129773_ee670053-334c-4531-99a6-1cf57cb41433_0.jpeg 1024w, https:\/\/batijournal.com\/wp-content\/uploads\/2015\/09\/vcsPRAsset_2777061_129773_ee670053-334c-4531-99a6-1cf57cb41433_0-150x100.jpeg 150w, https:\/\/batijournal.com\/wp-content\/uploads\/2015\/09\/vcsPRAsset_2777061_129773_ee670053-334c-4531-99a6-1cf57cb41433_0-300x200.jpeg 300w, https:\/\/batijournal.com\/wp-content\/uploads\/2015\/09\/vcsPRAsset_2777061_129773_ee670053-334c-4531-99a6-1cf57cb41433_0-600x399.jpeg 600w\" sizes=\"(max-width: 960px) 100vw, 960px\" \/><p id=\"caption-attachment-89018\" class=\"wp-caption-text\">Terreal &#8211; Courbevoie-Nanterre-Residence ancre<\/p><\/div>\n<p>Le bailleur souhaitait que soit r\u00e9alis\u00e9e une isolation par l\u2019ext\u00e9rieur. L\u2019architecte a sugg\u00e9r\u00e9 qu&rsquo;une recherche de qualit\u00e9 soit pouss\u00e9e et que, sur les fa\u00e7ades expos\u00e9es \u00e0 la pollution, soit mis en \u0153uvre un syst\u00e8me de bardage rapport\u00e9 en terre cuite sur une isolation thermique de 15 cm de laine de roche. Sur les deux fa\u00e7ades urbaines, le bardage se d\u00e9ploie sur toute la hauteur de l\u2019immeuble. Sur les deux autres fa\u00e7ades qui donnent sur les cheminements pi\u00e9tonniers de la dalle, il se retourne en bandeau d\u2019all\u00e8ge du premier \u00e9tage, les \u00e9tages sup\u00e9rieurs \u00e9tant trait\u00e9s en ITE sous un enduit tr\u00e8s clair.<\/p>\n<p>La volum\u00e9trie horizontale de l\u2019immeuble est soulign\u00e9e par un calepinage de bardage qui combine en lignes horizontales cinq couleurs rouge, rouge orang\u00e9, violine, champagne, auxquelles s\u2019ajoutent des lignes de blanc qui apportent une touche brillante. Les baies avaient \u00e9t\u00e9 r\u00e9nov\u00e9es et \u00e9quip\u00e9es de fen\u00eatres en PVC cinq ans auparavant. Elles ont donc \u00e9t\u00e9 conserv\u00e9es. Leurs tableaux sont trait\u00e9s en t\u00f4le laqu\u00e9e.<\/p>\n<p><strong>Infos chantier<\/strong><\/p>\n<p>Architecte : Atelier Levandowsky, Architectes<br \/>\nMaitre d&rsquo;ouvrage : OPH Courbevoie Habitat<br \/>\nEntreprise G\u00e9n\u00e9rale : GCEB &#8211; Saint-Germain-l\u00e8s-Corbeil<br \/>\nProduit : Terreal Z\u00e9phir\u00ae Evolution rouge, rouge orang\u00e9, violine, champagne et \u00e9maill\u00e9 blanc<\/p>\n<p><a href=\"http:\/\/www.gceb.info\" target=\"_blank\" rel=\"noopener noreferrer\">www.gceb.info<\/a><\/p>\n","protected":false},"excerpt":{"rendered":"<p>Ce quadrilat\u00e8re de logements sociaux, 90 appartements r\u00e9partis sur sept niveaux, donne de la couleur \u00e0 la place des Saisons \u00e0 Courbevoie sur les marges du quartier de la D\u00e9fense. L&rsquo;op\u00e9ration de restructuration de la r\u00e9sidence a port\u00e9 en particulier sur la r\u00e9novation totale des fa\u00e7ades qui n\u00e9cessitaient une r\u00e9habilitation. Habill\u00e9 de terre cuite chaude [&hellip;]<\/p>\n","protected":false},"author":17,"featured_media":89018,"comment_status":"open","ping_status":"closed","sticky":false,"template":"","format":"standard","meta":{"_et_pb_use_builder":"","_et_pb_old_content":"","_et_gb_content_width":"","footnotes":""},"categories":[6340],"tags":[126,6015],"class_list":["post-89017","post","type-post","status-publish","format-standard","has-post-thumbnail","hentry","category-architecture-conception","tag-facade","tag-renovation"],"yoast_head":"<!-- This site is optimized with the Yoast SEO plugin v27.4 - https:\/\/yoast.com\/product\/yoast-seo-wordpress\/ -->\n<title>R\u00e9novation des fa\u00e7ades de la R\u00e9sidence Ancre \u00e0 Courbevoie<\/title>\n<meta name=\"robots\" content=\"index, follow, max-snippet:-1, max-image-preview:large, max-video-preview:-1\" \/>\n<link rel=\"canonical\" href=\"https:\/\/batijournal.com\/index.php\/renovation-des-facades-de-la-residence-ancre-a-courbevoie\/89017\/\" \/>\n<meta property=\"og:locale\" content=\"fr_FR\" \/>\n<meta property=\"og:type\" content=\"article\" \/>\n<meta property=\"og:title\" content=\"R\u00e9novation des fa\u00e7ades de la R\u00e9sidence Ancre \u00e0 Courbevoie\" \/>\n<meta property=\"og:description\" content=\"Ce quadrilat\u00e8re de logements sociaux, 90 appartements r\u00e9partis sur sept niveaux, donne de la couleur \u00e0 la place des Saisons \u00e0 Courbevoie sur les marges du quartier de la D\u00e9fense. L&rsquo;op\u00e9ration de restructuration de la r\u00e9sidence a port\u00e9 en particulier sur la r\u00e9novation totale des fa\u00e7ades qui n\u00e9cessitaient une r\u00e9habilitation. Habill\u00e9 de terre cuite chaude [&hellip;]\" \/>\n<meta property=\"og:url\" content=\"https:\/\/batijournal.com\/index.php\/renovation-des-facades-de-la-residence-ancre-a-courbevoie\/89017\/\" \/>\n<meta property=\"og:site_name\" content=\"Batijournal\" \/>\n<meta property=\"article:published_time\" content=\"2015-09-02T08:08:34+00:00\" \/>\n<meta property=\"article:modified_time\" content=\"2019-07-15T09:28:03+00:00\" \/>\n<meta property=\"og:image\" content=\"https:\/\/batijournal.com\/wp-content\/uploads\/2015\/09\/vcsPRAsset_2777061_129773_ee670053-334c-4531-99a6-1cf57cb41433_0.jpeg\" \/>\n\t<meta property=\"og:image:width\" content=\"1024\" \/>\n\t<meta property=\"og:image:height\" content=\"681\" \/>\n\t<meta property=\"og:image:type\" content=\"image\/jpeg\" \/>\n<meta name=\"author\" content=\"St\u00e9phane Miget\" \/>\n<meta name=\"twitter:card\" content=\"summary_large_image\" \/>\n<meta name=\"twitter:creator\" content=\"@bati_journal\" \/>\n<meta name=\"twitter:site\" content=\"@bati_journal\" \/>\n<meta name=\"twitter:label1\" content=\"\u00c9crit par\" \/>\n\t<meta name=\"twitter:data1\" content=\"St\u00e9phane Miget\" \/>\n\t<meta name=\"twitter:label2\" content=\"Dur\u00e9e de lecture estim\u00e9e\" \/>\n\t<meta name=\"twitter:data2\" content=\"2 minutes\" \/>\n<script type=\"application\/ld+json\" class=\"yoast-schema-graph\">{\"@context\":\"https:\\\/\\\/schema.org\",\"@graph\":[{\"@type\":\"Article\",\"@id\":\"https:\\\/\\\/batijournal.com\\\/index.php\\\/renovation-des-facades-de-la-residence-ancre-a-courbevoie\\\/89017\\\/#article\",\"isPartOf\":{\"@id\":\"https:\\\/\\\/batijournal.com\\\/index.php\\\/renovation-des-facades-de-la-residence-ancre-a-courbevoie\\\/89017\\\/\"},\"author\":{\"name\":\"St\u00e9phane Miget\",\"@id\":\"https:\\\/\\\/batijournal.com\\\/#\\\/schema\\\/person\\\/1dc96ec6957aa1ccb25ebe78bb19f100\"},\"headline\":\"R\u00e9novation des fa\u00e7ades de la R\u00e9sidence Ancre \u00e0 Courbevoie\",\"datePublished\":\"2015-09-02T08:08:34+00:00\",\"dateModified\":\"2019-07-15T09:28:03+00:00\",\"mainEntityOfPage\":{\"@id\":\"https:\\\/\\\/batijournal.com\\\/index.php\\\/renovation-des-facades-de-la-residence-ancre-a-courbevoie\\\/89017\\\/\"},\"wordCount\":330,\"commentCount\":0,\"image\":{\"@id\":\"https:\\\/\\\/batijournal.com\\\/index.php\\\/renovation-des-facades-de-la-residence-ancre-a-courbevoie\\\/89017\\\/#primaryimage\"},\"thumbnailUrl\":\"https:\\\/\\\/batijournal.com\\\/wp-content\\\/uploads\\\/2015\\\/09\\\/vcsPRAsset_2777061_129773_ee670053-334c-4531-99a6-1cf57cb41433_0.jpeg\",\"keywords\":[\"fa\u00e7ade\",\"r\u00e9novation\"],\"articleSection\":[\"Architecture &amp; Conception\"],\"inLanguage\":\"fr-FR\",\"potentialAction\":[{\"@type\":\"CommentAction\",\"name\":\"Comment\",\"target\":[\"https:\\\/\\\/batijournal.com\\\/index.php\\\/renovation-des-facades-de-la-residence-ancre-a-courbevoie\\\/89017\\\/#respond\"]}]},{\"@type\":\"WebPage\",\"@id\":\"https:\\\/\\\/batijournal.com\\\/index.php\\\/renovation-des-facades-de-la-residence-ancre-a-courbevoie\\\/89017\\\/\",\"url\":\"https:\\\/\\\/batijournal.com\\\/index.php\\\/renovation-des-facades-de-la-residence-ancre-a-courbevoie\\\/89017\\\/\",\"name\":\"R\u00e9novation des fa\u00e7ades de la R\u00e9sidence Ancre \u00e0 Courbevoie\",\"isPartOf\":{\"@id\":\"https:\\\/\\\/batijournal.com\\\/#website\"},\"primaryImageOfPage\":{\"@id\":\"https:\\\/\\\/batijournal.com\\\/index.php\\\/renovation-des-facades-de-la-residence-ancre-a-courbevoie\\\/89017\\\/#primaryimage\"},\"image\":{\"@id\":\"https:\\\/\\\/batijournal.com\\\/index.php\\\/renovation-des-facades-de-la-residence-ancre-a-courbevoie\\\/89017\\\/#primaryimage\"},\"thumbnailUrl\":\"https:\\\/\\\/batijournal.com\\\/wp-content\\\/uploads\\\/2015\\\/09\\\/vcsPRAsset_2777061_129773_ee670053-334c-4531-99a6-1cf57cb41433_0.jpeg\",\"datePublished\":\"2015-09-02T08:08:34+00:00\",\"dateModified\":\"2019-07-15T09:28:03+00:00\",\"author\":{\"@id\":\"https:\\\/\\\/batijournal.com\\\/#\\\/schema\\\/person\\\/1dc96ec6957aa1ccb25ebe78bb19f100\"},\"breadcrumb\":{\"@id\":\"https:\\\/\\\/batijournal.com\\\/index.php\\\/renovation-des-facades-de-la-residence-ancre-a-courbevoie\\\/89017\\\/#breadcrumb\"},\"inLanguage\":\"fr-FR\",\"potentialAction\":[{\"@type\":\"ReadAction\",\"target\":[\"https:\\\/\\\/batijournal.com\\\/index.php\\\/renovation-des-facades-de-la-residence-ancre-a-courbevoie\\\/89017\\\/\"]}]},{\"@type\":\"ImageObject\",\"inLanguage\":\"fr-FR\",\"@id\":\"https:\\\/\\\/batijournal.com\\\/index.php\\\/renovation-des-facades-de-la-residence-ancre-a-courbevoie\\\/89017\\\/#primaryimage\",\"url\":\"https:\\\/\\\/batijournal.com\\\/wp-content\\\/uploads\\\/2015\\\/09\\\/vcsPRAsset_2777061_129773_ee670053-334c-4531-99a6-1cf57cb41433_0.jpeg\",\"contentUrl\":\"https:\\\/\\\/batijournal.com\\\/wp-content\\\/uploads\\\/2015\\\/09\\\/vcsPRAsset_2777061_129773_ee670053-334c-4531-99a6-1cf57cb41433_0.jpeg\",\"width\":1024,\"height\":681,\"caption\":\"Terreal - Courbevoie-Nanterre-Residence ancre\"},{\"@type\":\"BreadcrumbList\",\"@id\":\"https:\\\/\\\/batijournal.com\\\/index.php\\\/renovation-des-facades-de-la-residence-ancre-a-courbevoie\\\/89017\\\/#breadcrumb\",\"itemListElement\":[{\"@type\":\"ListItem\",\"position\":1,\"name\":\"Accueil\",\"item\":\"https:\\\/\\\/batijournal.com\\\/\"},{\"@type\":\"ListItem\",\"position\":2,\"name\":\"Actualit\u00e9s\",\"item\":\"https:\\\/\\\/batijournal.com\\\/index.php\\\/category\\\/actualites\\\/\"},{\"@type\":\"ListItem\",\"position\":3,\"name\":\"Architecture &amp; Conception\",\"item\":\"https:\\\/\\\/batijournal.com\\\/index.php\\\/category\\\/actualites\\\/architecture-conception\\\/\"},{\"@type\":\"ListItem\",\"position\":4,\"name\":\"R\u00e9novation des fa\u00e7ades de la R\u00e9sidence Ancre \u00e0 Courbevoie\"}]},{\"@type\":\"WebSite\",\"@id\":\"https:\\\/\\\/batijournal.com\\\/#website\",\"url\":\"https:\\\/\\\/batijournal.com\\\/\",\"name\":\"Batijournal\",\"description\":\"L&#039;actualit\u00e9 du b\u00e2timent\",\"potentialAction\":[{\"@type\":\"SearchAction\",\"target\":{\"@type\":\"EntryPoint\",\"urlTemplate\":\"https:\\\/\\\/batijournal.com\\\/?s={search_term_string}\"},\"query-input\":{\"@type\":\"PropertyValueSpecification\",\"valueRequired\":true,\"valueName\":\"search_term_string\"}}],\"inLanguage\":\"fr-FR\"},{\"@type\":\"Person\",\"@id\":\"https:\\\/\\\/batijournal.com\\\/#\\\/schema\\\/person\\\/1dc96ec6957aa1ccb25ebe78bb19f100\",\"name\":\"St\u00e9phane Miget\",\"image\":{\"@type\":\"ImageObject\",\"inLanguage\":\"fr-FR\",\"@id\":\"https:\\\/\\\/secure.gravatar.com\\\/avatar\\\/89915563d925342126b8ef0281b93d9d7fc337043e8df017f780908eb9644451?s=96&d=mm&r=g\",\"url\":\"https:\\\/\\\/secure.gravatar.com\\\/avatar\\\/89915563d925342126b8ef0281b93d9d7fc337043e8df017f780908eb9644451?s=96&d=mm&r=g\",\"contentUrl\":\"https:\\\/\\\/secure.gravatar.com\\\/avatar\\\/89915563d925342126b8ef0281b93d9d7fc337043e8df017f780908eb9644451?s=96&d=mm&r=g\",\"caption\":\"St\u00e9phane Miget\"},\"url\":\"https:\\\/\\\/batijournal.com\\\/index.php\\\/author\\\/stephane\\\/\"}]}<\/script>\n<!-- \/ Yoast SEO plugin. -->","yoast_head_json":{"title":"R\u00e9novation des fa\u00e7ades de la R\u00e9sidence Ancre \u00e0 Courbevoie","robots":{"index":"index","follow":"follow","max-snippet":"max-snippet:-1","max-image-preview":"max-image-preview:large","max-video-preview":"max-video-preview:-1"},"canonical":"https:\/\/batijournal.com\/index.php\/renovation-des-facades-de-la-residence-ancre-a-courbevoie\/89017\/","og_locale":"fr_FR","og_type":"article","og_title":"R\u00e9novation des fa\u00e7ades de la R\u00e9sidence Ancre \u00e0 Courbevoie","og_description":"Ce quadrilat\u00e8re de logements sociaux, 90 appartements r\u00e9partis sur sept niveaux, donne de la couleur \u00e0 la place des Saisons \u00e0 Courbevoie sur les marges du quartier de la D\u00e9fense. L&rsquo;op\u00e9ration de restructuration de la r\u00e9sidence a port\u00e9 en particulier sur la r\u00e9novation totale des fa\u00e7ades qui n\u00e9cessitaient une r\u00e9habilitation. Habill\u00e9 de terre cuite chaude [&hellip;]","og_url":"https:\/\/batijournal.com\/index.php\/renovation-des-facades-de-la-residence-ancre-a-courbevoie\/89017\/","og_site_name":"Batijournal","article_published_time":"2015-09-02T08:08:34+00:00","article_modified_time":"2019-07-15T09:28:03+00:00","og_image":[{"width":1024,"height":681,"url":"https:\/\/batijournal.com\/wp-content\/uploads\/2015\/09\/vcsPRAsset_2777061_129773_ee670053-334c-4531-99a6-1cf57cb41433_0.jpeg","type":"image\/jpeg"}],"author":"St\u00e9phane Miget","twitter_card":"summary_large_image","twitter_creator":"@bati_journal","twitter_site":"@bati_journal","twitter_misc":{"\u00c9crit par":"St\u00e9phane Miget","Dur\u00e9e de lecture estim\u00e9e":"2 minutes"},"schema":{"@context":"https:\/\/schema.org","@graph":[{"@type":"Article","@id":"https:\/\/batijournal.com\/index.php\/renovation-des-facades-de-la-residence-ancre-a-courbevoie\/89017\/#article","isPartOf":{"@id":"https:\/\/batijournal.com\/index.php\/renovation-des-facades-de-la-residence-ancre-a-courbevoie\/89017\/"},"author":{"name":"St\u00e9phane Miget","@id":"https:\/\/batijournal.com\/#\/schema\/person\/1dc96ec6957aa1ccb25ebe78bb19f100"},"headline":"R\u00e9novation des fa\u00e7ades de la R\u00e9sidence Ancre \u00e0 Courbevoie","datePublished":"2015-09-02T08:08:34+00:00","dateModified":"2019-07-15T09:28:03+00:00","mainEntityOfPage":{"@id":"https:\/\/batijournal.com\/index.php\/renovation-des-facades-de-la-residence-ancre-a-courbevoie\/89017\/"},"wordCount":330,"commentCount":0,"image":{"@id":"https:\/\/batijournal.com\/index.php\/renovation-des-facades-de-la-residence-ancre-a-courbevoie\/89017\/#primaryimage"},"thumbnailUrl":"https:\/\/batijournal.com\/wp-content\/uploads\/2015\/09\/vcsPRAsset_2777061_129773_ee670053-334c-4531-99a6-1cf57cb41433_0.jpeg","keywords":["fa\u00e7ade","r\u00e9novation"],"articleSection":["Architecture &amp; Conception"],"inLanguage":"fr-FR","potentialAction":[{"@type":"CommentAction","name":"Comment","target":["https:\/\/batijournal.com\/index.php\/renovation-des-facades-de-la-residence-ancre-a-courbevoie\/89017\/#respond"]}]},{"@type":"WebPage","@id":"https:\/\/batijournal.com\/index.php\/renovation-des-facades-de-la-residence-ancre-a-courbevoie\/89017\/","url":"https:\/\/batijournal.com\/index.php\/renovation-des-facades-de-la-residence-ancre-a-courbevoie\/89017\/","name":"R\u00e9novation des fa\u00e7ades de la R\u00e9sidence Ancre \u00e0 Courbevoie","isPartOf":{"@id":"https:\/\/batijournal.com\/#website"},"primaryImageOfPage":{"@id":"https:\/\/batijournal.com\/index.php\/renovation-des-facades-de-la-residence-ancre-a-courbevoie\/89017\/#primaryimage"},"image":{"@id":"https:\/\/batijournal.com\/index.php\/renovation-des-facades-de-la-residence-ancre-a-courbevoie\/89017\/#primaryimage"},"thumbnailUrl":"https:\/\/batijournal.com\/wp-content\/uploads\/2015\/09\/vcsPRAsset_2777061_129773_ee670053-334c-4531-99a6-1cf57cb41433_0.jpeg","datePublished":"2015-09-02T08:08:34+00:00","dateModified":"2019-07-15T09:28:03+00:00","author":{"@id":"https:\/\/batijournal.com\/#\/schema\/person\/1dc96ec6957aa1ccb25ebe78bb19f100"},"breadcrumb":{"@id":"https:\/\/batijournal.com\/index.php\/renovation-des-facades-de-la-residence-ancre-a-courbevoie\/89017\/#breadcrumb"},"inLanguage":"fr-FR","potentialAction":[{"@type":"ReadAction","target":["https:\/\/batijournal.com\/index.php\/renovation-des-facades-de-la-residence-ancre-a-courbevoie\/89017\/"]}]},{"@type":"ImageObject","inLanguage":"fr-FR","@id":"https:\/\/batijournal.com\/index.php\/renovation-des-facades-de-la-residence-ancre-a-courbevoie\/89017\/#primaryimage","url":"https:\/\/batijournal.com\/wp-content\/uploads\/2015\/09\/vcsPRAsset_2777061_129773_ee670053-334c-4531-99a6-1cf57cb41433_0.jpeg","contentUrl":"https:\/\/batijournal.com\/wp-content\/uploads\/2015\/09\/vcsPRAsset_2777061_129773_ee670053-334c-4531-99a6-1cf57cb41433_0.jpeg","width":1024,"height":681,"caption":"Terreal - Courbevoie-Nanterre-Residence ancre"},{"@type":"BreadcrumbList","@id":"https:\/\/batijournal.com\/index.php\/renovation-des-facades-de-la-residence-ancre-a-courbevoie\/89017\/#breadcrumb","itemListElement":[{"@type":"ListItem","position":1,"name":"Accueil","item":"https:\/\/batijournal.com\/"},{"@type":"ListItem","position":2,"name":"Actualit\u00e9s","item":"https:\/\/batijournal.com\/index.php\/category\/actualites\/"},{"@type":"ListItem","position":3,"name":"Architecture &amp; Conception","item":"https:\/\/batijournal.com\/index.php\/category\/actualites\/architecture-conception\/"},{"@type":"ListItem","position":4,"name":"R\u00e9novation des fa\u00e7ades de la R\u00e9sidence Ancre \u00e0 Courbevoie"}]},{"@type":"WebSite","@id":"https:\/\/batijournal.com\/#website","url":"https:\/\/batijournal.com\/","name":"Batijournal","description":"L&#039;actualit\u00e9 du b\u00e2timent","potentialAction":[{"@type":"SearchAction","target":{"@type":"EntryPoint","urlTemplate":"https:\/\/batijournal.com\/?s={search_term_string}"},"query-input":{"@type":"PropertyValueSpecification","valueRequired":true,"valueName":"search_term_string"}}],"inLanguage":"fr-FR"},{"@type":"Person","@id":"https:\/\/batijournal.com\/#\/schema\/person\/1dc96ec6957aa1ccb25ebe78bb19f100","name":"St\u00e9phane Miget","image":{"@type":"ImageObject","inLanguage":"fr-FR","@id":"https:\/\/secure.gravatar.com\/avatar\/89915563d925342126b8ef0281b93d9d7fc337043e8df017f780908eb9644451?s=96&d=mm&r=g","url":"https:\/\/secure.gravatar.com\/avatar\/89915563d925342126b8ef0281b93d9d7fc337043e8df017f780908eb9644451?s=96&d=mm&r=g","contentUrl":"https:\/\/secure.gravatar.com\/avatar\/89915563d925342126b8ef0281b93d9d7fc337043e8df017f780908eb9644451?s=96&d=mm&r=g","caption":"St\u00e9phane Miget"},"url":"https:\/\/batijournal.com\/index.php\/author\/stephane\/"}]}},"_links":{"self":[{"href":"https:\/\/batijournal.com\/index.php\/wp-json\/wp\/v2\/posts\/89017","targetHints":{"allow":["GET"]}}],"collection":[{"href":"https:\/\/batijournal.com\/index.php\/wp-json\/wp\/v2\/posts"}],"about":[{"href":"https:\/\/batijournal.com\/index.php\/wp-json\/wp\/v2\/types\/post"}],"author":[{"embeddable":true,"href":"https:\/\/batijournal.com\/index.php\/wp-json\/wp\/v2\/users\/17"}],"replies":[{"embeddable":true,"href":"https:\/\/batijournal.com\/index.php\/wp-json\/wp\/v2\/comments?post=89017"}],"version-history":[{"count":0,"href":"https:\/\/batijournal.com\/index.php\/wp-json\/wp\/v2\/posts\/89017\/revisions"}],"wp:featuredmedia":[{"embeddable":true,"href":"https:\/\/batijournal.com\/index.php\/wp-json\/wp\/v2\/media\/89018"}],"wp:attachment":[{"href":"https:\/\/batijournal.com\/index.php\/wp-json\/wp\/v2\/media?parent=89017"}],"wp:term":[{"taxonomy":"category","embeddable":true,"href":"https:\/\/batijournal.com\/index.php\/wp-json\/wp\/v2\/categories?post=89017"},{"taxonomy":"post_tag","embeddable":true,"href":"https:\/\/batijournal.com\/index.php\/wp-json\/wp\/v2\/tags?post=89017"}],"curies":[{"name":"wp","href":"https:\/\/api.w.org\/{rel}","templated":true}]}}