{"id":89028,"date":"2015-09-03T07:59:26","date_gmt":"2015-09-03T05:59:26","guid":{"rendered":"http:\/\/batijournal.com\/?p=89028"},"modified":"2019-07-15T12:04:14","modified_gmt":"2019-07-15T10:04:14","slug":"candidats-aux-elections-regionales-soutenez-lartisanat-du-batiment","status":"publish","type":"post","link":"https:\/\/batijournal.com\/index.php\/candidats-aux-elections-regionales-soutenez-lartisanat-du-batiment\/89028\/","title":{"rendered":"Candidats aux \u00e9lections r\u00e9gionales : soutenez l\u2019artisanat du B\u00e2timent !"},"content":{"rendered":"<p><strong>\u00c0 l\u2019approche des \u00e9lections r\u00e9gionales qui se tiendront les 6 et 13 d\u00e9cembre 2015, la CAPEB a rassembl\u00e9 dans un livre blanc ses propositions sur les th\u00e9matiques porteuses pour le secteur du B\u00e2timent.<\/strong><\/p>\n<p>La CAPEB interpelle les candidats aux \u00e9lections r\u00e9gionales sur la situation des professionnels du B\u00e2timent. Avec l\u2019adoption de la loi NOTRe, les Conseils r\u00e9gionaux n\u2019ont jamais d\u00e9tenu autant de comp\u00e9tences en mati\u00e8re de d\u00e9veloppement \u00e9conomique et d\u2019accompagnement des entreprises. Dans ce contexte, la CAPEB entend rappeler aux candidats le r\u00f4le central que les entreprises artisanales ont \u00e0 jouer dans l\u2019\u00e9conomie des r\u00e9gions, en participant notamment \u00e0 la cr\u00e9ation de richesse et d\u2019emplois non d\u00e9localisables. \u00c0 travers son r\u00e9seau r\u00e9gional, la CAPEB est force de proposition aupr\u00e8s des \u00e9lus r\u00e9gionaux, afin de leur faire b\u00e9n\u00e9ficier de son exp\u00e9rience et de son expertise.<\/p>\n<div class=\"page\" title=\"Page 2\">\n<div class=\"section\">\n<div class=\"layoutArea\">\n<div class=\"column\">\n<h2><strong>Quatre grands th\u00e8mes des propositions de la CAPEB<\/strong><\/h2>\n<\/div>\n<\/div>\n<\/div>\n<\/div>\n<div class=\"page\" title=\"Page 2\">\n<div class=\"section\">\n<div class=\"layoutArea\">\n<div class=\"column\">\n<p><strong>1. D\u00e9veloppement \u00e9conomique : soutenir l\u2019entreprenariat dans le B\u00e2timent et rendre accessible aux TPE les march\u00e9s publics<\/strong><\/p>\n<p>Afin d\u2019encourager le d\u00e9veloppement \u00e9conomique r\u00e9gional et l\u2019innovation, il est essentiel de lutter contre la concurrence d\u00e9loyale et le travail ill\u00e9gal, de rendre accessible \u00e0 toutes les entreprises les march\u00e9s publics. Dans ce cadre, les artisans demandent aux futurs acheteurs publics, que sont les candidats, de garantir le respect syst\u00e9matique de la r\u00e8gle de l\u2019allotissement qui permet \u00e0 toutes les entreprises, quelle que soit leur taille, de r\u00e9pondre aux march\u00e9s publics. La CAPEB demande \u00e9galement aux \u00e9lus de faire respecter la r\u00e9glementation pour ce qui est de r\u00e9server effectivement les contrats globaux aux seuls projets complexes ou urgents afin que les TPE ne soient pas exclues de tels march\u00e9s et surtout de veiller \u00e0 ce que les march\u00e9s ne soient pas attribu\u00e9s \u00e0 des prix anormalement bas, cons\u00e9quence souvent directe de l\u2019utilisation d\u2019une main d\u2019\u0153uvre \u00e0 bas co\u00fbt. .<\/p>\n<p><strong>2. D\u00e9veloppement durable<\/strong><\/p>\n<p>Les Conseils r\u00e9gionaux doivent s\u2019engager en faveur du d\u00e9veloppement durable en encourageant les travaux de r\u00e9novation \u00e9nerg\u00e9tique mais aussi en promouvant les entreprises qualifi\u00e9es RGE (Reconnu Garant de l\u2019Environnement) et notamment les ECO Artisans\u00ae. L\u2019aide aux entreprises dans la gestion raisonn\u00e9e des d\u00e9chets et de l\u2019eau est \u00e9galement \u00e0 privil\u00e9gier pour atteindre l\u2019objectif de valorisation de 70 % de d\u00e9chets du BTP en 2020.<\/p>\n<p><strong>3. Logement : Construire plus et mieux, encourager l\u2019accessibilit\u00e9 et l\u2019urbanisme<\/strong><\/p>\n<p>En mati\u00e8re de politique du logement, la CAPEB recommande aux Conseils R\u00e9gionaux de sensibiliser l\u2019opinion publique \u00e0 la r\u00e9novation \u00e9nerg\u00e9tique d\u2019une part, mais aussi les responsables d\u2019\u00e9tablissements recevant du public \u00e0 l\u2019adaptation des logements d\u2019autre part, en vue d\u2019en faciliter ainsi l\u2019accessibilit\u00e9.<\/p>\n<p>En outre, les \u00e9lus qui jouent \u00e9galement un r\u00f4le cl\u00e9 en mati\u00e8re d\u2019urbanisme ils doivent d\u00e9velopper l\u2019\u00e9mergence de projets de construction et encourager leur diversification via les PLU (Plan Local d\u2019Urbanisme) ou les SCoT (Sch\u00e9ma de Coh\u00e9rence Territoriale).<\/p>\n<p><strong>4. Formation professionnelle : d\u00e9velopper l\u2019apprentissage et la formation<\/strong><\/p>\n<p>La CAPEB souhaite collaborer avec les Conseils R\u00e9gionaux pour d\u00e9velopper et promouvoir la formation professionnelle et l\u2019apprentissage, qui sont au c\u0153ur des comp\u00e9tences des r\u00e9gions. Ainsi, il est important d\u2019adapter l\u2019offre de formation aux besoins des entreprises, de favoriser la mixit\u00e9 et de soutenir l\u2019apprentissage. Rappelons que 79 % des apprentis sont accueillis et form\u00e9s par des entreprises artisanales du B\u00e2timent qui sont ainsi les premiers employeurs de France d\u2019apprentis, tous secteurs confondus, avec 63 000 apprentis.<\/p>\n<\/div>\n<\/div>\n<\/div>\n<\/div>\n<p>&nbsp;<\/p>\n<p><strong><a href=\"http:\/\/www.capeb.fr\/media\/document\/livre-blanc-2015.pdf\" target=\"_blank\" rel=\"noopener noreferrer\">T\u00e9l\u00e9charger le Livre Blanc \u201cElections r\u00e9gionales\u201d de la CAPEB<\/a><\/strong><\/p>\n<p>&nbsp;<\/p>\n","protected":false},"excerpt":{"rendered":"<p>\u00c0 l\u2019approche des \u00e9lections r\u00e9gionales qui se tiendront les 6 et 13 d\u00e9cembre 2015, la CAPEB a rassembl\u00e9 dans un livre blanc ses propositions sur les th\u00e9matiques porteuses pour le secteur du B\u00e2timent. La CAPEB interpelle les candidats aux \u00e9lections r\u00e9gionales sur la situation des professionnels du B\u00e2timent. Avec l\u2019adoption de la loi NOTRe, les [&hellip;]<\/p>\n","protected":false},"author":17,"featured_media":89029,"comment_status":"closed","ping_status":"closed","sticky":false,"template":"","format":"standard","meta":{"_et_pb_use_builder":"","_et_pb_old_content":"","_et_gb_content_width":"","footnotes":""},"categories":[10736,6345,10787],"tags":[647],"class_list":["post-89028","post","type-post","status-publish","format-standard","has-post-thumbnail","hentry","category-a-la-une","category-economie-marches","category-entreprises-et-chantiers","tag-capeb"],"yoast_head":"<!-- This site is optimized with the Yoast SEO plugin v27.4 - https:\/\/yoast.com\/product\/yoast-seo-wordpress\/ -->\n<title>Candidats aux \u00e9lections r\u00e9gionales : soutenez l\u2019artisanat du B\u00e2timent !<\/title>\n<meta name=\"robots\" content=\"index, follow, max-snippet:-1, max-image-preview:large, max-video-preview:-1\" \/>\n<link rel=\"canonical\" href=\"https:\/\/batijournal.com\/index.php\/candidats-aux-elections-regionales-soutenez-lartisanat-du-batiment\/89028\/\" \/>\n<meta property=\"og:locale\" content=\"fr_FR\" \/>\n<meta property=\"og:type\" content=\"article\" \/>\n<meta property=\"og:title\" content=\"Candidats aux \u00e9lections r\u00e9gionales : soutenez l\u2019artisanat du B\u00e2timent !\" \/>\n<meta property=\"og:description\" content=\"\u00c0 l\u2019approche des \u00e9lections r\u00e9gionales qui se tiendront les 6 et 13 d\u00e9cembre 2015, la CAPEB a rassembl\u00e9 dans un livre blanc ses propositions sur les th\u00e9matiques porteuses pour le secteur du B\u00e2timent. La CAPEB interpelle les candidats aux \u00e9lections r\u00e9gionales sur la situation des professionnels du B\u00e2timent. Avec l\u2019adoption de la loi NOTRe, les [&hellip;]\" \/>\n<meta property=\"og:url\" content=\"https:\/\/batijournal.com\/index.php\/candidats-aux-elections-regionales-soutenez-lartisanat-du-batiment\/89028\/\" \/>\n<meta property=\"og:site_name\" content=\"Batijournal\" \/>\n<meta property=\"article:published_time\" content=\"2015-09-03T05:59:26+00:00\" \/>\n<meta property=\"article:modified_time\" content=\"2019-07-15T10:04:14+00:00\" \/>\n<meta property=\"og:image\" content=\"https:\/\/batijournal.com\/wp-content\/uploads\/2015\/09\/capeb-regionales.png\" \/>\n\t<meta property=\"og:image:width\" content=\"773\" \/>\n\t<meta property=\"og:image:height\" content=\"400\" \/>\n\t<meta property=\"og:image:type\" content=\"image\/png\" \/>\n<meta name=\"author\" content=\"St\u00e9phane Miget\" \/>\n<meta name=\"twitter:card\" content=\"summary_large_image\" \/>\n<meta name=\"twitter:creator\" content=\"@bati_journal\" \/>\n<meta name=\"twitter:site\" content=\"@bati_journal\" \/>\n<meta name=\"twitter:label1\" content=\"\u00c9crit par\" \/>\n\t<meta name=\"twitter:data1\" content=\"St\u00e9phane Miget\" \/>\n\t<meta name=\"twitter:label2\" content=\"Dur\u00e9e de lecture estim\u00e9e\" \/>\n\t<meta name=\"twitter:data2\" content=\"3 minutes\" \/>\n<script type=\"application\/ld+json\" class=\"yoast-schema-graph\">{\"@context\":\"https:\\\/\\\/schema.org\",\"@graph\":[{\"@type\":\"Article\",\"@id\":\"https:\\\/\\\/batijournal.com\\\/index.php\\\/candidats-aux-elections-regionales-soutenez-lartisanat-du-batiment\\\/89028\\\/#article\",\"isPartOf\":{\"@id\":\"https:\\\/\\\/batijournal.com\\\/index.php\\\/candidats-aux-elections-regionales-soutenez-lartisanat-du-batiment\\\/89028\\\/\"},\"author\":{\"name\":\"St\u00e9phane Miget\",\"@id\":\"https:\\\/\\\/batijournal.com\\\/#\\\/schema\\\/person\\\/1dc96ec6957aa1ccb25ebe78bb19f100\"},\"headline\":\"Candidats aux \u00e9lections r\u00e9gionales : soutenez l\u2019artisanat du B\u00e2timent !\",\"datePublished\":\"2015-09-03T05:59:26+00:00\",\"dateModified\":\"2019-07-15T10:04:14+00:00\",\"mainEntityOfPage\":{\"@id\":\"https:\\\/\\\/batijournal.com\\\/index.php\\\/candidats-aux-elections-regionales-soutenez-lartisanat-du-batiment\\\/89028\\\/\"},\"wordCount\":642,\"image\":{\"@id\":\"https:\\\/\\\/batijournal.com\\\/index.php\\\/candidats-aux-elections-regionales-soutenez-lartisanat-du-batiment\\\/89028\\\/#primaryimage\"},\"thumbnailUrl\":\"https:\\\/\\\/batijournal.com\\\/wp-content\\\/uploads\\\/2015\\\/09\\\/capeb-regionales.png\",\"keywords\":[\"CAPEB\"],\"articleSection\":[\"A la Une\",\"\u00c9conomie &amp; March\u00e9s\",\"zz_Entreprises et chantiers - AC\"],\"inLanguage\":\"fr-FR\"},{\"@type\":\"WebPage\",\"@id\":\"https:\\\/\\\/batijournal.com\\\/index.php\\\/candidats-aux-elections-regionales-soutenez-lartisanat-du-batiment\\\/89028\\\/\",\"url\":\"https:\\\/\\\/batijournal.com\\\/index.php\\\/candidats-aux-elections-regionales-soutenez-lartisanat-du-batiment\\\/89028\\\/\",\"name\":\"Candidats aux \u00e9lections r\u00e9gionales : soutenez l\u2019artisanat du B\u00e2timent !\",\"isPartOf\":{\"@id\":\"https:\\\/\\\/batijournal.com\\\/#website\"},\"primaryImageOfPage\":{\"@id\":\"https:\\\/\\\/batijournal.com\\\/index.php\\\/candidats-aux-elections-regionales-soutenez-lartisanat-du-batiment\\\/89028\\\/#primaryimage\"},\"image\":{\"@id\":\"https:\\\/\\\/batijournal.com\\\/index.php\\\/candidats-aux-elections-regionales-soutenez-lartisanat-du-batiment\\\/89028\\\/#primaryimage\"},\"thumbnailUrl\":\"https:\\\/\\\/batijournal.com\\\/wp-content\\\/uploads\\\/2015\\\/09\\\/capeb-regionales.png\",\"datePublished\":\"2015-09-03T05:59:26+00:00\",\"dateModified\":\"2019-07-15T10:04:14+00:00\",\"author\":{\"@id\":\"https:\\\/\\\/batijournal.com\\\/#\\\/schema\\\/person\\\/1dc96ec6957aa1ccb25ebe78bb19f100\"},\"breadcrumb\":{\"@id\":\"https:\\\/\\\/batijournal.com\\\/index.php\\\/candidats-aux-elections-regionales-soutenez-lartisanat-du-batiment\\\/89028\\\/#breadcrumb\"},\"inLanguage\":\"fr-FR\",\"potentialAction\":[{\"@type\":\"ReadAction\",\"target\":[\"https:\\\/\\\/batijournal.com\\\/index.php\\\/candidats-aux-elections-regionales-soutenez-lartisanat-du-batiment\\\/89028\\\/\"]}]},{\"@type\":\"ImageObject\",\"inLanguage\":\"fr-FR\",\"@id\":\"https:\\\/\\\/batijournal.com\\\/index.php\\\/candidats-aux-elections-regionales-soutenez-lartisanat-du-batiment\\\/89028\\\/#primaryimage\",\"url\":\"https:\\\/\\\/batijournal.com\\\/wp-content\\\/uploads\\\/2015\\\/09\\\/capeb-regionales.png\",\"contentUrl\":\"https:\\\/\\\/batijournal.com\\\/wp-content\\\/uploads\\\/2015\\\/09\\\/capeb-regionales.png\",\"width\":773,\"height\":400},{\"@type\":\"BreadcrumbList\",\"@id\":\"https:\\\/\\\/batijournal.com\\\/index.php\\\/candidats-aux-elections-regionales-soutenez-lartisanat-du-batiment\\\/89028\\\/#breadcrumb\",\"itemListElement\":[{\"@type\":\"ListItem\",\"position\":1,\"name\":\"Accueil\",\"item\":\"https:\\\/\\\/batijournal.com\\\/\"},{\"@type\":\"ListItem\",\"position\":2,\"name\":\"Actualit\u00e9s\",\"item\":\"https:\\\/\\\/batijournal.com\\\/index.php\\\/category\\\/actualites\\\/\"},{\"@type\":\"ListItem\",\"position\":3,\"name\":\"\u00c9conomie &amp; March\u00e9s\",\"item\":\"https:\\\/\\\/batijournal.com\\\/index.php\\\/category\\\/actualites\\\/economie-marches\\\/\"},{\"@type\":\"ListItem\",\"position\":4,\"name\":\"Candidats aux \u00e9lections r\u00e9gionales : soutenez l\u2019artisanat du B\u00e2timent !\"}]},{\"@type\":\"WebSite\",\"@id\":\"https:\\\/\\\/batijournal.com\\\/#website\",\"url\":\"https:\\\/\\\/batijournal.com\\\/\",\"name\":\"Batijournal\",\"description\":\"L&#039;actualit\u00e9 du b\u00e2timent\",\"potentialAction\":[{\"@type\":\"SearchAction\",\"target\":{\"@type\":\"EntryPoint\",\"urlTemplate\":\"https:\\\/\\\/batijournal.com\\\/?s={search_term_string}\"},\"query-input\":{\"@type\":\"PropertyValueSpecification\",\"valueRequired\":true,\"valueName\":\"search_term_string\"}}],\"inLanguage\":\"fr-FR\"},{\"@type\":\"Person\",\"@id\":\"https:\\\/\\\/batijournal.com\\\/#\\\/schema\\\/person\\\/1dc96ec6957aa1ccb25ebe78bb19f100\",\"name\":\"St\u00e9phane Miget\",\"image\":{\"@type\":\"ImageObject\",\"inLanguage\":\"fr-FR\",\"@id\":\"https:\\\/\\\/secure.gravatar.com\\\/avatar\\\/89915563d925342126b8ef0281b93d9d7fc337043e8df017f780908eb9644451?s=96&d=mm&r=g\",\"url\":\"https:\\\/\\\/secure.gravatar.com\\\/avatar\\\/89915563d925342126b8ef0281b93d9d7fc337043e8df017f780908eb9644451?s=96&d=mm&r=g\",\"contentUrl\":\"https:\\\/\\\/secure.gravatar.com\\\/avatar\\\/89915563d925342126b8ef0281b93d9d7fc337043e8df017f780908eb9644451?s=96&d=mm&r=g\",\"caption\":\"St\u00e9phane Miget\"},\"url\":\"https:\\\/\\\/batijournal.com\\\/index.php\\\/author\\\/stephane\\\/\"}]}<\/script>\n<!-- \/ Yoast SEO plugin. -->","yoast_head_json":{"title":"Candidats aux \u00e9lections r\u00e9gionales : soutenez l\u2019artisanat du B\u00e2timent !","robots":{"index":"index","follow":"follow","max-snippet":"max-snippet:-1","max-image-preview":"max-image-preview:large","max-video-preview":"max-video-preview:-1"},"canonical":"https:\/\/batijournal.com\/index.php\/candidats-aux-elections-regionales-soutenez-lartisanat-du-batiment\/89028\/","og_locale":"fr_FR","og_type":"article","og_title":"Candidats aux \u00e9lections r\u00e9gionales : soutenez l\u2019artisanat du B\u00e2timent !","og_description":"\u00c0 l\u2019approche des \u00e9lections r\u00e9gionales qui se tiendront les 6 et 13 d\u00e9cembre 2015, la CAPEB a rassembl\u00e9 dans un livre blanc ses propositions sur les th\u00e9matiques porteuses pour le secteur du B\u00e2timent. La CAPEB interpelle les candidats aux \u00e9lections r\u00e9gionales sur la situation des professionnels du B\u00e2timent. Avec l\u2019adoption de la loi NOTRe, les [&hellip;]","og_url":"https:\/\/batijournal.com\/index.php\/candidats-aux-elections-regionales-soutenez-lartisanat-du-batiment\/89028\/","og_site_name":"Batijournal","article_published_time":"2015-09-03T05:59:26+00:00","article_modified_time":"2019-07-15T10:04:14+00:00","og_image":[{"width":773,"height":400,"url":"https:\/\/batijournal.com\/wp-content\/uploads\/2015\/09\/capeb-regionales.png","type":"image\/png"}],"author":"St\u00e9phane Miget","twitter_card":"summary_large_image","twitter_creator":"@bati_journal","twitter_site":"@bati_journal","twitter_misc":{"\u00c9crit par":"St\u00e9phane Miget","Dur\u00e9e de lecture estim\u00e9e":"3 minutes"},"schema":{"@context":"https:\/\/schema.org","@graph":[{"@type":"Article","@id":"https:\/\/batijournal.com\/index.php\/candidats-aux-elections-regionales-soutenez-lartisanat-du-batiment\/89028\/#article","isPartOf":{"@id":"https:\/\/batijournal.com\/index.php\/candidats-aux-elections-regionales-soutenez-lartisanat-du-batiment\/89028\/"},"author":{"name":"St\u00e9phane Miget","@id":"https:\/\/batijournal.com\/#\/schema\/person\/1dc96ec6957aa1ccb25ebe78bb19f100"},"headline":"Candidats aux \u00e9lections r\u00e9gionales : soutenez l\u2019artisanat du B\u00e2timent !","datePublished":"2015-09-03T05:59:26+00:00","dateModified":"2019-07-15T10:04:14+00:00","mainEntityOfPage":{"@id":"https:\/\/batijournal.com\/index.php\/candidats-aux-elections-regionales-soutenez-lartisanat-du-batiment\/89028\/"},"wordCount":642,"image":{"@id":"https:\/\/batijournal.com\/index.php\/candidats-aux-elections-regionales-soutenez-lartisanat-du-batiment\/89028\/#primaryimage"},"thumbnailUrl":"https:\/\/batijournal.com\/wp-content\/uploads\/2015\/09\/capeb-regionales.png","keywords":["CAPEB"],"articleSection":["A la Une","\u00c9conomie &amp; March\u00e9s","zz_Entreprises et chantiers - AC"],"inLanguage":"fr-FR"},{"@type":"WebPage","@id":"https:\/\/batijournal.com\/index.php\/candidats-aux-elections-regionales-soutenez-lartisanat-du-batiment\/89028\/","url":"https:\/\/batijournal.com\/index.php\/candidats-aux-elections-regionales-soutenez-lartisanat-du-batiment\/89028\/","name":"Candidats aux \u00e9lections r\u00e9gionales : soutenez l\u2019artisanat du B\u00e2timent !","isPartOf":{"@id":"https:\/\/batijournal.com\/#website"},"primaryImageOfPage":{"@id":"https:\/\/batijournal.com\/index.php\/candidats-aux-elections-regionales-soutenez-lartisanat-du-batiment\/89028\/#primaryimage"},"image":{"@id":"https:\/\/batijournal.com\/index.php\/candidats-aux-elections-regionales-soutenez-lartisanat-du-batiment\/89028\/#primaryimage"},"thumbnailUrl":"https:\/\/batijournal.com\/wp-content\/uploads\/2015\/09\/capeb-regionales.png","datePublished":"2015-09-03T05:59:26+00:00","dateModified":"2019-07-15T10:04:14+00:00","author":{"@id":"https:\/\/batijournal.com\/#\/schema\/person\/1dc96ec6957aa1ccb25ebe78bb19f100"},"breadcrumb":{"@id":"https:\/\/batijournal.com\/index.php\/candidats-aux-elections-regionales-soutenez-lartisanat-du-batiment\/89028\/#breadcrumb"},"inLanguage":"fr-FR","potentialAction":[{"@type":"ReadAction","target":["https:\/\/batijournal.com\/index.php\/candidats-aux-elections-regionales-soutenez-lartisanat-du-batiment\/89028\/"]}]},{"@type":"ImageObject","inLanguage":"fr-FR","@id":"https:\/\/batijournal.com\/index.php\/candidats-aux-elections-regionales-soutenez-lartisanat-du-batiment\/89028\/#primaryimage","url":"https:\/\/batijournal.com\/wp-content\/uploads\/2015\/09\/capeb-regionales.png","contentUrl":"https:\/\/batijournal.com\/wp-content\/uploads\/2015\/09\/capeb-regionales.png","width":773,"height":400},{"@type":"BreadcrumbList","@id":"https:\/\/batijournal.com\/index.php\/candidats-aux-elections-regionales-soutenez-lartisanat-du-batiment\/89028\/#breadcrumb","itemListElement":[{"@type":"ListItem","position":1,"name":"Accueil","item":"https:\/\/batijournal.com\/"},{"@type":"ListItem","position":2,"name":"Actualit\u00e9s","item":"https:\/\/batijournal.com\/index.php\/category\/actualites\/"},{"@type":"ListItem","position":3,"name":"\u00c9conomie &amp; March\u00e9s","item":"https:\/\/batijournal.com\/index.php\/category\/actualites\/economie-marches\/"},{"@type":"ListItem","position":4,"name":"Candidats aux \u00e9lections r\u00e9gionales : soutenez l\u2019artisanat du B\u00e2timent !"}]},{"@type":"WebSite","@id":"https:\/\/batijournal.com\/#website","url":"https:\/\/batijournal.com\/","name":"Batijournal","description":"L&#039;actualit\u00e9 du b\u00e2timent","potentialAction":[{"@type":"SearchAction","target":{"@type":"EntryPoint","urlTemplate":"https:\/\/batijournal.com\/?s={search_term_string}"},"query-input":{"@type":"PropertyValueSpecification","valueRequired":true,"valueName":"search_term_string"}}],"inLanguage":"fr-FR"},{"@type":"Person","@id":"https:\/\/batijournal.com\/#\/schema\/person\/1dc96ec6957aa1ccb25ebe78bb19f100","name":"St\u00e9phane Miget","image":{"@type":"ImageObject","inLanguage":"fr-FR","@id":"https:\/\/secure.gravatar.com\/avatar\/89915563d925342126b8ef0281b93d9d7fc337043e8df017f780908eb9644451?s=96&d=mm&r=g","url":"https:\/\/secure.gravatar.com\/avatar\/89915563d925342126b8ef0281b93d9d7fc337043e8df017f780908eb9644451?s=96&d=mm&r=g","contentUrl":"https:\/\/secure.gravatar.com\/avatar\/89915563d925342126b8ef0281b93d9d7fc337043e8df017f780908eb9644451?s=96&d=mm&r=g","caption":"St\u00e9phane Miget"},"url":"https:\/\/batijournal.com\/index.php\/author\/stephane\/"}]}},"_links":{"self":[{"href":"https:\/\/batijournal.com\/index.php\/wp-json\/wp\/v2\/posts\/89028","targetHints":{"allow":["GET"]}}],"collection":[{"href":"https:\/\/batijournal.com\/index.php\/wp-json\/wp\/v2\/posts"}],"about":[{"href":"https:\/\/batijournal.com\/index.php\/wp-json\/wp\/v2\/types\/post"}],"author":[{"embeddable":true,"href":"https:\/\/batijournal.com\/index.php\/wp-json\/wp\/v2\/users\/17"}],"replies":[{"embeddable":true,"href":"https:\/\/batijournal.com\/index.php\/wp-json\/wp\/v2\/comments?post=89028"}],"version-history":[{"count":0,"href":"https:\/\/batijournal.com\/index.php\/wp-json\/wp\/v2\/posts\/89028\/revisions"}],"wp:featuredmedia":[{"embeddable":true,"href":"https:\/\/batijournal.com\/index.php\/wp-json\/wp\/v2\/media\/89029"}],"wp:attachment":[{"href":"https:\/\/batijournal.com\/index.php\/wp-json\/wp\/v2\/media?parent=89028"}],"wp:term":[{"taxonomy":"category","embeddable":true,"href":"https:\/\/batijournal.com\/index.php\/wp-json\/wp\/v2\/categories?post=89028"},{"taxonomy":"post_tag","embeddable":true,"href":"https:\/\/batijournal.com\/index.php\/wp-json\/wp\/v2\/tags?post=89028"}],"curies":[{"name":"wp","href":"https:\/\/api.w.org\/{rel}","templated":true}]}}