{"id":89043,"date":"2015-09-04T08:12:05","date_gmt":"2015-09-04T06:12:05","guid":{"rendered":"http:\/\/batijournal.com\/?p=89043"},"modified":"2019-07-15T12:13:43","modified_gmt":"2019-07-15T10:13:43","slug":"les-8-propositions-de-la-capeb-pour-permettre-la-relance-de-lactivite","status":"publish","type":"post","link":"https:\/\/batijournal.com\/index.php\/les-8-propositions-de-la-capeb-pour-permettre-la-relance-de-lactivite\/89043\/","title":{"rendered":"Les 8 propositions de la Capeb pour permettre la relance de l&rsquo;activit\u00e9"},"content":{"rendered":"<p>Patrick Li\u00e9bus a pr\u00e9sent\u00e9 les propositions de la CAPEB \u00e0 la nouvelle Secr\u00e9taire d\u2019\u00c9tat charg\u00e9e du Commerce et de l\u2019Artisanat, Martine Pinville. Le Pr\u00e9sident de la CAPEB s\u2019est entretenu avec la Secr\u00e9taire d\u2019\u00c9tat sur les difficult\u00e9s que rencontrent depuis plus de 3 ans l\u2019artisanat du B\u00e2timent. Apr\u00e8s 13 trimestres de baisse d\u2019activit\u00e9 et alors que quelques pistes d\u2019am\u00e9lioration se font finalement sentir, la priorit\u00e9 est de remplir les carnets de commande. C\u2019est pourquoi il faut imp\u00e9rativement accompagner les artisans dans la gestion de leur tr\u00e9sorerie et les pr\u00e9munir de la concurrence d\u00e9loyale et du travail ill\u00e9gal.<\/p>\n<p>Afin de donner de l\u2019oxyg\u00e8ne aux petites entreprises du B\u00e2timent, Patrick Li\u00e9bus a pr\u00e9sent\u00e9 8 propositions pour permettre la relance de leur activit\u00e9 :<\/p>\n<p>1 Mettre en place une surveillance des offres anormalement basses pour toute consultation dans le cadre de march\u00e9s publics. La CAPEB demande \u00e9galement que les entreprises puissent s\u2019appuyer sur les contrats d\u2019apprentissage en cours pour satisfaire aux clauses sociales. Annonce faite par le Gouvernement mais rest\u00e9e \u00e0 ce jour sans suite.<br \/>\n2 La question des travailleurs d\u00e9tach\u00e9s reste une pr\u00e9occupation majeure de toutes les entreprises artisanales. Outre la demande parall\u00e8le de r\u00e9vision de la directive que pourrait demander le gouvernement fran\u00e7ais, le projet de loi de finances pour 2016 doit imp\u00e9rativement d\u00e9gager des moyens suppl\u00e9mentaires pour assurer des contr\u00f4les efficaces et nombreux sur le terrain.<br \/>\n3 Simplifier le dispositif RGE afin d\u2019\u00e9viter que des contraintes trop fortes limitent l\u2019acc\u00e8s des entreprises \u00e0 la qualification. Les discussions sur le nombre de r\u00e9f\u00e9rences \u00e0 fournir et la possibilit\u00e9 de faire r\u00e9aliser un audit sur chantier au cas par cas doivent aboutir.<br \/>\n4 Revoir l\u2019instruction fiscale relative au CITE qui permet \u00e0 une entreprise non RGE de faire n\u00e9anmoins b\u00e9n\u00e9ficier du CITE ses clients, sous r\u00e9serve de sous-traiter la pose \u00e0 une entreprise RGE\u2026 en total d\u00e9saccord avec le principe fondateur du dispositif RGE.<br \/>\n5 R\u00e9soudre les probl\u00e8mes de tr\u00e9sorerie et de financement, v\u00e9ritable fl\u00e9au pour les petites entreprises du B\u00e2timent. Face \u00e0 une situation ubuesque o\u00f9 le d\u00e9couvert bancaire est la solution la plus utilis\u00e9e par les artisans pour contourner ces probl\u00e8mes de tr\u00e9sorerie, il faudrait inciter les banques \u00e0 proposer des cr\u00e9dits \u00e0 court terme aux TPE.<br \/>\n6 Faciliter les relations entre le RSI et les cotisants en allouant des moyens informatiques et humains suffisants pour garantir un service de qualit\u00e9 et assurer la bonne mise en \u0153uvre des recommandations du Rapport de Mme Bulteau et de M. Verdier.<br \/>\n7 Assouplir la r\u00e9glementation pour les cr\u00e9ateurs d\u2019entreprises au moins durant les 2 premi\u00e8res ann\u00e9es de cr\u00e9ation afin qu\u2019une organisation professionnelle puisse accompagner un cr\u00e9ateur \u00e0 fixer intelligemment ses prix.<br \/>\n8 Renforcer le programme \u00ab aide aux groupements \u00bb qui permet de mener des actions de proximit\u00e9 aupr\u00e8s des TPE.<\/p>\n","protected":false},"excerpt":{"rendered":"<p>Patrick Li\u00e9bus a pr\u00e9sent\u00e9 les propositions de la CAPEB \u00e0 la nouvelle Secr\u00e9taire d\u2019\u00c9tat charg\u00e9e du Commerce et de l\u2019Artisanat, Martine Pinville. Le Pr\u00e9sident de la CAPEB s\u2019est entretenu avec la Secr\u00e9taire d\u2019\u00c9tat sur les difficult\u00e9s que rencontrent depuis plus de 3 ans l\u2019artisanat du B\u00e2timent. Apr\u00e8s 13 trimestres de baisse d\u2019activit\u00e9 et alors que [&hellip;]<\/p>\n","protected":false},"author":17,"featured_media":89044,"comment_status":"closed","ping_status":"closed","sticky":false,"template":"","format":"standard","meta":{"_et_pb_use_builder":"","_et_pb_old_content":"","_et_gb_content_width":"","footnotes":""},"categories":[10736,6345],"tags":[647],"class_list":["post-89043","post","type-post","status-publish","format-standard","has-post-thumbnail","hentry","category-a-la-une","category-economie-marches","tag-capeb"],"yoast_head":"<!-- This site is optimized with the Yoast SEO plugin v27.4 - https:\/\/yoast.com\/product\/yoast-seo-wordpress\/ -->\n<title>Les 8 propositions de la Capeb pour permettre la relance de l&#039;activit\u00e9<\/title>\n<meta name=\"robots\" content=\"index, follow, max-snippet:-1, max-image-preview:large, max-video-preview:-1\" \/>\n<link rel=\"canonical\" href=\"https:\/\/batijournal.com\/index.php\/les-8-propositions-de-la-capeb-pour-permettre-la-relance-de-lactivite\/89043\/\" \/>\n<meta property=\"og:locale\" content=\"fr_FR\" \/>\n<meta property=\"og:type\" content=\"article\" \/>\n<meta property=\"og:title\" content=\"Les 8 propositions de la Capeb pour permettre la relance de l&#039;activit\u00e9\" \/>\n<meta property=\"og:description\" content=\"Patrick Li\u00e9bus a pr\u00e9sent\u00e9 les propositions de la CAPEB \u00e0 la nouvelle Secr\u00e9taire d\u2019\u00c9tat charg\u00e9e du Commerce et de l\u2019Artisanat, Martine Pinville. Le Pr\u00e9sident de la CAPEB s\u2019est entretenu avec la Secr\u00e9taire d\u2019\u00c9tat sur les difficult\u00e9s que rencontrent depuis plus de 3 ans l\u2019artisanat du B\u00e2timent. Apr\u00e8s 13 trimestres de baisse d\u2019activit\u00e9 et alors que [&hellip;]\" \/>\n<meta property=\"og:url\" content=\"https:\/\/batijournal.com\/index.php\/les-8-propositions-de-la-capeb-pour-permettre-la-relance-de-lactivite\/89043\/\" \/>\n<meta property=\"og:site_name\" content=\"Batijournal\" \/>\n<meta property=\"article:published_time\" content=\"2015-09-04T06:12:05+00:00\" \/>\n<meta property=\"article:modified_time\" content=\"2019-07-15T10:13:43+00:00\" \/>\n<meta property=\"og:image\" content=\"https:\/\/batijournal.com\/wp-content\/uploads\/2015\/09\/Liebus-pinville.jpg\" \/>\n\t<meta property=\"og:image:width\" content=\"1000\" \/>\n\t<meta property=\"og:image:height\" content=\"706\" \/>\n\t<meta property=\"og:image:type\" content=\"image\/jpeg\" \/>\n<meta name=\"author\" content=\"St\u00e9phane Miget\" \/>\n<meta name=\"twitter:card\" content=\"summary_large_image\" \/>\n<meta name=\"twitter:creator\" content=\"@bati_journal\" \/>\n<meta name=\"twitter:site\" content=\"@bati_journal\" \/>\n<meta name=\"twitter:label1\" content=\"\u00c9crit par\" \/>\n\t<meta name=\"twitter:data1\" content=\"St\u00e9phane Miget\" \/>\n\t<meta name=\"twitter:label2\" content=\"Dur\u00e9e de lecture estim\u00e9e\" \/>\n\t<meta name=\"twitter:data2\" content=\"3 minutes\" \/>\n<script type=\"application\/ld+json\" class=\"yoast-schema-graph\">{\"@context\":\"https:\\\/\\\/schema.org\",\"@graph\":[{\"@type\":\"Article\",\"@id\":\"https:\\\/\\\/batijournal.com\\\/index.php\\\/les-8-propositions-de-la-capeb-pour-permettre-la-relance-de-lactivite\\\/89043\\\/#article\",\"isPartOf\":{\"@id\":\"https:\\\/\\\/batijournal.com\\\/index.php\\\/les-8-propositions-de-la-capeb-pour-permettre-la-relance-de-lactivite\\\/89043\\\/\"},\"author\":{\"name\":\"St\u00e9phane Miget\",\"@id\":\"https:\\\/\\\/batijournal.com\\\/#\\\/schema\\\/person\\\/1dc96ec6957aa1ccb25ebe78bb19f100\"},\"headline\":\"Les 8 propositions de la Capeb pour permettre la relance de l&rsquo;activit\u00e9\",\"datePublished\":\"2015-09-04T06:12:05+00:00\",\"dateModified\":\"2019-07-15T10:13:43+00:00\",\"mainEntityOfPage\":{\"@id\":\"https:\\\/\\\/batijournal.com\\\/index.php\\\/les-8-propositions-de-la-capeb-pour-permettre-la-relance-de-lactivite\\\/89043\\\/\"},\"wordCount\":518,\"image\":{\"@id\":\"https:\\\/\\\/batijournal.com\\\/index.php\\\/les-8-propositions-de-la-capeb-pour-permettre-la-relance-de-lactivite\\\/89043\\\/#primaryimage\"},\"thumbnailUrl\":\"https:\\\/\\\/batijournal.com\\\/wp-content\\\/uploads\\\/2015\\\/09\\\/Liebus-pinville.jpg\",\"keywords\":[\"CAPEB\"],\"articleSection\":[\"A la Une\",\"\u00c9conomie &amp; March\u00e9s\"],\"inLanguage\":\"fr-FR\"},{\"@type\":\"WebPage\",\"@id\":\"https:\\\/\\\/batijournal.com\\\/index.php\\\/les-8-propositions-de-la-capeb-pour-permettre-la-relance-de-lactivite\\\/89043\\\/\",\"url\":\"https:\\\/\\\/batijournal.com\\\/index.php\\\/les-8-propositions-de-la-capeb-pour-permettre-la-relance-de-lactivite\\\/89043\\\/\",\"name\":\"Les 8 propositions de la Capeb pour permettre la relance de l'activit\u00e9\",\"isPartOf\":{\"@id\":\"https:\\\/\\\/batijournal.com\\\/#website\"},\"primaryImageOfPage\":{\"@id\":\"https:\\\/\\\/batijournal.com\\\/index.php\\\/les-8-propositions-de-la-capeb-pour-permettre-la-relance-de-lactivite\\\/89043\\\/#primaryimage\"},\"image\":{\"@id\":\"https:\\\/\\\/batijournal.com\\\/index.php\\\/les-8-propositions-de-la-capeb-pour-permettre-la-relance-de-lactivite\\\/89043\\\/#primaryimage\"},\"thumbnailUrl\":\"https:\\\/\\\/batijournal.com\\\/wp-content\\\/uploads\\\/2015\\\/09\\\/Liebus-pinville.jpg\",\"datePublished\":\"2015-09-04T06:12:05+00:00\",\"dateModified\":\"2019-07-15T10:13:43+00:00\",\"author\":{\"@id\":\"https:\\\/\\\/batijournal.com\\\/#\\\/schema\\\/person\\\/1dc96ec6957aa1ccb25ebe78bb19f100\"},\"breadcrumb\":{\"@id\":\"https:\\\/\\\/batijournal.com\\\/index.php\\\/les-8-propositions-de-la-capeb-pour-permettre-la-relance-de-lactivite\\\/89043\\\/#breadcrumb\"},\"inLanguage\":\"fr-FR\",\"potentialAction\":[{\"@type\":\"ReadAction\",\"target\":[\"https:\\\/\\\/batijournal.com\\\/index.php\\\/les-8-propositions-de-la-capeb-pour-permettre-la-relance-de-lactivite\\\/89043\\\/\"]}]},{\"@type\":\"ImageObject\",\"inLanguage\":\"fr-FR\",\"@id\":\"https:\\\/\\\/batijournal.com\\\/index.php\\\/les-8-propositions-de-la-capeb-pour-permettre-la-relance-de-lactivite\\\/89043\\\/#primaryimage\",\"url\":\"https:\\\/\\\/batijournal.com\\\/wp-content\\\/uploads\\\/2015\\\/09\\\/Liebus-pinville.jpg\",\"contentUrl\":\"https:\\\/\\\/batijournal.com\\\/wp-content\\\/uploads\\\/2015\\\/09\\\/Liebus-pinville.jpg\",\"width\":1000,\"height\":706},{\"@type\":\"BreadcrumbList\",\"@id\":\"https:\\\/\\\/batijournal.com\\\/index.php\\\/les-8-propositions-de-la-capeb-pour-permettre-la-relance-de-lactivite\\\/89043\\\/#breadcrumb\",\"itemListElement\":[{\"@type\":\"ListItem\",\"position\":1,\"name\":\"Accueil\",\"item\":\"https:\\\/\\\/batijournal.com\\\/\"},{\"@type\":\"ListItem\",\"position\":2,\"name\":\"Actualit\u00e9s\",\"item\":\"https:\\\/\\\/batijournal.com\\\/index.php\\\/category\\\/actualites\\\/\"},{\"@type\":\"ListItem\",\"position\":3,\"name\":\"\u00c9conomie &amp; March\u00e9s\",\"item\":\"https:\\\/\\\/batijournal.com\\\/index.php\\\/category\\\/actualites\\\/economie-marches\\\/\"},{\"@type\":\"ListItem\",\"position\":4,\"name\":\"Les 8 propositions de la Capeb pour permettre la relance de l&rsquo;activit\u00e9\"}]},{\"@type\":\"WebSite\",\"@id\":\"https:\\\/\\\/batijournal.com\\\/#website\",\"url\":\"https:\\\/\\\/batijournal.com\\\/\",\"name\":\"Batijournal\",\"description\":\"L&#039;actualit\u00e9 du b\u00e2timent\",\"potentialAction\":[{\"@type\":\"SearchAction\",\"target\":{\"@type\":\"EntryPoint\",\"urlTemplate\":\"https:\\\/\\\/batijournal.com\\\/?s={search_term_string}\"},\"query-input\":{\"@type\":\"PropertyValueSpecification\",\"valueRequired\":true,\"valueName\":\"search_term_string\"}}],\"inLanguage\":\"fr-FR\"},{\"@type\":\"Person\",\"@id\":\"https:\\\/\\\/batijournal.com\\\/#\\\/schema\\\/person\\\/1dc96ec6957aa1ccb25ebe78bb19f100\",\"name\":\"St\u00e9phane Miget\",\"image\":{\"@type\":\"ImageObject\",\"inLanguage\":\"fr-FR\",\"@id\":\"https:\\\/\\\/secure.gravatar.com\\\/avatar\\\/89915563d925342126b8ef0281b93d9d7fc337043e8df017f780908eb9644451?s=96&d=mm&r=g\",\"url\":\"https:\\\/\\\/secure.gravatar.com\\\/avatar\\\/89915563d925342126b8ef0281b93d9d7fc337043e8df017f780908eb9644451?s=96&d=mm&r=g\",\"contentUrl\":\"https:\\\/\\\/secure.gravatar.com\\\/avatar\\\/89915563d925342126b8ef0281b93d9d7fc337043e8df017f780908eb9644451?s=96&d=mm&r=g\",\"caption\":\"St\u00e9phane Miget\"},\"url\":\"https:\\\/\\\/batijournal.com\\\/index.php\\\/author\\\/stephane\\\/\"}]}<\/script>\n<!-- \/ Yoast SEO plugin. -->","yoast_head_json":{"title":"Les 8 propositions de la Capeb pour permettre la relance de l'activit\u00e9","robots":{"index":"index","follow":"follow","max-snippet":"max-snippet:-1","max-image-preview":"max-image-preview:large","max-video-preview":"max-video-preview:-1"},"canonical":"https:\/\/batijournal.com\/index.php\/les-8-propositions-de-la-capeb-pour-permettre-la-relance-de-lactivite\/89043\/","og_locale":"fr_FR","og_type":"article","og_title":"Les 8 propositions de la Capeb pour permettre la relance de l'activit\u00e9","og_description":"Patrick Li\u00e9bus a pr\u00e9sent\u00e9 les propositions de la CAPEB \u00e0 la nouvelle Secr\u00e9taire d\u2019\u00c9tat charg\u00e9e du Commerce et de l\u2019Artisanat, Martine Pinville. Le Pr\u00e9sident de la CAPEB s\u2019est entretenu avec la Secr\u00e9taire d\u2019\u00c9tat sur les difficult\u00e9s que rencontrent depuis plus de 3 ans l\u2019artisanat du B\u00e2timent. Apr\u00e8s 13 trimestres de baisse d\u2019activit\u00e9 et alors que [&hellip;]","og_url":"https:\/\/batijournal.com\/index.php\/les-8-propositions-de-la-capeb-pour-permettre-la-relance-de-lactivite\/89043\/","og_site_name":"Batijournal","article_published_time":"2015-09-04T06:12:05+00:00","article_modified_time":"2019-07-15T10:13:43+00:00","og_image":[{"width":1000,"height":706,"url":"https:\/\/batijournal.com\/wp-content\/uploads\/2015\/09\/Liebus-pinville.jpg","type":"image\/jpeg"}],"author":"St\u00e9phane Miget","twitter_card":"summary_large_image","twitter_creator":"@bati_journal","twitter_site":"@bati_journal","twitter_misc":{"\u00c9crit par":"St\u00e9phane Miget","Dur\u00e9e de lecture estim\u00e9e":"3 minutes"},"schema":{"@context":"https:\/\/schema.org","@graph":[{"@type":"Article","@id":"https:\/\/batijournal.com\/index.php\/les-8-propositions-de-la-capeb-pour-permettre-la-relance-de-lactivite\/89043\/#article","isPartOf":{"@id":"https:\/\/batijournal.com\/index.php\/les-8-propositions-de-la-capeb-pour-permettre-la-relance-de-lactivite\/89043\/"},"author":{"name":"St\u00e9phane Miget","@id":"https:\/\/batijournal.com\/#\/schema\/person\/1dc96ec6957aa1ccb25ebe78bb19f100"},"headline":"Les 8 propositions de la Capeb pour permettre la relance de l&rsquo;activit\u00e9","datePublished":"2015-09-04T06:12:05+00:00","dateModified":"2019-07-15T10:13:43+00:00","mainEntityOfPage":{"@id":"https:\/\/batijournal.com\/index.php\/les-8-propositions-de-la-capeb-pour-permettre-la-relance-de-lactivite\/89043\/"},"wordCount":518,"image":{"@id":"https:\/\/batijournal.com\/index.php\/les-8-propositions-de-la-capeb-pour-permettre-la-relance-de-lactivite\/89043\/#primaryimage"},"thumbnailUrl":"https:\/\/batijournal.com\/wp-content\/uploads\/2015\/09\/Liebus-pinville.jpg","keywords":["CAPEB"],"articleSection":["A la Une","\u00c9conomie &amp; March\u00e9s"],"inLanguage":"fr-FR"},{"@type":"WebPage","@id":"https:\/\/batijournal.com\/index.php\/les-8-propositions-de-la-capeb-pour-permettre-la-relance-de-lactivite\/89043\/","url":"https:\/\/batijournal.com\/index.php\/les-8-propositions-de-la-capeb-pour-permettre-la-relance-de-lactivite\/89043\/","name":"Les 8 propositions de la Capeb pour permettre la relance de l'activit\u00e9","isPartOf":{"@id":"https:\/\/batijournal.com\/#website"},"primaryImageOfPage":{"@id":"https:\/\/batijournal.com\/index.php\/les-8-propositions-de-la-capeb-pour-permettre-la-relance-de-lactivite\/89043\/#primaryimage"},"image":{"@id":"https:\/\/batijournal.com\/index.php\/les-8-propositions-de-la-capeb-pour-permettre-la-relance-de-lactivite\/89043\/#primaryimage"},"thumbnailUrl":"https:\/\/batijournal.com\/wp-content\/uploads\/2015\/09\/Liebus-pinville.jpg","datePublished":"2015-09-04T06:12:05+00:00","dateModified":"2019-07-15T10:13:43+00:00","author":{"@id":"https:\/\/batijournal.com\/#\/schema\/person\/1dc96ec6957aa1ccb25ebe78bb19f100"},"breadcrumb":{"@id":"https:\/\/batijournal.com\/index.php\/les-8-propositions-de-la-capeb-pour-permettre-la-relance-de-lactivite\/89043\/#breadcrumb"},"inLanguage":"fr-FR","potentialAction":[{"@type":"ReadAction","target":["https:\/\/batijournal.com\/index.php\/les-8-propositions-de-la-capeb-pour-permettre-la-relance-de-lactivite\/89043\/"]}]},{"@type":"ImageObject","inLanguage":"fr-FR","@id":"https:\/\/batijournal.com\/index.php\/les-8-propositions-de-la-capeb-pour-permettre-la-relance-de-lactivite\/89043\/#primaryimage","url":"https:\/\/batijournal.com\/wp-content\/uploads\/2015\/09\/Liebus-pinville.jpg","contentUrl":"https:\/\/batijournal.com\/wp-content\/uploads\/2015\/09\/Liebus-pinville.jpg","width":1000,"height":706},{"@type":"BreadcrumbList","@id":"https:\/\/batijournal.com\/index.php\/les-8-propositions-de-la-capeb-pour-permettre-la-relance-de-lactivite\/89043\/#breadcrumb","itemListElement":[{"@type":"ListItem","position":1,"name":"Accueil","item":"https:\/\/batijournal.com\/"},{"@type":"ListItem","position":2,"name":"Actualit\u00e9s","item":"https:\/\/batijournal.com\/index.php\/category\/actualites\/"},{"@type":"ListItem","position":3,"name":"\u00c9conomie &amp; March\u00e9s","item":"https:\/\/batijournal.com\/index.php\/category\/actualites\/economie-marches\/"},{"@type":"ListItem","position":4,"name":"Les 8 propositions de la Capeb pour permettre la relance de l&rsquo;activit\u00e9"}]},{"@type":"WebSite","@id":"https:\/\/batijournal.com\/#website","url":"https:\/\/batijournal.com\/","name":"Batijournal","description":"L&#039;actualit\u00e9 du b\u00e2timent","potentialAction":[{"@type":"SearchAction","target":{"@type":"EntryPoint","urlTemplate":"https:\/\/batijournal.com\/?s={search_term_string}"},"query-input":{"@type":"PropertyValueSpecification","valueRequired":true,"valueName":"search_term_string"}}],"inLanguage":"fr-FR"},{"@type":"Person","@id":"https:\/\/batijournal.com\/#\/schema\/person\/1dc96ec6957aa1ccb25ebe78bb19f100","name":"St\u00e9phane Miget","image":{"@type":"ImageObject","inLanguage":"fr-FR","@id":"https:\/\/secure.gravatar.com\/avatar\/89915563d925342126b8ef0281b93d9d7fc337043e8df017f780908eb9644451?s=96&d=mm&r=g","url":"https:\/\/secure.gravatar.com\/avatar\/89915563d925342126b8ef0281b93d9d7fc337043e8df017f780908eb9644451?s=96&d=mm&r=g","contentUrl":"https:\/\/secure.gravatar.com\/avatar\/89915563d925342126b8ef0281b93d9d7fc337043e8df017f780908eb9644451?s=96&d=mm&r=g","caption":"St\u00e9phane Miget"},"url":"https:\/\/batijournal.com\/index.php\/author\/stephane\/"}]}},"_links":{"self":[{"href":"https:\/\/batijournal.com\/index.php\/wp-json\/wp\/v2\/posts\/89043","targetHints":{"allow":["GET"]}}],"collection":[{"href":"https:\/\/batijournal.com\/index.php\/wp-json\/wp\/v2\/posts"}],"about":[{"href":"https:\/\/batijournal.com\/index.php\/wp-json\/wp\/v2\/types\/post"}],"author":[{"embeddable":true,"href":"https:\/\/batijournal.com\/index.php\/wp-json\/wp\/v2\/users\/17"}],"replies":[{"embeddable":true,"href":"https:\/\/batijournal.com\/index.php\/wp-json\/wp\/v2\/comments?post=89043"}],"version-history":[{"count":0,"href":"https:\/\/batijournal.com\/index.php\/wp-json\/wp\/v2\/posts\/89043\/revisions"}],"wp:featuredmedia":[{"embeddable":true,"href":"https:\/\/batijournal.com\/index.php\/wp-json\/wp\/v2\/media\/89044"}],"wp:attachment":[{"href":"https:\/\/batijournal.com\/index.php\/wp-json\/wp\/v2\/media?parent=89043"}],"wp:term":[{"taxonomy":"category","embeddable":true,"href":"https:\/\/batijournal.com\/index.php\/wp-json\/wp\/v2\/categories?post=89043"},{"taxonomy":"post_tag","embeddable":true,"href":"https:\/\/batijournal.com\/index.php\/wp-json\/wp\/v2\/tags?post=89043"}],"curies":[{"name":"wp","href":"https:\/\/api.w.org\/{rel}","templated":true}]}}