{"id":89063,"date":"2015-09-08T07:23:39","date_gmt":"2015-09-08T05:23:39","guid":{"rendered":"http:\/\/batijournal.com\/?p=89063"},"modified":"2019-07-15T12:20:21","modified_gmt":"2019-07-15T10:20:21","slug":"le-nouveau-lycee-maritime-de-saint-malo-passif-a-energie-positive","status":"publish","type":"post","link":"https:\/\/batijournal.com\/index.php\/le-nouveau-lycee-maritime-de-saint-malo-passif-a-energie-positive\/89063\/","title":{"rendered":"Le nouveau lyc\u00e9e maritime de Saint-Malo : passif, \u00e0 \u00e9nergie positive"},"content":{"rendered":"<p>C&rsquo;est dans un \u00e9tablissement tout neuf que les \u00e9l\u00e8ves du lyc\u00e9e maritime de Saint-Malo ont fait leur rentr\u00e9e. La R\u00e9gion Bretagne a r\u00e9alis\u00e9 ce nouvel \u00e9quipement, exemplaire en mati\u00e8re d&rsquo;\u00e9co-construction et d&rsquo;efficacit\u00e9 \u00e9nerg\u00e9tique, afin d&rsquo;offrir les meilleures conditions de r\u00e9ussite \u00e0 ces jeunes et permettre le d\u00e9veloppement de la formation maritime en Bretagne. Elle y a consacr\u00e9 25 M\u20ac. Confi\u00e9 au cabinet d\u2019architectes rennais Liard et Tanguy, le nouvel \u00e9quipement, dont les travaux ont d\u00e9but\u00e9 en juin 2013,dispose d&rsquo;une capacit\u00e9 d&rsquo;accueil de 300 \u00e9l\u00e8ves. B\u00e2timent passif, de conception bioclimatique, le lyc\u00e9e est m\u00eame, avec la pose de panneaux photovolta\u00efques, \u00e0 \u00e9nergie positive. Le r\u00e9sultat d&rsquo;une r\u00e9flexion d&rsquo;ensemble sur son orientation, le choix et la combinaison de mat\u00e9riaux permettant de garantir des r\u00e9sultats optimum.<\/p>\n<p>Les 1 000 m\u00b2 de panneaux ou cellules photovolta\u00efques install\u00e9s sur la verri\u00e8re de l&rsquo;atrium et la toiture de l&rsquo;externat produiront l&rsquo;\u00e9nergie n\u00e9cessaire \u00e0 la consommation de l&rsquo;\u00e9tablissement (30 kWhep\/m\u00b2\/an(2)), et m\u00eame davantage : le surplus va \u00eatre revendu et r\u00e9inject\u00e9 dans le r\u00e9seau public. Deux chaudi\u00e8res bois assurent le chauffage et le syst\u00e8me de ventilation permet une r\u00e9cup\u00e9ration de la chaleur de l&rsquo;air extrait. Les panneaux solaires thermiques situ\u00e9s sur le toit du restaurant scolaire, et en fa\u00e7ade de l&rsquo;internat, permettront de couvrir 30 % des besoins en eau chaude de ces 2 b\u00e2timents.<\/p>\n<div id=\"attachment_89064\" style=\"width: 810px\" class=\"wp-caption aligncenter\"><img loading=\"lazy\" decoding=\"async\" aria-describedby=\"caption-attachment-89064\" class=\"size-full wp-image-89064\" src=\"https:\/\/batijournal.com\/wp-content\/uploads\/2015\/09\/20-800x450copyright-_rb_0057860.jpg\" alt=\"Photo : Thomas Crabot - RB\" width=\"800\" height=\"450\" srcset=\"https:\/\/batijournal.com\/wp-content\/uploads\/2015\/09\/20-800x450copyright-_rb_0057860.jpg 800w, https:\/\/batijournal.com\/wp-content\/uploads\/2015\/09\/20-800x450copyright-_rb_0057860-150x84.jpg 150w, https:\/\/batijournal.com\/wp-content\/uploads\/2015\/09\/20-800x450copyright-_rb_0057860-300x169.jpg 300w, https:\/\/batijournal.com\/wp-content\/uploads\/2015\/09\/20-800x450copyright-_rb_0057860-600x338.jpg 600w\" sizes=\"(max-width: 800px) 100vw, 800px\" \/><p id=\"caption-attachment-89064\" class=\"wp-caption-text\">Photo : Thomas Crabot &#8211; RB<\/p><\/div>\n<p>C\u00f4t\u00e9 mat\u00e9riaux, le bois (ch\u00e2taigner et r\u00e9sineux du Nord) est pr\u00e9dominant : plancher, ossature, bardage, cloison murale en bois et ECOPEG\u00ae (isolant produit en France \u00e0 base de bouteilles en plastique recycl\u00e9es). Et, toujours en r\u00e9ponse aux crit\u00e8res d\u2019\u00e9co-construction port\u00e9s par la R\u00e9gion, les isolants utilis\u00e9s sont notamment la ouate de cellulose,produite \u00e0 Morlaix, et la laine de bois. Le rev\u00eatement des sols est en caoutchouc.<\/p>\n<p>Le nouveau lyc\u00e9e maritime de Saint-Malo portera le nom de la navigatrice Florence Arthaud disparue tragiquement en mars 2015.<\/p>\n","protected":false},"excerpt":{"rendered":"<p>C&rsquo;est dans un \u00e9tablissement tout neuf que les \u00e9l\u00e8ves du lyc\u00e9e maritime de Saint-Malo ont fait leur rentr\u00e9e. La R\u00e9gion Bretagne a r\u00e9alis\u00e9 ce nouvel \u00e9quipement, exemplaire en mati\u00e8re d&rsquo;\u00e9co-construction et d&rsquo;efficacit\u00e9 \u00e9nerg\u00e9tique, afin d&rsquo;offrir les meilleures conditions de r\u00e9ussite \u00e0 ces jeunes et permettre le d\u00e9veloppement de la formation maritime en Bretagne. Elle y [&hellip;]<\/p>\n","protected":false},"author":17,"featured_media":89064,"comment_status":"closed","ping_status":"closed","sticky":false,"template":"","format":"standard","meta":{"_et_pb_use_builder":"","_et_pb_old_content":"","_et_gb_content_width":"","footnotes":""},"categories":[10736,6340,6351],"tags":[4379,42,374],"class_list":["post-89063","post","type-post","status-publish","format-standard","has-post-thumbnail","hentry","category-a-la-une","category-architecture-conception","category-energie-environnement","tag-batiment-passif","tag-bepos","tag-construction-bois-2"],"yoast_head":"<!-- This site is optimized with the Yoast SEO plugin v27.4 - https:\/\/yoast.com\/product\/yoast-seo-wordpress\/ -->\n<title>Le nouveau lyc\u00e9e maritime de Saint-Malo : passif, \u00e0 \u00e9nergie positive<\/title>\n<meta name=\"robots\" content=\"index, follow, max-snippet:-1, max-image-preview:large, max-video-preview:-1\" \/>\n<link rel=\"canonical\" href=\"https:\/\/batijournal.com\/index.php\/le-nouveau-lycee-maritime-de-saint-malo-passif-a-energie-positive\/89063\/\" \/>\n<meta property=\"og:locale\" content=\"fr_FR\" \/>\n<meta property=\"og:type\" content=\"article\" \/>\n<meta property=\"og:title\" content=\"Le nouveau lyc\u00e9e maritime de Saint-Malo : passif, \u00e0 \u00e9nergie positive\" \/>\n<meta property=\"og:description\" content=\"C&rsquo;est dans un \u00e9tablissement tout neuf que les \u00e9l\u00e8ves du lyc\u00e9e maritime de Saint-Malo ont fait leur rentr\u00e9e. La R\u00e9gion Bretagne a r\u00e9alis\u00e9 ce nouvel \u00e9quipement, exemplaire en mati\u00e8re d&rsquo;\u00e9co-construction et d&rsquo;efficacit\u00e9 \u00e9nerg\u00e9tique, afin d&rsquo;offrir les meilleures conditions de r\u00e9ussite \u00e0 ces jeunes et permettre le d\u00e9veloppement de la formation maritime en Bretagne. Elle y [&hellip;]\" \/>\n<meta property=\"og:url\" content=\"https:\/\/batijournal.com\/index.php\/le-nouveau-lycee-maritime-de-saint-malo-passif-a-energie-positive\/89063\/\" \/>\n<meta property=\"og:site_name\" content=\"Batijournal\" \/>\n<meta property=\"article:published_time\" content=\"2015-09-08T05:23:39+00:00\" \/>\n<meta property=\"article:modified_time\" content=\"2019-07-15T10:20:21+00:00\" \/>\n<meta property=\"og:image\" content=\"https:\/\/batijournal.com\/wp-content\/uploads\/2015\/09\/20-800x450copyright-_rb_0057860.jpg\" \/>\n\t<meta property=\"og:image:width\" content=\"800\" \/>\n\t<meta property=\"og:image:height\" content=\"450\" \/>\n\t<meta property=\"og:image:type\" content=\"image\/jpeg\" \/>\n<meta name=\"author\" content=\"St\u00e9phane Miget\" \/>\n<meta name=\"twitter:card\" content=\"summary_large_image\" \/>\n<meta name=\"twitter:creator\" content=\"@bati_journal\" \/>\n<meta name=\"twitter:site\" content=\"@bati_journal\" \/>\n<meta name=\"twitter:label1\" content=\"\u00c9crit par\" \/>\n\t<meta name=\"twitter:data1\" content=\"St\u00e9phane Miget\" \/>\n\t<meta name=\"twitter:label2\" content=\"Dur\u00e9e de lecture estim\u00e9e\" \/>\n\t<meta name=\"twitter:data2\" content=\"2 minutes\" \/>\n<script type=\"application\/ld+json\" class=\"yoast-schema-graph\">{\"@context\":\"https:\\\/\\\/schema.org\",\"@graph\":[{\"@type\":\"Article\",\"@id\":\"https:\\\/\\\/batijournal.com\\\/index.php\\\/le-nouveau-lycee-maritime-de-saint-malo-passif-a-energie-positive\\\/89063\\\/#article\",\"isPartOf\":{\"@id\":\"https:\\\/\\\/batijournal.com\\\/index.php\\\/le-nouveau-lycee-maritime-de-saint-malo-passif-a-energie-positive\\\/89063\\\/\"},\"author\":{\"name\":\"St\u00e9phane Miget\",\"@id\":\"https:\\\/\\\/batijournal.com\\\/#\\\/schema\\\/person\\\/1dc96ec6957aa1ccb25ebe78bb19f100\"},\"headline\":\"Le nouveau lyc\u00e9e maritime de Saint-Malo : passif, \u00e0 \u00e9nergie positive\",\"datePublished\":\"2015-09-08T05:23:39+00:00\",\"dateModified\":\"2019-07-15T10:20:21+00:00\",\"mainEntityOfPage\":{\"@id\":\"https:\\\/\\\/batijournal.com\\\/index.php\\\/le-nouveau-lycee-maritime-de-saint-malo-passif-a-energie-positive\\\/89063\\\/\"},\"wordCount\":374,\"image\":{\"@id\":\"https:\\\/\\\/batijournal.com\\\/index.php\\\/le-nouveau-lycee-maritime-de-saint-malo-passif-a-energie-positive\\\/89063\\\/#primaryimage\"},\"thumbnailUrl\":\"https:\\\/\\\/batijournal.com\\\/wp-content\\\/uploads\\\/2015\\\/09\\\/20-800x450copyright-_rb_0057860.jpg\",\"keywords\":[\"b\u00e2timent passif\",\"bepos\",\"construction bois\"],\"articleSection\":[\"A la Une\",\"Architecture &amp; Conception\",\"\u00c9nergie &amp; Environnement\"],\"inLanguage\":\"fr-FR\"},{\"@type\":\"WebPage\",\"@id\":\"https:\\\/\\\/batijournal.com\\\/index.php\\\/le-nouveau-lycee-maritime-de-saint-malo-passif-a-energie-positive\\\/89063\\\/\",\"url\":\"https:\\\/\\\/batijournal.com\\\/index.php\\\/le-nouveau-lycee-maritime-de-saint-malo-passif-a-energie-positive\\\/89063\\\/\",\"name\":\"Le nouveau lyc\u00e9e maritime de Saint-Malo : passif, \u00e0 \u00e9nergie positive\",\"isPartOf\":{\"@id\":\"https:\\\/\\\/batijournal.com\\\/#website\"},\"primaryImageOfPage\":{\"@id\":\"https:\\\/\\\/batijournal.com\\\/index.php\\\/le-nouveau-lycee-maritime-de-saint-malo-passif-a-energie-positive\\\/89063\\\/#primaryimage\"},\"image\":{\"@id\":\"https:\\\/\\\/batijournal.com\\\/index.php\\\/le-nouveau-lycee-maritime-de-saint-malo-passif-a-energie-positive\\\/89063\\\/#primaryimage\"},\"thumbnailUrl\":\"https:\\\/\\\/batijournal.com\\\/wp-content\\\/uploads\\\/2015\\\/09\\\/20-800x450copyright-_rb_0057860.jpg\",\"datePublished\":\"2015-09-08T05:23:39+00:00\",\"dateModified\":\"2019-07-15T10:20:21+00:00\",\"author\":{\"@id\":\"https:\\\/\\\/batijournal.com\\\/#\\\/schema\\\/person\\\/1dc96ec6957aa1ccb25ebe78bb19f100\"},\"breadcrumb\":{\"@id\":\"https:\\\/\\\/batijournal.com\\\/index.php\\\/le-nouveau-lycee-maritime-de-saint-malo-passif-a-energie-positive\\\/89063\\\/#breadcrumb\"},\"inLanguage\":\"fr-FR\",\"potentialAction\":[{\"@type\":\"ReadAction\",\"target\":[\"https:\\\/\\\/batijournal.com\\\/index.php\\\/le-nouveau-lycee-maritime-de-saint-malo-passif-a-energie-positive\\\/89063\\\/\"]}]},{\"@type\":\"ImageObject\",\"inLanguage\":\"fr-FR\",\"@id\":\"https:\\\/\\\/batijournal.com\\\/index.php\\\/le-nouveau-lycee-maritime-de-saint-malo-passif-a-energie-positive\\\/89063\\\/#primaryimage\",\"url\":\"https:\\\/\\\/batijournal.com\\\/wp-content\\\/uploads\\\/2015\\\/09\\\/20-800x450copyright-_rb_0057860.jpg\",\"contentUrl\":\"https:\\\/\\\/batijournal.com\\\/wp-content\\\/uploads\\\/2015\\\/09\\\/20-800x450copyright-_rb_0057860.jpg\",\"width\":800,\"height\":450,\"caption\":\"Photo : Thomas Crabot - RB\"},{\"@type\":\"BreadcrumbList\",\"@id\":\"https:\\\/\\\/batijournal.com\\\/index.php\\\/le-nouveau-lycee-maritime-de-saint-malo-passif-a-energie-positive\\\/89063\\\/#breadcrumb\",\"itemListElement\":[{\"@type\":\"ListItem\",\"position\":1,\"name\":\"Accueil\",\"item\":\"https:\\\/\\\/batijournal.com\\\/\"},{\"@type\":\"ListItem\",\"position\":2,\"name\":\"Actualit\u00e9s\",\"item\":\"https:\\\/\\\/batijournal.com\\\/index.php\\\/category\\\/actualites\\\/\"},{\"@type\":\"ListItem\",\"position\":3,\"name\":\"Architecture &amp; Conception\",\"item\":\"https:\\\/\\\/batijournal.com\\\/index.php\\\/category\\\/actualites\\\/architecture-conception\\\/\"},{\"@type\":\"ListItem\",\"position\":4,\"name\":\"Le nouveau lyc\u00e9e maritime de Saint-Malo : passif, \u00e0 \u00e9nergie positive\"}]},{\"@type\":\"WebSite\",\"@id\":\"https:\\\/\\\/batijournal.com\\\/#website\",\"url\":\"https:\\\/\\\/batijournal.com\\\/\",\"name\":\"Batijournal\",\"description\":\"L&#039;actualit\u00e9 du b\u00e2timent\",\"potentialAction\":[{\"@type\":\"SearchAction\",\"target\":{\"@type\":\"EntryPoint\",\"urlTemplate\":\"https:\\\/\\\/batijournal.com\\\/?s={search_term_string}\"},\"query-input\":{\"@type\":\"PropertyValueSpecification\",\"valueRequired\":true,\"valueName\":\"search_term_string\"}}],\"inLanguage\":\"fr-FR\"},{\"@type\":\"Person\",\"@id\":\"https:\\\/\\\/batijournal.com\\\/#\\\/schema\\\/person\\\/1dc96ec6957aa1ccb25ebe78bb19f100\",\"name\":\"St\u00e9phane Miget\",\"image\":{\"@type\":\"ImageObject\",\"inLanguage\":\"fr-FR\",\"@id\":\"https:\\\/\\\/secure.gravatar.com\\\/avatar\\\/89915563d925342126b8ef0281b93d9d7fc337043e8df017f780908eb9644451?s=96&d=mm&r=g\",\"url\":\"https:\\\/\\\/secure.gravatar.com\\\/avatar\\\/89915563d925342126b8ef0281b93d9d7fc337043e8df017f780908eb9644451?s=96&d=mm&r=g\",\"contentUrl\":\"https:\\\/\\\/secure.gravatar.com\\\/avatar\\\/89915563d925342126b8ef0281b93d9d7fc337043e8df017f780908eb9644451?s=96&d=mm&r=g\",\"caption\":\"St\u00e9phane Miget\"},\"url\":\"https:\\\/\\\/batijournal.com\\\/index.php\\\/author\\\/stephane\\\/\"}]}<\/script>\n<!-- \/ Yoast SEO plugin. -->","yoast_head_json":{"title":"Le nouveau lyc\u00e9e maritime de Saint-Malo : passif, \u00e0 \u00e9nergie positive","robots":{"index":"index","follow":"follow","max-snippet":"max-snippet:-1","max-image-preview":"max-image-preview:large","max-video-preview":"max-video-preview:-1"},"canonical":"https:\/\/batijournal.com\/index.php\/le-nouveau-lycee-maritime-de-saint-malo-passif-a-energie-positive\/89063\/","og_locale":"fr_FR","og_type":"article","og_title":"Le nouveau lyc\u00e9e maritime de Saint-Malo : passif, \u00e0 \u00e9nergie positive","og_description":"C&rsquo;est dans un \u00e9tablissement tout neuf que les \u00e9l\u00e8ves du lyc\u00e9e maritime de Saint-Malo ont fait leur rentr\u00e9e. La R\u00e9gion Bretagne a r\u00e9alis\u00e9 ce nouvel \u00e9quipement, exemplaire en mati\u00e8re d&rsquo;\u00e9co-construction et d&rsquo;efficacit\u00e9 \u00e9nerg\u00e9tique, afin d&rsquo;offrir les meilleures conditions de r\u00e9ussite \u00e0 ces jeunes et permettre le d\u00e9veloppement de la formation maritime en Bretagne. Elle y [&hellip;]","og_url":"https:\/\/batijournal.com\/index.php\/le-nouveau-lycee-maritime-de-saint-malo-passif-a-energie-positive\/89063\/","og_site_name":"Batijournal","article_published_time":"2015-09-08T05:23:39+00:00","article_modified_time":"2019-07-15T10:20:21+00:00","og_image":[{"width":800,"height":450,"url":"https:\/\/batijournal.com\/wp-content\/uploads\/2015\/09\/20-800x450copyright-_rb_0057860.jpg","type":"image\/jpeg"}],"author":"St\u00e9phane Miget","twitter_card":"summary_large_image","twitter_creator":"@bati_journal","twitter_site":"@bati_journal","twitter_misc":{"\u00c9crit par":"St\u00e9phane Miget","Dur\u00e9e de lecture estim\u00e9e":"2 minutes"},"schema":{"@context":"https:\/\/schema.org","@graph":[{"@type":"Article","@id":"https:\/\/batijournal.com\/index.php\/le-nouveau-lycee-maritime-de-saint-malo-passif-a-energie-positive\/89063\/#article","isPartOf":{"@id":"https:\/\/batijournal.com\/index.php\/le-nouveau-lycee-maritime-de-saint-malo-passif-a-energie-positive\/89063\/"},"author":{"name":"St\u00e9phane Miget","@id":"https:\/\/batijournal.com\/#\/schema\/person\/1dc96ec6957aa1ccb25ebe78bb19f100"},"headline":"Le nouveau lyc\u00e9e maritime de Saint-Malo : passif, \u00e0 \u00e9nergie positive","datePublished":"2015-09-08T05:23:39+00:00","dateModified":"2019-07-15T10:20:21+00:00","mainEntityOfPage":{"@id":"https:\/\/batijournal.com\/index.php\/le-nouveau-lycee-maritime-de-saint-malo-passif-a-energie-positive\/89063\/"},"wordCount":374,"image":{"@id":"https:\/\/batijournal.com\/index.php\/le-nouveau-lycee-maritime-de-saint-malo-passif-a-energie-positive\/89063\/#primaryimage"},"thumbnailUrl":"https:\/\/batijournal.com\/wp-content\/uploads\/2015\/09\/20-800x450copyright-_rb_0057860.jpg","keywords":["b\u00e2timent passif","bepos","construction bois"],"articleSection":["A la Une","Architecture &amp; Conception","\u00c9nergie &amp; Environnement"],"inLanguage":"fr-FR"},{"@type":"WebPage","@id":"https:\/\/batijournal.com\/index.php\/le-nouveau-lycee-maritime-de-saint-malo-passif-a-energie-positive\/89063\/","url":"https:\/\/batijournal.com\/index.php\/le-nouveau-lycee-maritime-de-saint-malo-passif-a-energie-positive\/89063\/","name":"Le nouveau lyc\u00e9e maritime de Saint-Malo : passif, \u00e0 \u00e9nergie positive","isPartOf":{"@id":"https:\/\/batijournal.com\/#website"},"primaryImageOfPage":{"@id":"https:\/\/batijournal.com\/index.php\/le-nouveau-lycee-maritime-de-saint-malo-passif-a-energie-positive\/89063\/#primaryimage"},"image":{"@id":"https:\/\/batijournal.com\/index.php\/le-nouveau-lycee-maritime-de-saint-malo-passif-a-energie-positive\/89063\/#primaryimage"},"thumbnailUrl":"https:\/\/batijournal.com\/wp-content\/uploads\/2015\/09\/20-800x450copyright-_rb_0057860.jpg","datePublished":"2015-09-08T05:23:39+00:00","dateModified":"2019-07-15T10:20:21+00:00","author":{"@id":"https:\/\/batijournal.com\/#\/schema\/person\/1dc96ec6957aa1ccb25ebe78bb19f100"},"breadcrumb":{"@id":"https:\/\/batijournal.com\/index.php\/le-nouveau-lycee-maritime-de-saint-malo-passif-a-energie-positive\/89063\/#breadcrumb"},"inLanguage":"fr-FR","potentialAction":[{"@type":"ReadAction","target":["https:\/\/batijournal.com\/index.php\/le-nouveau-lycee-maritime-de-saint-malo-passif-a-energie-positive\/89063\/"]}]},{"@type":"ImageObject","inLanguage":"fr-FR","@id":"https:\/\/batijournal.com\/index.php\/le-nouveau-lycee-maritime-de-saint-malo-passif-a-energie-positive\/89063\/#primaryimage","url":"https:\/\/batijournal.com\/wp-content\/uploads\/2015\/09\/20-800x450copyright-_rb_0057860.jpg","contentUrl":"https:\/\/batijournal.com\/wp-content\/uploads\/2015\/09\/20-800x450copyright-_rb_0057860.jpg","width":800,"height":450,"caption":"Photo : Thomas Crabot - RB"},{"@type":"BreadcrumbList","@id":"https:\/\/batijournal.com\/index.php\/le-nouveau-lycee-maritime-de-saint-malo-passif-a-energie-positive\/89063\/#breadcrumb","itemListElement":[{"@type":"ListItem","position":1,"name":"Accueil","item":"https:\/\/batijournal.com\/"},{"@type":"ListItem","position":2,"name":"Actualit\u00e9s","item":"https:\/\/batijournal.com\/index.php\/category\/actualites\/"},{"@type":"ListItem","position":3,"name":"Architecture &amp; Conception","item":"https:\/\/batijournal.com\/index.php\/category\/actualites\/architecture-conception\/"},{"@type":"ListItem","position":4,"name":"Le nouveau lyc\u00e9e maritime de Saint-Malo : passif, \u00e0 \u00e9nergie positive"}]},{"@type":"WebSite","@id":"https:\/\/batijournal.com\/#website","url":"https:\/\/batijournal.com\/","name":"Batijournal","description":"L&#039;actualit\u00e9 du b\u00e2timent","potentialAction":[{"@type":"SearchAction","target":{"@type":"EntryPoint","urlTemplate":"https:\/\/batijournal.com\/?s={search_term_string}"},"query-input":{"@type":"PropertyValueSpecification","valueRequired":true,"valueName":"search_term_string"}}],"inLanguage":"fr-FR"},{"@type":"Person","@id":"https:\/\/batijournal.com\/#\/schema\/person\/1dc96ec6957aa1ccb25ebe78bb19f100","name":"St\u00e9phane Miget","image":{"@type":"ImageObject","inLanguage":"fr-FR","@id":"https:\/\/secure.gravatar.com\/avatar\/89915563d925342126b8ef0281b93d9d7fc337043e8df017f780908eb9644451?s=96&d=mm&r=g","url":"https:\/\/secure.gravatar.com\/avatar\/89915563d925342126b8ef0281b93d9d7fc337043e8df017f780908eb9644451?s=96&d=mm&r=g","contentUrl":"https:\/\/secure.gravatar.com\/avatar\/89915563d925342126b8ef0281b93d9d7fc337043e8df017f780908eb9644451?s=96&d=mm&r=g","caption":"St\u00e9phane Miget"},"url":"https:\/\/batijournal.com\/index.php\/author\/stephane\/"}]}},"_links":{"self":[{"href":"https:\/\/batijournal.com\/index.php\/wp-json\/wp\/v2\/posts\/89063","targetHints":{"allow":["GET"]}}],"collection":[{"href":"https:\/\/batijournal.com\/index.php\/wp-json\/wp\/v2\/posts"}],"about":[{"href":"https:\/\/batijournal.com\/index.php\/wp-json\/wp\/v2\/types\/post"}],"author":[{"embeddable":true,"href":"https:\/\/batijournal.com\/index.php\/wp-json\/wp\/v2\/users\/17"}],"replies":[{"embeddable":true,"href":"https:\/\/batijournal.com\/index.php\/wp-json\/wp\/v2\/comments?post=89063"}],"version-history":[{"count":0,"href":"https:\/\/batijournal.com\/index.php\/wp-json\/wp\/v2\/posts\/89063\/revisions"}],"wp:featuredmedia":[{"embeddable":true,"href":"https:\/\/batijournal.com\/index.php\/wp-json\/wp\/v2\/media\/89064"}],"wp:attachment":[{"href":"https:\/\/batijournal.com\/index.php\/wp-json\/wp\/v2\/media?parent=89063"}],"wp:term":[{"taxonomy":"category","embeddable":true,"href":"https:\/\/batijournal.com\/index.php\/wp-json\/wp\/v2\/categories?post=89063"},{"taxonomy":"post_tag","embeddable":true,"href":"https:\/\/batijournal.com\/index.php\/wp-json\/wp\/v2\/tags?post=89063"}],"curies":[{"name":"wp","href":"https:\/\/api.w.org\/{rel}","templated":true}]}}