{"id":89074,"date":"2015-09-09T07:13:25","date_gmt":"2015-09-09T05:13:25","guid":{"rendered":"http:\/\/batijournal.com\/?p=89074"},"modified":"2019-07-15T11:17:09","modified_gmt":"2019-07-15T09:17:09","slug":"nomination-de-blandine-sorbe-musee-quai-branly","status":"publish","type":"post","link":"https:\/\/batijournal.com\/index.php\/nomination-de-blandine-sorbe-musee-quai-branly\/89074\/","title":{"rendered":"Nomination de Blandine Sorbe au Mus\u00e9e du quai Branly"},"content":{"rendered":"<p><span style=\"font-family: Times New Roman, serif;\"><span style=\"font-size: medium;\"><b><a href=\"https:\/\/batijournal.com\/wp-content\/uploads\/2015\/09\/blandine-sorbe.jpg\"><img loading=\"lazy\" decoding=\"async\" class=\"alignleft wp-image-89075 size-medium\" src=\"https:\/\/batijournal.com\/wp-content\/uploads\/2015\/09\/blandine-sorbe-225x300.jpg\" alt=\"blandine sorbe\" width=\"225\" height=\"300\" srcset=\"https:\/\/batijournal.com\/wp-content\/uploads\/2015\/09\/blandine-sorbe-225x300.jpg 225w, https:\/\/batijournal.com\/wp-content\/uploads\/2015\/09\/blandine-sorbe-113x150.jpg 113w, https:\/\/batijournal.com\/wp-content\/uploads\/2015\/09\/blandine-sorbe.jpg 769w, https:\/\/batijournal.com\/wp-content\/uploads\/2015\/09\/blandine-sorbe-600x799.jpg 600w\" sizes=\"(max-width: 225px) 100vw, 225px\" \/><\/a><\/b><\/span><\/span><\/p>\n<p align=\"LEFT\"><span style=\"font-family: Times New Roman, serif;\"><span style=\"font-size: medium;\">Blandine Sorbe est nomm\u00e9e Directrice g\u00e9n\u00e9rale d\u00e9l\u00e9gu\u00e9e adjointe du Mus\u00e9e du quai Branly depuis le 31 ao\u00fbt 2015. Ancienne \u00e9l\u00e8ve de l&rsquo;\u00c9cole normale sup\u00e9rieure de lettres et sciences humaines, de l&rsquo;\u00c9cole Normale sup\u00e9rieure et de l&rsquo;\u00c9cole nationale d&rsquo;administration, agr\u00e9g\u00e9e d&rsquo;allemand, Blandine Sorbe est depuis 2011 magistrate \u00e0 la Cour des comptes (auditrice, puis conseiller r\u00e9f\u00e9rendaire).<\/span><\/span><\/p>\n<p align=\"LEFT\"><span style=\"font-family: Times New Roman, serif;\"><span style=\"font-size: medium;\">Elle y a conduit des missions dans le champ des politiques culturelles (patrimoine, m\u00e9dias), dans l&rsquo;enseignement sup\u00e9rieur et la recherche ainsi qu&rsquo;au Minist\u00e8re de l&rsquo;\u00c9ducation nationale. Elle exer\u00e7ait par ailleurs les fonctions de rapporteur aupr\u00e8s de la Haute autorit\u00e9 pour la transparence de la vie publique. Au mus\u00e9e, elle succ\u00e8de \u00e0 J\u00e9r\u00f4me Bastianelli.<\/span><\/span><\/p>\n<p align=\"LEFT\"><span style=\"font-family: Times New Roman, serif;\"><span style=\"font-size: medium;\"><a href=\"http:\/\/www.quaibranly.fr\" target=\"_blank\" rel=\"noopener noreferrer\">www.quaibranly.fr<\/a><\/span><\/span><\/p>\n","protected":false},"excerpt":{"rendered":"<p>Blandine Sorbe est nomm\u00e9e Directrice g\u00e9n\u00e9rale d\u00e9l\u00e9gu\u00e9e adjointe du Mus\u00e9e du quai Branly depuis le 31 ao\u00fbt 2015. Ancienne \u00e9l\u00e8ve de l&rsquo;\u00c9cole normale sup\u00e9rieure de lettres et sciences humaines, de l&rsquo;\u00c9cole Normale sup\u00e9rieure et de l&rsquo;\u00c9cole nationale d&rsquo;administration, agr\u00e9g\u00e9e d&rsquo;allemand, Blandine Sorbe est depuis 2011 magistrate \u00e0 la Cour des comptes (auditrice, puis conseiller r\u00e9f\u00e9rendaire). [&hellip;]<\/p>\n","protected":false},"author":1,"featured_media":0,"comment_status":"closed","ping_status":"closed","sticky":false,"template":"","format":"standard","meta":{"_et_pb_use_builder":"","_et_pb_old_content":"","_et_gb_content_width":"","footnotes":""},"categories":[10530,6340,10785],"tags":[3640,8538],"class_list":["post-89074","post","type-post","status-publish","format-standard","hentry","category-actualites","category-architecture-conception","category-atrium","tag-musee","tag-musee-du-quai-branly"],"yoast_head":"<!-- This site is optimized with the Yoast SEO plugin v27.4 - https:\/\/yoast.com\/product\/yoast-seo-wordpress\/ -->\n<title>Nomination de Blandine Sorbe au Mus\u00e9e du quai Branly<\/title>\n<meta name=\"robots\" content=\"index, follow, max-snippet:-1, max-image-preview:large, max-video-preview:-1\" \/>\n<link rel=\"canonical\" href=\"https:\/\/batijournal.com\/index.php\/nomination-de-blandine-sorbe-musee-quai-branly\/89074\/\" \/>\n<meta property=\"og:locale\" content=\"fr_FR\" \/>\n<meta property=\"og:type\" content=\"article\" \/>\n<meta property=\"og:title\" content=\"Nomination de Blandine Sorbe au Mus\u00e9e du quai Branly\" \/>\n<meta property=\"og:description\" content=\"Blandine Sorbe est nomm\u00e9e Directrice g\u00e9n\u00e9rale d\u00e9l\u00e9gu\u00e9e adjointe du Mus\u00e9e du quai Branly depuis le 31 ao\u00fbt 2015. Ancienne \u00e9l\u00e8ve de l&rsquo;\u00c9cole normale sup\u00e9rieure de lettres et sciences humaines, de l&rsquo;\u00c9cole Normale sup\u00e9rieure et de l&rsquo;\u00c9cole nationale d&rsquo;administration, agr\u00e9g\u00e9e d&rsquo;allemand, Blandine Sorbe est depuis 2011 magistrate \u00e0 la Cour des comptes (auditrice, puis conseiller r\u00e9f\u00e9rendaire). [&hellip;]\" \/>\n<meta property=\"og:url\" content=\"https:\/\/batijournal.com\/index.php\/nomination-de-blandine-sorbe-musee-quai-branly\/89074\/\" \/>\n<meta property=\"og:site_name\" content=\"Batijournal\" \/>\n<meta property=\"article:published_time\" content=\"2015-09-09T05:13:25+00:00\" \/>\n<meta property=\"article:modified_time\" content=\"2019-07-15T09:17:09+00:00\" \/>\n<meta property=\"og:image\" content=\"https:\/\/batijournal.com\/wp-content\/uploads\/2015\/09\/blandine-sorbe-225x300.jpg\" \/>\n<meta name=\"author\" content=\"Bati-journal\" \/>\n<meta name=\"twitter:card\" content=\"summary_large_image\" \/>\n<meta name=\"twitter:creator\" content=\"@bati_journal\" \/>\n<meta name=\"twitter:site\" content=\"@bati_journal\" \/>\n<meta name=\"twitter:label1\" content=\"\u00c9crit par\" \/>\n\t<meta name=\"twitter:data1\" content=\"Bati-journal\" \/>\n\t<meta name=\"twitter:label2\" content=\"Dur\u00e9e de lecture estim\u00e9e\" \/>\n\t<meta name=\"twitter:data2\" content=\"1 minute\" \/>\n<script type=\"application\/ld+json\" class=\"yoast-schema-graph\">{\"@context\":\"https:\\\/\\\/schema.org\",\"@graph\":[{\"@type\":\"Article\",\"@id\":\"https:\\\/\\\/batijournal.com\\\/index.php\\\/nomination-de-blandine-sorbe-musee-quai-branly\\\/89074\\\/#article\",\"isPartOf\":{\"@id\":\"https:\\\/\\\/batijournal.com\\\/index.php\\\/nomination-de-blandine-sorbe-musee-quai-branly\\\/89074\\\/\"},\"author\":{\"name\":\"Bati-journal\",\"@id\":\"https:\\\/\\\/batijournal.com\\\/#\\\/schema\\\/person\\\/6a657e8967569e1b299972574848aa76\"},\"headline\":\"Nomination de Blandine Sorbe au Mus\u00e9e du quai Branly\",\"datePublished\":\"2015-09-09T05:13:25+00:00\",\"dateModified\":\"2019-07-15T09:17:09+00:00\",\"mainEntityOfPage\":{\"@id\":\"https:\\\/\\\/batijournal.com\\\/index.php\\\/nomination-de-blandine-sorbe-musee-quai-branly\\\/89074\\\/\"},\"wordCount\":148,\"image\":{\"@id\":\"https:\\\/\\\/batijournal.com\\\/index.php\\\/nomination-de-blandine-sorbe-musee-quai-branly\\\/89074\\\/#primaryimage\"},\"thumbnailUrl\":\"https:\\\/\\\/batijournal.com\\\/wp-content\\\/uploads\\\/2015\\\/09\\\/blandine-sorbe-225x300.jpg\",\"keywords\":[\"mus\u00e9e\",\"musee du quai branly\"],\"articleSection\":[\"Actualit\u00e9s\",\"Architecture &amp; Conception\",\"zz_Atrium Patrimoine\"],\"inLanguage\":\"fr-FR\"},{\"@type\":\"WebPage\",\"@id\":\"https:\\\/\\\/batijournal.com\\\/index.php\\\/nomination-de-blandine-sorbe-musee-quai-branly\\\/89074\\\/\",\"url\":\"https:\\\/\\\/batijournal.com\\\/index.php\\\/nomination-de-blandine-sorbe-musee-quai-branly\\\/89074\\\/\",\"name\":\"Nomination de Blandine Sorbe au Mus\u00e9e du quai Branly\",\"isPartOf\":{\"@id\":\"https:\\\/\\\/batijournal.com\\\/#website\"},\"primaryImageOfPage\":{\"@id\":\"https:\\\/\\\/batijournal.com\\\/index.php\\\/nomination-de-blandine-sorbe-musee-quai-branly\\\/89074\\\/#primaryimage\"},\"image\":{\"@id\":\"https:\\\/\\\/batijournal.com\\\/index.php\\\/nomination-de-blandine-sorbe-musee-quai-branly\\\/89074\\\/#primaryimage\"},\"thumbnailUrl\":\"https:\\\/\\\/batijournal.com\\\/wp-content\\\/uploads\\\/2015\\\/09\\\/blandine-sorbe-225x300.jpg\",\"datePublished\":\"2015-09-09T05:13:25+00:00\",\"dateModified\":\"2019-07-15T09:17:09+00:00\",\"author\":{\"@id\":\"https:\\\/\\\/batijournal.com\\\/#\\\/schema\\\/person\\\/6a657e8967569e1b299972574848aa76\"},\"breadcrumb\":{\"@id\":\"https:\\\/\\\/batijournal.com\\\/index.php\\\/nomination-de-blandine-sorbe-musee-quai-branly\\\/89074\\\/#breadcrumb\"},\"inLanguage\":\"fr-FR\",\"potentialAction\":[{\"@type\":\"ReadAction\",\"target\":[\"https:\\\/\\\/batijournal.com\\\/index.php\\\/nomination-de-blandine-sorbe-musee-quai-branly\\\/89074\\\/\"]}]},{\"@type\":\"ImageObject\",\"inLanguage\":\"fr-FR\",\"@id\":\"https:\\\/\\\/batijournal.com\\\/index.php\\\/nomination-de-blandine-sorbe-musee-quai-branly\\\/89074\\\/#primaryimage\",\"url\":\"https:\\\/\\\/batijournal.com\\\/wp-content\\\/uploads\\\/2015\\\/09\\\/blandine-sorbe.jpg\",\"contentUrl\":\"https:\\\/\\\/batijournal.com\\\/wp-content\\\/uploads\\\/2015\\\/09\\\/blandine-sorbe.jpg\",\"width\":769,\"height\":1024},{\"@type\":\"BreadcrumbList\",\"@id\":\"https:\\\/\\\/batijournal.com\\\/index.php\\\/nomination-de-blandine-sorbe-musee-quai-branly\\\/89074\\\/#breadcrumb\",\"itemListElement\":[{\"@type\":\"ListItem\",\"position\":1,\"name\":\"Accueil\",\"item\":\"https:\\\/\\\/batijournal.com\\\/\"},{\"@type\":\"ListItem\",\"position\":2,\"name\":\"Actualit\u00e9s\",\"item\":\"https:\\\/\\\/batijournal.com\\\/index.php\\\/category\\\/actualites\\\/\"},{\"@type\":\"ListItem\",\"position\":3,\"name\":\"Architecture &amp; Conception\",\"item\":\"https:\\\/\\\/batijournal.com\\\/index.php\\\/category\\\/actualites\\\/architecture-conception\\\/\"},{\"@type\":\"ListItem\",\"position\":4,\"name\":\"Nomination de Blandine Sorbe au Mus\u00e9e du quai Branly\"}]},{\"@type\":\"WebSite\",\"@id\":\"https:\\\/\\\/batijournal.com\\\/#website\",\"url\":\"https:\\\/\\\/batijournal.com\\\/\",\"name\":\"Batijournal\",\"description\":\"L&#039;actualit\u00e9 du b\u00e2timent\",\"potentialAction\":[{\"@type\":\"SearchAction\",\"target\":{\"@type\":\"EntryPoint\",\"urlTemplate\":\"https:\\\/\\\/batijournal.com\\\/?s={search_term_string}\"},\"query-input\":{\"@type\":\"PropertyValueSpecification\",\"valueRequired\":true,\"valueName\":\"search_term_string\"}}],\"inLanguage\":\"fr-FR\"},{\"@type\":\"Person\",\"@id\":\"https:\\\/\\\/batijournal.com\\\/#\\\/schema\\\/person\\\/6a657e8967569e1b299972574848aa76\",\"name\":\"Bati-journal\",\"image\":{\"@type\":\"ImageObject\",\"inLanguage\":\"fr-FR\",\"@id\":\"https:\\\/\\\/secure.gravatar.com\\\/avatar\\\/a64364ea26392f9b4dd47e017ddaec74ff03aefc073b49e492e847201258f777?s=96&d=mm&r=g\",\"url\":\"https:\\\/\\\/secure.gravatar.com\\\/avatar\\\/a64364ea26392f9b4dd47e017ddaec74ff03aefc073b49e492e847201258f777?s=96&d=mm&r=g\",\"contentUrl\":\"https:\\\/\\\/secure.gravatar.com\\\/avatar\\\/a64364ea26392f9b4dd47e017ddaec74ff03aefc073b49e492e847201258f777?s=96&d=mm&r=g\",\"caption\":\"Bati-journal\"},\"url\":\"https:\\\/\\\/batijournal.com\\\/index.php\\\/author\\\/elodie\\\/\"}]}<\/script>\n<!-- \/ Yoast SEO plugin. -->","yoast_head_json":{"title":"Nomination de Blandine Sorbe au Mus\u00e9e du quai Branly","robots":{"index":"index","follow":"follow","max-snippet":"max-snippet:-1","max-image-preview":"max-image-preview:large","max-video-preview":"max-video-preview:-1"},"canonical":"https:\/\/batijournal.com\/index.php\/nomination-de-blandine-sorbe-musee-quai-branly\/89074\/","og_locale":"fr_FR","og_type":"article","og_title":"Nomination de Blandine Sorbe au Mus\u00e9e du quai Branly","og_description":"Blandine Sorbe est nomm\u00e9e Directrice g\u00e9n\u00e9rale d\u00e9l\u00e9gu\u00e9e adjointe du Mus\u00e9e du quai Branly depuis le 31 ao\u00fbt 2015. Ancienne \u00e9l\u00e8ve de l&rsquo;\u00c9cole normale sup\u00e9rieure de lettres et sciences humaines, de l&rsquo;\u00c9cole Normale sup\u00e9rieure et de l&rsquo;\u00c9cole nationale d&rsquo;administration, agr\u00e9g\u00e9e d&rsquo;allemand, Blandine Sorbe est depuis 2011 magistrate \u00e0 la Cour des comptes (auditrice, puis conseiller r\u00e9f\u00e9rendaire). [&hellip;]","og_url":"https:\/\/batijournal.com\/index.php\/nomination-de-blandine-sorbe-musee-quai-branly\/89074\/","og_site_name":"Batijournal","article_published_time":"2015-09-09T05:13:25+00:00","article_modified_time":"2019-07-15T09:17:09+00:00","og_image":[{"url":"https:\/\/batijournal.com\/wp-content\/uploads\/2015\/09\/blandine-sorbe-225x300.jpg","type":"","width":"","height":""}],"author":"Bati-journal","twitter_card":"summary_large_image","twitter_creator":"@bati_journal","twitter_site":"@bati_journal","twitter_misc":{"\u00c9crit par":"Bati-journal","Dur\u00e9e de lecture estim\u00e9e":"1 minute"},"schema":{"@context":"https:\/\/schema.org","@graph":[{"@type":"Article","@id":"https:\/\/batijournal.com\/index.php\/nomination-de-blandine-sorbe-musee-quai-branly\/89074\/#article","isPartOf":{"@id":"https:\/\/batijournal.com\/index.php\/nomination-de-blandine-sorbe-musee-quai-branly\/89074\/"},"author":{"name":"Bati-journal","@id":"https:\/\/batijournal.com\/#\/schema\/person\/6a657e8967569e1b299972574848aa76"},"headline":"Nomination de Blandine Sorbe au Mus\u00e9e du quai Branly","datePublished":"2015-09-09T05:13:25+00:00","dateModified":"2019-07-15T09:17:09+00:00","mainEntityOfPage":{"@id":"https:\/\/batijournal.com\/index.php\/nomination-de-blandine-sorbe-musee-quai-branly\/89074\/"},"wordCount":148,"image":{"@id":"https:\/\/batijournal.com\/index.php\/nomination-de-blandine-sorbe-musee-quai-branly\/89074\/#primaryimage"},"thumbnailUrl":"https:\/\/batijournal.com\/wp-content\/uploads\/2015\/09\/blandine-sorbe-225x300.jpg","keywords":["mus\u00e9e","musee du quai branly"],"articleSection":["Actualit\u00e9s","Architecture &amp; Conception","zz_Atrium Patrimoine"],"inLanguage":"fr-FR"},{"@type":"WebPage","@id":"https:\/\/batijournal.com\/index.php\/nomination-de-blandine-sorbe-musee-quai-branly\/89074\/","url":"https:\/\/batijournal.com\/index.php\/nomination-de-blandine-sorbe-musee-quai-branly\/89074\/","name":"Nomination de Blandine Sorbe au Mus\u00e9e du quai Branly","isPartOf":{"@id":"https:\/\/batijournal.com\/#website"},"primaryImageOfPage":{"@id":"https:\/\/batijournal.com\/index.php\/nomination-de-blandine-sorbe-musee-quai-branly\/89074\/#primaryimage"},"image":{"@id":"https:\/\/batijournal.com\/index.php\/nomination-de-blandine-sorbe-musee-quai-branly\/89074\/#primaryimage"},"thumbnailUrl":"https:\/\/batijournal.com\/wp-content\/uploads\/2015\/09\/blandine-sorbe-225x300.jpg","datePublished":"2015-09-09T05:13:25+00:00","dateModified":"2019-07-15T09:17:09+00:00","author":{"@id":"https:\/\/batijournal.com\/#\/schema\/person\/6a657e8967569e1b299972574848aa76"},"breadcrumb":{"@id":"https:\/\/batijournal.com\/index.php\/nomination-de-blandine-sorbe-musee-quai-branly\/89074\/#breadcrumb"},"inLanguage":"fr-FR","potentialAction":[{"@type":"ReadAction","target":["https:\/\/batijournal.com\/index.php\/nomination-de-blandine-sorbe-musee-quai-branly\/89074\/"]}]},{"@type":"ImageObject","inLanguage":"fr-FR","@id":"https:\/\/batijournal.com\/index.php\/nomination-de-blandine-sorbe-musee-quai-branly\/89074\/#primaryimage","url":"https:\/\/batijournal.com\/wp-content\/uploads\/2015\/09\/blandine-sorbe.jpg","contentUrl":"https:\/\/batijournal.com\/wp-content\/uploads\/2015\/09\/blandine-sorbe.jpg","width":769,"height":1024},{"@type":"BreadcrumbList","@id":"https:\/\/batijournal.com\/index.php\/nomination-de-blandine-sorbe-musee-quai-branly\/89074\/#breadcrumb","itemListElement":[{"@type":"ListItem","position":1,"name":"Accueil","item":"https:\/\/batijournal.com\/"},{"@type":"ListItem","position":2,"name":"Actualit\u00e9s","item":"https:\/\/batijournal.com\/index.php\/category\/actualites\/"},{"@type":"ListItem","position":3,"name":"Architecture &amp; Conception","item":"https:\/\/batijournal.com\/index.php\/category\/actualites\/architecture-conception\/"},{"@type":"ListItem","position":4,"name":"Nomination de Blandine Sorbe au Mus\u00e9e du quai Branly"}]},{"@type":"WebSite","@id":"https:\/\/batijournal.com\/#website","url":"https:\/\/batijournal.com\/","name":"Batijournal","description":"L&#039;actualit\u00e9 du b\u00e2timent","potentialAction":[{"@type":"SearchAction","target":{"@type":"EntryPoint","urlTemplate":"https:\/\/batijournal.com\/?s={search_term_string}"},"query-input":{"@type":"PropertyValueSpecification","valueRequired":true,"valueName":"search_term_string"}}],"inLanguage":"fr-FR"},{"@type":"Person","@id":"https:\/\/batijournal.com\/#\/schema\/person\/6a657e8967569e1b299972574848aa76","name":"Bati-journal","image":{"@type":"ImageObject","inLanguage":"fr-FR","@id":"https:\/\/secure.gravatar.com\/avatar\/a64364ea26392f9b4dd47e017ddaec74ff03aefc073b49e492e847201258f777?s=96&d=mm&r=g","url":"https:\/\/secure.gravatar.com\/avatar\/a64364ea26392f9b4dd47e017ddaec74ff03aefc073b49e492e847201258f777?s=96&d=mm&r=g","contentUrl":"https:\/\/secure.gravatar.com\/avatar\/a64364ea26392f9b4dd47e017ddaec74ff03aefc073b49e492e847201258f777?s=96&d=mm&r=g","caption":"Bati-journal"},"url":"https:\/\/batijournal.com\/index.php\/author\/elodie\/"}]}},"_links":{"self":[{"href":"https:\/\/batijournal.com\/index.php\/wp-json\/wp\/v2\/posts\/89074","targetHints":{"allow":["GET"]}}],"collection":[{"href":"https:\/\/batijournal.com\/index.php\/wp-json\/wp\/v2\/posts"}],"about":[{"href":"https:\/\/batijournal.com\/index.php\/wp-json\/wp\/v2\/types\/post"}],"author":[{"embeddable":true,"href":"https:\/\/batijournal.com\/index.php\/wp-json\/wp\/v2\/users\/1"}],"replies":[{"embeddable":true,"href":"https:\/\/batijournal.com\/index.php\/wp-json\/wp\/v2\/comments?post=89074"}],"version-history":[{"count":0,"href":"https:\/\/batijournal.com\/index.php\/wp-json\/wp\/v2\/posts\/89074\/revisions"}],"wp:attachment":[{"href":"https:\/\/batijournal.com\/index.php\/wp-json\/wp\/v2\/media?parent=89074"}],"wp:term":[{"taxonomy":"category","embeddable":true,"href":"https:\/\/batijournal.com\/index.php\/wp-json\/wp\/v2\/categories?post=89074"},{"taxonomy":"post_tag","embeddable":true,"href":"https:\/\/batijournal.com\/index.php\/wp-json\/wp\/v2\/tags?post=89074"}],"curies":[{"name":"wp","href":"https:\/\/api.w.org\/{rel}","templated":true}]}}