{"id":89079,"date":"2015-09-08T16:28:11","date_gmt":"2015-09-08T14:28:11","guid":{"rendered":"http:\/\/batijournal.com\/?p=89079"},"modified":"2019-07-15T12:20:21","modified_gmt":"2019-07-15T10:20:21","slug":"faut-il-une-etiquette-energie-pour-les-fenetres","status":"publish","type":"post","link":"https:\/\/batijournal.com\/index.php\/faut-il-une-etiquette-energie-pour-les-fenetres\/89079\/","title":{"rendered":"Faut-il une \u00e9tiquette \u00e9nergie pour les fen\u00eatres ?"},"content":{"rendered":"<div class=\"page\" title=\"Page 1\">\n<div class=\"layoutArea\">\n<div class=\"column\">\n<p><strong>Un rapport remis \u00e0 la Commission Europ\u00e9enne\u00a0pr\u00e9conise la mise en place d\u2019un r\u00e8glement d\u2019\u00e9tiquetage \u00e9nerg\u00e9tique des fen\u00eatres mises \u00e0 disposition dans l\u2019UE au titre de la directive Energy Labelling.<\/strong><\/p>\n<p><img loading=\"lazy\" decoding=\"async\" class=\"alignleft size-medium wp-image-89082\" src=\"https:\/\/batijournal.com\/wp-content\/uploads\/2015\/09\/etiquette_energie_fenetre-249x300.jpg\" alt=\"etiquette_energie_fenetre\" width=\"249\" height=\"300\" srcset=\"https:\/\/batijournal.com\/wp-content\/uploads\/2015\/09\/etiquette_energie_fenetre-249x300.jpg 249w, https:\/\/batijournal.com\/wp-content\/uploads\/2015\/09\/etiquette_energie_fenetre-125x150.jpg 125w, https:\/\/batijournal.com\/wp-content\/uploads\/2015\/09\/etiquette_energie_fenetre.jpg 308w\" sizes=\"(max-width: 249px) 100vw, 249px\" \/>Plusieurs organisations et industriels europ\u00e9ens ont d\u2019ores et d\u00e9j\u00e0 fait conna\u00eetre leurs r\u00e9ticences vis-\u00e0-vis du projet tant sur le principe que sur le contenu.\u00a0C\u2019est le r\u00f4le et la responsabilit\u00e9 du professionnel de choisir la fen\u00eatre afin d\u2019adapter les caract\u00e9ristiques \u00e9nerg\u00e9tiques aux besoins de chaque b\u00e2timent en fonction de sa situation et du cahier des charges du client. Cette responsabilit\u00e9 est renforc\u00e9e en France par la garantie d\u00e9cennale impos\u00e9e aux professionnels. La place du professionnel est compl\u00e8tement ignor\u00e9e par ce projet d\u2019\u00e9tiquetage. En effet, il pr\u00e9voit de classer les fen\u00eatres \u00e0 la sortie de l\u2019usine, quelle que soit leur destination dans l\u2019Union Europ\u00e9enne. \u00c9valuer les performances d\u2019une fen\u00eatre requiert de prendre en compte de nombreux param\u00e8tres \u00e9nerg\u00e9tiques et d\u2019autres (s\u00e9curit\u00e9 des biens et des personnes, isolation acoustique, ventilation&#8230;) ce qui rend tr\u00e8s complexe la mise en \u0153uvre d\u2019une telle \u00e9tiquette. La mise en place de l\u2019\u00e9tiquette \u00e9nerg\u00e9tique pour chaque fen\u00eatre mise sur le march\u00e9 dans l\u2019UE repr\u00e9senterait des contraintes administratives et financi\u00e8res suppl\u00e9mentaires pour les fabricants qui sont tr\u00e8s majoritairement des Artisans et PME.<\/p>\n<div class=\"page\" title=\"Page 2\">\n<div class=\"layoutArea\">\n<div class=\"column\">\n<p>La proposition formul\u00e9e par la Commission, oublie certains aspects techniques : il est propos\u00e9 de ne prendre que trois zones climatiques pour toute l\u2019Europe alors qu\u2019en France, on en compte d\u00e9j\u00e0 huit.\u00a0Dans les simulations thermiques qui ont permis d\u2019\u00e9tablir les classes \u00e9nerg\u00e9tiques, c\u2019est une orientation moyenne qui a \u00e9t\u00e9 retenue. Quand on connait les diff\u00e9rences consid\u00e9rables qui existent pour les apports solaires d\u2019hiver et leur ma\u00eetrise pour le confort d\u2019\u00e9t\u00e9 en fonction des orientations, cette hypoth\u00e8se ne parait pas pertinente.<\/p>\n<p>Les pouvoirs publics fran\u00e7ais concern\u00e9s (DHUP, DGEC) et les organisations professionnelles repr\u00e9sentatives des fabricants et installateurs de fen\u00eatres, volets et protections solaires se sont d\u00e9j\u00e0 concert\u00e9s sur ce dossier et ont d\u2019ores et d\u00e9j\u00e0 pr\u00e9vu de se rencontrer pour \u00e9tablir une position fran\u00e7aise en vue du \u00ab consultation forum \u00bb pr\u00e9vu le\u00a030 septembre 2015.<\/p>\n<\/div>\n<\/div>\n<\/div>\n<\/div>\n<\/div>\n<\/div>\n","protected":false},"excerpt":{"rendered":"<p>Un rapport remis \u00e0 la Commission Europ\u00e9enne\u00a0pr\u00e9conise la mise en place d\u2019un r\u00e8glement d\u2019\u00e9tiquetage \u00e9nerg\u00e9tique des fen\u00eatres mises \u00e0 disposition dans l\u2019UE au titre de la directive Energy Labelling. Plusieurs organisations et industriels europ\u00e9ens ont d\u2019ores et d\u00e9j\u00e0 fait conna\u00eetre leurs r\u00e9ticences vis-\u00e0-vis du projet tant sur le principe que sur le contenu.\u00a0C\u2019est le r\u00f4le [&hellip;]<\/p>\n","protected":false},"author":17,"featured_media":89084,"comment_status":"closed","ping_status":"closed","sticky":false,"template":"","format":"standard","meta":{"_et_pb_use_builder":"","_et_pb_old_content":"","_et_gb_content_width":"","footnotes":""},"categories":[10736,6351,10780],"tags":[1234,427,1016],"class_list":["post-89079","post","type-post","status-publish","format-standard","has-post-thumbnail","hentry","category-a-la-une","category-energie-environnement","category-produits-planete","tag-etiquette-environnementale","tag-fenetre","tag-menuiseries"],"yoast_head":"<!-- This site is optimized with the Yoast SEO plugin v27.4 - https:\/\/yoast.com\/product\/yoast-seo-wordpress\/ -->\n<title>Faut-il une \u00e9tiquette \u00e9nergie pour les fen\u00eatres ?<\/title>\n<meta name=\"robots\" content=\"index, follow, max-snippet:-1, max-image-preview:large, max-video-preview:-1\" \/>\n<link rel=\"canonical\" href=\"https:\/\/batijournal.com\/index.php\/faut-il-une-etiquette-energie-pour-les-fenetres\/89079\/\" \/>\n<meta property=\"og:locale\" content=\"fr_FR\" \/>\n<meta property=\"og:type\" content=\"article\" \/>\n<meta property=\"og:title\" content=\"Faut-il une \u00e9tiquette \u00e9nergie pour les fen\u00eatres ?\" \/>\n<meta property=\"og:description\" content=\"Un rapport remis \u00e0 la Commission Europ\u00e9enne\u00a0pr\u00e9conise la mise en place d\u2019un r\u00e8glement d\u2019\u00e9tiquetage \u00e9nerg\u00e9tique des fen\u00eatres mises \u00e0 disposition dans l\u2019UE au titre de la directive Energy Labelling. Plusieurs organisations et industriels europ\u00e9ens ont d\u2019ores et d\u00e9j\u00e0 fait conna\u00eetre leurs r\u00e9ticences vis-\u00e0-vis du projet tant sur le principe que sur le contenu.\u00a0C\u2019est le r\u00f4le [&hellip;]\" \/>\n<meta property=\"og:url\" content=\"https:\/\/batijournal.com\/index.php\/faut-il-une-etiquette-energie-pour-les-fenetres\/89079\/\" \/>\n<meta property=\"og:site_name\" content=\"Batijournal\" \/>\n<meta property=\"article:published_time\" content=\"2015-09-08T14:28:11+00:00\" \/>\n<meta property=\"article:modified_time\" content=\"2019-07-15T10:20:21+00:00\" \/>\n<meta property=\"og:image\" content=\"https:\/\/batijournal.com\/wp-content\/uploads\/2015\/09\/etiquette-energie.jpg\" \/>\n\t<meta property=\"og:image:width\" content=\"534\" \/>\n\t<meta property=\"og:image:height\" content=\"301\" \/>\n\t<meta property=\"og:image:type\" content=\"image\/jpeg\" \/>\n<meta name=\"author\" content=\"St\u00e9phane Miget\" \/>\n<meta name=\"twitter:card\" content=\"summary_large_image\" \/>\n<meta name=\"twitter:creator\" content=\"@bati_journal\" \/>\n<meta name=\"twitter:site\" content=\"@bati_journal\" \/>\n<meta name=\"twitter:label1\" content=\"\u00c9crit par\" \/>\n\t<meta name=\"twitter:data1\" content=\"St\u00e9phane Miget\" \/>\n\t<meta name=\"twitter:label2\" content=\"Dur\u00e9e de lecture estim\u00e9e\" \/>\n\t<meta name=\"twitter:data2\" content=\"2 minutes\" \/>\n<script type=\"application\/ld+json\" class=\"yoast-schema-graph\">{\"@context\":\"https:\\\/\\\/schema.org\",\"@graph\":[{\"@type\":\"Article\",\"@id\":\"https:\\\/\\\/batijournal.com\\\/index.php\\\/faut-il-une-etiquette-energie-pour-les-fenetres\\\/89079\\\/#article\",\"isPartOf\":{\"@id\":\"https:\\\/\\\/batijournal.com\\\/index.php\\\/faut-il-une-etiquette-energie-pour-les-fenetres\\\/89079\\\/\"},\"author\":{\"name\":\"St\u00e9phane Miget\",\"@id\":\"https:\\\/\\\/batijournal.com\\\/#\\\/schema\\\/person\\\/1dc96ec6957aa1ccb25ebe78bb19f100\"},\"headline\":\"Faut-il une \u00e9tiquette \u00e9nergie pour les fen\u00eatres ?\",\"datePublished\":\"2015-09-08T14:28:11+00:00\",\"dateModified\":\"2019-07-15T10:20:21+00:00\",\"mainEntityOfPage\":{\"@id\":\"https:\\\/\\\/batijournal.com\\\/index.php\\\/faut-il-une-etiquette-energie-pour-les-fenetres\\\/89079\\\/\"},\"wordCount\":412,\"image\":{\"@id\":\"https:\\\/\\\/batijournal.com\\\/index.php\\\/faut-il-une-etiquette-energie-pour-les-fenetres\\\/89079\\\/#primaryimage\"},\"thumbnailUrl\":\"https:\\\/\\\/batijournal.com\\\/wp-content\\\/uploads\\\/2015\\\/09\\\/etiquette-energie.jpg\",\"keywords\":[\"\u00e9tiquette environnementale\",\"fen\u00eatre\",\"menuiseries\"],\"articleSection\":[\"A la Une\",\"\u00c9nergie &amp; Environnement\",\"zz_Produits - Plan\u00e8te\"],\"inLanguage\":\"fr-FR\"},{\"@type\":\"WebPage\",\"@id\":\"https:\\\/\\\/batijournal.com\\\/index.php\\\/faut-il-une-etiquette-energie-pour-les-fenetres\\\/89079\\\/\",\"url\":\"https:\\\/\\\/batijournal.com\\\/index.php\\\/faut-il-une-etiquette-energie-pour-les-fenetres\\\/89079\\\/\",\"name\":\"Faut-il une \u00e9tiquette \u00e9nergie pour les fen\u00eatres ?\",\"isPartOf\":{\"@id\":\"https:\\\/\\\/batijournal.com\\\/#website\"},\"primaryImageOfPage\":{\"@id\":\"https:\\\/\\\/batijournal.com\\\/index.php\\\/faut-il-une-etiquette-energie-pour-les-fenetres\\\/89079\\\/#primaryimage\"},\"image\":{\"@id\":\"https:\\\/\\\/batijournal.com\\\/index.php\\\/faut-il-une-etiquette-energie-pour-les-fenetres\\\/89079\\\/#primaryimage\"},\"thumbnailUrl\":\"https:\\\/\\\/batijournal.com\\\/wp-content\\\/uploads\\\/2015\\\/09\\\/etiquette-energie.jpg\",\"datePublished\":\"2015-09-08T14:28:11+00:00\",\"dateModified\":\"2019-07-15T10:20:21+00:00\",\"author\":{\"@id\":\"https:\\\/\\\/batijournal.com\\\/#\\\/schema\\\/person\\\/1dc96ec6957aa1ccb25ebe78bb19f100\"},\"breadcrumb\":{\"@id\":\"https:\\\/\\\/batijournal.com\\\/index.php\\\/faut-il-une-etiquette-energie-pour-les-fenetres\\\/89079\\\/#breadcrumb\"},\"inLanguage\":\"fr-FR\",\"potentialAction\":[{\"@type\":\"ReadAction\",\"target\":[\"https:\\\/\\\/batijournal.com\\\/index.php\\\/faut-il-une-etiquette-energie-pour-les-fenetres\\\/89079\\\/\"]}]},{\"@type\":\"ImageObject\",\"inLanguage\":\"fr-FR\",\"@id\":\"https:\\\/\\\/batijournal.com\\\/index.php\\\/faut-il-une-etiquette-energie-pour-les-fenetres\\\/89079\\\/#primaryimage\",\"url\":\"https:\\\/\\\/batijournal.com\\\/wp-content\\\/uploads\\\/2015\\\/09\\\/etiquette-energie.jpg\",\"contentUrl\":\"https:\\\/\\\/batijournal.com\\\/wp-content\\\/uploads\\\/2015\\\/09\\\/etiquette-energie.jpg\",\"width\":534,\"height\":301},{\"@type\":\"BreadcrumbList\",\"@id\":\"https:\\\/\\\/batijournal.com\\\/index.php\\\/faut-il-une-etiquette-energie-pour-les-fenetres\\\/89079\\\/#breadcrumb\",\"itemListElement\":[{\"@type\":\"ListItem\",\"position\":1,\"name\":\"Accueil\",\"item\":\"https:\\\/\\\/batijournal.com\\\/\"},{\"@type\":\"ListItem\",\"position\":2,\"name\":\"Actualit\u00e9s\",\"item\":\"https:\\\/\\\/batijournal.com\\\/index.php\\\/category\\\/actualites\\\/\"},{\"@type\":\"ListItem\",\"position\":3,\"name\":\"\u00c9nergie &amp; Environnement\",\"item\":\"https:\\\/\\\/batijournal.com\\\/index.php\\\/category\\\/actualites\\\/energie-environnement\\\/\"},{\"@type\":\"ListItem\",\"position\":4,\"name\":\"Faut-il une \u00e9tiquette \u00e9nergie pour les fen\u00eatres ?\"}]},{\"@type\":\"WebSite\",\"@id\":\"https:\\\/\\\/batijournal.com\\\/#website\",\"url\":\"https:\\\/\\\/batijournal.com\\\/\",\"name\":\"Batijournal\",\"description\":\"L&#039;actualit\u00e9 du b\u00e2timent\",\"potentialAction\":[{\"@type\":\"SearchAction\",\"target\":{\"@type\":\"EntryPoint\",\"urlTemplate\":\"https:\\\/\\\/batijournal.com\\\/?s={search_term_string}\"},\"query-input\":{\"@type\":\"PropertyValueSpecification\",\"valueRequired\":true,\"valueName\":\"search_term_string\"}}],\"inLanguage\":\"fr-FR\"},{\"@type\":\"Person\",\"@id\":\"https:\\\/\\\/batijournal.com\\\/#\\\/schema\\\/person\\\/1dc96ec6957aa1ccb25ebe78bb19f100\",\"name\":\"St\u00e9phane Miget\",\"image\":{\"@type\":\"ImageObject\",\"inLanguage\":\"fr-FR\",\"@id\":\"https:\\\/\\\/secure.gravatar.com\\\/avatar\\\/89915563d925342126b8ef0281b93d9d7fc337043e8df017f780908eb9644451?s=96&d=mm&r=g\",\"url\":\"https:\\\/\\\/secure.gravatar.com\\\/avatar\\\/89915563d925342126b8ef0281b93d9d7fc337043e8df017f780908eb9644451?s=96&d=mm&r=g\",\"contentUrl\":\"https:\\\/\\\/secure.gravatar.com\\\/avatar\\\/89915563d925342126b8ef0281b93d9d7fc337043e8df017f780908eb9644451?s=96&d=mm&r=g\",\"caption\":\"St\u00e9phane Miget\"},\"url\":\"https:\\\/\\\/batijournal.com\\\/index.php\\\/author\\\/stephane\\\/\"}]}<\/script>\n<!-- \/ Yoast SEO plugin. -->","yoast_head_json":{"title":"Faut-il une \u00e9tiquette \u00e9nergie pour les fen\u00eatres ?","robots":{"index":"index","follow":"follow","max-snippet":"max-snippet:-1","max-image-preview":"max-image-preview:large","max-video-preview":"max-video-preview:-1"},"canonical":"https:\/\/batijournal.com\/index.php\/faut-il-une-etiquette-energie-pour-les-fenetres\/89079\/","og_locale":"fr_FR","og_type":"article","og_title":"Faut-il une \u00e9tiquette \u00e9nergie pour les fen\u00eatres ?","og_description":"Un rapport remis \u00e0 la Commission Europ\u00e9enne\u00a0pr\u00e9conise la mise en place d\u2019un r\u00e8glement d\u2019\u00e9tiquetage \u00e9nerg\u00e9tique des fen\u00eatres mises \u00e0 disposition dans l\u2019UE au titre de la directive Energy Labelling. Plusieurs organisations et industriels europ\u00e9ens ont d\u2019ores et d\u00e9j\u00e0 fait conna\u00eetre leurs r\u00e9ticences vis-\u00e0-vis du projet tant sur le principe que sur le contenu.\u00a0C\u2019est le r\u00f4le [&hellip;]","og_url":"https:\/\/batijournal.com\/index.php\/faut-il-une-etiquette-energie-pour-les-fenetres\/89079\/","og_site_name":"Batijournal","article_published_time":"2015-09-08T14:28:11+00:00","article_modified_time":"2019-07-15T10:20:21+00:00","og_image":[{"width":534,"height":301,"url":"https:\/\/batijournal.com\/wp-content\/uploads\/2015\/09\/etiquette-energie.jpg","type":"image\/jpeg"}],"author":"St\u00e9phane Miget","twitter_card":"summary_large_image","twitter_creator":"@bati_journal","twitter_site":"@bati_journal","twitter_misc":{"\u00c9crit par":"St\u00e9phane Miget","Dur\u00e9e de lecture estim\u00e9e":"2 minutes"},"schema":{"@context":"https:\/\/schema.org","@graph":[{"@type":"Article","@id":"https:\/\/batijournal.com\/index.php\/faut-il-une-etiquette-energie-pour-les-fenetres\/89079\/#article","isPartOf":{"@id":"https:\/\/batijournal.com\/index.php\/faut-il-une-etiquette-energie-pour-les-fenetres\/89079\/"},"author":{"name":"St\u00e9phane Miget","@id":"https:\/\/batijournal.com\/#\/schema\/person\/1dc96ec6957aa1ccb25ebe78bb19f100"},"headline":"Faut-il une \u00e9tiquette \u00e9nergie pour les fen\u00eatres ?","datePublished":"2015-09-08T14:28:11+00:00","dateModified":"2019-07-15T10:20:21+00:00","mainEntityOfPage":{"@id":"https:\/\/batijournal.com\/index.php\/faut-il-une-etiquette-energie-pour-les-fenetres\/89079\/"},"wordCount":412,"image":{"@id":"https:\/\/batijournal.com\/index.php\/faut-il-une-etiquette-energie-pour-les-fenetres\/89079\/#primaryimage"},"thumbnailUrl":"https:\/\/batijournal.com\/wp-content\/uploads\/2015\/09\/etiquette-energie.jpg","keywords":["\u00e9tiquette environnementale","fen\u00eatre","menuiseries"],"articleSection":["A la Une","\u00c9nergie &amp; Environnement","zz_Produits - Plan\u00e8te"],"inLanguage":"fr-FR"},{"@type":"WebPage","@id":"https:\/\/batijournal.com\/index.php\/faut-il-une-etiquette-energie-pour-les-fenetres\/89079\/","url":"https:\/\/batijournal.com\/index.php\/faut-il-une-etiquette-energie-pour-les-fenetres\/89079\/","name":"Faut-il une \u00e9tiquette \u00e9nergie pour les fen\u00eatres ?","isPartOf":{"@id":"https:\/\/batijournal.com\/#website"},"primaryImageOfPage":{"@id":"https:\/\/batijournal.com\/index.php\/faut-il-une-etiquette-energie-pour-les-fenetres\/89079\/#primaryimage"},"image":{"@id":"https:\/\/batijournal.com\/index.php\/faut-il-une-etiquette-energie-pour-les-fenetres\/89079\/#primaryimage"},"thumbnailUrl":"https:\/\/batijournal.com\/wp-content\/uploads\/2015\/09\/etiquette-energie.jpg","datePublished":"2015-09-08T14:28:11+00:00","dateModified":"2019-07-15T10:20:21+00:00","author":{"@id":"https:\/\/batijournal.com\/#\/schema\/person\/1dc96ec6957aa1ccb25ebe78bb19f100"},"breadcrumb":{"@id":"https:\/\/batijournal.com\/index.php\/faut-il-une-etiquette-energie-pour-les-fenetres\/89079\/#breadcrumb"},"inLanguage":"fr-FR","potentialAction":[{"@type":"ReadAction","target":["https:\/\/batijournal.com\/index.php\/faut-il-une-etiquette-energie-pour-les-fenetres\/89079\/"]}]},{"@type":"ImageObject","inLanguage":"fr-FR","@id":"https:\/\/batijournal.com\/index.php\/faut-il-une-etiquette-energie-pour-les-fenetres\/89079\/#primaryimage","url":"https:\/\/batijournal.com\/wp-content\/uploads\/2015\/09\/etiquette-energie.jpg","contentUrl":"https:\/\/batijournal.com\/wp-content\/uploads\/2015\/09\/etiquette-energie.jpg","width":534,"height":301},{"@type":"BreadcrumbList","@id":"https:\/\/batijournal.com\/index.php\/faut-il-une-etiquette-energie-pour-les-fenetres\/89079\/#breadcrumb","itemListElement":[{"@type":"ListItem","position":1,"name":"Accueil","item":"https:\/\/batijournal.com\/"},{"@type":"ListItem","position":2,"name":"Actualit\u00e9s","item":"https:\/\/batijournal.com\/index.php\/category\/actualites\/"},{"@type":"ListItem","position":3,"name":"\u00c9nergie &amp; Environnement","item":"https:\/\/batijournal.com\/index.php\/category\/actualites\/energie-environnement\/"},{"@type":"ListItem","position":4,"name":"Faut-il une \u00e9tiquette \u00e9nergie pour les fen\u00eatres ?"}]},{"@type":"WebSite","@id":"https:\/\/batijournal.com\/#website","url":"https:\/\/batijournal.com\/","name":"Batijournal","description":"L&#039;actualit\u00e9 du b\u00e2timent","potentialAction":[{"@type":"SearchAction","target":{"@type":"EntryPoint","urlTemplate":"https:\/\/batijournal.com\/?s={search_term_string}"},"query-input":{"@type":"PropertyValueSpecification","valueRequired":true,"valueName":"search_term_string"}}],"inLanguage":"fr-FR"},{"@type":"Person","@id":"https:\/\/batijournal.com\/#\/schema\/person\/1dc96ec6957aa1ccb25ebe78bb19f100","name":"St\u00e9phane Miget","image":{"@type":"ImageObject","inLanguage":"fr-FR","@id":"https:\/\/secure.gravatar.com\/avatar\/89915563d925342126b8ef0281b93d9d7fc337043e8df017f780908eb9644451?s=96&d=mm&r=g","url":"https:\/\/secure.gravatar.com\/avatar\/89915563d925342126b8ef0281b93d9d7fc337043e8df017f780908eb9644451?s=96&d=mm&r=g","contentUrl":"https:\/\/secure.gravatar.com\/avatar\/89915563d925342126b8ef0281b93d9d7fc337043e8df017f780908eb9644451?s=96&d=mm&r=g","caption":"St\u00e9phane Miget"},"url":"https:\/\/batijournal.com\/index.php\/author\/stephane\/"}]}},"_links":{"self":[{"href":"https:\/\/batijournal.com\/index.php\/wp-json\/wp\/v2\/posts\/89079","targetHints":{"allow":["GET"]}}],"collection":[{"href":"https:\/\/batijournal.com\/index.php\/wp-json\/wp\/v2\/posts"}],"about":[{"href":"https:\/\/batijournal.com\/index.php\/wp-json\/wp\/v2\/types\/post"}],"author":[{"embeddable":true,"href":"https:\/\/batijournal.com\/index.php\/wp-json\/wp\/v2\/users\/17"}],"replies":[{"embeddable":true,"href":"https:\/\/batijournal.com\/index.php\/wp-json\/wp\/v2\/comments?post=89079"}],"version-history":[{"count":0,"href":"https:\/\/batijournal.com\/index.php\/wp-json\/wp\/v2\/posts\/89079\/revisions"}],"wp:featuredmedia":[{"embeddable":true,"href":"https:\/\/batijournal.com\/index.php\/wp-json\/wp\/v2\/media\/89084"}],"wp:attachment":[{"href":"https:\/\/batijournal.com\/index.php\/wp-json\/wp\/v2\/media?parent=89079"}],"wp:term":[{"taxonomy":"category","embeddable":true,"href":"https:\/\/batijournal.com\/index.php\/wp-json\/wp\/v2\/categories?post=89079"},{"taxonomy":"post_tag","embeddable":true,"href":"https:\/\/batijournal.com\/index.php\/wp-json\/wp\/v2\/tags?post=89079"}],"curies":[{"name":"wp","href":"https:\/\/api.w.org\/{rel}","templated":true}]}}