{"id":89596,"date":"2015-10-08T10:58:28","date_gmt":"2015-10-08T08:58:28","guid":{"rendered":"http:\/\/batijournal.com\/?p=89596"},"modified":"2019-07-15T12:11:19","modified_gmt":"2019-07-15T10:11:19","slug":"le-materiau-bois-valorise-en-ile-de-france","status":"publish","type":"post","link":"https:\/\/batijournal.com\/index.php\/le-materiau-bois-valorise-en-ile-de-france\/89596\/","title":{"rendered":"Le mat\u00e9riau bois valoris\u00e9 en \u00cele-de-France"},"content":{"rendered":"<p>Une vingtaine de\u00a0collectivit\u00e9s et bailleurs sociaux d&rsquo;\u00cele-de-France, viennent de signer un engagement \u00e0 valoriser le mat\u00e9riau bois dans la construction de b\u00e2timents neufs ou en r\u00e9novation au cours des cinq prochaines ann\u00e9es. Anim\u00e9e par \u00ab Franc\u00eelBois, l&rsquo;interprofession r\u00e9gionale For\u00eat Bois, la charte engage les ma\u00eetres d&rsquo;ouvrages publics et les bailleurs sociaux d&rsquo;\u00cele-de-France (publics et priv\u00e9s), \u00e0 augmenter la part du bois dans la construction et la r\u00e9novation de b\u00e2timents. Les partenaires quant \u00e0 eux, se mobilisent pour promouvoir la charte et accompagner les ma\u00eetres d&rsquo;ouvrages signataires.<\/p>\n<p><strong>Les ma\u00eetres d&rsquo;ouvrage publics et bailleurs sociaux suivants ont sign\u00e9 la charte :<\/strong><br \/>\nPr\u00e9fecture d&rsquo;\u00cele-de-France<br \/>\nConseil r\u00e9gional d&rsquo;\u00cele-de-France<br \/>\nCrous de Paris<br \/>\nElogie<br \/>\nEtablissement public d&rsquo;am\u00e9nagement EPAMARNE-EPAFRANCE<br \/>\nEtablissement public d&rsquo;am\u00e9nagement SENART<br \/>\nL&rsquo;immobili\u00e8re 3F<br \/>\nLogiRep &#8211; Groupe Polylogis<br \/>\nParis Habitat OPH (Office public de l&rsquo;habitat)<br \/>\nOPH Seine Ouest Habitat<br \/>\nSIEMP (Soci\u00e9t\u00e9 immobili\u00e8re d&rsquo;\u00e9conomie mixte de la Ville de Paris)<br \/>\nSPL Seine Ouest Am\u00e9nagement<br \/>\nToit et Joie<\/p>\n<p><strong>Les partenaires suivants ont sign\u00e9 la charte :<\/strong><br \/>\nAgence de l&rsquo;environnement et de la maitrise de l&rsquo;\u00e9nergie (ADEME)<br \/>\nAgence r\u00e9gionale de l&rsquo;environnement et des nouvelles \u00e9nergies d&rsquo;\u00cele-de-France (ARENE)<br \/>\nComit\u00e9 national pour le d\u00e9veloppement du bois (CNDB)<br \/>\nEkopolis &#8211; association 1901, p\u00f4le de ressources<br \/>\nF\u00e9d\u00e9ration nationale de communes foresti\u00e8res (FNCOFOR)<br \/>\nInstitut technologique for\u00eat &#8211; cellulose &#8211; bois construction &#8211; ameublement (FCBA)<br \/>\nAORIF &#8211; L&rsquo;Union sociale pour l&rsquo;habitat d&rsquo;\u00cele-de-France<br \/>\nCommunaut\u00e9 d&rsquo;agglom\u00e9ration Grand Paris Seine Ouest<br \/>\nCommunaut\u00e9 d&rsquo;agglom\u00e9ration Melun Val de Seine<\/p>\n<p><strong>Dans l&rsquo;attente de prochaines d\u00e9lib\u00e9rations, une d\u00e9claration d&rsquo;intention a \u00e9t\u00e9 sign\u00e9e par :<\/strong><br \/>\nVille de Paris<br \/>\nConseil d\u00e9partemental Seine-et-Marne<br \/>\nConseil d\u00e9partemental Val-de-Marne<br \/>\nCommunaut\u00e9 d&rsquo;agglom\u00e9ration Plaine Commune<br \/>\nCommunaut\u00e9 d&rsquo;agglom\u00e9ration Val d&rsquo;Orge<br \/>\nAgence des Espaces Verts de la R\u00e9gion d&rsquo;\u00cele-de-France<br \/>\nParc naturel r\u00e9gional de la Haute Vall\u00e9e de Chevreuse<\/p>\n<p><strong>D&rsquo;autres structures ont d&rsquo;ores et d\u00e9j\u00e0 manifest\u00e9 leur int\u00e9r\u00eat pour la d\u00e9marche :<\/strong><br \/>\nCommunaut\u00e9 d&rsquo;agglom\u00e9ration Terres de France<br \/>\nCommunaut\u00e9 d&rsquo;Agglom\u00e9ration des 2 Rives de Seine (CA2RS)<br \/>\nGrand Paris Habitat &#8211; Groupe SNI<br \/>\nParc naturel r\u00e9gional du G\u00e2tinais fran\u00e7ais<\/p>\n","protected":false},"excerpt":{"rendered":"<p>Une vingtaine de\u00a0collectivit\u00e9s et bailleurs sociaux d&rsquo;\u00cele-de-France, viennent de signer un engagement \u00e0 valoriser le mat\u00e9riau bois dans la construction de b\u00e2timents neufs ou en r\u00e9novation au cours des cinq prochaines ann\u00e9es. Anim\u00e9e par \u00ab Franc\u00eelBois, l&rsquo;interprofession r\u00e9gionale For\u00eat Bois, la charte engage les ma\u00eetres d&rsquo;ouvrages publics et les bailleurs sociaux d&rsquo;\u00cele-de-France (publics et priv\u00e9s), [&hellip;]<\/p>\n","protected":false},"author":17,"featured_media":88688,"comment_status":"closed","ping_status":"closed","sticky":false,"template":"","format":"standard","meta":{"_et_pb_use_builder":"","_et_pb_old_content":"","_et_gb_content_width":"","footnotes":""},"categories":[6340,6345,10787],"tags":[44,374,4378],"class_list":["post-89596","post","type-post","status-publish","format-standard","has-post-thumbnail","hentry","category-architecture-conception","category-economie-marches","category-entreprises-et-chantiers","tag-bois","tag-construction-bois-2","tag-ile-de-france"],"yoast_head":"<!-- This site is optimized with the Yoast SEO plugin v27.4 - https:\/\/yoast.com\/product\/yoast-seo-wordpress\/ -->\n<title>Le mat\u00e9riau bois valoris\u00e9 en \u00cele-de-France<\/title>\n<meta name=\"robots\" content=\"index, follow, max-snippet:-1, max-image-preview:large, max-video-preview:-1\" \/>\n<link rel=\"canonical\" href=\"https:\/\/batijournal.com\/index.php\/le-materiau-bois-valorise-en-ile-de-france\/89596\/\" \/>\n<meta property=\"og:locale\" content=\"fr_FR\" \/>\n<meta property=\"og:type\" content=\"article\" \/>\n<meta property=\"og:title\" content=\"Le mat\u00e9riau bois valoris\u00e9 en \u00cele-de-France\" \/>\n<meta property=\"og:description\" content=\"Une vingtaine de\u00a0collectivit\u00e9s et bailleurs sociaux d&rsquo;\u00cele-de-France, viennent de signer un engagement \u00e0 valoriser le mat\u00e9riau bois dans la construction de b\u00e2timents neufs ou en r\u00e9novation au cours des cinq prochaines ann\u00e9es. Anim\u00e9e par \u00ab Franc\u00eelBois, l&rsquo;interprofession r\u00e9gionale For\u00eat Bois, la charte engage les ma\u00eetres d&rsquo;ouvrages publics et les bailleurs sociaux d&rsquo;\u00cele-de-France (publics et priv\u00e9s), [&hellip;]\" \/>\n<meta property=\"og:url\" content=\"https:\/\/batijournal.com\/index.php\/le-materiau-bois-valorise-en-ile-de-france\/89596\/\" \/>\n<meta property=\"og:site_name\" content=\"Batijournal\" \/>\n<meta property=\"article:published_time\" content=\"2015-10-08T08:58:28+00:00\" \/>\n<meta property=\"article:modified_time\" content=\"2019-07-15T10:11:19+00:00\" \/>\n<meta property=\"og:image\" content=\"https:\/\/batijournal.com\/wp-content\/uploads\/2015\/07\/Fotolia_60251239_S.jpg\" \/>\n\t<meta property=\"og:image:width\" content=\"800\" \/>\n\t<meta property=\"og:image:height\" content=\"600\" \/>\n\t<meta property=\"og:image:type\" content=\"image\/jpeg\" \/>\n<meta name=\"author\" content=\"St\u00e9phane Miget\" \/>\n<meta name=\"twitter:card\" content=\"summary_large_image\" \/>\n<meta name=\"twitter:creator\" content=\"@bati_journal\" \/>\n<meta name=\"twitter:site\" content=\"@bati_journal\" \/>\n<meta name=\"twitter:label1\" content=\"\u00c9crit par\" \/>\n\t<meta name=\"twitter:data1\" content=\"St\u00e9phane Miget\" \/>\n\t<meta name=\"twitter:label2\" content=\"Dur\u00e9e de lecture estim\u00e9e\" \/>\n\t<meta name=\"twitter:data2\" content=\"2 minutes\" \/>\n<script type=\"application\/ld+json\" class=\"yoast-schema-graph\">{\"@context\":\"https:\\\/\\\/schema.org\",\"@graph\":[{\"@type\":\"Article\",\"@id\":\"https:\\\/\\\/batijournal.com\\\/index.php\\\/le-materiau-bois-valorise-en-ile-de-france\\\/89596\\\/#article\",\"isPartOf\":{\"@id\":\"https:\\\/\\\/batijournal.com\\\/index.php\\\/le-materiau-bois-valorise-en-ile-de-france\\\/89596\\\/\"},\"author\":{\"name\":\"St\u00e9phane Miget\",\"@id\":\"https:\\\/\\\/batijournal.com\\\/#\\\/schema\\\/person\\\/1dc96ec6957aa1ccb25ebe78bb19f100\"},\"headline\":\"Le mat\u00e9riau bois valoris\u00e9 en \u00cele-de-France\",\"datePublished\":\"2015-10-08T08:58:28+00:00\",\"dateModified\":\"2019-07-15T10:11:19+00:00\",\"mainEntityOfPage\":{\"@id\":\"https:\\\/\\\/batijournal.com\\\/index.php\\\/le-materiau-bois-valorise-en-ile-de-france\\\/89596\\\/\"},\"wordCount\":397,\"image\":{\"@id\":\"https:\\\/\\\/batijournal.com\\\/index.php\\\/le-materiau-bois-valorise-en-ile-de-france\\\/89596\\\/#primaryimage\"},\"thumbnailUrl\":\"https:\\\/\\\/batijournal.com\\\/wp-content\\\/uploads\\\/2015\\\/07\\\/Fotolia_60251239_S.jpg\",\"keywords\":[\"bois\",\"construction bois\",\"Ile de France\"],\"articleSection\":[\"Architecture &amp; Conception\",\"\u00c9conomie &amp; March\u00e9s\",\"zz_Entreprises et chantiers - AC\"],\"inLanguage\":\"fr-FR\"},{\"@type\":\"WebPage\",\"@id\":\"https:\\\/\\\/batijournal.com\\\/index.php\\\/le-materiau-bois-valorise-en-ile-de-france\\\/89596\\\/\",\"url\":\"https:\\\/\\\/batijournal.com\\\/index.php\\\/le-materiau-bois-valorise-en-ile-de-france\\\/89596\\\/\",\"name\":\"Le mat\u00e9riau bois valoris\u00e9 en \u00cele-de-France\",\"isPartOf\":{\"@id\":\"https:\\\/\\\/batijournal.com\\\/#website\"},\"primaryImageOfPage\":{\"@id\":\"https:\\\/\\\/batijournal.com\\\/index.php\\\/le-materiau-bois-valorise-en-ile-de-france\\\/89596\\\/#primaryimage\"},\"image\":{\"@id\":\"https:\\\/\\\/batijournal.com\\\/index.php\\\/le-materiau-bois-valorise-en-ile-de-france\\\/89596\\\/#primaryimage\"},\"thumbnailUrl\":\"https:\\\/\\\/batijournal.com\\\/wp-content\\\/uploads\\\/2015\\\/07\\\/Fotolia_60251239_S.jpg\",\"datePublished\":\"2015-10-08T08:58:28+00:00\",\"dateModified\":\"2019-07-15T10:11:19+00:00\",\"author\":{\"@id\":\"https:\\\/\\\/batijournal.com\\\/#\\\/schema\\\/person\\\/1dc96ec6957aa1ccb25ebe78bb19f100\"},\"breadcrumb\":{\"@id\":\"https:\\\/\\\/batijournal.com\\\/index.php\\\/le-materiau-bois-valorise-en-ile-de-france\\\/89596\\\/#breadcrumb\"},\"inLanguage\":\"fr-FR\",\"potentialAction\":[{\"@type\":\"ReadAction\",\"target\":[\"https:\\\/\\\/batijournal.com\\\/index.php\\\/le-materiau-bois-valorise-en-ile-de-france\\\/89596\\\/\"]}]},{\"@type\":\"ImageObject\",\"inLanguage\":\"fr-FR\",\"@id\":\"https:\\\/\\\/batijournal.com\\\/index.php\\\/le-materiau-bois-valorise-en-ile-de-france\\\/89596\\\/#primaryimage\",\"url\":\"https:\\\/\\\/batijournal.com\\\/wp-content\\\/uploads\\\/2015\\\/07\\\/Fotolia_60251239_S.jpg\",\"contentUrl\":\"https:\\\/\\\/batijournal.com\\\/wp-content\\\/uploads\\\/2015\\\/07\\\/Fotolia_60251239_S.jpg\",\"width\":800,\"height\":600,\"caption\":\"construction bois\"},{\"@type\":\"BreadcrumbList\",\"@id\":\"https:\\\/\\\/batijournal.com\\\/index.php\\\/le-materiau-bois-valorise-en-ile-de-france\\\/89596\\\/#breadcrumb\",\"itemListElement\":[{\"@type\":\"ListItem\",\"position\":1,\"name\":\"Accueil\",\"item\":\"https:\\\/\\\/batijournal.com\\\/\"},{\"@type\":\"ListItem\",\"position\":2,\"name\":\"Actualit\u00e9s\",\"item\":\"https:\\\/\\\/batijournal.com\\\/index.php\\\/category\\\/actualites\\\/\"},{\"@type\":\"ListItem\",\"position\":3,\"name\":\"Architecture &amp; Conception\",\"item\":\"https:\\\/\\\/batijournal.com\\\/index.php\\\/category\\\/actualites\\\/architecture-conception\\\/\"},{\"@type\":\"ListItem\",\"position\":4,\"name\":\"Le mat\u00e9riau bois valoris\u00e9 en \u00cele-de-France\"}]},{\"@type\":\"WebSite\",\"@id\":\"https:\\\/\\\/batijournal.com\\\/#website\",\"url\":\"https:\\\/\\\/batijournal.com\\\/\",\"name\":\"Batijournal\",\"description\":\"L&#039;actualit\u00e9 du b\u00e2timent\",\"potentialAction\":[{\"@type\":\"SearchAction\",\"target\":{\"@type\":\"EntryPoint\",\"urlTemplate\":\"https:\\\/\\\/batijournal.com\\\/?s={search_term_string}\"},\"query-input\":{\"@type\":\"PropertyValueSpecification\",\"valueRequired\":true,\"valueName\":\"search_term_string\"}}],\"inLanguage\":\"fr-FR\"},{\"@type\":\"Person\",\"@id\":\"https:\\\/\\\/batijournal.com\\\/#\\\/schema\\\/person\\\/1dc96ec6957aa1ccb25ebe78bb19f100\",\"name\":\"St\u00e9phane Miget\",\"image\":{\"@type\":\"ImageObject\",\"inLanguage\":\"fr-FR\",\"@id\":\"https:\\\/\\\/secure.gravatar.com\\\/avatar\\\/89915563d925342126b8ef0281b93d9d7fc337043e8df017f780908eb9644451?s=96&d=mm&r=g\",\"url\":\"https:\\\/\\\/secure.gravatar.com\\\/avatar\\\/89915563d925342126b8ef0281b93d9d7fc337043e8df017f780908eb9644451?s=96&d=mm&r=g\",\"contentUrl\":\"https:\\\/\\\/secure.gravatar.com\\\/avatar\\\/89915563d925342126b8ef0281b93d9d7fc337043e8df017f780908eb9644451?s=96&d=mm&r=g\",\"caption\":\"St\u00e9phane Miget\"},\"url\":\"https:\\\/\\\/batijournal.com\\\/index.php\\\/author\\\/stephane\\\/\"}]}<\/script>\n<!-- \/ Yoast SEO plugin. -->","yoast_head_json":{"title":"Le mat\u00e9riau bois valoris\u00e9 en \u00cele-de-France","robots":{"index":"index","follow":"follow","max-snippet":"max-snippet:-1","max-image-preview":"max-image-preview:large","max-video-preview":"max-video-preview:-1"},"canonical":"https:\/\/batijournal.com\/index.php\/le-materiau-bois-valorise-en-ile-de-france\/89596\/","og_locale":"fr_FR","og_type":"article","og_title":"Le mat\u00e9riau bois valoris\u00e9 en \u00cele-de-France","og_description":"Une vingtaine de\u00a0collectivit\u00e9s et bailleurs sociaux d&rsquo;\u00cele-de-France, viennent de signer un engagement \u00e0 valoriser le mat\u00e9riau bois dans la construction de b\u00e2timents neufs ou en r\u00e9novation au cours des cinq prochaines ann\u00e9es. Anim\u00e9e par \u00ab Franc\u00eelBois, l&rsquo;interprofession r\u00e9gionale For\u00eat Bois, la charte engage les ma\u00eetres d&rsquo;ouvrages publics et les bailleurs sociaux d&rsquo;\u00cele-de-France (publics et priv\u00e9s), [&hellip;]","og_url":"https:\/\/batijournal.com\/index.php\/le-materiau-bois-valorise-en-ile-de-france\/89596\/","og_site_name":"Batijournal","article_published_time":"2015-10-08T08:58:28+00:00","article_modified_time":"2019-07-15T10:11:19+00:00","og_image":[{"width":800,"height":600,"url":"https:\/\/batijournal.com\/wp-content\/uploads\/2015\/07\/Fotolia_60251239_S.jpg","type":"image\/jpeg"}],"author":"St\u00e9phane Miget","twitter_card":"summary_large_image","twitter_creator":"@bati_journal","twitter_site":"@bati_journal","twitter_misc":{"\u00c9crit par":"St\u00e9phane Miget","Dur\u00e9e de lecture estim\u00e9e":"2 minutes"},"schema":{"@context":"https:\/\/schema.org","@graph":[{"@type":"Article","@id":"https:\/\/batijournal.com\/index.php\/le-materiau-bois-valorise-en-ile-de-france\/89596\/#article","isPartOf":{"@id":"https:\/\/batijournal.com\/index.php\/le-materiau-bois-valorise-en-ile-de-france\/89596\/"},"author":{"name":"St\u00e9phane Miget","@id":"https:\/\/batijournal.com\/#\/schema\/person\/1dc96ec6957aa1ccb25ebe78bb19f100"},"headline":"Le mat\u00e9riau bois valoris\u00e9 en \u00cele-de-France","datePublished":"2015-10-08T08:58:28+00:00","dateModified":"2019-07-15T10:11:19+00:00","mainEntityOfPage":{"@id":"https:\/\/batijournal.com\/index.php\/le-materiau-bois-valorise-en-ile-de-france\/89596\/"},"wordCount":397,"image":{"@id":"https:\/\/batijournal.com\/index.php\/le-materiau-bois-valorise-en-ile-de-france\/89596\/#primaryimage"},"thumbnailUrl":"https:\/\/batijournal.com\/wp-content\/uploads\/2015\/07\/Fotolia_60251239_S.jpg","keywords":["bois","construction bois","Ile de France"],"articleSection":["Architecture &amp; Conception","\u00c9conomie &amp; March\u00e9s","zz_Entreprises et chantiers - AC"],"inLanguage":"fr-FR"},{"@type":"WebPage","@id":"https:\/\/batijournal.com\/index.php\/le-materiau-bois-valorise-en-ile-de-france\/89596\/","url":"https:\/\/batijournal.com\/index.php\/le-materiau-bois-valorise-en-ile-de-france\/89596\/","name":"Le mat\u00e9riau bois valoris\u00e9 en \u00cele-de-France","isPartOf":{"@id":"https:\/\/batijournal.com\/#website"},"primaryImageOfPage":{"@id":"https:\/\/batijournal.com\/index.php\/le-materiau-bois-valorise-en-ile-de-france\/89596\/#primaryimage"},"image":{"@id":"https:\/\/batijournal.com\/index.php\/le-materiau-bois-valorise-en-ile-de-france\/89596\/#primaryimage"},"thumbnailUrl":"https:\/\/batijournal.com\/wp-content\/uploads\/2015\/07\/Fotolia_60251239_S.jpg","datePublished":"2015-10-08T08:58:28+00:00","dateModified":"2019-07-15T10:11:19+00:00","author":{"@id":"https:\/\/batijournal.com\/#\/schema\/person\/1dc96ec6957aa1ccb25ebe78bb19f100"},"breadcrumb":{"@id":"https:\/\/batijournal.com\/index.php\/le-materiau-bois-valorise-en-ile-de-france\/89596\/#breadcrumb"},"inLanguage":"fr-FR","potentialAction":[{"@type":"ReadAction","target":["https:\/\/batijournal.com\/index.php\/le-materiau-bois-valorise-en-ile-de-france\/89596\/"]}]},{"@type":"ImageObject","inLanguage":"fr-FR","@id":"https:\/\/batijournal.com\/index.php\/le-materiau-bois-valorise-en-ile-de-france\/89596\/#primaryimage","url":"https:\/\/batijournal.com\/wp-content\/uploads\/2015\/07\/Fotolia_60251239_S.jpg","contentUrl":"https:\/\/batijournal.com\/wp-content\/uploads\/2015\/07\/Fotolia_60251239_S.jpg","width":800,"height":600,"caption":"construction bois"},{"@type":"BreadcrumbList","@id":"https:\/\/batijournal.com\/index.php\/le-materiau-bois-valorise-en-ile-de-france\/89596\/#breadcrumb","itemListElement":[{"@type":"ListItem","position":1,"name":"Accueil","item":"https:\/\/batijournal.com\/"},{"@type":"ListItem","position":2,"name":"Actualit\u00e9s","item":"https:\/\/batijournal.com\/index.php\/category\/actualites\/"},{"@type":"ListItem","position":3,"name":"Architecture &amp; Conception","item":"https:\/\/batijournal.com\/index.php\/category\/actualites\/architecture-conception\/"},{"@type":"ListItem","position":4,"name":"Le mat\u00e9riau bois valoris\u00e9 en \u00cele-de-France"}]},{"@type":"WebSite","@id":"https:\/\/batijournal.com\/#website","url":"https:\/\/batijournal.com\/","name":"Batijournal","description":"L&#039;actualit\u00e9 du b\u00e2timent","potentialAction":[{"@type":"SearchAction","target":{"@type":"EntryPoint","urlTemplate":"https:\/\/batijournal.com\/?s={search_term_string}"},"query-input":{"@type":"PropertyValueSpecification","valueRequired":true,"valueName":"search_term_string"}}],"inLanguage":"fr-FR"},{"@type":"Person","@id":"https:\/\/batijournal.com\/#\/schema\/person\/1dc96ec6957aa1ccb25ebe78bb19f100","name":"St\u00e9phane Miget","image":{"@type":"ImageObject","inLanguage":"fr-FR","@id":"https:\/\/secure.gravatar.com\/avatar\/89915563d925342126b8ef0281b93d9d7fc337043e8df017f780908eb9644451?s=96&d=mm&r=g","url":"https:\/\/secure.gravatar.com\/avatar\/89915563d925342126b8ef0281b93d9d7fc337043e8df017f780908eb9644451?s=96&d=mm&r=g","contentUrl":"https:\/\/secure.gravatar.com\/avatar\/89915563d925342126b8ef0281b93d9d7fc337043e8df017f780908eb9644451?s=96&d=mm&r=g","caption":"St\u00e9phane Miget"},"url":"https:\/\/batijournal.com\/index.php\/author\/stephane\/"}]}},"_links":{"self":[{"href":"https:\/\/batijournal.com\/index.php\/wp-json\/wp\/v2\/posts\/89596","targetHints":{"allow":["GET"]}}],"collection":[{"href":"https:\/\/batijournal.com\/index.php\/wp-json\/wp\/v2\/posts"}],"about":[{"href":"https:\/\/batijournal.com\/index.php\/wp-json\/wp\/v2\/types\/post"}],"author":[{"embeddable":true,"href":"https:\/\/batijournal.com\/index.php\/wp-json\/wp\/v2\/users\/17"}],"replies":[{"embeddable":true,"href":"https:\/\/batijournal.com\/index.php\/wp-json\/wp\/v2\/comments?post=89596"}],"version-history":[{"count":0,"href":"https:\/\/batijournal.com\/index.php\/wp-json\/wp\/v2\/posts\/89596\/revisions"}],"wp:featuredmedia":[{"embeddable":true,"href":"https:\/\/batijournal.com\/index.php\/wp-json\/wp\/v2\/media\/88688"}],"wp:attachment":[{"href":"https:\/\/batijournal.com\/index.php\/wp-json\/wp\/v2\/media?parent=89596"}],"wp:term":[{"taxonomy":"category","embeddable":true,"href":"https:\/\/batijournal.com\/index.php\/wp-json\/wp\/v2\/categories?post=89596"},{"taxonomy":"post_tag","embeddable":true,"href":"https:\/\/batijournal.com\/index.php\/wp-json\/wp\/v2\/tags?post=89596"}],"curies":[{"name":"wp","href":"https:\/\/api.w.org\/{rel}","templated":true}]}}