{"id":89740,"date":"2015-10-20T07:32:51","date_gmt":"2015-10-20T05:32:51","guid":{"rendered":"http:\/\/batijournal.com\/?p=89740"},"modified":"2019-07-15T11:17:07","modified_gmt":"2019-07-15T09:17:07","slug":"un-projet-de-loi-pour-proteger-les-monuments-historiques","status":"publish","type":"post","link":"https:\/\/batijournal.com\/index.php\/un-projet-de-loi-pour-proteger-les-monuments-historiques\/89740\/","title":{"rendered":"Un projet de loi pour prot\u00e9ger les monuments historiques"},"content":{"rendered":"<p>Le s\u00e9nateur Antoine Lef\u00e8vre a d\u00e9pos\u00e9 une proposition de loi pour prot\u00e9ger les monuments historiques de la d\u00e9gradadtion. Un monument historique sur deux est entre les mains d&rsquo;un particulier. La loi du 31 D\u00e9cembre 1913 modifi\u00e9e a mis en place un r\u00e9gime de protection de ces possessions et a initi\u00e9 l&rsquo;id\u00e9e d&rsquo;un accompagnement financier du propri\u00e9taire priv\u00e9 par les pouvoirs publics. L&rsquo;aide de l&rsquo;\u00c9tat doit all\u00e9ger la t\u00e2che du particulier sur qui p\u00e8se la charge de bonne conservation de ces biens. Mais de nombreux \u00e9difices historiques souffrent du manque d&rsquo;entretien de la part de leur gestionnaire. Sur 14 897 monuments historiques class\u00e9s, ce sont 2 844 monuments qui sont en p\u00e9rils. L&rsquo;une des raisons de cette d\u00e9gradation est que la plupart de ces biens &#8211; environ 65 % &#8211; se trouvent dans des communes de moins de 2 000 habitants, qui ne peuvent financi\u00e8rement faire face \u00e0 la conduite d&rsquo;op\u00e9rations de r\u00e9novation. La seconde raison \u00e9tant que pr\u00e8s de 27 % des biens en p\u00e9rils sont g\u00e9r\u00e9s par des gestionnaires priv\u00e9s. La proposition de loi vise \u00e0 ce que, pr\u00e9alablement \u00e0 chaque cession \u00e0 un propri\u00e9taire priv\u00e9, les services de l&rsquo;\u00c9tat charg\u00e9s des monuments historiques v\u00e9rifient que l&rsquo;acqu\u00e9reur pr\u00e9sente les garanties permettant d&rsquo;assurer la conservation du bien de fa\u00e7on \u00e0 ce que sa p\u00e9rennit\u00e9 soit assur\u00e9e. De plus, elle permet aux associations de d\u00e9fense du patrimoine de pouvoir ester en justice lorsque un immeuble inscrit a fait l&rsquo;objet de d\u00e9gradations volontaires ou d&rsquo;actes de vandalisme et aussi afin de faire constater par le juge l&rsquo;absence de bonne conservation du bien par le propri\u00e9taire priv\u00e9.<\/p>\n","protected":false},"excerpt":{"rendered":"<p>Le s\u00e9nateur Antoine Lef\u00e8vre a d\u00e9pos\u00e9 une proposition de loi pour prot\u00e9ger les monuments historiques de la d\u00e9gradadtion. Un monument historique sur deux est entre les mains d&rsquo;un particulier. La loi du 31 D\u00e9cembre 1913 modifi\u00e9e a mis en place un r\u00e9gime de protection de ces possessions et a initi\u00e9 l&rsquo;id\u00e9e d&rsquo;un accompagnement financier du [&hellip;]<\/p>\n","protected":false},"author":17,"featured_media":89741,"comment_status":"closed","ping_status":"closed","sticky":false,"template":"","format":"standard","meta":{"_et_pb_use_builder":"","_et_pb_old_content":"","_et_gb_content_width":"","footnotes":""},"categories":[6340],"tags":[6376,7392],"class_list":["post-89740","post","type-post","status-publish","format-standard","has-post-thumbnail","hentry","category-architecture-conception","tag-monument-historique","tag-projet-de-loi"],"yoast_head":"<!-- This site is optimized with the Yoast SEO plugin v27.4 - https:\/\/yoast.com\/product\/yoast-seo-wordpress\/ -->\n<title>Un projet de loi pour prot\u00e9ger les monuments historiques<\/title>\n<meta name=\"robots\" content=\"index, follow, max-snippet:-1, max-image-preview:large, max-video-preview:-1\" \/>\n<link rel=\"canonical\" href=\"https:\/\/batijournal.com\/index.php\/un-projet-de-loi-pour-proteger-les-monuments-historiques\/89740\/\" \/>\n<meta property=\"og:locale\" content=\"fr_FR\" \/>\n<meta property=\"og:type\" content=\"article\" \/>\n<meta property=\"og:title\" content=\"Un projet de loi pour prot\u00e9ger les monuments historiques\" \/>\n<meta property=\"og:description\" content=\"Le s\u00e9nateur Antoine Lef\u00e8vre a d\u00e9pos\u00e9 une proposition de loi pour prot\u00e9ger les monuments historiques de la d\u00e9gradadtion. Un monument historique sur deux est entre les mains d&rsquo;un particulier. La loi du 31 D\u00e9cembre 1913 modifi\u00e9e a mis en place un r\u00e9gime de protection de ces possessions et a initi\u00e9 l&rsquo;id\u00e9e d&rsquo;un accompagnement financier du [&hellip;]\" \/>\n<meta property=\"og:url\" content=\"https:\/\/batijournal.com\/index.php\/un-projet-de-loi-pour-proteger-les-monuments-historiques\/89740\/\" \/>\n<meta property=\"og:site_name\" content=\"Batijournal\" \/>\n<meta property=\"article:published_time\" content=\"2015-10-20T05:32:51+00:00\" \/>\n<meta property=\"article:modified_time\" content=\"2019-07-15T09:17:07+00:00\" \/>\n<meta property=\"og:image\" content=\"https:\/\/batijournal.com\/wp-content\/uploads\/2015\/10\/MH-monument-historique.jpg\" \/>\n\t<meta property=\"og:image:width\" content=\"821\" \/>\n\t<meta property=\"og:image:height\" content=\"599\" \/>\n\t<meta property=\"og:image:type\" content=\"image\/jpeg\" \/>\n<meta name=\"author\" content=\"St\u00e9phane Miget\" \/>\n<meta name=\"twitter:card\" content=\"summary_large_image\" \/>\n<meta name=\"twitter:creator\" content=\"@bati_journal\" \/>\n<meta name=\"twitter:site\" content=\"@bati_journal\" \/>\n<meta name=\"twitter:label1\" content=\"\u00c9crit par\" \/>\n\t<meta name=\"twitter:data1\" content=\"St\u00e9phane Miget\" \/>\n\t<meta name=\"twitter:label2\" content=\"Dur\u00e9e de lecture estim\u00e9e\" \/>\n\t<meta name=\"twitter:data2\" content=\"1 minute\" \/>\n<script type=\"application\/ld+json\" class=\"yoast-schema-graph\">{\"@context\":\"https:\\\/\\\/schema.org\",\"@graph\":[{\"@type\":\"Article\",\"@id\":\"https:\\\/\\\/batijournal.com\\\/index.php\\\/un-projet-de-loi-pour-proteger-les-monuments-historiques\\\/89740\\\/#article\",\"isPartOf\":{\"@id\":\"https:\\\/\\\/batijournal.com\\\/index.php\\\/un-projet-de-loi-pour-proteger-les-monuments-historiques\\\/89740\\\/\"},\"author\":{\"name\":\"St\u00e9phane Miget\",\"@id\":\"https:\\\/\\\/batijournal.com\\\/#\\\/schema\\\/person\\\/1dc96ec6957aa1ccb25ebe78bb19f100\"},\"headline\":\"Un projet de loi pour prot\u00e9ger les monuments historiques\",\"datePublished\":\"2015-10-20T05:32:51+00:00\",\"dateModified\":\"2019-07-15T09:17:07+00:00\",\"mainEntityOfPage\":{\"@id\":\"https:\\\/\\\/batijournal.com\\\/index.php\\\/un-projet-de-loi-pour-proteger-les-monuments-historiques\\\/89740\\\/\"},\"wordCount\":307,\"image\":{\"@id\":\"https:\\\/\\\/batijournal.com\\\/index.php\\\/un-projet-de-loi-pour-proteger-les-monuments-historiques\\\/89740\\\/#primaryimage\"},\"thumbnailUrl\":\"https:\\\/\\\/batijournal.com\\\/wp-content\\\/uploads\\\/2015\\\/10\\\/MH-monument-historique.jpg\",\"keywords\":[\"monument historique\",\"projet de loi\"],\"articleSection\":[\"Architecture &amp; Conception\"],\"inLanguage\":\"fr-FR\"},{\"@type\":\"WebPage\",\"@id\":\"https:\\\/\\\/batijournal.com\\\/index.php\\\/un-projet-de-loi-pour-proteger-les-monuments-historiques\\\/89740\\\/\",\"url\":\"https:\\\/\\\/batijournal.com\\\/index.php\\\/un-projet-de-loi-pour-proteger-les-monuments-historiques\\\/89740\\\/\",\"name\":\"Un projet de loi pour prot\u00e9ger les monuments historiques\",\"isPartOf\":{\"@id\":\"https:\\\/\\\/batijournal.com\\\/#website\"},\"primaryImageOfPage\":{\"@id\":\"https:\\\/\\\/batijournal.com\\\/index.php\\\/un-projet-de-loi-pour-proteger-les-monuments-historiques\\\/89740\\\/#primaryimage\"},\"image\":{\"@id\":\"https:\\\/\\\/batijournal.com\\\/index.php\\\/un-projet-de-loi-pour-proteger-les-monuments-historiques\\\/89740\\\/#primaryimage\"},\"thumbnailUrl\":\"https:\\\/\\\/batijournal.com\\\/wp-content\\\/uploads\\\/2015\\\/10\\\/MH-monument-historique.jpg\",\"datePublished\":\"2015-10-20T05:32:51+00:00\",\"dateModified\":\"2019-07-15T09:17:07+00:00\",\"author\":{\"@id\":\"https:\\\/\\\/batijournal.com\\\/#\\\/schema\\\/person\\\/1dc96ec6957aa1ccb25ebe78bb19f100\"},\"breadcrumb\":{\"@id\":\"https:\\\/\\\/batijournal.com\\\/index.php\\\/un-projet-de-loi-pour-proteger-les-monuments-historiques\\\/89740\\\/#breadcrumb\"},\"inLanguage\":\"fr-FR\",\"potentialAction\":[{\"@type\":\"ReadAction\",\"target\":[\"https:\\\/\\\/batijournal.com\\\/index.php\\\/un-projet-de-loi-pour-proteger-les-monuments-historiques\\\/89740\\\/\"]}]},{\"@type\":\"ImageObject\",\"inLanguage\":\"fr-FR\",\"@id\":\"https:\\\/\\\/batijournal.com\\\/index.php\\\/un-projet-de-loi-pour-proteger-les-monuments-historiques\\\/89740\\\/#primaryimage\",\"url\":\"https:\\\/\\\/batijournal.com\\\/wp-content\\\/uploads\\\/2015\\\/10\\\/MH-monument-historique.jpg\",\"contentUrl\":\"https:\\\/\\\/batijournal.com\\\/wp-content\\\/uploads\\\/2015\\\/10\\\/MH-monument-historique.jpg\",\"width\":821,\"height\":599},{\"@type\":\"BreadcrumbList\",\"@id\":\"https:\\\/\\\/batijournal.com\\\/index.php\\\/un-projet-de-loi-pour-proteger-les-monuments-historiques\\\/89740\\\/#breadcrumb\",\"itemListElement\":[{\"@type\":\"ListItem\",\"position\":1,\"name\":\"Accueil\",\"item\":\"https:\\\/\\\/batijournal.com\\\/\"},{\"@type\":\"ListItem\",\"position\":2,\"name\":\"Actualit\u00e9s\",\"item\":\"https:\\\/\\\/batijournal.com\\\/index.php\\\/category\\\/actualites\\\/\"},{\"@type\":\"ListItem\",\"position\":3,\"name\":\"Architecture &amp; Conception\",\"item\":\"https:\\\/\\\/batijournal.com\\\/index.php\\\/category\\\/actualites\\\/architecture-conception\\\/\"},{\"@type\":\"ListItem\",\"position\":4,\"name\":\"Un projet de loi pour prot\u00e9ger les monuments historiques\"}]},{\"@type\":\"WebSite\",\"@id\":\"https:\\\/\\\/batijournal.com\\\/#website\",\"url\":\"https:\\\/\\\/batijournal.com\\\/\",\"name\":\"Batijournal\",\"description\":\"L&#039;actualit\u00e9 du b\u00e2timent\",\"potentialAction\":[{\"@type\":\"SearchAction\",\"target\":{\"@type\":\"EntryPoint\",\"urlTemplate\":\"https:\\\/\\\/batijournal.com\\\/?s={search_term_string}\"},\"query-input\":{\"@type\":\"PropertyValueSpecification\",\"valueRequired\":true,\"valueName\":\"search_term_string\"}}],\"inLanguage\":\"fr-FR\"},{\"@type\":\"Person\",\"@id\":\"https:\\\/\\\/batijournal.com\\\/#\\\/schema\\\/person\\\/1dc96ec6957aa1ccb25ebe78bb19f100\",\"name\":\"St\u00e9phane Miget\",\"image\":{\"@type\":\"ImageObject\",\"inLanguage\":\"fr-FR\",\"@id\":\"https:\\\/\\\/secure.gravatar.com\\\/avatar\\\/89915563d925342126b8ef0281b93d9d7fc337043e8df017f780908eb9644451?s=96&d=mm&r=g\",\"url\":\"https:\\\/\\\/secure.gravatar.com\\\/avatar\\\/89915563d925342126b8ef0281b93d9d7fc337043e8df017f780908eb9644451?s=96&d=mm&r=g\",\"contentUrl\":\"https:\\\/\\\/secure.gravatar.com\\\/avatar\\\/89915563d925342126b8ef0281b93d9d7fc337043e8df017f780908eb9644451?s=96&d=mm&r=g\",\"caption\":\"St\u00e9phane Miget\"},\"url\":\"https:\\\/\\\/batijournal.com\\\/index.php\\\/author\\\/stephane\\\/\"}]}<\/script>\n<!-- \/ Yoast SEO plugin. -->","yoast_head_json":{"title":"Un projet de loi pour prot\u00e9ger les monuments historiques","robots":{"index":"index","follow":"follow","max-snippet":"max-snippet:-1","max-image-preview":"max-image-preview:large","max-video-preview":"max-video-preview:-1"},"canonical":"https:\/\/batijournal.com\/index.php\/un-projet-de-loi-pour-proteger-les-monuments-historiques\/89740\/","og_locale":"fr_FR","og_type":"article","og_title":"Un projet de loi pour prot\u00e9ger les monuments historiques","og_description":"Le s\u00e9nateur Antoine Lef\u00e8vre a d\u00e9pos\u00e9 une proposition de loi pour prot\u00e9ger les monuments historiques de la d\u00e9gradadtion. Un monument historique sur deux est entre les mains d&rsquo;un particulier. La loi du 31 D\u00e9cembre 1913 modifi\u00e9e a mis en place un r\u00e9gime de protection de ces possessions et a initi\u00e9 l&rsquo;id\u00e9e d&rsquo;un accompagnement financier du [&hellip;]","og_url":"https:\/\/batijournal.com\/index.php\/un-projet-de-loi-pour-proteger-les-monuments-historiques\/89740\/","og_site_name":"Batijournal","article_published_time":"2015-10-20T05:32:51+00:00","article_modified_time":"2019-07-15T09:17:07+00:00","og_image":[{"width":821,"height":599,"url":"https:\/\/batijournal.com\/wp-content\/uploads\/2015\/10\/MH-monument-historique.jpg","type":"image\/jpeg"}],"author":"St\u00e9phane Miget","twitter_card":"summary_large_image","twitter_creator":"@bati_journal","twitter_site":"@bati_journal","twitter_misc":{"\u00c9crit par":"St\u00e9phane Miget","Dur\u00e9e de lecture estim\u00e9e":"1 minute"},"schema":{"@context":"https:\/\/schema.org","@graph":[{"@type":"Article","@id":"https:\/\/batijournal.com\/index.php\/un-projet-de-loi-pour-proteger-les-monuments-historiques\/89740\/#article","isPartOf":{"@id":"https:\/\/batijournal.com\/index.php\/un-projet-de-loi-pour-proteger-les-monuments-historiques\/89740\/"},"author":{"name":"St\u00e9phane Miget","@id":"https:\/\/batijournal.com\/#\/schema\/person\/1dc96ec6957aa1ccb25ebe78bb19f100"},"headline":"Un projet de loi pour prot\u00e9ger les monuments historiques","datePublished":"2015-10-20T05:32:51+00:00","dateModified":"2019-07-15T09:17:07+00:00","mainEntityOfPage":{"@id":"https:\/\/batijournal.com\/index.php\/un-projet-de-loi-pour-proteger-les-monuments-historiques\/89740\/"},"wordCount":307,"image":{"@id":"https:\/\/batijournal.com\/index.php\/un-projet-de-loi-pour-proteger-les-monuments-historiques\/89740\/#primaryimage"},"thumbnailUrl":"https:\/\/batijournal.com\/wp-content\/uploads\/2015\/10\/MH-monument-historique.jpg","keywords":["monument historique","projet de loi"],"articleSection":["Architecture &amp; Conception"],"inLanguage":"fr-FR"},{"@type":"WebPage","@id":"https:\/\/batijournal.com\/index.php\/un-projet-de-loi-pour-proteger-les-monuments-historiques\/89740\/","url":"https:\/\/batijournal.com\/index.php\/un-projet-de-loi-pour-proteger-les-monuments-historiques\/89740\/","name":"Un projet de loi pour prot\u00e9ger les monuments historiques","isPartOf":{"@id":"https:\/\/batijournal.com\/#website"},"primaryImageOfPage":{"@id":"https:\/\/batijournal.com\/index.php\/un-projet-de-loi-pour-proteger-les-monuments-historiques\/89740\/#primaryimage"},"image":{"@id":"https:\/\/batijournal.com\/index.php\/un-projet-de-loi-pour-proteger-les-monuments-historiques\/89740\/#primaryimage"},"thumbnailUrl":"https:\/\/batijournal.com\/wp-content\/uploads\/2015\/10\/MH-monument-historique.jpg","datePublished":"2015-10-20T05:32:51+00:00","dateModified":"2019-07-15T09:17:07+00:00","author":{"@id":"https:\/\/batijournal.com\/#\/schema\/person\/1dc96ec6957aa1ccb25ebe78bb19f100"},"breadcrumb":{"@id":"https:\/\/batijournal.com\/index.php\/un-projet-de-loi-pour-proteger-les-monuments-historiques\/89740\/#breadcrumb"},"inLanguage":"fr-FR","potentialAction":[{"@type":"ReadAction","target":["https:\/\/batijournal.com\/index.php\/un-projet-de-loi-pour-proteger-les-monuments-historiques\/89740\/"]}]},{"@type":"ImageObject","inLanguage":"fr-FR","@id":"https:\/\/batijournal.com\/index.php\/un-projet-de-loi-pour-proteger-les-monuments-historiques\/89740\/#primaryimage","url":"https:\/\/batijournal.com\/wp-content\/uploads\/2015\/10\/MH-monument-historique.jpg","contentUrl":"https:\/\/batijournal.com\/wp-content\/uploads\/2015\/10\/MH-monument-historique.jpg","width":821,"height":599},{"@type":"BreadcrumbList","@id":"https:\/\/batijournal.com\/index.php\/un-projet-de-loi-pour-proteger-les-monuments-historiques\/89740\/#breadcrumb","itemListElement":[{"@type":"ListItem","position":1,"name":"Accueil","item":"https:\/\/batijournal.com\/"},{"@type":"ListItem","position":2,"name":"Actualit\u00e9s","item":"https:\/\/batijournal.com\/index.php\/category\/actualites\/"},{"@type":"ListItem","position":3,"name":"Architecture &amp; Conception","item":"https:\/\/batijournal.com\/index.php\/category\/actualites\/architecture-conception\/"},{"@type":"ListItem","position":4,"name":"Un projet de loi pour prot\u00e9ger les monuments historiques"}]},{"@type":"WebSite","@id":"https:\/\/batijournal.com\/#website","url":"https:\/\/batijournal.com\/","name":"Batijournal","description":"L&#039;actualit\u00e9 du b\u00e2timent","potentialAction":[{"@type":"SearchAction","target":{"@type":"EntryPoint","urlTemplate":"https:\/\/batijournal.com\/?s={search_term_string}"},"query-input":{"@type":"PropertyValueSpecification","valueRequired":true,"valueName":"search_term_string"}}],"inLanguage":"fr-FR"},{"@type":"Person","@id":"https:\/\/batijournal.com\/#\/schema\/person\/1dc96ec6957aa1ccb25ebe78bb19f100","name":"St\u00e9phane Miget","image":{"@type":"ImageObject","inLanguage":"fr-FR","@id":"https:\/\/secure.gravatar.com\/avatar\/89915563d925342126b8ef0281b93d9d7fc337043e8df017f780908eb9644451?s=96&d=mm&r=g","url":"https:\/\/secure.gravatar.com\/avatar\/89915563d925342126b8ef0281b93d9d7fc337043e8df017f780908eb9644451?s=96&d=mm&r=g","contentUrl":"https:\/\/secure.gravatar.com\/avatar\/89915563d925342126b8ef0281b93d9d7fc337043e8df017f780908eb9644451?s=96&d=mm&r=g","caption":"St\u00e9phane Miget"},"url":"https:\/\/batijournal.com\/index.php\/author\/stephane\/"}]}},"_links":{"self":[{"href":"https:\/\/batijournal.com\/index.php\/wp-json\/wp\/v2\/posts\/89740","targetHints":{"allow":["GET"]}}],"collection":[{"href":"https:\/\/batijournal.com\/index.php\/wp-json\/wp\/v2\/posts"}],"about":[{"href":"https:\/\/batijournal.com\/index.php\/wp-json\/wp\/v2\/types\/post"}],"author":[{"embeddable":true,"href":"https:\/\/batijournal.com\/index.php\/wp-json\/wp\/v2\/users\/17"}],"replies":[{"embeddable":true,"href":"https:\/\/batijournal.com\/index.php\/wp-json\/wp\/v2\/comments?post=89740"}],"version-history":[{"count":0,"href":"https:\/\/batijournal.com\/index.php\/wp-json\/wp\/v2\/posts\/89740\/revisions"}],"wp:featuredmedia":[{"embeddable":true,"href":"https:\/\/batijournal.com\/index.php\/wp-json\/wp\/v2\/media\/89741"}],"wp:attachment":[{"href":"https:\/\/batijournal.com\/index.php\/wp-json\/wp\/v2\/media?parent=89740"}],"wp:term":[{"taxonomy":"category","embeddable":true,"href":"https:\/\/batijournal.com\/index.php\/wp-json\/wp\/v2\/categories?post=89740"},{"taxonomy":"post_tag","embeddable":true,"href":"https:\/\/batijournal.com\/index.php\/wp-json\/wp\/v2\/tags?post=89740"}],"curies":[{"name":"wp","href":"https:\/\/api.w.org\/{rel}","templated":true}]}}