{"id":89746,"date":"2015-10-20T09:41:05","date_gmt":"2015-10-20T07:41:05","guid":{"rendered":"http:\/\/batijournal.com\/?p=89746"},"modified":"2019-07-15T12:20:19","modified_gmt":"2019-07-15T10:20:19","slug":"les-protections-solaires-mobiles-actrices-de-la-performance-energetique","status":"publish","type":"post","link":"https:\/\/batijournal.com\/index.php\/les-protections-solaires-mobiles-actrices-de-la-performance-energetique\/89746\/","title":{"rendered":"Les protections solaires mobiles, actrices de la performance \u00e9nerg\u00e9tique"},"content":{"rendered":"<p><strong>Un choix pertinent de fen\u00eatres assorti \u00e0 des protections solaires ad\u00e9quates permet d\u2019obtenir un bilan \u00e9nerg\u00e9tique positif et donc de r\u00e9pondre favorablement \u00e0 la l\u00e9gislation en vigueur. Ce choix, en accord avec les diff\u00e9rents intervenants, peut \u00eatre d\u00e9fini en amont par une \u00e9tude pr\u00e9cise des crit\u00e8res g\u00e9ographiques, de l\u2019orientation des fa\u00e7ades, etc.<\/strong><\/p>\n<p>En hiver, fermer les protections mobiles la nuit permet de r\u00e9duire les d\u00e9perditions thermiques en cr\u00e9ant une lame d\u2019air isolante suppl\u00e9mentaire entre la fen\u00eatre et le volet. Les ouvrir pendant la journ\u00e9e assure des apports solaires gratuits et d\u2019emmagasiner ainsi la chaleur. Outre ces gestes simples \u00e0 adopter, d\u2019autres facteurs entrent en ligne de compte dans l\u2019isolation optimale de l\u2019habitat : la composition du volet, sa r\u00e9sistance thermique additionnelle ainsi que la transmission thermique de la paroi vitr\u00e9e. A contrario, en \u00e9t\u00e9, le challenge est plut\u00f4t, le jour, de limiter les apports thermiques tout en conservant l\u2019acc\u00e8s \u00e0 la lumi\u00e8re naturelle et, la nuit, de laisser entrer la fra\u00eecheur. Les protections solaires mobiles remplissent ce double objectif.<\/p>\n<p>Afin de d\u00e9montrer les atouts ind\u00e9niables de ces protections solaires mobiles, le SNFPSA a con\u00e7u un guide complet \u00e0 destination des architectes et d\u00e9cideurs de la construction afin de les encourager \u00e0 utiliser les volets et stores dans leurs projets \u00e0 d\u00e9marche environnementale.<\/p>\n<p><strong><a href=\"http:\/\/www.fermeture-store.org\" target=\"_blank\" rel=\"noopener noreferrer\">www.fermeture-store.org<\/a><\/strong><\/p>\n<p>&nbsp;<\/p>\n","protected":false},"excerpt":{"rendered":"<p>Un choix pertinent de fen\u00eatres assorti \u00e0 des protections solaires ad\u00e9quates permet d\u2019obtenir un bilan \u00e9nerg\u00e9tique positif et donc de r\u00e9pondre favorablement \u00e0 la l\u00e9gislation en vigueur. Ce choix, en accord avec les diff\u00e9rents intervenants, peut \u00eatre d\u00e9fini en amont par une \u00e9tude pr\u00e9cise des crit\u00e8res g\u00e9ographiques, de l\u2019orientation des fa\u00e7ades, etc. En hiver, fermer [&hellip;]<\/p>\n","protected":false},"author":17,"featured_media":89747,"comment_status":"closed","ping_status":"closed","sticky":false,"template":"","format":"standard","meta":{"_et_pb_use_builder":"","_et_pb_old_content":"","_et_gb_content_width":"","footnotes":""},"categories":[6340,6351,10781],"tags":[3299,1134],"class_list":["post-89746","post","type-post","status-publish","format-standard","has-post-thumbnail","hentry","category-architecture-conception","category-energie-environnement","category-publications-planete","tag-fermetures","tag-stores"],"yoast_head":"<!-- This site is optimized with the Yoast SEO plugin v27.4 - https:\/\/yoast.com\/product\/yoast-seo-wordpress\/ -->\n<title>Les protections solaires mobiles, actrices de la performance \u00e9nerg\u00e9tique<\/title>\n<meta name=\"robots\" content=\"index, follow, max-snippet:-1, max-image-preview:large, max-video-preview:-1\" \/>\n<link rel=\"canonical\" href=\"https:\/\/batijournal.com\/index.php\/les-protections-solaires-mobiles-actrices-de-la-performance-energetique\/89746\/\" \/>\n<meta property=\"og:locale\" content=\"fr_FR\" \/>\n<meta property=\"og:type\" content=\"article\" \/>\n<meta property=\"og:title\" content=\"Les protections solaires mobiles, actrices de la performance \u00e9nerg\u00e9tique\" \/>\n<meta property=\"og:description\" content=\"Un choix pertinent de fen\u00eatres assorti \u00e0 des protections solaires ad\u00e9quates permet d\u2019obtenir un bilan \u00e9nerg\u00e9tique positif et donc de r\u00e9pondre favorablement \u00e0 la l\u00e9gislation en vigueur. Ce choix, en accord avec les diff\u00e9rents intervenants, peut \u00eatre d\u00e9fini en amont par une \u00e9tude pr\u00e9cise des crit\u00e8res g\u00e9ographiques, de l\u2019orientation des fa\u00e7ades, etc. En hiver, fermer [&hellip;]\" \/>\n<meta property=\"og:url\" content=\"https:\/\/batijournal.com\/index.php\/les-protections-solaires-mobiles-actrices-de-la-performance-energetique\/89746\/\" \/>\n<meta property=\"og:site_name\" content=\"Batijournal\" \/>\n<meta property=\"article:published_time\" content=\"2015-10-20T07:41:05+00:00\" \/>\n<meta property=\"article:modified_time\" content=\"2019-07-15T10:20:19+00:00\" \/>\n<meta property=\"og:image\" content=\"https:\/\/batijournal.com\/wp-content\/uploads\/2015\/10\/Couv-protection-solaire.jpg\" \/>\n\t<meta property=\"og:image:width\" content=\"1024\" \/>\n\t<meta property=\"og:image:height\" content=\"1024\" \/>\n\t<meta property=\"og:image:type\" content=\"image\/jpeg\" \/>\n<meta name=\"author\" content=\"St\u00e9phane Miget\" \/>\n<meta name=\"twitter:card\" content=\"summary_large_image\" \/>\n<meta name=\"twitter:creator\" content=\"@bati_journal\" \/>\n<meta name=\"twitter:site\" content=\"@bati_journal\" \/>\n<meta name=\"twitter:label1\" content=\"\u00c9crit par\" \/>\n\t<meta name=\"twitter:data1\" content=\"St\u00e9phane Miget\" \/>\n\t<meta name=\"twitter:label2\" content=\"Dur\u00e9e de lecture estim\u00e9e\" \/>\n\t<meta name=\"twitter:data2\" content=\"1 minute\" \/>\n<script type=\"application\/ld+json\" class=\"yoast-schema-graph\">{\"@context\":\"https:\\\/\\\/schema.org\",\"@graph\":[{\"@type\":\"Article\",\"@id\":\"https:\\\/\\\/batijournal.com\\\/index.php\\\/les-protections-solaires-mobiles-actrices-de-la-performance-energetique\\\/89746\\\/#article\",\"isPartOf\":{\"@id\":\"https:\\\/\\\/batijournal.com\\\/index.php\\\/les-protections-solaires-mobiles-actrices-de-la-performance-energetique\\\/89746\\\/\"},\"author\":{\"name\":\"St\u00e9phane Miget\",\"@id\":\"https:\\\/\\\/batijournal.com\\\/#\\\/schema\\\/person\\\/1dc96ec6957aa1ccb25ebe78bb19f100\"},\"headline\":\"Les protections solaires mobiles, actrices de la performance \u00e9nerg\u00e9tique\",\"datePublished\":\"2015-10-20T07:41:05+00:00\",\"dateModified\":\"2019-07-15T10:20:19+00:00\",\"mainEntityOfPage\":{\"@id\":\"https:\\\/\\\/batijournal.com\\\/index.php\\\/les-protections-solaires-mobiles-actrices-de-la-performance-energetique\\\/89746\\\/\"},\"wordCount\":254,\"image\":{\"@id\":\"https:\\\/\\\/batijournal.com\\\/index.php\\\/les-protections-solaires-mobiles-actrices-de-la-performance-energetique\\\/89746\\\/#primaryimage\"},\"thumbnailUrl\":\"https:\\\/\\\/batijournal.com\\\/wp-content\\\/uploads\\\/2015\\\/10\\\/Couv-protection-solaire.jpg\",\"keywords\":[\"fermetures\",\"stores\"],\"articleSection\":[\"Architecture &amp; Conception\",\"\u00c9nergie &amp; Environnement\",\"zz_Actualit\u00e9s - Plan\u00e8te\"],\"inLanguage\":\"fr-FR\"},{\"@type\":\"WebPage\",\"@id\":\"https:\\\/\\\/batijournal.com\\\/index.php\\\/les-protections-solaires-mobiles-actrices-de-la-performance-energetique\\\/89746\\\/\",\"url\":\"https:\\\/\\\/batijournal.com\\\/index.php\\\/les-protections-solaires-mobiles-actrices-de-la-performance-energetique\\\/89746\\\/\",\"name\":\"Les protections solaires mobiles, actrices de la performance \u00e9nerg\u00e9tique\",\"isPartOf\":{\"@id\":\"https:\\\/\\\/batijournal.com\\\/#website\"},\"primaryImageOfPage\":{\"@id\":\"https:\\\/\\\/batijournal.com\\\/index.php\\\/les-protections-solaires-mobiles-actrices-de-la-performance-energetique\\\/89746\\\/#primaryimage\"},\"image\":{\"@id\":\"https:\\\/\\\/batijournal.com\\\/index.php\\\/les-protections-solaires-mobiles-actrices-de-la-performance-energetique\\\/89746\\\/#primaryimage\"},\"thumbnailUrl\":\"https:\\\/\\\/batijournal.com\\\/wp-content\\\/uploads\\\/2015\\\/10\\\/Couv-protection-solaire.jpg\",\"datePublished\":\"2015-10-20T07:41:05+00:00\",\"dateModified\":\"2019-07-15T10:20:19+00:00\",\"author\":{\"@id\":\"https:\\\/\\\/batijournal.com\\\/#\\\/schema\\\/person\\\/1dc96ec6957aa1ccb25ebe78bb19f100\"},\"breadcrumb\":{\"@id\":\"https:\\\/\\\/batijournal.com\\\/index.php\\\/les-protections-solaires-mobiles-actrices-de-la-performance-energetique\\\/89746\\\/#breadcrumb\"},\"inLanguage\":\"fr-FR\",\"potentialAction\":[{\"@type\":\"ReadAction\",\"target\":[\"https:\\\/\\\/batijournal.com\\\/index.php\\\/les-protections-solaires-mobiles-actrices-de-la-performance-energetique\\\/89746\\\/\"]}]},{\"@type\":\"ImageObject\",\"inLanguage\":\"fr-FR\",\"@id\":\"https:\\\/\\\/batijournal.com\\\/index.php\\\/les-protections-solaires-mobiles-actrices-de-la-performance-energetique\\\/89746\\\/#primaryimage\",\"url\":\"https:\\\/\\\/batijournal.com\\\/wp-content\\\/uploads\\\/2015\\\/10\\\/Couv-protection-solaire.jpg\",\"contentUrl\":\"https:\\\/\\\/batijournal.com\\\/wp-content\\\/uploads\\\/2015\\\/10\\\/Couv-protection-solaire.jpg\",\"width\":1024,\"height\":1024},{\"@type\":\"BreadcrumbList\",\"@id\":\"https:\\\/\\\/batijournal.com\\\/index.php\\\/les-protections-solaires-mobiles-actrices-de-la-performance-energetique\\\/89746\\\/#breadcrumb\",\"itemListElement\":[{\"@type\":\"ListItem\",\"position\":1,\"name\":\"Accueil\",\"item\":\"https:\\\/\\\/batijournal.com\\\/\"},{\"@type\":\"ListItem\",\"position\":2,\"name\":\"Actualit\u00e9s\",\"item\":\"https:\\\/\\\/batijournal.com\\\/index.php\\\/category\\\/actualites\\\/\"},{\"@type\":\"ListItem\",\"position\":3,\"name\":\"Architecture &amp; Conception\",\"item\":\"https:\\\/\\\/batijournal.com\\\/index.php\\\/category\\\/actualites\\\/architecture-conception\\\/\"},{\"@type\":\"ListItem\",\"position\":4,\"name\":\"Les protections solaires mobiles, actrices de la performance \u00e9nerg\u00e9tique\"}]},{\"@type\":\"WebSite\",\"@id\":\"https:\\\/\\\/batijournal.com\\\/#website\",\"url\":\"https:\\\/\\\/batijournal.com\\\/\",\"name\":\"Batijournal\",\"description\":\"L&#039;actualit\u00e9 du b\u00e2timent\",\"potentialAction\":[{\"@type\":\"SearchAction\",\"target\":{\"@type\":\"EntryPoint\",\"urlTemplate\":\"https:\\\/\\\/batijournal.com\\\/?s={search_term_string}\"},\"query-input\":{\"@type\":\"PropertyValueSpecification\",\"valueRequired\":true,\"valueName\":\"search_term_string\"}}],\"inLanguage\":\"fr-FR\"},{\"@type\":\"Person\",\"@id\":\"https:\\\/\\\/batijournal.com\\\/#\\\/schema\\\/person\\\/1dc96ec6957aa1ccb25ebe78bb19f100\",\"name\":\"St\u00e9phane Miget\",\"image\":{\"@type\":\"ImageObject\",\"inLanguage\":\"fr-FR\",\"@id\":\"https:\\\/\\\/secure.gravatar.com\\\/avatar\\\/89915563d925342126b8ef0281b93d9d7fc337043e8df017f780908eb9644451?s=96&d=mm&r=g\",\"url\":\"https:\\\/\\\/secure.gravatar.com\\\/avatar\\\/89915563d925342126b8ef0281b93d9d7fc337043e8df017f780908eb9644451?s=96&d=mm&r=g\",\"contentUrl\":\"https:\\\/\\\/secure.gravatar.com\\\/avatar\\\/89915563d925342126b8ef0281b93d9d7fc337043e8df017f780908eb9644451?s=96&d=mm&r=g\",\"caption\":\"St\u00e9phane Miget\"},\"url\":\"https:\\\/\\\/batijournal.com\\\/index.php\\\/author\\\/stephane\\\/\"}]}<\/script>\n<!-- \/ Yoast SEO plugin. -->","yoast_head_json":{"title":"Les protections solaires mobiles, actrices de la performance \u00e9nerg\u00e9tique","robots":{"index":"index","follow":"follow","max-snippet":"max-snippet:-1","max-image-preview":"max-image-preview:large","max-video-preview":"max-video-preview:-1"},"canonical":"https:\/\/batijournal.com\/index.php\/les-protections-solaires-mobiles-actrices-de-la-performance-energetique\/89746\/","og_locale":"fr_FR","og_type":"article","og_title":"Les protections solaires mobiles, actrices de la performance \u00e9nerg\u00e9tique","og_description":"Un choix pertinent de fen\u00eatres assorti \u00e0 des protections solaires ad\u00e9quates permet d\u2019obtenir un bilan \u00e9nerg\u00e9tique positif et donc de r\u00e9pondre favorablement \u00e0 la l\u00e9gislation en vigueur. Ce choix, en accord avec les diff\u00e9rents intervenants, peut \u00eatre d\u00e9fini en amont par une \u00e9tude pr\u00e9cise des crit\u00e8res g\u00e9ographiques, de l\u2019orientation des fa\u00e7ades, etc. En hiver, fermer [&hellip;]","og_url":"https:\/\/batijournal.com\/index.php\/les-protections-solaires-mobiles-actrices-de-la-performance-energetique\/89746\/","og_site_name":"Batijournal","article_published_time":"2015-10-20T07:41:05+00:00","article_modified_time":"2019-07-15T10:20:19+00:00","og_image":[{"width":1024,"height":1024,"url":"https:\/\/batijournal.com\/wp-content\/uploads\/2015\/10\/Couv-protection-solaire.jpg","type":"image\/jpeg"}],"author":"St\u00e9phane Miget","twitter_card":"summary_large_image","twitter_creator":"@bati_journal","twitter_site":"@bati_journal","twitter_misc":{"\u00c9crit par":"St\u00e9phane Miget","Dur\u00e9e de lecture estim\u00e9e":"1 minute"},"schema":{"@context":"https:\/\/schema.org","@graph":[{"@type":"Article","@id":"https:\/\/batijournal.com\/index.php\/les-protections-solaires-mobiles-actrices-de-la-performance-energetique\/89746\/#article","isPartOf":{"@id":"https:\/\/batijournal.com\/index.php\/les-protections-solaires-mobiles-actrices-de-la-performance-energetique\/89746\/"},"author":{"name":"St\u00e9phane Miget","@id":"https:\/\/batijournal.com\/#\/schema\/person\/1dc96ec6957aa1ccb25ebe78bb19f100"},"headline":"Les protections solaires mobiles, actrices de la performance \u00e9nerg\u00e9tique","datePublished":"2015-10-20T07:41:05+00:00","dateModified":"2019-07-15T10:20:19+00:00","mainEntityOfPage":{"@id":"https:\/\/batijournal.com\/index.php\/les-protections-solaires-mobiles-actrices-de-la-performance-energetique\/89746\/"},"wordCount":254,"image":{"@id":"https:\/\/batijournal.com\/index.php\/les-protections-solaires-mobiles-actrices-de-la-performance-energetique\/89746\/#primaryimage"},"thumbnailUrl":"https:\/\/batijournal.com\/wp-content\/uploads\/2015\/10\/Couv-protection-solaire.jpg","keywords":["fermetures","stores"],"articleSection":["Architecture &amp; Conception","\u00c9nergie &amp; Environnement","zz_Actualit\u00e9s - Plan\u00e8te"],"inLanguage":"fr-FR"},{"@type":"WebPage","@id":"https:\/\/batijournal.com\/index.php\/les-protections-solaires-mobiles-actrices-de-la-performance-energetique\/89746\/","url":"https:\/\/batijournal.com\/index.php\/les-protections-solaires-mobiles-actrices-de-la-performance-energetique\/89746\/","name":"Les protections solaires mobiles, actrices de la performance \u00e9nerg\u00e9tique","isPartOf":{"@id":"https:\/\/batijournal.com\/#website"},"primaryImageOfPage":{"@id":"https:\/\/batijournal.com\/index.php\/les-protections-solaires-mobiles-actrices-de-la-performance-energetique\/89746\/#primaryimage"},"image":{"@id":"https:\/\/batijournal.com\/index.php\/les-protections-solaires-mobiles-actrices-de-la-performance-energetique\/89746\/#primaryimage"},"thumbnailUrl":"https:\/\/batijournal.com\/wp-content\/uploads\/2015\/10\/Couv-protection-solaire.jpg","datePublished":"2015-10-20T07:41:05+00:00","dateModified":"2019-07-15T10:20:19+00:00","author":{"@id":"https:\/\/batijournal.com\/#\/schema\/person\/1dc96ec6957aa1ccb25ebe78bb19f100"},"breadcrumb":{"@id":"https:\/\/batijournal.com\/index.php\/les-protections-solaires-mobiles-actrices-de-la-performance-energetique\/89746\/#breadcrumb"},"inLanguage":"fr-FR","potentialAction":[{"@type":"ReadAction","target":["https:\/\/batijournal.com\/index.php\/les-protections-solaires-mobiles-actrices-de-la-performance-energetique\/89746\/"]}]},{"@type":"ImageObject","inLanguage":"fr-FR","@id":"https:\/\/batijournal.com\/index.php\/les-protections-solaires-mobiles-actrices-de-la-performance-energetique\/89746\/#primaryimage","url":"https:\/\/batijournal.com\/wp-content\/uploads\/2015\/10\/Couv-protection-solaire.jpg","contentUrl":"https:\/\/batijournal.com\/wp-content\/uploads\/2015\/10\/Couv-protection-solaire.jpg","width":1024,"height":1024},{"@type":"BreadcrumbList","@id":"https:\/\/batijournal.com\/index.php\/les-protections-solaires-mobiles-actrices-de-la-performance-energetique\/89746\/#breadcrumb","itemListElement":[{"@type":"ListItem","position":1,"name":"Accueil","item":"https:\/\/batijournal.com\/"},{"@type":"ListItem","position":2,"name":"Actualit\u00e9s","item":"https:\/\/batijournal.com\/index.php\/category\/actualites\/"},{"@type":"ListItem","position":3,"name":"Architecture &amp; Conception","item":"https:\/\/batijournal.com\/index.php\/category\/actualites\/architecture-conception\/"},{"@type":"ListItem","position":4,"name":"Les protections solaires mobiles, actrices de la performance \u00e9nerg\u00e9tique"}]},{"@type":"WebSite","@id":"https:\/\/batijournal.com\/#website","url":"https:\/\/batijournal.com\/","name":"Batijournal","description":"L&#039;actualit\u00e9 du b\u00e2timent","potentialAction":[{"@type":"SearchAction","target":{"@type":"EntryPoint","urlTemplate":"https:\/\/batijournal.com\/?s={search_term_string}"},"query-input":{"@type":"PropertyValueSpecification","valueRequired":true,"valueName":"search_term_string"}}],"inLanguage":"fr-FR"},{"@type":"Person","@id":"https:\/\/batijournal.com\/#\/schema\/person\/1dc96ec6957aa1ccb25ebe78bb19f100","name":"St\u00e9phane Miget","image":{"@type":"ImageObject","inLanguage":"fr-FR","@id":"https:\/\/secure.gravatar.com\/avatar\/89915563d925342126b8ef0281b93d9d7fc337043e8df017f780908eb9644451?s=96&d=mm&r=g","url":"https:\/\/secure.gravatar.com\/avatar\/89915563d925342126b8ef0281b93d9d7fc337043e8df017f780908eb9644451?s=96&d=mm&r=g","contentUrl":"https:\/\/secure.gravatar.com\/avatar\/89915563d925342126b8ef0281b93d9d7fc337043e8df017f780908eb9644451?s=96&d=mm&r=g","caption":"St\u00e9phane Miget"},"url":"https:\/\/batijournal.com\/index.php\/author\/stephane\/"}]}},"_links":{"self":[{"href":"https:\/\/batijournal.com\/index.php\/wp-json\/wp\/v2\/posts\/89746","targetHints":{"allow":["GET"]}}],"collection":[{"href":"https:\/\/batijournal.com\/index.php\/wp-json\/wp\/v2\/posts"}],"about":[{"href":"https:\/\/batijournal.com\/index.php\/wp-json\/wp\/v2\/types\/post"}],"author":[{"embeddable":true,"href":"https:\/\/batijournal.com\/index.php\/wp-json\/wp\/v2\/users\/17"}],"replies":[{"embeddable":true,"href":"https:\/\/batijournal.com\/index.php\/wp-json\/wp\/v2\/comments?post=89746"}],"version-history":[{"count":0,"href":"https:\/\/batijournal.com\/index.php\/wp-json\/wp\/v2\/posts\/89746\/revisions"}],"wp:featuredmedia":[{"embeddable":true,"href":"https:\/\/batijournal.com\/index.php\/wp-json\/wp\/v2\/media\/89747"}],"wp:attachment":[{"href":"https:\/\/batijournal.com\/index.php\/wp-json\/wp\/v2\/media?parent=89746"}],"wp:term":[{"taxonomy":"category","embeddable":true,"href":"https:\/\/batijournal.com\/index.php\/wp-json\/wp\/v2\/categories?post=89746"},{"taxonomy":"post_tag","embeddable":true,"href":"https:\/\/batijournal.com\/index.php\/wp-json\/wp\/v2\/tags?post=89746"}],"curies":[{"name":"wp","href":"https:\/\/api.w.org\/{rel}","templated":true}]}}